{"id":115190,"date":"2020-07-17T10:31:58","date_gmt":"2020-07-17T13:31:58","guid":{"rendered":"https:\/\/experienciadevida.com.ar\/portalurbano\/?p=115190"},"modified":"2020-07-17T10:32:36","modified_gmt":"2020-07-17T13:32:36","slug":"los-26-anos-del-atentado-a-la-amia-se-recordaran-con-un-acto-virtual","status":"publish","type":"post","link":"https:\/\/experienciadevida.com.ar\/portalurbano\/los-26-anos-del-atentado-a-la-amia-se-recordaran-con-un-acto-virtual\/","title":{"rendered":"Los 26 a\u00f1os del atentado a la AMIA se recordar\u00e1n con un acto virtual"},"content":{"rendered":"<div class=\"td_block_wrap tdb_single_subtitle tdi_72_3df td-pb-border-top td_block_template_1\" data-td-block-uid=\"tdi_72_3df\">\n<div class=\"tdb-block-inner td-fix-index\">\n<p>La consigna ser\u00e1 \u201cQue la justicia no se lave las manos\u201d. Ser\u00e1 a partir de las 9.53, hora en la que explot\u00f3 la bomba.<\/p>\n<\/div>\n<\/div>\n<div data-td-block-uid=\"tdi_73_93f\">\n<p>La Asociaci\u00f3n Mutual Israelita Argentina (AMIA) realizar\u00e1 hoy el tradicional acto, en esta ocasi\u00f3n virtual por la pandemia de coronavirus, para recordar a las 85 v\u00edctimas fatales y m\u00e1s de 300 heridos del ataque terrorista a su sede, al cumplirse ma\u00f1ana 26 a\u00f1os de aquel 18 de julio de 1994.<\/p>\n<p>Con la consigna \u201cQue la Justicia no se lave las manos. Este a\u00f1o el acto es virtual, pero el reclamo es tan real como siempre\u201d, el acto se realizar\u00e1 a partir de las 9.53 -la hora en que explot\u00f3 la bomba-, un d\u00eda antes del aniversario, para dar lugar al cumplimiento de Shabat, el d\u00eda sagrado de descanso para el juda\u00edsmo.<\/p>\n<p>Organizado de manera conjunta por la AMIA, la DAIA y Familiares de las V\u00edctimas, el acto podr\u00e1 ser seguido desde YouTube y Facebook, a trav\u00e9s de las cuentas oficiales de la AMIA en ambas plataformas.<\/p>\n<p>\u201cEl contexto cambi\u00f3 y la recordaci\u00f3n tendr\u00e1 este a\u00f1o caracter\u00edsticas diferentes a los actos que hemos realizado en todo este tiempo. Lo que no se modifica es la fuerza en el reclamo de justicia\u201d, asegur\u00f3 Ariel Eichbaum, presidente de AMIA, al convocar a este nuevo acto de homenaje desde la p\u00e1gina web de la instituci\u00f3n<\/p>\n<p>Fuente: DIB<\/p>\n<div class=\"yrc-shell-cover yrc-single\" data-yrc-uid=\"69ec59e48886e\" data-yrc-channel=\"{&quot;meta&quot;:{&quot;user&quot;:&quot;Portal Urbano&quot;,&quot;channel&quot;:&quot;UCXhagIfszH8KxFiOok79zbA&quot;,&quot;key&quot;:&quot;yrc_1524317601&quot;,&quot;apikey&quot;:&quot;AIzaSyCEhi-95k6t1rX4pDVqugauM-UyTfNHj8Q&quot;,&quot;cache&quot;:&quot;180&quot;,&quot;channel_uploads&quot;:&quot;UUXhagIfszH8KxFiOok79zbA&quot;,&quot;onlyonce&quot;:&quot;&quot;,&quot;tag&quot;:&quot;&quot;,&quot;per_page&quot;:&quot;12&quot;,&quot;maxv&quot;:&quot;500&quot;,&quot;ads&quot;:&quot;1&quot;,&quot;uid&quot;:&quot;69ec59e48886e&quot;,&quot;nocookie&quot;:&quot;&quot;,&quot;single&quot;:true},&quot;style&quot;:{&quot;colors&quot;:{&quot;item&quot;:{&quot;background&quot;:&quot;inherit&quot;},&quot;button&quot;:{&quot;background&quot;:&quot;#333&quot;,&quot;color&quot;:&quot;#fff&quot;},&quot;color&quot;:{&quot;text&quot;:&quot;#fff&quot;,&quot;link&quot;:&quot;inherit&quot;,&quot;menu&quot;:&quot;#000&quot;,&quot;meta&quot;:&quot;inherit&quot;}},&quot;theme&quot;:{&quot;videos&quot;:{&quot;style&quot;:&quot;__grid&quot;,&quot;thumb&quot;:[&quot;large&quot;,&quot;open&quot;],&quot;desc&quot;:&quot;&quot;,&quot;carousel&quot;:{&quot;thumbs&quot;:&quot;4&quot;,&quot;thumbs_to_slide&quot;:&quot;2&quot;,&quot;spacing&quot;:&quot;8&quot;},&quot;carousel_nav&quot;:{&quot;modifier&quot;:&quot;__sides&quot;,&quot;position&quot;:&quot;left-none&quot;,&quot;location&quot;:&quot;prepend&quot;,&quot;background&quot;:&quot;#fff&quot;,&quot;color&quot;:&quot;#000&quot;,&quot;font_size&quot;:&quot;2&quot;,&quot;border_radius&quot;:&quot;0&quot;}},&quot;a&quot;:&quot;1&quot;},&quot;fit&quot;:&quot;false&quot;,&quot;playlists&quot;:&quot;true&quot;,&quot;uploads&quot;:&quot;true&quot;,&quot;player_mode&quot;:&quot;1&quot;,&quot;truncate&quot;:&quot;1&quot;,&quot;banner&quot;:&quot;true&quot;,&quot;thumb_margin&quot;:&quot;8&quot;,&quot;play_icon&quot;:&quot;&quot;,&quot;youtube_play_icon&quot;:&quot;&quot;,&quot;thumb_image_size&quot;:&quot;medium&quot;,&quot;default_tab&quot;:&quot;uploads&quot;,&quot;sticky&quot;:{&quot;enable&quot;:&quot;&quot;,&quot;width&quot;:&quot;400&quot;,&quot;position&quot;:&quot;bottom-right&quot;,&quot;only_above&quot;:&quot;768&quot;,&quot;margin&quot;:&quot;12&quot;},&quot;player&quot;:{&quot;show_desc&quot;:&quot;&quot;,&quot;show_meta&quot;:&quot;&quot;},&quot;menu&quot;:&quot;1&quot;,&quot;rating_style&quot;:&quot;NaN&quot;,&quot;rtl&quot;:false}}\" data-yrc-setup=\"\"><\/div>\r\n\t\t\t<script data-cfasync=\"false\" type=\"text\/javascript\">\r\n\t\t\t\tif( !window.YRC ) var YRC = {Data:{}};\r\n\t\t\t\tYRC.Data[\"69ec59e48886e\"] = {\"video\":\"FblFLW8Vwm4\"};\r\n\t\t\t\t(function(){\r\n\t\t\t\t\tif(!YRC.loaded){\r\n\t\t\t\t\t    YRC.loaded = true;\r\n\t\t\t\t\t\tfunction YRC_Loader(){\r\n\t\t\t\t\t\t\t\/\/YRC.loaded = true;\r\n\t\t\t\t\t\t\tYRC.is_pro = false;\r\n\t\t\t\t\t\t\tYRC.is_pb = false;\r\n\t\t\t\t\t\t\tYRC.lang = {\"form\":{\"Videos\":\"Videos\",\"Playlists\":\"Playlists\",\"Search\":\"Search\",\"Loading\":\"Loading\",\"more\":\"more\",\"Nothing_found\":\"Nothing found\",\"Prev\":\"Previous\",\"Next\":\"Next\",\"consent_statement\":\"Allow cookies?\",\"consent_button\":\"Allow\",\"consent_privacy_policy\":\"Privacy policy\"},\"fui\":{\"sort_by\":\"Sort by\",\"relevant\":\"Relevant\",\"latest\":\"Latest\",\"liked\":\"Liked\",\"title\":\"Title\",\"views\":\"Views\",\"duration\":\"Duration\",\"any\":\"Any\",\"_short\":\"Short\",\"medium\":\"Medium\",\"_long\":\"Long\",\"uploaded\":\"Uploaded\",\"all_time\":\"All time\",\"live_now\":\"Live Now\",\"today\":\"Today\",\"ago\":\"ago\",\"last\":\"Last\",\"day\":\"day\",\"days\":\"days\",\"week\":\"week\",\"weeks\":\"weeks\",\"month\":\"month\",\"months\":\"months\",\"year\":\"year\",\"years\":\"years\",\"older\":\"Older\",\"show_more\":\"Show More\",\"show_less\":\"Show Less\",\"reply\":\"REPLY\",\"view_replies\":\"View replies\",\"write_comment\":\"Write comment...\",\"billion\":\"B\",\"million\":\"M\",\"thousand\":\"K\",\"max_plain_number\":1000,\"wplocale\":\"es_ES\"}};\r\n\t\t\t\t\t\t\tYRC.is_admin = false;\r\n\t\t\t\t\t\t\tvar script = document.createElement(\"script\");\r\n\t\t\t\t\t\t\t\tscript.setAttribute(\"data-cfasync\", \"false\");\r\n\t\t\t\t\t\t\t\tscript.setAttribute(\"type\", \"text\/javascript\");\r\n\t\t\t\t\t\t\t\tscript.src = \"https:\/\/experienciadevida.com.ar\/portalurbano\/wp-content\/plugins\/yourchannel\/js\/yrc.js?1.2.6\";\r\n\t\t\t\t\t\t\t\tscript.id = \"yrc-script\";\r\n\t\t\t\t\t\t\t\tdocument.querySelector(\"head\").appendChild(script);\r\n\t\t\t\t\t\t\tvar style = document.createElement(\"link\");\r\n\t\t\t\t\t\t\t\tstyle.rel = \"stylesheet\";\r\n\t\t\t\t\t\t\t\tstyle.href = \"https:\/\/experienciadevida.com.ar\/portalurbano\/wp-content\/plugins\/yourchannel\/css\/style.css?1.2.6\";\r\n\t\t\t\t\t\t\t\tstyle.type = \"text\/css\";\r\n\t\t\t\t\t\t\t\tdocument.querySelector(\"head\").appendChild(style);\r\n\t\t\t\t\t\t}\r\n\t\t\t\t\t\tif(window.jQuery){YRC_Loader();}else { var yrctimer2324 = window.setInterval(function(){\r\n\t\t\t\t\t\t\tif(window.jQuery){YRC_Loader(); window.clearInterval(yrctimer2324); }\r\n\t\t\t\t\t\t}, 250);}\r\n\t\t\t\t\t} else {if(YRC.EM)YRC.EM.trigger(\"yrc.newchannel\");}\r\n\t\t\t\t}());<\/script>\n<\/div>\n","protected":false},"excerpt":{"rendered":"<p>La consigna ser\u00e1 \u201cQue la justicia no se lave las manos\u201d. Ser\u00e1 a partir de&#8230;<\/p>\n","protected":false},"author":1,"featured_media":115193,"comment_status":"closed","ping_status":"closed","sticky":false,"template":"","format":"standard","meta":{"content-type":""},"categories":[39],"tags":[],"nelio_content":{"isAutoShareEnabled":false,"autoShareEndMode":"default","automationSources":{"useContentSentences":true,"useSocialTemplates":true,"useCustomSentences":false,"customSentences":[]},"followers":[1],"suggestedReferences":[],"includedReferences":[],"efiUrl":"","efiAlt":"","highlights":[]},"yoast_head":"<!-- This site is optimized with the Yoast SEO plugin v20.7 - https:\/\/yoast.com\/wordpress\/plugins\/seo\/ -->\n<title>Los 26 a\u00f1os del atentado a la AMIA se recordar\u00e1n con un acto virtual -<\/title>\n<meta name=\"robots\" content=\"index, follow, max-snippet:-1, max-image-preview:large, max-video-preview:-1\" \/>\n<link rel=\"canonical\" href=\"https:\/\/experienciadevida.com.ar\/portalurbano\/los-26-anos-del-atentado-a-la-amia-se-recordaran-con-un-acto-virtual\/\" \/>\n<meta property=\"og:locale\" content=\"es_ES\" \/>\n<meta property=\"og:type\" content=\"article\" \/>\n<meta property=\"og:title\" content=\"Los 26 a\u00f1os del atentado a la AMIA se recordar\u00e1n con un acto virtual -\" \/>\n<meta property=\"og:description\" content=\"La consigna ser\u00e1 \u201cQue la justicia no se lave las manos\u201d. Ser\u00e1 a partir de...\" \/>\n<meta property=\"og:url\" content=\"https:\/\/experienciadevida.com.ar\/portalurbano\/los-26-anos-del-atentado-a-la-amia-se-recordaran-con-un-acto-virtual\/\" \/>\n<meta property=\"article:publisher\" content=\"https:\/\/www.facebook.com\/Portal-Urbano-171542830093757\/\" \/>\n<meta property=\"article:published_time\" content=\"2020-07-17T13:31:58+00:00\" \/>\n<meta property=\"article:modified_time\" content=\"2020-07-17T13:32:36+00:00\" \/>\n<meta property=\"og:image\" content=\"https:\/\/experienciadevida.com.ar\/portalurbano\/wp-content\/uploads\/2020\/07\/AMIA.jpg\" \/>\n\t<meta property=\"og:image:width\" content=\"645\" \/>\n\t<meta property=\"og:image:height\" content=\"362\" \/>\n\t<meta property=\"og:image:type\" content=\"image\/jpeg\" \/>\n<meta name=\"author\" content=\"admpu17wp\" \/>\n<meta name=\"twitter:card\" content=\"summary_large_image\" \/>\n<meta name=\"twitter:creator\" content=\"@portalurbanook\" \/>\n<meta name=\"twitter:site\" content=\"@portalurbanook\" \/>\n<meta name=\"twitter:label1\" content=\"Escrito por\" \/>\n\t<meta name=\"twitter:data1\" content=\"admpu17wp\" \/>\n\t<meta name=\"twitter:label2\" content=\"Tiempo de lectura\" \/>\n\t<meta name=\"twitter:data2\" content=\"1 minuto\" \/>\n<script type=\"application\/ld+json\" class=\"yoast-schema-graph\">{\"@context\":\"https:\/\/schema.org\",\"@graph\":[{\"@type\":\"Article\",\"@id\":\"https:\/\/experienciadevida.com.ar\/portalurbano\/los-26-anos-del-atentado-a-la-amia-se-recordaran-con-un-acto-virtual\/#article\",\"isPartOf\":{\"@id\":\"https:\/\/experienciadevida.com.ar\/portalurbano\/los-26-anos-del-atentado-a-la-amia-se-recordaran-con-un-acto-virtual\/\"},\"author\":{\"name\":\"admpu17wp\",\"@id\":\"https:\/\/experienciadevida.com.ar\/portalurbano\/#\/schema\/person\/02dd326b1c4b056e9cc972486934a3a7\"},\"headline\":\"Los 26 a\u00f1os del atentado a la AMIA se recordar\u00e1n con un acto virtual\",\"datePublished\":\"2020-07-17T13:31:58+00:00\",\"dateModified\":\"2020-07-17T13:32:36+00:00\",\"mainEntityOfPage\":{\"@id\":\"https:\/\/experienciadevida.com.ar\/portalurbano\/los-26-anos-del-atentado-a-la-amia-se-recordaran-con-un-acto-virtual\/\"},\"wordCount\":266,\"publisher\":{\"@id\":\"https:\/\/experienciadevida.com.ar\/portalurbano\/#organization\"},\"articleSection\":[\"Naci\u00f3n\"],\"inLanguage\":\"es\"},{\"@type\":\"WebPage\",\"@id\":\"https:\/\/experienciadevida.com.ar\/portalurbano\/los-26-anos-del-atentado-a-la-amia-se-recordaran-con-un-acto-virtual\/\",\"url\":\"https:\/\/experienciadevida.com.ar\/portalurbano\/los-26-anos-del-atentado-a-la-amia-se-recordaran-con-un-acto-virtual\/\",\"name\":\"Los 26 a\u00f1os del atentado a la AMIA se recordar\u00e1n con un acto virtual -\",\"isPartOf\":{\"@id\":\"https:\/\/experienciadevida.com.ar\/portalurbano\/#website\"},\"datePublished\":\"2020-07-17T13:31:58+00:00\",\"dateModified\":\"2020-07-17T13:32:36+00:00\",\"breadcrumb\":{\"@id\":\"https:\/\/experienciadevida.com.ar\/portalurbano\/los-26-anos-del-atentado-a-la-amia-se-recordaran-con-un-acto-virtual\/#breadcrumb\"},\"inLanguage\":\"es\",\"potentialAction\":[{\"@type\":\"ReadAction\",\"target\":[\"https:\/\/experienciadevida.com.ar\/portalurbano\/los-26-anos-del-atentado-a-la-amia-se-recordaran-con-un-acto-virtual\/\"]}]},{\"@type\":\"BreadcrumbList\",\"@id\":\"https:\/\/experienciadevida.com.ar\/portalurbano\/los-26-anos-del-atentado-a-la-amia-se-recordaran-con-un-acto-virtual\/#breadcrumb\",\"itemListElement\":[{\"@type\":\"ListItem\",\"position\":1,\"name\":\"Portada\",\"item\":\"https:\/\/experienciadevida.com.ar\/portalurbano\/\"},{\"@type\":\"ListItem\",\"position\":2,\"name\":\"Los 26 a\u00f1os del atentado a la AMIA se recordar\u00e1n con un acto virtual\"}]},{\"@type\":\"WebSite\",\"@id\":\"https:\/\/experienciadevida.com.ar\/portalurbano\/#website\",\"url\":\"https:\/\/experienciadevida.com.ar\/portalurbano\/\",\"name\":\"\",\"description\":\"\",\"publisher\":{\"@id\":\"https:\/\/experienciadevida.com.ar\/portalurbano\/#organization\"},\"potentialAction\":[{\"@type\":\"SearchAction\",\"target\":{\"@type\":\"EntryPoint\",\"urlTemplate\":\"https:\/\/experienciadevida.com.ar\/portalurbano\/?s={search_term_string}\"},\"query-input\":\"required name=search_term_string\"}],\"inLanguage\":\"es\"},{\"@type\":\"Organization\",\"@id\":\"https:\/\/experienciadevida.com.ar\/portalurbano\/#organization\",\"name\":\"Portal Urbano\",\"url\":\"https:\/\/experienciadevida.com.ar\/portalurbano\/\",\"logo\":{\"@type\":\"ImageObject\",\"inLanguage\":\"es\",\"@id\":\"https:\/\/experienciadevida.com.ar\/portalurbano\/#\/schema\/logo\/image\/\",\"url\":\"https:\/\/experienciadevida.com.ar\/portalurbano\/wp-content\/uploads\/2019\/09\/Logo-Original.png\",\"contentUrl\":\"https:\/\/experienciadevida.com.ar\/portalurbano\/wp-content\/uploads\/2019\/09\/Logo-Original.png\",\"width\":2236,\"height\":1216,\"caption\":\"Portal Urbano\"},\"image\":{\"@id\":\"https:\/\/experienciadevida.com.ar\/portalurbano\/#\/schema\/logo\/image\/\"},\"sameAs\":[\"https:\/\/www.facebook.com\/Portal-Urbano-171542830093757\/\",\"https:\/\/twitter.com\/portalurbanook\",\"https:\/\/www.instagram.com\/_portalurbano\/\",\"https:\/\/www.youtube.com\/channel\/UCXhagIfszH8KxFiOok79zbA?view_as=subscriber\"]},{\"@type\":\"Person\",\"@id\":\"https:\/\/experienciadevida.com.ar\/portalurbano\/#\/schema\/person\/02dd326b1c4b056e9cc972486934a3a7\",\"name\":\"admpu17wp\",\"image\":{\"@type\":\"ImageObject\",\"inLanguage\":\"es\",\"@id\":\"https:\/\/experienciadevida.com.ar\/portalurbano\/#\/schema\/person\/image\/\",\"url\":\"https:\/\/secure.gravatar.com\/avatar\/830d4c57adaae6630765e449a6908047?s=96&d=mm&r=g\",\"contentUrl\":\"https:\/\/secure.gravatar.com\/avatar\/830d4c57adaae6630765e449a6908047?s=96&d=mm&r=g\",\"caption\":\"admpu17wp\"}}]}<\/script>\n<!-- \/ Yoast SEO plugin. -->","yoast_head_json":{"title":"Los 26 a\u00f1os del atentado a la AMIA se recordar\u00e1n con un acto virtual -","robots":{"index":"index","follow":"follow","max-snippet":"max-snippet:-1","max-image-preview":"max-image-preview:large","max-video-preview":"max-video-preview:-1"},"canonical":"https:\/\/experienciadevida.com.ar\/portalurbano\/los-26-anos-del-atentado-a-la-amia-se-recordaran-con-un-acto-virtual\/","og_locale":"es_ES","og_type":"article","og_title":"Los 26 a\u00f1os del atentado a la AMIA se recordar\u00e1n con un acto virtual -","og_description":"La consigna ser\u00e1 \u201cQue la justicia no se lave las manos\u201d. Ser\u00e1 a partir de...","og_url":"https:\/\/experienciadevida.com.ar\/portalurbano\/los-26-anos-del-atentado-a-la-amia-se-recordaran-con-un-acto-virtual\/","article_publisher":"https:\/\/www.facebook.com\/Portal-Urbano-171542830093757\/","article_published_time":"2020-07-17T13:31:58+00:00","article_modified_time":"2020-07-17T13:32:36+00:00","og_image":[{"width":645,"height":362,"url":"https:\/\/experienciadevida.com.ar\/portalurbano\/wp-content\/uploads\/2020\/07\/AMIA.jpg","type":"image\/jpeg"}],"author":"admpu17wp","twitter_card":"summary_large_image","twitter_creator":"@portalurbanook","twitter_site":"@portalurbanook","twitter_misc":{"Escrito por":"admpu17wp","Tiempo de lectura":"1 minuto"},"schema":{"@context":"https:\/\/schema.org","@graph":[{"@type":"Article","@id":"https:\/\/experienciadevida.com.ar\/portalurbano\/los-26-anos-del-atentado-a-la-amia-se-recordaran-con-un-acto-virtual\/#article","isPartOf":{"@id":"https:\/\/experienciadevida.com.ar\/portalurbano\/los-26-anos-del-atentado-a-la-amia-se-recordaran-con-un-acto-virtual\/"},"author":{"name":"admpu17wp","@id":"https:\/\/experienciadevida.com.ar\/portalurbano\/#\/schema\/person\/02dd326b1c4b056e9cc972486934a3a7"},"headline":"Los 26 a\u00f1os del atentado a la AMIA se recordar\u00e1n con un acto virtual","datePublished":"2020-07-17T13:31:58+00:00","dateModified":"2020-07-17T13:32:36+00:00","mainEntityOfPage":{"@id":"https:\/\/experienciadevida.com.ar\/portalurbano\/los-26-anos-del-atentado-a-la-amia-se-recordaran-con-un-acto-virtual\/"},"wordCount":266,"publisher":{"@id":"https:\/\/experienciadevida.com.ar\/portalurbano\/#organization"},"articleSection":["Naci\u00f3n"],"inLanguage":"es"},{"@type":"WebPage","@id":"https:\/\/experienciadevida.com.ar\/portalurbano\/los-26-anos-del-atentado-a-la-amia-se-recordaran-con-un-acto-virtual\/","url":"https:\/\/experienciadevida.com.ar\/portalurbano\/los-26-anos-del-atentado-a-la-amia-se-recordaran-con-un-acto-virtual\/","name":"Los 26 a\u00f1os del atentado a la AMIA se recordar\u00e1n con un acto virtual -","isPartOf":{"@id":"https:\/\/experienciadevida.com.ar\/portalurbano\/#website"},"datePublished":"2020-07-17T13:31:58+00:00","dateModified":"2020-07-17T13:32:36+00:00","breadcrumb":{"@id":"https:\/\/experienciadevida.com.ar\/portalurbano\/los-26-anos-del-atentado-a-la-amia-se-recordaran-con-un-acto-virtual\/#breadcrumb"},"inLanguage":"es","potentialAction":[{"@type":"ReadAction","target":["https:\/\/experienciadevida.com.ar\/portalurbano\/los-26-anos-del-atentado-a-la-amia-se-recordaran-con-un-acto-virtual\/"]}]},{"@type":"BreadcrumbList","@id":"https:\/\/experienciadevida.com.ar\/portalurbano\/los-26-anos-del-atentado-a-la-amia-se-recordaran-con-un-acto-virtual\/#breadcrumb","itemListElement":[{"@type":"ListItem","position":1,"name":"Portada","item":"https:\/\/experienciadevida.com.ar\/portalurbano\/"},{"@type":"ListItem","position":2,"name":"Los 26 a\u00f1os del atentado a la AMIA se recordar\u00e1n con un acto virtual"}]},{"@type":"WebSite","@id":"https:\/\/experienciadevida.com.ar\/portalurbano\/#website","url":"https:\/\/experienciadevida.com.ar\/portalurbano\/","name":"","description":"","publisher":{"@id":"https:\/\/experienciadevida.com.ar\/portalurbano\/#organization"},"potentialAction":[{"@type":"SearchAction","target":{"@type":"EntryPoint","urlTemplate":"https:\/\/experienciadevida.com.ar\/portalurbano\/?s={search_term_string}"},"query-input":"required name=search_term_string"}],"inLanguage":"es"},{"@type":"Organization","@id":"https:\/\/experienciadevida.com.ar\/portalurbano\/#organization","name":"Portal Urbano","url":"https:\/\/experienciadevida.com.ar\/portalurbano\/","logo":{"@type":"ImageObject","inLanguage":"es","@id":"https:\/\/experienciadevida.com.ar\/portalurbano\/#\/schema\/logo\/image\/","url":"https:\/\/experienciadevida.com.ar\/portalurbano\/wp-content\/uploads\/2019\/09\/Logo-Original.png","contentUrl":"https:\/\/experienciadevida.com.ar\/portalurbano\/wp-content\/uploads\/2019\/09\/Logo-Original.png","width":2236,"height":1216,"caption":"Portal Urbano"},"image":{"@id":"https:\/\/experienciadevida.com.ar\/portalurbano\/#\/schema\/logo\/image\/"},"sameAs":["https:\/\/www.facebook.com\/Portal-Urbano-171542830093757\/","https:\/\/twitter.com\/portalurbanook","https:\/\/www.instagram.com\/_portalurbano\/","https:\/\/www.youtube.com\/channel\/UCXhagIfszH8KxFiOok79zbA?view_as=subscriber"]},{"@type":"Person","@id":"https:\/\/experienciadevida.com.ar\/portalurbano\/#\/schema\/person\/02dd326b1c4b056e9cc972486934a3a7","name":"admpu17wp","image":{"@type":"ImageObject","inLanguage":"es","@id":"https:\/\/experienciadevida.com.ar\/portalurbano\/#\/schema\/person\/image\/","url":"https:\/\/secure.gravatar.com\/avatar\/830d4c57adaae6630765e449a6908047?s=96&d=mm&r=g","contentUrl":"https:\/\/secure.gravatar.com\/avatar\/830d4c57adaae6630765e449a6908047?s=96&d=mm&r=g","caption":"admpu17wp"}}]}},"featured_image_urls":{"full":["https:\/\/experienciadevida.com.ar\/portalurbano\/wp-content\/uploads\/2020\/07\/AMIA.jpg",645,362,false],"thumbnail":["https:\/\/experienciadevida.com.ar\/portalurbano\/wp-content\/uploads\/2020\/07\/AMIA-150x150.jpg",150,150,true],"medium":["https:\/\/experienciadevida.com.ar\/portalurbano\/wp-content\/uploads\/2020\/07\/AMIA-300x168.jpg",300,168,true],"medium_large":["https:\/\/experienciadevida.com.ar\/portalurbano\/wp-content\/uploads\/2020\/07\/AMIA.jpg",640,359,false],"large":["https:\/\/experienciadevida.com.ar\/portalurbano\/wp-content\/uploads\/2020\/07\/AMIA.jpg",640,359,false],"ug_big":["https:\/\/experienciadevida.com.ar\/portalurbano\/wp-content\/uploads\/2020\/07\/AMIA.jpg",645,362,false],"1536x1536":["https:\/\/experienciadevida.com.ar\/portalurbano\/wp-content\/uploads\/2020\/07\/AMIA.jpg",645,362,false],"2048x2048":["https:\/\/experienciadevida.com.ar\/portalurbano\/wp-content\/uploads\/2020\/07\/AMIA.jpg",645,362,false],"newsever-slider-full":["https:\/\/experienciadevida.com.ar\/portalurbano\/wp-content\/uploads\/2020\/07\/AMIA.jpg",645,362,false],"newsever-featured":["https:\/\/experienciadevida.com.ar\/portalurbano\/wp-content\/uploads\/2020\/07\/AMIA.jpg",645,362,false],"newsever-medium":["https:\/\/experienciadevida.com.ar\/portalurbano\/wp-content\/uploads\/2020\/07\/AMIA.jpg",645,362,false],"web-stories-poster-portrait":["https:\/\/experienciadevida.com.ar\/portalurbano\/wp-content\/uploads\/2020\/07\/AMIA.jpg",640,359,false],"web-stories-publisher-logo":["https:\/\/experienciadevida.com.ar\/portalurbano\/wp-content\/uploads\/2020\/07\/AMIA.jpg",96,54,false],"web-stories-thumbnail":["https:\/\/experienciadevida.com.ar\/portalurbano\/wp-content\/uploads\/2020\/07\/AMIA.jpg",150,84,false]},"author_info":{"display_name":"admpu17wp","author_link":"https:\/\/experienciadevida.com.ar\/portalurbano\/author\/admpu17wp\/"},"category_info":"<a href=\"https:\/\/experienciadevida.com.ar\/portalurbano\/category\/nacion\/\" rel=\"category tag\">Naci\u00f3n<\/a>","tag_info":"Naci\u00f3n","comment_count":"0","amp_enabled":true,"_links":{"self":[{"href":"https:\/\/experienciadevida.com.ar\/portalurbano\/wp-json\/wp\/v2\/posts\/115190"}],"collection":[{"href":"https:\/\/experienciadevida.com.ar\/portalurbano\/wp-json\/wp\/v2\/posts"}],"about":[{"href":"https:\/\/experienciadevida.com.ar\/portalurbano\/wp-json\/wp\/v2\/types\/post"}],"author":[{"embeddable":true,"href":"https:\/\/experienciadevida.com.ar\/portalurbano\/wp-json\/wp\/v2\/users\/1"}],"replies":[{"embeddable":true,"href":"https:\/\/experienciadevida.com.ar\/portalurbano\/wp-json\/wp\/v2\/comments?post=115190"}],"version-history":[{"count":2,"href":"https:\/\/experienciadevida.com.ar\/portalurbano\/wp-json\/wp\/v2\/posts\/115190\/revisions"}],"predecessor-version":[{"id":115194,"href":"https:\/\/experienciadevida.com.ar\/portalurbano\/wp-json\/wp\/v2\/posts\/115190\/revisions\/115194"}],"wp:featuredmedia":[{"embeddable":true,"href":"https:\/\/experienciadevida.com.ar\/portalurbano\/wp-json\/wp\/v2\/media\/115193"}],"wp:attachment":[{"href":"https:\/\/experienciadevida.com.ar\/portalurbano\/wp-json\/wp\/v2\/media?parent=115190"}],"wp:term":[{"taxonomy":"category","embeddable":true,"href":"https:\/\/experienciadevida.com.ar\/portalurbano\/wp-json\/wp\/v2\/categories?post=115190"},{"taxonomy":"post_tag","embeddable":true,"href":"https:\/\/experienciadevida.com.ar\/portalurbano\/wp-json\/wp\/v2\/tags?post=115190"}],"curies":[{"name":"wp","href":"https:\/\/api.w.org\/{rel}","templated":true}]}}