{"id":115161,"date":"2020-07-17T09:35:47","date_gmt":"2020-07-17T12:35:47","guid":{"rendered":"https:\/\/experienciadevida.com.ar\/portalurbano\/?p=115161"},"modified":"2020-07-17T09:35:47","modified_gmt":"2020-07-17T12:35:47","slug":"atentado-a-la-amia-el-acto-se-transmitira-este-viernes-por-redes-sociales","status":"publish","type":"post","link":"https:\/\/experienciadevida.com.ar\/portalurbano\/atentado-a-la-amia-el-acto-se-transmitira-este-viernes-por-redes-sociales\/","title":{"rendered":"Atentado a la Amia: el acto se transmitir\u00e1 este viernes por redes sociales"},"content":{"rendered":"<p><strong>Que la Justicia no se lave las manos. Este a\u00f1o el acto es virtual pero el reclamo es tan real como siempre\u201d.<\/strong><\/p>\n<hr \/>\n<p>Bajo esta consigna, Amia convoca a la sociedad a participar del Acto Central por los 26 a\u00f1os del atentado terrorista, que dej\u00f3 el doloroso saldo de 85 v\u00edctimas fatales y m\u00e1s de 300 personas heridas. La conmemoraci\u00f3n se realizar\u00e1 este viernes 17 de julio a las 9.53, y ser\u00e1 transmitida en directo por las redes sociales de la instituci\u00f3n.<\/p>\n<p>\u201cEl contexto cambi\u00f3 y la recordaci\u00f3n tendr\u00e1 este a\u00f1o caracter\u00edsticas diferentes a los actos que hemos realizado en todo este tiempo. Lo que no se modifica es la fuerza en el reclamo de justicia y en la denuncia de la impunidad que reviste la causa. Pedir justicia por las 85 v\u00edctimas fatales que produjo el peor atentado terrorista que sufri\u00f3 nuestro pa\u00eds es un imperativo que nos lleva siempre a manifestar con firmeza nuestro reclamo y la denuncia al accionar del terrorismo\u201d, enfatiz\u00f3 Ariel Eichbaum, presidente de Amia.<\/p>\n<p>Organizado en conjunto por Amia, Daia y Familiares de las V\u00edctimas, el acto podr\u00e1 ser seguido desde YouTube y desde Facebook a trav\u00e9s de las cuentas de AMIAonline. Este a\u00f1o, la conmemoraci\u00f3n central por los 26 a\u00f1os del ataque perpetrado el 18 de julio de 1994, se realizar\u00e1 un d\u00eda antes de la fecha exacta del aniversario, para dar cumplimiento a Shabat, el d\u00eda sagrado de descanso para el juda\u00edsmo.<\/p>\n<div class=\"block-ad-node\">\n<div id=\"middle_1-1268457_parent\">\n<div id=\"middle_1-1268457\" class=\"bloque-ads\" data-google-query-id=\"CJb50ZSl1OoCFbQHuQYdQ8cFVA\">\n<div id=\"google_ads_iframe_6955764\/lavoz\/notas\/middle_1_0__container__\">El acto contar\u00e1 con testimonios de sobrevivientes, de familiares de las v\u00edctimas fatales y el mensaje del presidente de Amia.<\/div>\n<\/div>\n<\/div>\n<\/div>\n<p>\u201cConvocamos a toda la sociedad a que nos acompa\u00f1en el viernes 17. La virtualidad nos dar\u00e1 la posibilidad de que seamos muchos m\u00e1s los que nos congreguemos un mismo d\u00eda, a la misma hora, para honrar la memoria de las 85 personas asesinadas en el atentado, y renovar juntos el reclamo de justicia y castigo a los culpables. Como siempre, el acompa\u00f1amiento de todos es fundamental para seguir defendiendo el valor de la vida y decirle no al horror que desata el accionar terrorista\u201d, se\u00f1al\u00f3 Eichbaum.<\/p>\n<p><img decoding=\"async\" class=\"i-amphtml-fill-content i-amphtml-replaced-content\" src=\"https:\/\/cdn.lavoz.com.ar\/sites\/default\/files\/nota_periodistica\/Acto-Central_1594220577.jpg\" \/><\/p>\n<div class=\"ctaNewsNotaContainer\">\n<div class=\"newsletterTextContainer\">\n<div class=\"newsletterTitle\"><\/div>\n<\/div>\n<\/div>\n","protected":false},"excerpt":{"rendered":"<p>Que la Justicia no se lave las manos. Este a\u00f1o el acto es virtual pero&#8230;<\/p>\n","protected":false},"author":1,"featured_media":115167,"comment_status":"closed","ping_status":"closed","sticky":false,"template":"","format":"standard","meta":{"content-type":""},"categories":[39],"tags":[],"nelio_content":{"isAutoShareEnabled":false,"autoShareEndMode":"default","automationSources":{"useContentSentences":true,"useSocialTemplates":true,"useCustomSentences":false,"customSentences":[]},"followers":[1],"suggestedReferences":[],"includedReferences":[],"efiUrl":"","efiAlt":"","highlights":[]},"yoast_head":"<!-- This site is optimized with the Yoast SEO plugin v20.7 - https:\/\/yoast.com\/wordpress\/plugins\/seo\/ -->\n<title>Atentado a la Amia: el acto se transmitir\u00e1 este viernes por redes sociales -<\/title>\n<meta name=\"robots\" content=\"index, follow, max-snippet:-1, max-image-preview:large, max-video-preview:-1\" \/>\n<link rel=\"canonical\" href=\"https:\/\/experienciadevida.com.ar\/portalurbano\/atentado-a-la-amia-el-acto-se-transmitira-este-viernes-por-redes-sociales\/\" \/>\n<meta property=\"og:locale\" content=\"es_ES\" \/>\n<meta property=\"og:type\" content=\"article\" \/>\n<meta property=\"og:title\" content=\"Atentado a la Amia: el acto se transmitir\u00e1 este viernes por redes sociales -\" \/>\n<meta property=\"og:description\" content=\"Que la Justicia no se lave las manos. Este a\u00f1o el acto es virtual pero...\" \/>\n<meta property=\"og:url\" content=\"https:\/\/experienciadevida.com.ar\/portalurbano\/atentado-a-la-amia-el-acto-se-transmitira-este-viernes-por-redes-sociales\/\" \/>\n<meta property=\"article:publisher\" content=\"https:\/\/www.facebook.com\/Portal-Urbano-171542830093757\/\" \/>\n<meta property=\"article:published_time\" content=\"2020-07-17T12:35:47+00:00\" \/>\n<meta property=\"og:image\" content=\"https:\/\/experienciadevida.com.ar\/portalurbano\/wp-content\/uploads\/2020\/07\/PVLCUPY6WNBT7JTYL4CZDQR2F4.jpg\" \/>\n\t<meta property=\"og:image:width\" content=\"768\" \/>\n\t<meta property=\"og:image:height\" content=\"432\" \/>\n\t<meta property=\"og:image:type\" content=\"image\/jpeg\" \/>\n<meta name=\"author\" content=\"admpu17wp\" \/>\n<meta name=\"twitter:card\" content=\"summary_large_image\" \/>\n<meta name=\"twitter:creator\" content=\"@portalurbanook\" \/>\n<meta name=\"twitter:site\" content=\"@portalurbanook\" \/>\n<meta name=\"twitter:label1\" content=\"Escrito por\" \/>\n\t<meta name=\"twitter:data1\" content=\"admpu17wp\" \/>\n\t<meta name=\"twitter:label2\" content=\"Tiempo de lectura\" \/>\n\t<meta name=\"twitter:data2\" content=\"2 minutos\" \/>\n<script type=\"application\/ld+json\" class=\"yoast-schema-graph\">{\"@context\":\"https:\/\/schema.org\",\"@graph\":[{\"@type\":\"Article\",\"@id\":\"https:\/\/experienciadevida.com.ar\/portalurbano\/atentado-a-la-amia-el-acto-se-transmitira-este-viernes-por-redes-sociales\/#article\",\"isPartOf\":{\"@id\":\"https:\/\/experienciadevida.com.ar\/portalurbano\/atentado-a-la-amia-el-acto-se-transmitira-este-viernes-por-redes-sociales\/\"},\"author\":{\"name\":\"admpu17wp\",\"@id\":\"https:\/\/experienciadevida.com.ar\/portalurbano\/#\/schema\/person\/02dd326b1c4b056e9cc972486934a3a7\"},\"headline\":\"Atentado a la Amia: el acto se transmitir\u00e1 este viernes por redes sociales\",\"datePublished\":\"2020-07-17T12:35:47+00:00\",\"dateModified\":\"2020-07-17T12:35:47+00:00\",\"mainEntityOfPage\":{\"@id\":\"https:\/\/experienciadevida.com.ar\/portalurbano\/atentado-a-la-amia-el-acto-se-transmitira-este-viernes-por-redes-sociales\/\"},\"wordCount\":372,\"publisher\":{\"@id\":\"https:\/\/experienciadevida.com.ar\/portalurbano\/#organization\"},\"articleSection\":[\"Naci\u00f3n\"],\"inLanguage\":\"es\"},{\"@type\":\"WebPage\",\"@id\":\"https:\/\/experienciadevida.com.ar\/portalurbano\/atentado-a-la-amia-el-acto-se-transmitira-este-viernes-por-redes-sociales\/\",\"url\":\"https:\/\/experienciadevida.com.ar\/portalurbano\/atentado-a-la-amia-el-acto-se-transmitira-este-viernes-por-redes-sociales\/\",\"name\":\"Atentado a la Amia: el acto se transmitir\u00e1 este viernes por redes sociales -\",\"isPartOf\":{\"@id\":\"https:\/\/experienciadevida.com.ar\/portalurbano\/#website\"},\"datePublished\":\"2020-07-17T12:35:47+00:00\",\"dateModified\":\"2020-07-17T12:35:47+00:00\",\"breadcrumb\":{\"@id\":\"https:\/\/experienciadevida.com.ar\/portalurbano\/atentado-a-la-amia-el-acto-se-transmitira-este-viernes-por-redes-sociales\/#breadcrumb\"},\"inLanguage\":\"es\",\"potentialAction\":[{\"@type\":\"ReadAction\",\"target\":[\"https:\/\/experienciadevida.com.ar\/portalurbano\/atentado-a-la-amia-el-acto-se-transmitira-este-viernes-por-redes-sociales\/\"]}]},{\"@type\":\"BreadcrumbList\",\"@id\":\"https:\/\/experienciadevida.com.ar\/portalurbano\/atentado-a-la-amia-el-acto-se-transmitira-este-viernes-por-redes-sociales\/#breadcrumb\",\"itemListElement\":[{\"@type\":\"ListItem\",\"position\":1,\"name\":\"Portada\",\"item\":\"https:\/\/experienciadevida.com.ar\/portalurbano\/\"},{\"@type\":\"ListItem\",\"position\":2,\"name\":\"Atentado a la Amia: el acto se transmitir\u00e1 este viernes por redes sociales\"}]},{\"@type\":\"WebSite\",\"@id\":\"https:\/\/experienciadevida.com.ar\/portalurbano\/#website\",\"url\":\"https:\/\/experienciadevida.com.ar\/portalurbano\/\",\"name\":\"\",\"description\":\"\",\"publisher\":{\"@id\":\"https:\/\/experienciadevida.com.ar\/portalurbano\/#organization\"},\"potentialAction\":[{\"@type\":\"SearchAction\",\"target\":{\"@type\":\"EntryPoint\",\"urlTemplate\":\"https:\/\/experienciadevida.com.ar\/portalurbano\/?s={search_term_string}\"},\"query-input\":\"required name=search_term_string\"}],\"inLanguage\":\"es\"},{\"@type\":\"Organization\",\"@id\":\"https:\/\/experienciadevida.com.ar\/portalurbano\/#organization\",\"name\":\"Portal Urbano\",\"url\":\"https:\/\/experienciadevida.com.ar\/portalurbano\/\",\"logo\":{\"@type\":\"ImageObject\",\"inLanguage\":\"es\",\"@id\":\"https:\/\/experienciadevida.com.ar\/portalurbano\/#\/schema\/logo\/image\/\",\"url\":\"https:\/\/experienciadevida.com.ar\/portalurbano\/wp-content\/uploads\/2019\/09\/Logo-Original.png\",\"contentUrl\":\"https:\/\/experienciadevida.com.ar\/portalurbano\/wp-content\/uploads\/2019\/09\/Logo-Original.png\",\"width\":2236,\"height\":1216,\"caption\":\"Portal Urbano\"},\"image\":{\"@id\":\"https:\/\/experienciadevida.com.ar\/portalurbano\/#\/schema\/logo\/image\/\"},\"sameAs\":[\"https:\/\/www.facebook.com\/Portal-Urbano-171542830093757\/\",\"https:\/\/twitter.com\/portalurbanook\",\"https:\/\/www.instagram.com\/_portalurbano\/\",\"https:\/\/www.youtube.com\/channel\/UCXhagIfszH8KxFiOok79zbA?view_as=subscriber\"]},{\"@type\":\"Person\",\"@id\":\"https:\/\/experienciadevida.com.ar\/portalurbano\/#\/schema\/person\/02dd326b1c4b056e9cc972486934a3a7\",\"name\":\"admpu17wp\",\"image\":{\"@type\":\"ImageObject\",\"inLanguage\":\"es\",\"@id\":\"https:\/\/experienciadevida.com.ar\/portalurbano\/#\/schema\/person\/image\/\",\"url\":\"https:\/\/secure.gravatar.com\/avatar\/830d4c57adaae6630765e449a6908047?s=96&d=mm&r=g\",\"contentUrl\":\"https:\/\/secure.gravatar.com\/avatar\/830d4c57adaae6630765e449a6908047?s=96&d=mm&r=g\",\"caption\":\"admpu17wp\"}}]}<\/script>\n<!-- \/ Yoast SEO plugin. -->","yoast_head_json":{"title":"Atentado a la Amia: el acto se transmitir\u00e1 este viernes por redes sociales -","robots":{"index":"index","follow":"follow","max-snippet":"max-snippet:-1","max-image-preview":"max-image-preview:large","max-video-preview":"max-video-preview:-1"},"canonical":"https:\/\/experienciadevida.com.ar\/portalurbano\/atentado-a-la-amia-el-acto-se-transmitira-este-viernes-por-redes-sociales\/","og_locale":"es_ES","og_type":"article","og_title":"Atentado a la Amia: el acto se transmitir\u00e1 este viernes por redes sociales -","og_description":"Que la Justicia no se lave las manos. Este a\u00f1o el acto es virtual pero...","og_url":"https:\/\/experienciadevida.com.ar\/portalurbano\/atentado-a-la-amia-el-acto-se-transmitira-este-viernes-por-redes-sociales\/","article_publisher":"https:\/\/www.facebook.com\/Portal-Urbano-171542830093757\/","article_published_time":"2020-07-17T12:35:47+00:00","og_image":[{"width":768,"height":432,"url":"https:\/\/experienciadevida.com.ar\/portalurbano\/wp-content\/uploads\/2020\/07\/PVLCUPY6WNBT7JTYL4CZDQR2F4.jpg","type":"image\/jpeg"}],"author":"admpu17wp","twitter_card":"summary_large_image","twitter_creator":"@portalurbanook","twitter_site":"@portalurbanook","twitter_misc":{"Escrito por":"admpu17wp","Tiempo de lectura":"2 minutos"},"schema":{"@context":"https:\/\/schema.org","@graph":[{"@type":"Article","@id":"https:\/\/experienciadevida.com.ar\/portalurbano\/atentado-a-la-amia-el-acto-se-transmitira-este-viernes-por-redes-sociales\/#article","isPartOf":{"@id":"https:\/\/experienciadevida.com.ar\/portalurbano\/atentado-a-la-amia-el-acto-se-transmitira-este-viernes-por-redes-sociales\/"},"author":{"name":"admpu17wp","@id":"https:\/\/experienciadevida.com.ar\/portalurbano\/#\/schema\/person\/02dd326b1c4b056e9cc972486934a3a7"},"headline":"Atentado a la Amia: el acto se transmitir\u00e1 este viernes por redes sociales","datePublished":"2020-07-17T12:35:47+00:00","dateModified":"2020-07-17T12:35:47+00:00","mainEntityOfPage":{"@id":"https:\/\/experienciadevida.com.ar\/portalurbano\/atentado-a-la-amia-el-acto-se-transmitira-este-viernes-por-redes-sociales\/"},"wordCount":372,"publisher":{"@id":"https:\/\/experienciadevida.com.ar\/portalurbano\/#organization"},"articleSection":["Naci\u00f3n"],"inLanguage":"es"},{"@type":"WebPage","@id":"https:\/\/experienciadevida.com.ar\/portalurbano\/atentado-a-la-amia-el-acto-se-transmitira-este-viernes-por-redes-sociales\/","url":"https:\/\/experienciadevida.com.ar\/portalurbano\/atentado-a-la-amia-el-acto-se-transmitira-este-viernes-por-redes-sociales\/","name":"Atentado a la Amia: el acto se transmitir\u00e1 este viernes por redes sociales -","isPartOf":{"@id":"https:\/\/experienciadevida.com.ar\/portalurbano\/#website"},"datePublished":"2020-07-17T12:35:47+00:00","dateModified":"2020-07-17T12:35:47+00:00","breadcrumb":{"@id":"https:\/\/experienciadevida.com.ar\/portalurbano\/atentado-a-la-amia-el-acto-se-transmitira-este-viernes-por-redes-sociales\/#breadcrumb"},"inLanguage":"es","potentialAction":[{"@type":"ReadAction","target":["https:\/\/experienciadevida.com.ar\/portalurbano\/atentado-a-la-amia-el-acto-se-transmitira-este-viernes-por-redes-sociales\/"]}]},{"@type":"BreadcrumbList","@id":"https:\/\/experienciadevida.com.ar\/portalurbano\/atentado-a-la-amia-el-acto-se-transmitira-este-viernes-por-redes-sociales\/#breadcrumb","itemListElement":[{"@type":"ListItem","position":1,"name":"Portada","item":"https:\/\/experienciadevida.com.ar\/portalurbano\/"},{"@type":"ListItem","position":2,"name":"Atentado a la Amia: el acto se transmitir\u00e1 este viernes por redes sociales"}]},{"@type":"WebSite","@id":"https:\/\/experienciadevida.com.ar\/portalurbano\/#website","url":"https:\/\/experienciadevida.com.ar\/portalurbano\/","name":"","description":"","publisher":{"@id":"https:\/\/experienciadevida.com.ar\/portalurbano\/#organization"},"potentialAction":[{"@type":"SearchAction","target":{"@type":"EntryPoint","urlTemplate":"https:\/\/experienciadevida.com.ar\/portalurbano\/?s={search_term_string}"},"query-input":"required name=search_term_string"}],"inLanguage":"es"},{"@type":"Organization","@id":"https:\/\/experienciadevida.com.ar\/portalurbano\/#organization","name":"Portal Urbano","url":"https:\/\/experienciadevida.com.ar\/portalurbano\/","logo":{"@type":"ImageObject","inLanguage":"es","@id":"https:\/\/experienciadevida.com.ar\/portalurbano\/#\/schema\/logo\/image\/","url":"https:\/\/experienciadevida.com.ar\/portalurbano\/wp-content\/uploads\/2019\/09\/Logo-Original.png","contentUrl":"https:\/\/experienciadevida.com.ar\/portalurbano\/wp-content\/uploads\/2019\/09\/Logo-Original.png","width":2236,"height":1216,"caption":"Portal Urbano"},"image":{"@id":"https:\/\/experienciadevida.com.ar\/portalurbano\/#\/schema\/logo\/image\/"},"sameAs":["https:\/\/www.facebook.com\/Portal-Urbano-171542830093757\/","https:\/\/twitter.com\/portalurbanook","https:\/\/www.instagram.com\/_portalurbano\/","https:\/\/www.youtube.com\/channel\/UCXhagIfszH8KxFiOok79zbA?view_as=subscriber"]},{"@type":"Person","@id":"https:\/\/experienciadevida.com.ar\/portalurbano\/#\/schema\/person\/02dd326b1c4b056e9cc972486934a3a7","name":"admpu17wp","image":{"@type":"ImageObject","inLanguage":"es","@id":"https:\/\/experienciadevida.com.ar\/portalurbano\/#\/schema\/person\/image\/","url":"https:\/\/secure.gravatar.com\/avatar\/830d4c57adaae6630765e449a6908047?s=96&d=mm&r=g","contentUrl":"https:\/\/secure.gravatar.com\/avatar\/830d4c57adaae6630765e449a6908047?s=96&d=mm&r=g","caption":"admpu17wp"}}]}},"featured_image_urls":{"full":["https:\/\/experienciadevida.com.ar\/portalurbano\/wp-content\/uploads\/2020\/07\/PVLCUPY6WNBT7JTYL4CZDQR2F4.jpg",768,432,false],"thumbnail":["https:\/\/experienciadevida.com.ar\/portalurbano\/wp-content\/uploads\/2020\/07\/PVLCUPY6WNBT7JTYL4CZDQR2F4-150x150.jpg",150,150,true],"medium":["https:\/\/experienciadevida.com.ar\/portalurbano\/wp-content\/uploads\/2020\/07\/PVLCUPY6WNBT7JTYL4CZDQR2F4-300x169.jpg",300,169,true],"medium_large":["https:\/\/experienciadevida.com.ar\/portalurbano\/wp-content\/uploads\/2020\/07\/PVLCUPY6WNBT7JTYL4CZDQR2F4.jpg",640,360,false],"large":["https:\/\/experienciadevida.com.ar\/portalurbano\/wp-content\/uploads\/2020\/07\/PVLCUPY6WNBT7JTYL4CZDQR2F4.jpg",640,360,false],"ug_big":["https:\/\/experienciadevida.com.ar\/portalurbano\/wp-content\/uploads\/2020\/07\/PVLCUPY6WNBT7JTYL4CZDQR2F4.jpg",768,432,false],"1536x1536":["https:\/\/experienciadevida.com.ar\/portalurbano\/wp-content\/uploads\/2020\/07\/PVLCUPY6WNBT7JTYL4CZDQR2F4.jpg",768,432,false],"2048x2048":["https:\/\/experienciadevida.com.ar\/portalurbano\/wp-content\/uploads\/2020\/07\/PVLCUPY6WNBT7JTYL4CZDQR2F4.jpg",768,432,false],"newsever-slider-full":["https:\/\/experienciadevida.com.ar\/portalurbano\/wp-content\/uploads\/2020\/07\/PVLCUPY6WNBT7JTYL4CZDQR2F4.jpg",768,432,false],"newsever-featured":["https:\/\/experienciadevida.com.ar\/portalurbano\/wp-content\/uploads\/2020\/07\/PVLCUPY6WNBT7JTYL4CZDQR2F4.jpg",768,432,false],"newsever-medium":["https:\/\/experienciadevida.com.ar\/portalurbano\/wp-content\/uploads\/2020\/07\/PVLCUPY6WNBT7JTYL4CZDQR2F4.jpg",720,405,false],"web-stories-poster-portrait":["https:\/\/experienciadevida.com.ar\/portalurbano\/wp-content\/uploads\/2020\/07\/PVLCUPY6WNBT7JTYL4CZDQR2F4.jpg",640,360,false],"web-stories-publisher-logo":["https:\/\/experienciadevida.com.ar\/portalurbano\/wp-content\/uploads\/2020\/07\/PVLCUPY6WNBT7JTYL4CZDQR2F4.jpg",96,54,false],"web-stories-thumbnail":["https:\/\/experienciadevida.com.ar\/portalurbano\/wp-content\/uploads\/2020\/07\/PVLCUPY6WNBT7JTYL4CZDQR2F4.jpg",150,84,false]},"author_info":{"display_name":"admpu17wp","author_link":"https:\/\/experienciadevida.com.ar\/portalurbano\/author\/admpu17wp\/"},"category_info":"<a href=\"https:\/\/experienciadevida.com.ar\/portalurbano\/category\/nacion\/\" rel=\"category tag\">Naci\u00f3n<\/a>","tag_info":"Naci\u00f3n","comment_count":"0","amp_enabled":true,"_links":{"self":[{"href":"https:\/\/experienciadevida.com.ar\/portalurbano\/wp-json\/wp\/v2\/posts\/115161"}],"collection":[{"href":"https:\/\/experienciadevida.com.ar\/portalurbano\/wp-json\/wp\/v2\/posts"}],"about":[{"href":"https:\/\/experienciadevida.com.ar\/portalurbano\/wp-json\/wp\/v2\/types\/post"}],"author":[{"embeddable":true,"href":"https:\/\/experienciadevida.com.ar\/portalurbano\/wp-json\/wp\/v2\/users\/1"}],"replies":[{"embeddable":true,"href":"https:\/\/experienciadevida.com.ar\/portalurbano\/wp-json\/wp\/v2\/comments?post=115161"}],"version-history":[{"count":3,"href":"https:\/\/experienciadevida.com.ar\/portalurbano\/wp-json\/wp\/v2\/posts\/115161\/revisions"}],"predecessor-version":[{"id":115169,"href":"https:\/\/experienciadevida.com.ar\/portalurbano\/wp-json\/wp\/v2\/posts\/115161\/revisions\/115169"}],"wp:featuredmedia":[{"embeddable":true,"href":"https:\/\/experienciadevida.com.ar\/portalurbano\/wp-json\/wp\/v2\/media\/115167"}],"wp:attachment":[{"href":"https:\/\/experienciadevida.com.ar\/portalurbano\/wp-json\/wp\/v2\/media?parent=115161"}],"wp:term":[{"taxonomy":"category","embeddable":true,"href":"https:\/\/experienciadevida.com.ar\/portalurbano\/wp-json\/wp\/v2\/categories?post=115161"},{"taxonomy":"post_tag","embeddable":true,"href":"https:\/\/experienciadevida.com.ar\/portalurbano\/wp-json\/wp\/v2\/tags?post=115161"}],"curies":[{"name":"wp","href":"https:\/\/api.w.org\/{rel}","templated":true}]}}