{"id":115109,"date":"2020-07-16T17:49:33","date_gmt":"2020-07-16T20:49:33","guid":{"rendered":"https:\/\/experienciadevida.com.ar\/portalurbano\/?p=115109"},"modified":"2020-07-16T17:50:14","modified_gmt":"2020-07-16T20:50:14","slug":"los-precios-mayoristas-subieron-un-37-en-junio-y-un-64-en-el-primer-semestre","status":"publish","type":"post","link":"https:\/\/experienciadevida.com.ar\/portalurbano\/los-precios-mayoristas-subieron-un-37-en-junio-y-un-64-en-el-primer-semestre\/","title":{"rendered":"Los precios mayoristas subieron un 3,7% en junio y un 6,4% en el primer semestre"},"content":{"rendered":"<p>Seg\u00fan inform\u00f3 el Indec, este \u00edndice acumula un 39,7 % de aumento en los \u00faltimos 12 meses.<\/p>\n<p>Los precios mayoristas subieron en junio 3,7 % inform\u00f3 este jueves el Instituto Nacional de Estad\u00edstica y Censos (Indec).<\/p>\n<p>Con este incremento, en el primer semestre del a\u00f1o los precios mayoristas acumularon una suba del 6,4 % y en los \u00faltimos doce meses se incrementaron 39,7 %.<\/p>\n<p>El nivel general del \u00edndice de precios internos al por mayor (IPIM) registr\u00f3 un aumento de 3,7% en junio de 2020 respecto del mes anterior.<\/p>\n<p>Esta variaci\u00f3n se explica como consecuencia de la suba de 3,8% en los \u201cProductos nacionales\u201d y de 2,6% en los \u201cProductos importados\u201d.<\/p>\n<p>Adem\u00e1s, nivel general del \u00edndice de precios b\u00e1sicos del productor (IPP) registr\u00f3 un aumento de 4,0% en el mismo per\u00edodo, como consecuencia de la suba de 8,2% en los \u201cProductos primarios\u201d y de 2,4% en los \u201cProductos manufacturados y energ\u00eda el\u00e9ctrica\u201d.<\/p>\n<p>El costo de la construcci\u00f3n avanz\u00f3 1,4 % en junio, seg\u00fan los datos suministrados por el ente oficial.<\/p>\n<p>Este resultado surge como consecuencia de las alzas de 4,2% en el cap\u00edtulo \u201cMateriales\u201d y de 0,9% en el cap\u00edtulo \u201cGastos generales\u201d; y de la baja de 0,7% en el cap\u00edtulo \u201cMano de obra\u201d.<\/p>\n<p>De esta forma, acumulan un alza del 10,5.% en el primer semestres y del 41,1% en los \u00faltimos 12 meses.<\/p>\n","protected":false},"excerpt":{"rendered":"<p>Seg\u00fan inform\u00f3 el Indec, este \u00edndice acumula un 39,7 % de aumento en los \u00faltimos&#8230;<\/p>\n","protected":false},"author":1,"featured_media":102597,"comment_status":"closed","ping_status":"closed","sticky":false,"template":"","format":"standard","meta":{"content-type":""},"categories":[71,39],"tags":[],"nelio_content":{"isAutoShareEnabled":false,"autoShareEndMode":"default","automationSources":{"useContentSentences":true,"useSocialTemplates":true,"useCustomSentences":false,"customSentences":[]},"followers":[1],"suggestedReferences":[],"includedReferences":[],"efiUrl":"","efiAlt":"","highlights":[]},"yoast_head":"<!-- This site is optimized with the Yoast SEO plugin v20.7 - https:\/\/yoast.com\/wordpress\/plugins\/seo\/ -->\n<title>Los precios mayoristas subieron un 3,7% en junio y un 6,4% en el primer semestre -<\/title>\n<meta name=\"robots\" content=\"index, follow, max-snippet:-1, max-image-preview:large, max-video-preview:-1\" \/>\n<link rel=\"canonical\" href=\"https:\/\/experienciadevida.com.ar\/portalurbano\/los-precios-mayoristas-subieron-un-37-en-junio-y-un-64-en-el-primer-semestre\/\" \/>\n<meta property=\"og:locale\" content=\"es_ES\" \/>\n<meta property=\"og:type\" content=\"article\" \/>\n<meta property=\"og:title\" content=\"Los precios mayoristas subieron un 3,7% en junio y un 6,4% en el primer semestre -\" \/>\n<meta property=\"og:description\" content=\"Seg\u00fan inform\u00f3 el Indec, este \u00edndice acumula un 39,7 % de aumento en los \u00faltimos...\" \/>\n<meta property=\"og:url\" content=\"https:\/\/experienciadevida.com.ar\/portalurbano\/los-precios-mayoristas-subieron-un-37-en-junio-y-un-64-en-el-primer-semestre\/\" \/>\n<meta property=\"article:publisher\" content=\"https:\/\/www.facebook.com\/Portal-Urbano-171542830093757\/\" \/>\n<meta property=\"article:published_time\" content=\"2020-07-16T20:49:33+00:00\" \/>\n<meta property=\"article:modified_time\" content=\"2020-07-16T20:50:14+00:00\" \/>\n<meta property=\"og:image\" content=\"https:\/\/experienciadevida.com.ar\/portalurbano\/wp-content\/uploads\/2020\/02\/SUPERMERCADO-1-e1582825380349.jpg\" \/>\n\t<meta property=\"og:image:width\" content=\"765\" \/>\n\t<meta property=\"og:image:height\" content=\"468\" \/>\n\t<meta property=\"og:image:type\" content=\"image\/jpeg\" \/>\n<meta name=\"author\" content=\"admpu17wp\" \/>\n<meta name=\"twitter:card\" content=\"summary_large_image\" \/>\n<meta name=\"twitter:creator\" content=\"@portalurbanook\" \/>\n<meta name=\"twitter:site\" content=\"@portalurbanook\" \/>\n<meta name=\"twitter:label1\" content=\"Escrito por\" \/>\n\t<meta name=\"twitter:data1\" content=\"admpu17wp\" \/>\n\t<meta name=\"twitter:label2\" content=\"Tiempo de lectura\" \/>\n\t<meta name=\"twitter:data2\" content=\"1 minuto\" \/>\n<script type=\"application\/ld+json\" class=\"yoast-schema-graph\">{\"@context\":\"https:\/\/schema.org\",\"@graph\":[{\"@type\":\"Article\",\"@id\":\"https:\/\/experienciadevida.com.ar\/portalurbano\/los-precios-mayoristas-subieron-un-37-en-junio-y-un-64-en-el-primer-semestre\/#article\",\"isPartOf\":{\"@id\":\"https:\/\/experienciadevida.com.ar\/portalurbano\/los-precios-mayoristas-subieron-un-37-en-junio-y-un-64-en-el-primer-semestre\/\"},\"author\":{\"name\":\"admpu17wp\",\"@id\":\"https:\/\/experienciadevida.com.ar\/portalurbano\/#\/schema\/person\/02dd326b1c4b056e9cc972486934a3a7\"},\"headline\":\"Los precios mayoristas subieron un 3,7% en junio y un 6,4% en el primer semestre\",\"datePublished\":\"2020-07-16T20:49:33+00:00\",\"dateModified\":\"2020-07-16T20:50:14+00:00\",\"mainEntityOfPage\":{\"@id\":\"https:\/\/experienciadevida.com.ar\/portalurbano\/los-precios-mayoristas-subieron-un-37-en-junio-y-un-64-en-el-primer-semestre\/\"},\"wordCount\":227,\"publisher\":{\"@id\":\"https:\/\/experienciadevida.com.ar\/portalurbano\/#organization\"},\"articleSection\":[\"Coronavirus\",\"Naci\u00f3n\"],\"inLanguage\":\"es\"},{\"@type\":\"WebPage\",\"@id\":\"https:\/\/experienciadevida.com.ar\/portalurbano\/los-precios-mayoristas-subieron-un-37-en-junio-y-un-64-en-el-primer-semestre\/\",\"url\":\"https:\/\/experienciadevida.com.ar\/portalurbano\/los-precios-mayoristas-subieron-un-37-en-junio-y-un-64-en-el-primer-semestre\/\",\"name\":\"Los precios mayoristas subieron un 3,7% en junio y un 6,4% en el primer semestre -\",\"isPartOf\":{\"@id\":\"https:\/\/experienciadevida.com.ar\/portalurbano\/#website\"},\"datePublished\":\"2020-07-16T20:49:33+00:00\",\"dateModified\":\"2020-07-16T20:50:14+00:00\",\"breadcrumb\":{\"@id\":\"https:\/\/experienciadevida.com.ar\/portalurbano\/los-precios-mayoristas-subieron-un-37-en-junio-y-un-64-en-el-primer-semestre\/#breadcrumb\"},\"inLanguage\":\"es\",\"potentialAction\":[{\"@type\":\"ReadAction\",\"target\":[\"https:\/\/experienciadevida.com.ar\/portalurbano\/los-precios-mayoristas-subieron-un-37-en-junio-y-un-64-en-el-primer-semestre\/\"]}]},{\"@type\":\"BreadcrumbList\",\"@id\":\"https:\/\/experienciadevida.com.ar\/portalurbano\/los-precios-mayoristas-subieron-un-37-en-junio-y-un-64-en-el-primer-semestre\/#breadcrumb\",\"itemListElement\":[{\"@type\":\"ListItem\",\"position\":1,\"name\":\"Portada\",\"item\":\"https:\/\/experienciadevida.com.ar\/portalurbano\/\"},{\"@type\":\"ListItem\",\"position\":2,\"name\":\"Los precios mayoristas subieron un 3,7% en junio y un 6,4% en el primer semestre\"}]},{\"@type\":\"WebSite\",\"@id\":\"https:\/\/experienciadevida.com.ar\/portalurbano\/#website\",\"url\":\"https:\/\/experienciadevida.com.ar\/portalurbano\/\",\"name\":\"\",\"description\":\"\",\"publisher\":{\"@id\":\"https:\/\/experienciadevida.com.ar\/portalurbano\/#organization\"},\"potentialAction\":[{\"@type\":\"SearchAction\",\"target\":{\"@type\":\"EntryPoint\",\"urlTemplate\":\"https:\/\/experienciadevida.com.ar\/portalurbano\/?s={search_term_string}\"},\"query-input\":\"required name=search_term_string\"}],\"inLanguage\":\"es\"},{\"@type\":\"Organization\",\"@id\":\"https:\/\/experienciadevida.com.ar\/portalurbano\/#organization\",\"name\":\"Portal Urbano\",\"url\":\"https:\/\/experienciadevida.com.ar\/portalurbano\/\",\"logo\":{\"@type\":\"ImageObject\",\"inLanguage\":\"es\",\"@id\":\"https:\/\/experienciadevida.com.ar\/portalurbano\/#\/schema\/logo\/image\/\",\"url\":\"https:\/\/experienciadevida.com.ar\/portalurbano\/wp-content\/uploads\/2019\/09\/Logo-Original.png\",\"contentUrl\":\"https:\/\/experienciadevida.com.ar\/portalurbano\/wp-content\/uploads\/2019\/09\/Logo-Original.png\",\"width\":2236,\"height\":1216,\"caption\":\"Portal Urbano\"},\"image\":{\"@id\":\"https:\/\/experienciadevida.com.ar\/portalurbano\/#\/schema\/logo\/image\/\"},\"sameAs\":[\"https:\/\/www.facebook.com\/Portal-Urbano-171542830093757\/\",\"https:\/\/twitter.com\/portalurbanook\",\"https:\/\/www.instagram.com\/_portalurbano\/\",\"https:\/\/www.youtube.com\/channel\/UCXhagIfszH8KxFiOok79zbA?view_as=subscriber\"]},{\"@type\":\"Person\",\"@id\":\"https:\/\/experienciadevida.com.ar\/portalurbano\/#\/schema\/person\/02dd326b1c4b056e9cc972486934a3a7\",\"name\":\"admpu17wp\",\"image\":{\"@type\":\"ImageObject\",\"inLanguage\":\"es\",\"@id\":\"https:\/\/experienciadevida.com.ar\/portalurbano\/#\/schema\/person\/image\/\",\"url\":\"https:\/\/secure.gravatar.com\/avatar\/830d4c57adaae6630765e449a6908047?s=96&d=mm&r=g\",\"contentUrl\":\"https:\/\/secure.gravatar.com\/avatar\/830d4c57adaae6630765e449a6908047?s=96&d=mm&r=g\",\"caption\":\"admpu17wp\"}}]}<\/script>\n<!-- \/ Yoast SEO plugin. -->","yoast_head_json":{"title":"Los precios mayoristas subieron un 3,7% en junio y un 6,4% en el primer semestre -","robots":{"index":"index","follow":"follow","max-snippet":"max-snippet:-1","max-image-preview":"max-image-preview:large","max-video-preview":"max-video-preview:-1"},"canonical":"https:\/\/experienciadevida.com.ar\/portalurbano\/los-precios-mayoristas-subieron-un-37-en-junio-y-un-64-en-el-primer-semestre\/","og_locale":"es_ES","og_type":"article","og_title":"Los precios mayoristas subieron un 3,7% en junio y un 6,4% en el primer semestre -","og_description":"Seg\u00fan inform\u00f3 el Indec, este \u00edndice acumula un 39,7 % de aumento en los \u00faltimos...","og_url":"https:\/\/experienciadevida.com.ar\/portalurbano\/los-precios-mayoristas-subieron-un-37-en-junio-y-un-64-en-el-primer-semestre\/","article_publisher":"https:\/\/www.facebook.com\/Portal-Urbano-171542830093757\/","article_published_time":"2020-07-16T20:49:33+00:00","article_modified_time":"2020-07-16T20:50:14+00:00","og_image":[{"width":765,"height":468,"url":"https:\/\/experienciadevida.com.ar\/portalurbano\/wp-content\/uploads\/2020\/02\/SUPERMERCADO-1-e1582825380349.jpg","type":"image\/jpeg"}],"author":"admpu17wp","twitter_card":"summary_large_image","twitter_creator":"@portalurbanook","twitter_site":"@portalurbanook","twitter_misc":{"Escrito por":"admpu17wp","Tiempo de lectura":"1 minuto"},"schema":{"@context":"https:\/\/schema.org","@graph":[{"@type":"Article","@id":"https:\/\/experienciadevida.com.ar\/portalurbano\/los-precios-mayoristas-subieron-un-37-en-junio-y-un-64-en-el-primer-semestre\/#article","isPartOf":{"@id":"https:\/\/experienciadevida.com.ar\/portalurbano\/los-precios-mayoristas-subieron-un-37-en-junio-y-un-64-en-el-primer-semestre\/"},"author":{"name":"admpu17wp","@id":"https:\/\/experienciadevida.com.ar\/portalurbano\/#\/schema\/person\/02dd326b1c4b056e9cc972486934a3a7"},"headline":"Los precios mayoristas subieron un 3,7% en junio y un 6,4% en el primer semestre","datePublished":"2020-07-16T20:49:33+00:00","dateModified":"2020-07-16T20:50:14+00:00","mainEntityOfPage":{"@id":"https:\/\/experienciadevida.com.ar\/portalurbano\/los-precios-mayoristas-subieron-un-37-en-junio-y-un-64-en-el-primer-semestre\/"},"wordCount":227,"publisher":{"@id":"https:\/\/experienciadevida.com.ar\/portalurbano\/#organization"},"articleSection":["Coronavirus","Naci\u00f3n"],"inLanguage":"es"},{"@type":"WebPage","@id":"https:\/\/experienciadevida.com.ar\/portalurbano\/los-precios-mayoristas-subieron-un-37-en-junio-y-un-64-en-el-primer-semestre\/","url":"https:\/\/experienciadevida.com.ar\/portalurbano\/los-precios-mayoristas-subieron-un-37-en-junio-y-un-64-en-el-primer-semestre\/","name":"Los precios mayoristas subieron un 3,7% en junio y un 6,4% en el primer semestre -","isPartOf":{"@id":"https:\/\/experienciadevida.com.ar\/portalurbano\/#website"},"datePublished":"2020-07-16T20:49:33+00:00","dateModified":"2020-07-16T20:50:14+00:00","breadcrumb":{"@id":"https:\/\/experienciadevida.com.ar\/portalurbano\/los-precios-mayoristas-subieron-un-37-en-junio-y-un-64-en-el-primer-semestre\/#breadcrumb"},"inLanguage":"es","potentialAction":[{"@type":"ReadAction","target":["https:\/\/experienciadevida.com.ar\/portalurbano\/los-precios-mayoristas-subieron-un-37-en-junio-y-un-64-en-el-primer-semestre\/"]}]},{"@type":"BreadcrumbList","@id":"https:\/\/experienciadevida.com.ar\/portalurbano\/los-precios-mayoristas-subieron-un-37-en-junio-y-un-64-en-el-primer-semestre\/#breadcrumb","itemListElement":[{"@type":"ListItem","position":1,"name":"Portada","item":"https:\/\/experienciadevida.com.ar\/portalurbano\/"},{"@type":"ListItem","position":2,"name":"Los precios mayoristas subieron un 3,7% en junio y un 6,4% en el primer semestre"}]},{"@type":"WebSite","@id":"https:\/\/experienciadevida.com.ar\/portalurbano\/#website","url":"https:\/\/experienciadevida.com.ar\/portalurbano\/","name":"","description":"","publisher":{"@id":"https:\/\/experienciadevida.com.ar\/portalurbano\/#organization"},"potentialAction":[{"@type":"SearchAction","target":{"@type":"EntryPoint","urlTemplate":"https:\/\/experienciadevida.com.ar\/portalurbano\/?s={search_term_string}"},"query-input":"required name=search_term_string"}],"inLanguage":"es"},{"@type":"Organization","@id":"https:\/\/experienciadevida.com.ar\/portalurbano\/#organization","name":"Portal Urbano","url":"https:\/\/experienciadevida.com.ar\/portalurbano\/","logo":{"@type":"ImageObject","inLanguage":"es","@id":"https:\/\/experienciadevida.com.ar\/portalurbano\/#\/schema\/logo\/image\/","url":"https:\/\/experienciadevida.com.ar\/portalurbano\/wp-content\/uploads\/2019\/09\/Logo-Original.png","contentUrl":"https:\/\/experienciadevida.com.ar\/portalurbano\/wp-content\/uploads\/2019\/09\/Logo-Original.png","width":2236,"height":1216,"caption":"Portal Urbano"},"image":{"@id":"https:\/\/experienciadevida.com.ar\/portalurbano\/#\/schema\/logo\/image\/"},"sameAs":["https:\/\/www.facebook.com\/Portal-Urbano-171542830093757\/","https:\/\/twitter.com\/portalurbanook","https:\/\/www.instagram.com\/_portalurbano\/","https:\/\/www.youtube.com\/channel\/UCXhagIfszH8KxFiOok79zbA?view_as=subscriber"]},{"@type":"Person","@id":"https:\/\/experienciadevida.com.ar\/portalurbano\/#\/schema\/person\/02dd326b1c4b056e9cc972486934a3a7","name":"admpu17wp","image":{"@type":"ImageObject","inLanguage":"es","@id":"https:\/\/experienciadevida.com.ar\/portalurbano\/#\/schema\/person\/image\/","url":"https:\/\/secure.gravatar.com\/avatar\/830d4c57adaae6630765e449a6908047?s=96&d=mm&r=g","contentUrl":"https:\/\/secure.gravatar.com\/avatar\/830d4c57adaae6630765e449a6908047?s=96&d=mm&r=g","caption":"admpu17wp"}}]}},"featured_image_urls":{"full":["https:\/\/experienciadevida.com.ar\/portalurbano\/wp-content\/uploads\/2020\/02\/SUPERMERCADO-1-e1582825380349.jpg",765,468,false],"thumbnail":["https:\/\/experienciadevida.com.ar\/portalurbano\/wp-content\/uploads\/2020\/02\/SUPERMERCADO-1-150x150.jpg",150,150,true],"medium":["https:\/\/experienciadevida.com.ar\/portalurbano\/wp-content\/uploads\/2020\/02\/SUPERMERCADO-1-300x184.jpg",300,184,true],"medium_large":["https:\/\/experienciadevida.com.ar\/portalurbano\/wp-content\/uploads\/2020\/02\/SUPERMERCADO-1-768x470.jpg",640,392,true],"large":["https:\/\/experienciadevida.com.ar\/portalurbano\/wp-content\/uploads\/2020\/02\/SUPERMERCADO-1-1024x627.jpg",640,392,true],"ug_big":["https:\/\/experienciadevida.com.ar\/portalurbano\/wp-content\/uploads\/2020\/02\/SUPERMERCADO-1-768x470.jpg",768,470,true],"1536x1536":["https:\/\/experienciadevida.com.ar\/portalurbano\/wp-content\/uploads\/2020\/02\/SUPERMERCADO-1-e1582825380349.jpg",765,468,false],"2048x2048":["https:\/\/experienciadevida.com.ar\/portalurbano\/wp-content\/uploads\/2020\/02\/SUPERMERCADO-1-e1582825380349.jpg",765,468,false],"newsever-slider-full":["https:\/\/experienciadevida.com.ar\/portalurbano\/wp-content\/uploads\/2020\/02\/SUPERMERCADO-1-e1582825380349.jpg",765,468,false],"newsever-featured":["https:\/\/experienciadevida.com.ar\/portalurbano\/wp-content\/uploads\/2020\/02\/SUPERMERCADO-1-e1582825380349.jpg",765,468,false],"newsever-medium":["https:\/\/experienciadevida.com.ar\/portalurbano\/wp-content\/uploads\/2020\/02\/SUPERMERCADO-1-e1582825380349.jpg",720,440,false],"web-stories-poster-portrait":["https:\/\/experienciadevida.com.ar\/portalurbano\/wp-content\/uploads\/2020\/02\/SUPERMERCADO-1-e1582825380349.jpg",640,392,false],"web-stories-publisher-logo":["https:\/\/experienciadevida.com.ar\/portalurbano\/wp-content\/uploads\/2020\/02\/SUPERMERCADO-1-e1582825380349.jpg",96,59,false],"web-stories-thumbnail":["https:\/\/experienciadevida.com.ar\/portalurbano\/wp-content\/uploads\/2020\/02\/SUPERMERCADO-1-e1582825380349.jpg",150,92,false]},"author_info":{"display_name":"admpu17wp","author_link":"https:\/\/experienciadevida.com.ar\/portalurbano\/author\/admpu17wp\/"},"category_info":"<a href=\"https:\/\/experienciadevida.com.ar\/portalurbano\/category\/nacion\/coronavirus\/\" rel=\"category tag\">Coronavirus<\/a> <a href=\"https:\/\/experienciadevida.com.ar\/portalurbano\/category\/nacion\/\" rel=\"category tag\">Naci\u00f3n<\/a>","tag_info":"Naci\u00f3n","comment_count":"0","amp_enabled":true,"_links":{"self":[{"href":"https:\/\/experienciadevida.com.ar\/portalurbano\/wp-json\/wp\/v2\/posts\/115109"}],"collection":[{"href":"https:\/\/experienciadevida.com.ar\/portalurbano\/wp-json\/wp\/v2\/posts"}],"about":[{"href":"https:\/\/experienciadevida.com.ar\/portalurbano\/wp-json\/wp\/v2\/types\/post"}],"author":[{"embeddable":true,"href":"https:\/\/experienciadevida.com.ar\/portalurbano\/wp-json\/wp\/v2\/users\/1"}],"replies":[{"embeddable":true,"href":"https:\/\/experienciadevida.com.ar\/portalurbano\/wp-json\/wp\/v2\/comments?post=115109"}],"version-history":[{"count":1,"href":"https:\/\/experienciadevida.com.ar\/portalurbano\/wp-json\/wp\/v2\/posts\/115109\/revisions"}],"predecessor-version":[{"id":115110,"href":"https:\/\/experienciadevida.com.ar\/portalurbano\/wp-json\/wp\/v2\/posts\/115109\/revisions\/115110"}],"wp:featuredmedia":[{"embeddable":true,"href":"https:\/\/experienciadevida.com.ar\/portalurbano\/wp-json\/wp\/v2\/media\/102597"}],"wp:attachment":[{"href":"https:\/\/experienciadevida.com.ar\/portalurbano\/wp-json\/wp\/v2\/media?parent=115109"}],"wp:term":[{"taxonomy":"category","embeddable":true,"href":"https:\/\/experienciadevida.com.ar\/portalurbano\/wp-json\/wp\/v2\/categories?post=115109"},{"taxonomy":"post_tag","embeddable":true,"href":"https:\/\/experienciadevida.com.ar\/portalurbano\/wp-json\/wp\/v2\/tags?post=115109"}],"curies":[{"name":"wp","href":"https:\/\/api.w.org\/{rel}","templated":true}]}}