{"id":115077,"date":"2020-07-16T13:34:09","date_gmt":"2020-07-16T16:34:09","guid":{"rendered":"https:\/\/experienciadevida.com.ar\/portalurbano\/?p=115077"},"modified":"2020-07-16T13:34:50","modified_gmt":"2020-07-16T16:34:50","slug":"nuevo-protocolo-de-alta-para-pacientes-con-covid-19","status":"publish","type":"post","link":"https:\/\/experienciadevida.com.ar\/portalurbano\/nuevo-protocolo-de-alta-para-pacientes-con-covid-19\/","title":{"rendered":"Nuevo protocolo de alta para pacientes con Covid-19"},"content":{"rendered":"<p>La Secretar\u00eda de Salud del Gobierno Municipal inform\u00f3 el nuevo protocolo de alta para pacientes con Covid-19. A continuaci\u00f3n los detalles del nuevo procedimiento que se implementa desde esta semana.<\/p>\n<p><strong>\u00bfQu\u00e9 pasa si vuelvo a tener s\u00edntomas?<\/strong><\/p>\n<p>A\u00fan no hay evidencia de que un caso recuperado pueda volver a contagiarse. De todos modos, si present\u00e1s\u00a0 s\u00edntomas compatibles con Covid-19, acercate a tu Centro de Salud m\u00e1s cercano para que puedan atenderte. Sino comunicate con tu m\u00e9dico de cabecera, Epidemiolog\u00eda al 419910 o con el 107 en el \u00fanico caso de emergencias. Es importante que cuando vayas digas que ya cursaste la enfermedad.<\/p>\n<p><strong>\u00bfMe tengo que hacer un segundo hisopado?<\/strong><\/p>\n<p>S\u00f3lo deben hacerse un hisopado quienes hayan transitado la enfermedad con neumon\u00eda grave o fueran pacientes inmunocomprometidos. Para aquellas personas que no presentaron s\u00edntomas graves no es necesario, ya que est\u00e1 comprobado cient\u00edficamente que a partir del d\u00eda 14 desde el primer hisopado ya no hay m\u00e1s contagiosidad.<\/p>\n<p><strong>Que te den el alta, \u00bfsignifica que est\u00e1s recuperado?<\/strong><\/p>\n<p>El alta definitiva se da a los 14 d\u00edas del hisopado. Luego de 14 d\u00edas -y habiendo pasado 3 d\u00edas sin fiebre- vas a tener el alta institucional.<\/p>\n<p><strong>Si ya tuve Covid-19, \u00bfpuedo volver a contagiarme?<\/strong><\/p>\n<p>No hay muchos casos de recontagio de Covid-19, pero de todos modos ten\u00e9s que seguir tomando las medidas de prevenci\u00f3n: uso de tapabocas, lavado de manos frecuente y distanciamiento social. A\u00fan se est\u00e1 investigando si un caso recuperado puede volver a contagiarse.<\/p>\n<p><strong>\u00bfC\u00f3mo consigo un certificado para el trabajo?<\/strong><\/p>\n<p>Una vez cumplidos los 14 d\u00edas desde que te hicieron el hisopado \u2013y no haber presentado s\u00edntomas en los \u00faltimos 3 d\u00edas- pod\u00e9s solicitar el certificado de alta m\u00e9dica. Para ello deber\u00e1s enviar un email aemergenciasanitaria@olavarria.gov.ar , detallando la solicitud y adjuntando una foto del DNI, para verificar la identidad.<\/p>\n<p><strong>\u00bfCu\u00e1ndo tengo el alta de aislamiento si no tuve Covid-19?<\/strong><\/p>\n<p>Si no tuviste contacto estrecho con un caso confirmado, el alta de aislamiento se da luego de 10 d\u00edas con ausencia de s\u00edntomas. Si tuviste contacto estrecho con un caso confirmado, tu aislamiento ser\u00e1 de 14 d\u00edas.<\/p>\n","protected":false},"excerpt":{"rendered":"<p>La Secretar\u00eda de Salud del Gobierno Municipal inform\u00f3 el nuevo protocolo de alta para pacientes&#8230;<\/p>\n","protected":false},"author":1,"featured_media":115078,"comment_status":"closed","ping_status":"closed","sticky":false,"template":"","format":"standard","meta":{"content-type":""},"categories":[71,51,45],"tags":[],"nelio_content":{"isAutoShareEnabled":false,"autoShareEndMode":"default","automationSources":{"useContentSentences":true,"useSocialTemplates":true,"useCustomSentences":false,"customSentences":[]},"followers":[1],"suggestedReferences":[],"includedReferences":[],"efiUrl":"","efiAlt":"","highlights":[]},"yoast_head":"<!-- This site is optimized with the Yoast SEO plugin v20.7 - https:\/\/yoast.com\/wordpress\/plugins\/seo\/ -->\n<title>Nuevo protocolo de alta para pacientes con Covid-19 -<\/title>\n<meta name=\"robots\" content=\"index, follow, max-snippet:-1, max-image-preview:large, max-video-preview:-1\" \/>\n<link rel=\"canonical\" href=\"https:\/\/experienciadevida.com.ar\/portalurbano\/nuevo-protocolo-de-alta-para-pacientes-con-covid-19\/\" \/>\n<meta property=\"og:locale\" content=\"es_ES\" \/>\n<meta property=\"og:type\" content=\"article\" \/>\n<meta property=\"og:title\" content=\"Nuevo protocolo de alta para pacientes con Covid-19 -\" \/>\n<meta property=\"og:description\" content=\"La Secretar\u00eda de Salud del Gobierno Municipal inform\u00f3 el nuevo protocolo de alta para pacientes...\" \/>\n<meta property=\"og:url\" content=\"https:\/\/experienciadevida.com.ar\/portalurbano\/nuevo-protocolo-de-alta-para-pacientes-con-covid-19\/\" \/>\n<meta property=\"article:publisher\" content=\"https:\/\/www.facebook.com\/Portal-Urbano-171542830093757\/\" \/>\n<meta property=\"article:published_time\" content=\"2020-07-16T16:34:09+00:00\" \/>\n<meta property=\"article:modified_time\" content=\"2020-07-16T16:34:50+00:00\" \/>\n<meta property=\"og:image\" content=\"https:\/\/experienciadevida.com.ar\/portalurbano\/wp-content\/uploads\/2020\/07\/CAPUTO-e1594917240333.jpg\" \/>\n\t<meta property=\"og:image:width\" content=\"765\" \/>\n\t<meta property=\"og:image:height\" content=\"510\" \/>\n\t<meta property=\"og:image:type\" content=\"image\/jpeg\" \/>\n<meta name=\"author\" content=\"admpu17wp\" \/>\n<meta name=\"twitter:card\" content=\"summary_large_image\" \/>\n<meta name=\"twitter:creator\" content=\"@portalurbanook\" \/>\n<meta name=\"twitter:site\" content=\"@portalurbanook\" \/>\n<meta name=\"twitter:label1\" content=\"Escrito por\" \/>\n\t<meta name=\"twitter:data1\" content=\"admpu17wp\" \/>\n\t<meta name=\"twitter:label2\" content=\"Tiempo de lectura\" \/>\n\t<meta name=\"twitter:data2\" content=\"2 minutos\" \/>\n<script type=\"application\/ld+json\" class=\"yoast-schema-graph\">{\"@context\":\"https:\/\/schema.org\",\"@graph\":[{\"@type\":\"Article\",\"@id\":\"https:\/\/experienciadevida.com.ar\/portalurbano\/nuevo-protocolo-de-alta-para-pacientes-con-covid-19\/#article\",\"isPartOf\":{\"@id\":\"https:\/\/experienciadevida.com.ar\/portalurbano\/nuevo-protocolo-de-alta-para-pacientes-con-covid-19\/\"},\"author\":{\"name\":\"admpu17wp\",\"@id\":\"https:\/\/experienciadevida.com.ar\/portalurbano\/#\/schema\/person\/02dd326b1c4b056e9cc972486934a3a7\"},\"headline\":\"Nuevo protocolo de alta para pacientes con Covid-19\",\"datePublished\":\"2020-07-16T16:34:09+00:00\",\"dateModified\":\"2020-07-16T16:34:50+00:00\",\"mainEntityOfPage\":{\"@id\":\"https:\/\/experienciadevida.com.ar\/portalurbano\/nuevo-protocolo-de-alta-para-pacientes-con-covid-19\/\"},\"wordCount\":381,\"publisher\":{\"@id\":\"https:\/\/experienciadevida.com.ar\/portalurbano\/#organization\"},\"articleSection\":[\"Coronavirus\",\"Destacadas\",\"Salud\"],\"inLanguage\":\"es\"},{\"@type\":\"WebPage\",\"@id\":\"https:\/\/experienciadevida.com.ar\/portalurbano\/nuevo-protocolo-de-alta-para-pacientes-con-covid-19\/\",\"url\":\"https:\/\/experienciadevida.com.ar\/portalurbano\/nuevo-protocolo-de-alta-para-pacientes-con-covid-19\/\",\"name\":\"Nuevo protocolo de alta para pacientes con Covid-19 -\",\"isPartOf\":{\"@id\":\"https:\/\/experienciadevida.com.ar\/portalurbano\/#website\"},\"datePublished\":\"2020-07-16T16:34:09+00:00\",\"dateModified\":\"2020-07-16T16:34:50+00:00\",\"breadcrumb\":{\"@id\":\"https:\/\/experienciadevida.com.ar\/portalurbano\/nuevo-protocolo-de-alta-para-pacientes-con-covid-19\/#breadcrumb\"},\"inLanguage\":\"es\",\"potentialAction\":[{\"@type\":\"ReadAction\",\"target\":[\"https:\/\/experienciadevida.com.ar\/portalurbano\/nuevo-protocolo-de-alta-para-pacientes-con-covid-19\/\"]}]},{\"@type\":\"BreadcrumbList\",\"@id\":\"https:\/\/experienciadevida.com.ar\/portalurbano\/nuevo-protocolo-de-alta-para-pacientes-con-covid-19\/#breadcrumb\",\"itemListElement\":[{\"@type\":\"ListItem\",\"position\":1,\"name\":\"Portada\",\"item\":\"https:\/\/experienciadevida.com.ar\/portalurbano\/\"},{\"@type\":\"ListItem\",\"position\":2,\"name\":\"Nuevo protocolo de alta para pacientes con Covid-19\"}]},{\"@type\":\"WebSite\",\"@id\":\"https:\/\/experienciadevida.com.ar\/portalurbano\/#website\",\"url\":\"https:\/\/experienciadevida.com.ar\/portalurbano\/\",\"name\":\"\",\"description\":\"\",\"publisher\":{\"@id\":\"https:\/\/experienciadevida.com.ar\/portalurbano\/#organization\"},\"potentialAction\":[{\"@type\":\"SearchAction\",\"target\":{\"@type\":\"EntryPoint\",\"urlTemplate\":\"https:\/\/experienciadevida.com.ar\/portalurbano\/?s={search_term_string}\"},\"query-input\":\"required name=search_term_string\"}],\"inLanguage\":\"es\"},{\"@type\":\"Organization\",\"@id\":\"https:\/\/experienciadevida.com.ar\/portalurbano\/#organization\",\"name\":\"Portal Urbano\",\"url\":\"https:\/\/experienciadevida.com.ar\/portalurbano\/\",\"logo\":{\"@type\":\"ImageObject\",\"inLanguage\":\"es\",\"@id\":\"https:\/\/experienciadevida.com.ar\/portalurbano\/#\/schema\/logo\/image\/\",\"url\":\"https:\/\/experienciadevida.com.ar\/portalurbano\/wp-content\/uploads\/2019\/09\/Logo-Original.png\",\"contentUrl\":\"https:\/\/experienciadevida.com.ar\/portalurbano\/wp-content\/uploads\/2019\/09\/Logo-Original.png\",\"width\":2236,\"height\":1216,\"caption\":\"Portal Urbano\"},\"image\":{\"@id\":\"https:\/\/experienciadevida.com.ar\/portalurbano\/#\/schema\/logo\/image\/\"},\"sameAs\":[\"https:\/\/www.facebook.com\/Portal-Urbano-171542830093757\/\",\"https:\/\/twitter.com\/portalurbanook\",\"https:\/\/www.instagram.com\/_portalurbano\/\",\"https:\/\/www.youtube.com\/channel\/UCXhagIfszH8KxFiOok79zbA?view_as=subscriber\"]},{\"@type\":\"Person\",\"@id\":\"https:\/\/experienciadevida.com.ar\/portalurbano\/#\/schema\/person\/02dd326b1c4b056e9cc972486934a3a7\",\"name\":\"admpu17wp\",\"image\":{\"@type\":\"ImageObject\",\"inLanguage\":\"es\",\"@id\":\"https:\/\/experienciadevida.com.ar\/portalurbano\/#\/schema\/person\/image\/\",\"url\":\"https:\/\/secure.gravatar.com\/avatar\/830d4c57adaae6630765e449a6908047?s=96&d=mm&r=g\",\"contentUrl\":\"https:\/\/secure.gravatar.com\/avatar\/830d4c57adaae6630765e449a6908047?s=96&d=mm&r=g\",\"caption\":\"admpu17wp\"}}]}<\/script>\n<!-- \/ Yoast SEO plugin. -->","yoast_head_json":{"title":"Nuevo protocolo de alta para pacientes con Covid-19 -","robots":{"index":"index","follow":"follow","max-snippet":"max-snippet:-1","max-image-preview":"max-image-preview:large","max-video-preview":"max-video-preview:-1"},"canonical":"https:\/\/experienciadevida.com.ar\/portalurbano\/nuevo-protocolo-de-alta-para-pacientes-con-covid-19\/","og_locale":"es_ES","og_type":"article","og_title":"Nuevo protocolo de alta para pacientes con Covid-19 -","og_description":"La Secretar\u00eda de Salud del Gobierno Municipal inform\u00f3 el nuevo protocolo de alta para pacientes...","og_url":"https:\/\/experienciadevida.com.ar\/portalurbano\/nuevo-protocolo-de-alta-para-pacientes-con-covid-19\/","article_publisher":"https:\/\/www.facebook.com\/Portal-Urbano-171542830093757\/","article_published_time":"2020-07-16T16:34:09+00:00","article_modified_time":"2020-07-16T16:34:50+00:00","og_image":[{"width":765,"height":510,"url":"https:\/\/experienciadevida.com.ar\/portalurbano\/wp-content\/uploads\/2020\/07\/CAPUTO-e1594917240333.jpg","type":"image\/jpeg"}],"author":"admpu17wp","twitter_card":"summary_large_image","twitter_creator":"@portalurbanook","twitter_site":"@portalurbanook","twitter_misc":{"Escrito por":"admpu17wp","Tiempo de lectura":"2 minutos"},"schema":{"@context":"https:\/\/schema.org","@graph":[{"@type":"Article","@id":"https:\/\/experienciadevida.com.ar\/portalurbano\/nuevo-protocolo-de-alta-para-pacientes-con-covid-19\/#article","isPartOf":{"@id":"https:\/\/experienciadevida.com.ar\/portalurbano\/nuevo-protocolo-de-alta-para-pacientes-con-covid-19\/"},"author":{"name":"admpu17wp","@id":"https:\/\/experienciadevida.com.ar\/portalurbano\/#\/schema\/person\/02dd326b1c4b056e9cc972486934a3a7"},"headline":"Nuevo protocolo de alta para pacientes con Covid-19","datePublished":"2020-07-16T16:34:09+00:00","dateModified":"2020-07-16T16:34:50+00:00","mainEntityOfPage":{"@id":"https:\/\/experienciadevida.com.ar\/portalurbano\/nuevo-protocolo-de-alta-para-pacientes-con-covid-19\/"},"wordCount":381,"publisher":{"@id":"https:\/\/experienciadevida.com.ar\/portalurbano\/#organization"},"articleSection":["Coronavirus","Destacadas","Salud"],"inLanguage":"es"},{"@type":"WebPage","@id":"https:\/\/experienciadevida.com.ar\/portalurbano\/nuevo-protocolo-de-alta-para-pacientes-con-covid-19\/","url":"https:\/\/experienciadevida.com.ar\/portalurbano\/nuevo-protocolo-de-alta-para-pacientes-con-covid-19\/","name":"Nuevo protocolo de alta para pacientes con Covid-19 -","isPartOf":{"@id":"https:\/\/experienciadevida.com.ar\/portalurbano\/#website"},"datePublished":"2020-07-16T16:34:09+00:00","dateModified":"2020-07-16T16:34:50+00:00","breadcrumb":{"@id":"https:\/\/experienciadevida.com.ar\/portalurbano\/nuevo-protocolo-de-alta-para-pacientes-con-covid-19\/#breadcrumb"},"inLanguage":"es","potentialAction":[{"@type":"ReadAction","target":["https:\/\/experienciadevida.com.ar\/portalurbano\/nuevo-protocolo-de-alta-para-pacientes-con-covid-19\/"]}]},{"@type":"BreadcrumbList","@id":"https:\/\/experienciadevida.com.ar\/portalurbano\/nuevo-protocolo-de-alta-para-pacientes-con-covid-19\/#breadcrumb","itemListElement":[{"@type":"ListItem","position":1,"name":"Portada","item":"https:\/\/experienciadevida.com.ar\/portalurbano\/"},{"@type":"ListItem","position":2,"name":"Nuevo protocolo de alta para pacientes con Covid-19"}]},{"@type":"WebSite","@id":"https:\/\/experienciadevida.com.ar\/portalurbano\/#website","url":"https:\/\/experienciadevida.com.ar\/portalurbano\/","name":"","description":"","publisher":{"@id":"https:\/\/experienciadevida.com.ar\/portalurbano\/#organization"},"potentialAction":[{"@type":"SearchAction","target":{"@type":"EntryPoint","urlTemplate":"https:\/\/experienciadevida.com.ar\/portalurbano\/?s={search_term_string}"},"query-input":"required name=search_term_string"}],"inLanguage":"es"},{"@type":"Organization","@id":"https:\/\/experienciadevida.com.ar\/portalurbano\/#organization","name":"Portal Urbano","url":"https:\/\/experienciadevida.com.ar\/portalurbano\/","logo":{"@type":"ImageObject","inLanguage":"es","@id":"https:\/\/experienciadevida.com.ar\/portalurbano\/#\/schema\/logo\/image\/","url":"https:\/\/experienciadevida.com.ar\/portalurbano\/wp-content\/uploads\/2019\/09\/Logo-Original.png","contentUrl":"https:\/\/experienciadevida.com.ar\/portalurbano\/wp-content\/uploads\/2019\/09\/Logo-Original.png","width":2236,"height":1216,"caption":"Portal Urbano"},"image":{"@id":"https:\/\/experienciadevida.com.ar\/portalurbano\/#\/schema\/logo\/image\/"},"sameAs":["https:\/\/www.facebook.com\/Portal-Urbano-171542830093757\/","https:\/\/twitter.com\/portalurbanook","https:\/\/www.instagram.com\/_portalurbano\/","https:\/\/www.youtube.com\/channel\/UCXhagIfszH8KxFiOok79zbA?view_as=subscriber"]},{"@type":"Person","@id":"https:\/\/experienciadevida.com.ar\/portalurbano\/#\/schema\/person\/02dd326b1c4b056e9cc972486934a3a7","name":"admpu17wp","image":{"@type":"ImageObject","inLanguage":"es","@id":"https:\/\/experienciadevida.com.ar\/portalurbano\/#\/schema\/person\/image\/","url":"https:\/\/secure.gravatar.com\/avatar\/830d4c57adaae6630765e449a6908047?s=96&d=mm&r=g","contentUrl":"https:\/\/secure.gravatar.com\/avatar\/830d4c57adaae6630765e449a6908047?s=96&d=mm&r=g","caption":"admpu17wp"}}]}},"featured_image_urls":{"full":["https:\/\/experienciadevida.com.ar\/portalurbano\/wp-content\/uploads\/2020\/07\/CAPUTO-e1594917240333.jpg",765,510,false],"thumbnail":["https:\/\/experienciadevida.com.ar\/portalurbano\/wp-content\/uploads\/2020\/07\/CAPUTO-150x150.jpg",150,150,true],"medium":["https:\/\/experienciadevida.com.ar\/portalurbano\/wp-content\/uploads\/2020\/07\/CAPUTO-300x200.jpg",300,200,true],"medium_large":["https:\/\/experienciadevida.com.ar\/portalurbano\/wp-content\/uploads\/2020\/07\/CAPUTO-768x512.jpg",640,427,true],"large":["https:\/\/experienciadevida.com.ar\/portalurbano\/wp-content\/uploads\/2020\/07\/CAPUTO-e1594917240333.jpg",640,427,false],"ug_big":["https:\/\/experienciadevida.com.ar\/portalurbano\/wp-content\/uploads\/2020\/07\/CAPUTO-768x512.jpg",768,512,true],"1536x1536":["https:\/\/experienciadevida.com.ar\/portalurbano\/wp-content\/uploads\/2020\/07\/CAPUTO-e1594917240333.jpg",765,510,false],"2048x2048":["https:\/\/experienciadevida.com.ar\/portalurbano\/wp-content\/uploads\/2020\/07\/CAPUTO-e1594917240333.jpg",765,510,false],"newsever-slider-full":["https:\/\/experienciadevida.com.ar\/portalurbano\/wp-content\/uploads\/2020\/07\/CAPUTO-e1594917240333.jpg",765,510,false],"newsever-featured":["https:\/\/experienciadevida.com.ar\/portalurbano\/wp-content\/uploads\/2020\/07\/CAPUTO-e1594917240333.jpg",765,510,false],"newsever-medium":["https:\/\/experienciadevida.com.ar\/portalurbano\/wp-content\/uploads\/2020\/07\/CAPUTO-e1594917240333.jpg",713,475,false],"web-stories-poster-portrait":["https:\/\/experienciadevida.com.ar\/portalurbano\/wp-content\/uploads\/2020\/07\/CAPUTO-e1594917240333.jpg",640,427,false],"web-stories-publisher-logo":["https:\/\/experienciadevida.com.ar\/portalurbano\/wp-content\/uploads\/2020\/07\/CAPUTO-e1594917240333.jpg",96,64,false],"web-stories-thumbnail":["https:\/\/experienciadevida.com.ar\/portalurbano\/wp-content\/uploads\/2020\/07\/CAPUTO-e1594917240333.jpg",150,100,false]},"author_info":{"display_name":"admpu17wp","author_link":"https:\/\/experienciadevida.com.ar\/portalurbano\/author\/admpu17wp\/"},"category_info":"<a href=\"https:\/\/experienciadevida.com.ar\/portalurbano\/category\/nacion\/coronavirus\/\" rel=\"category tag\">Coronavirus<\/a> <a href=\"https:\/\/experienciadevida.com.ar\/portalurbano\/category\/destacadas\/\" rel=\"category tag\">Destacadas<\/a> <a href=\"https:\/\/experienciadevida.com.ar\/portalurbano\/category\/ciudad\/salud\/\" rel=\"category tag\">Salud<\/a>","tag_info":"Salud","comment_count":"0","amp_enabled":true,"_links":{"self":[{"href":"https:\/\/experienciadevida.com.ar\/portalurbano\/wp-json\/wp\/v2\/posts\/115077"}],"collection":[{"href":"https:\/\/experienciadevida.com.ar\/portalurbano\/wp-json\/wp\/v2\/posts"}],"about":[{"href":"https:\/\/experienciadevida.com.ar\/portalurbano\/wp-json\/wp\/v2\/types\/post"}],"author":[{"embeddable":true,"href":"https:\/\/experienciadevida.com.ar\/portalurbano\/wp-json\/wp\/v2\/users\/1"}],"replies":[{"embeddable":true,"href":"https:\/\/experienciadevida.com.ar\/portalurbano\/wp-json\/wp\/v2\/comments?post=115077"}],"version-history":[{"count":1,"href":"https:\/\/experienciadevida.com.ar\/portalurbano\/wp-json\/wp\/v2\/posts\/115077\/revisions"}],"predecessor-version":[{"id":115079,"href":"https:\/\/experienciadevida.com.ar\/portalurbano\/wp-json\/wp\/v2\/posts\/115077\/revisions\/115079"}],"wp:featuredmedia":[{"embeddable":true,"href":"https:\/\/experienciadevida.com.ar\/portalurbano\/wp-json\/wp\/v2\/media\/115078"}],"wp:attachment":[{"href":"https:\/\/experienciadevida.com.ar\/portalurbano\/wp-json\/wp\/v2\/media?parent=115077"}],"wp:term":[{"taxonomy":"category","embeddable":true,"href":"https:\/\/experienciadevida.com.ar\/portalurbano\/wp-json\/wp\/v2\/categories?post=115077"},{"taxonomy":"post_tag","embeddable":true,"href":"https:\/\/experienciadevida.com.ar\/portalurbano\/wp-json\/wp\/v2\/tags?post=115077"}],"curies":[{"name":"wp","href":"https:\/\/api.w.org\/{rel}","templated":true}]}}