{"id":115072,"date":"2020-07-16T11:40:45","date_gmt":"2020-07-16T14:40:45","guid":{"rendered":"https:\/\/experienciadevida.com.ar\/portalurbano\/?p=115072"},"modified":"2020-07-16T11:41:09","modified_gmt":"2020-07-16T14:41:09","slug":"informan-otras-22-muertes-y-los-fallecidos-por-coronavirus-ascienden-a-2072","status":"publish","type":"post","link":"https:\/\/experienciadevida.com.ar\/portalurbano\/informan-otras-22-muertes-y-los-fallecidos-por-coronavirus-ascienden-a-2072\/","title":{"rendered":"Informan otras 22 muertes y los fallecidos por coronavirus ascienden a 2072"},"content":{"rendered":"<p>Todas las provincias han notificado casos en los \u00faltimos d\u00edas. Ayer hubo r\u00e9cord de contagios y de decesos.<\/p>\n<p>El Ministerio de Salud inform\u00f3 esta ma\u00f1ana otros 22 fallecimientos por coronavirus en el pa\u00eds, lo que elev\u00f3 a 2.072 la cifra de muertos, con una tasa de mortalidad de 45 personas cada mill\u00f3n de habitantes y un \u00edndice de letalidad de 1,8% sobre los casos confirmados. Por otro lado, 49.120 pacientes confirmados, el 44% del total de los casos positivos, ya se recuperaron.<\/p>\n<p>\u201cArgentina est\u00e1 entre los tres pa\u00edses con menor tasa de mortalidad del continente\u201d, dijo la secretaria de Acceso a la Salud, Carla Vizzotti. Asimismo, se\u00f1al\u00f3 que unas 783 personas permanecen alojadas en terapia intensiva, cifra que indica que el porcentaje de camas ocupadas es de 53,7 % a nivel nacional y de 63,7% en la regi\u00f3n del AMBA.<\/p>\n<p>Desde el \u00faltimo reporte emitido ayer por la noche, cuando hubo un r\u00e9cord de casos contagiados y de decesos, se registraron 22 nuevas muertes. De los 11 hombres, seis de 71, 72, 71, 70, 89, y 75 a\u00f1os eran residentes en la provincia de Buenos Aires; tres de 78, 54 y 71 a\u00f1os viv\u00edan en la Ciudad; uno era un chaque\u00f1o de 60 a\u00f1os; y otro hombre de 79 a\u00f1os resid\u00eda en La Rioja.<\/p>\n<p>Entre las 11 mujeres fallecidas, se reportaron ocho de 90, 54, 68, 81, 76, 93, 94 y 66 a\u00f1os eran bonaerenses; una de 92 a\u00f1os viv\u00eda en la provincia de La Rioja; una de 87 a\u00f1os era vecina porte\u00f1a; y una de 84 a\u00f1os, resid\u00eda en Mendoza.<\/p>\n<p>La tasa de mortalidad es de 45 personas cada mill\u00f3n de habitantes y el \u00edndice de letalidad de 1,8% sobre los casos confirmados. En tanto, la edad mediana de los fallecidos es de 75 a\u00f1os.<\/p>\n<p>Desde el Gobierno se inform\u00f3, adem\u00e1s, sobre la implementaci\u00f3n de una serie de acciones dirigidas a toda la poblaci\u00f3n para fortalecer el cuidado de la salud mental. A trav\u00e9s de ese dispositivo, \u201ctratamos de evitar el padecimiento o prevenirlo\u201d. El acompa\u00f1amiento y apoyo psicosocial, que es un trabajo en conjunto con todas las jurisdicciones, est\u00e1 dirigido a los que est\u00e1n aislados por tener Covid-19 y a sus familias.<\/p>\n<p>Fuente: DIB<\/p>\n","protected":false},"excerpt":{"rendered":"<p>Todas las provincias han notificado casos en los \u00faltimos d\u00edas. Ayer hubo r\u00e9cord de contagios&#8230;<\/p>\n","protected":false},"author":1,"featured_media":115073,"comment_status":"closed","ping_status":"closed","sticky":false,"template":"","format":"standard","meta":{"content-type":""},"categories":[71,39],"tags":[],"nelio_content":{"isAutoShareEnabled":false,"autoShareEndMode":"default","automationSources":{"useContentSentences":true,"useSocialTemplates":true,"useCustomSentences":false,"customSentences":[]},"followers":[1],"suggestedReferences":[],"includedReferences":[],"efiUrl":"","efiAlt":"","highlights":[]},"yoast_head":"<!-- This site is optimized with the Yoast SEO plugin v20.7 - https:\/\/yoast.com\/wordpress\/plugins\/seo\/ -->\n<title>Informan otras 22 muertes y los fallecidos por coronavirus ascienden a 2072 -<\/title>\n<meta name=\"robots\" content=\"index, follow, max-snippet:-1, max-image-preview:large, max-video-preview:-1\" \/>\n<link rel=\"canonical\" href=\"https:\/\/experienciadevida.com.ar\/portalurbano\/informan-otras-22-muertes-y-los-fallecidos-por-coronavirus-ascienden-a-2072\/\" \/>\n<meta property=\"og:locale\" content=\"es_ES\" \/>\n<meta property=\"og:type\" content=\"article\" \/>\n<meta property=\"og:title\" content=\"Informan otras 22 muertes y los fallecidos por coronavirus ascienden a 2072 -\" \/>\n<meta property=\"og:description\" content=\"Todas las provincias han notificado casos en los \u00faltimos d\u00edas. Ayer hubo r\u00e9cord de contagios...\" \/>\n<meta property=\"og:url\" content=\"https:\/\/experienciadevida.com.ar\/portalurbano\/informan-otras-22-muertes-y-los-fallecidos-por-coronavirus-ascienden-a-2072\/\" \/>\n<meta property=\"article:publisher\" content=\"https:\/\/www.facebook.com\/Portal-Urbano-171542830093757\/\" \/>\n<meta property=\"article:published_time\" content=\"2020-07-16T14:40:45+00:00\" \/>\n<meta property=\"article:modified_time\" content=\"2020-07-16T14:41:09+00:00\" \/>\n<meta property=\"og:image\" content=\"https:\/\/experienciadevida.com.ar\/portalurbano\/wp-content\/uploads\/2020\/07\/CORONAVIRUS.jpg\" \/>\n\t<meta property=\"og:image:width\" content=\"696\" \/>\n\t<meta property=\"og:image:height\" content=\"464\" \/>\n\t<meta property=\"og:image:type\" content=\"image\/jpeg\" \/>\n<meta name=\"author\" content=\"admpu17wp\" \/>\n<meta name=\"twitter:card\" content=\"summary_large_image\" \/>\n<meta name=\"twitter:creator\" content=\"@portalurbanook\" \/>\n<meta name=\"twitter:site\" content=\"@portalurbanook\" \/>\n<meta name=\"twitter:label1\" content=\"Escrito por\" \/>\n\t<meta name=\"twitter:data1\" content=\"admpu17wp\" \/>\n\t<meta name=\"twitter:label2\" content=\"Tiempo de lectura\" \/>\n\t<meta name=\"twitter:data2\" content=\"2 minutos\" \/>\n<script type=\"application\/ld+json\" class=\"yoast-schema-graph\">{\"@context\":\"https:\/\/schema.org\",\"@graph\":[{\"@type\":\"Article\",\"@id\":\"https:\/\/experienciadevida.com.ar\/portalurbano\/informan-otras-22-muertes-y-los-fallecidos-por-coronavirus-ascienden-a-2072\/#article\",\"isPartOf\":{\"@id\":\"https:\/\/experienciadevida.com.ar\/portalurbano\/informan-otras-22-muertes-y-los-fallecidos-por-coronavirus-ascienden-a-2072\/\"},\"author\":{\"name\":\"admpu17wp\",\"@id\":\"https:\/\/experienciadevida.com.ar\/portalurbano\/#\/schema\/person\/02dd326b1c4b056e9cc972486934a3a7\"},\"headline\":\"Informan otras 22 muertes y los fallecidos por coronavirus ascienden a 2072\",\"datePublished\":\"2020-07-16T14:40:45+00:00\",\"dateModified\":\"2020-07-16T14:41:09+00:00\",\"mainEntityOfPage\":{\"@id\":\"https:\/\/experienciadevida.com.ar\/portalurbano\/informan-otras-22-muertes-y-los-fallecidos-por-coronavirus-ascienden-a-2072\/\"},\"wordCount\":369,\"publisher\":{\"@id\":\"https:\/\/experienciadevida.com.ar\/portalurbano\/#organization\"},\"articleSection\":[\"Coronavirus\",\"Naci\u00f3n\"],\"inLanguage\":\"es\"},{\"@type\":\"WebPage\",\"@id\":\"https:\/\/experienciadevida.com.ar\/portalurbano\/informan-otras-22-muertes-y-los-fallecidos-por-coronavirus-ascienden-a-2072\/\",\"url\":\"https:\/\/experienciadevida.com.ar\/portalurbano\/informan-otras-22-muertes-y-los-fallecidos-por-coronavirus-ascienden-a-2072\/\",\"name\":\"Informan otras 22 muertes y los fallecidos por coronavirus ascienden a 2072 -\",\"isPartOf\":{\"@id\":\"https:\/\/experienciadevida.com.ar\/portalurbano\/#website\"},\"datePublished\":\"2020-07-16T14:40:45+00:00\",\"dateModified\":\"2020-07-16T14:41:09+00:00\",\"breadcrumb\":{\"@id\":\"https:\/\/experienciadevida.com.ar\/portalurbano\/informan-otras-22-muertes-y-los-fallecidos-por-coronavirus-ascienden-a-2072\/#breadcrumb\"},\"inLanguage\":\"es\",\"potentialAction\":[{\"@type\":\"ReadAction\",\"target\":[\"https:\/\/experienciadevida.com.ar\/portalurbano\/informan-otras-22-muertes-y-los-fallecidos-por-coronavirus-ascienden-a-2072\/\"]}]},{\"@type\":\"BreadcrumbList\",\"@id\":\"https:\/\/experienciadevida.com.ar\/portalurbano\/informan-otras-22-muertes-y-los-fallecidos-por-coronavirus-ascienden-a-2072\/#breadcrumb\",\"itemListElement\":[{\"@type\":\"ListItem\",\"position\":1,\"name\":\"Portada\",\"item\":\"https:\/\/experienciadevida.com.ar\/portalurbano\/\"},{\"@type\":\"ListItem\",\"position\":2,\"name\":\"Informan otras 22 muertes y los fallecidos por coronavirus ascienden a 2072\"}]},{\"@type\":\"WebSite\",\"@id\":\"https:\/\/experienciadevida.com.ar\/portalurbano\/#website\",\"url\":\"https:\/\/experienciadevida.com.ar\/portalurbano\/\",\"name\":\"\",\"description\":\"\",\"publisher\":{\"@id\":\"https:\/\/experienciadevida.com.ar\/portalurbano\/#organization\"},\"potentialAction\":[{\"@type\":\"SearchAction\",\"target\":{\"@type\":\"EntryPoint\",\"urlTemplate\":\"https:\/\/experienciadevida.com.ar\/portalurbano\/?s={search_term_string}\"},\"query-input\":\"required name=search_term_string\"}],\"inLanguage\":\"es\"},{\"@type\":\"Organization\",\"@id\":\"https:\/\/experienciadevida.com.ar\/portalurbano\/#organization\",\"name\":\"Portal Urbano\",\"url\":\"https:\/\/experienciadevida.com.ar\/portalurbano\/\",\"logo\":{\"@type\":\"ImageObject\",\"inLanguage\":\"es\",\"@id\":\"https:\/\/experienciadevida.com.ar\/portalurbano\/#\/schema\/logo\/image\/\",\"url\":\"https:\/\/experienciadevida.com.ar\/portalurbano\/wp-content\/uploads\/2019\/09\/Logo-Original.png\",\"contentUrl\":\"https:\/\/experienciadevida.com.ar\/portalurbano\/wp-content\/uploads\/2019\/09\/Logo-Original.png\",\"width\":2236,\"height\":1216,\"caption\":\"Portal Urbano\"},\"image\":{\"@id\":\"https:\/\/experienciadevida.com.ar\/portalurbano\/#\/schema\/logo\/image\/\"},\"sameAs\":[\"https:\/\/www.facebook.com\/Portal-Urbano-171542830093757\/\",\"https:\/\/twitter.com\/portalurbanook\",\"https:\/\/www.instagram.com\/_portalurbano\/\",\"https:\/\/www.youtube.com\/channel\/UCXhagIfszH8KxFiOok79zbA?view_as=subscriber\"]},{\"@type\":\"Person\",\"@id\":\"https:\/\/experienciadevida.com.ar\/portalurbano\/#\/schema\/person\/02dd326b1c4b056e9cc972486934a3a7\",\"name\":\"admpu17wp\",\"image\":{\"@type\":\"ImageObject\",\"inLanguage\":\"es\",\"@id\":\"https:\/\/experienciadevida.com.ar\/portalurbano\/#\/schema\/person\/image\/\",\"url\":\"https:\/\/secure.gravatar.com\/avatar\/830d4c57adaae6630765e449a6908047?s=96&d=mm&r=g\",\"contentUrl\":\"https:\/\/secure.gravatar.com\/avatar\/830d4c57adaae6630765e449a6908047?s=96&d=mm&r=g\",\"caption\":\"admpu17wp\"}}]}<\/script>\n<!-- \/ Yoast SEO plugin. -->","yoast_head_json":{"title":"Informan otras 22 muertes y los fallecidos por coronavirus ascienden a 2072 -","robots":{"index":"index","follow":"follow","max-snippet":"max-snippet:-1","max-image-preview":"max-image-preview:large","max-video-preview":"max-video-preview:-1"},"canonical":"https:\/\/experienciadevida.com.ar\/portalurbano\/informan-otras-22-muertes-y-los-fallecidos-por-coronavirus-ascienden-a-2072\/","og_locale":"es_ES","og_type":"article","og_title":"Informan otras 22 muertes y los fallecidos por coronavirus ascienden a 2072 -","og_description":"Todas las provincias han notificado casos en los \u00faltimos d\u00edas. Ayer hubo r\u00e9cord de contagios...","og_url":"https:\/\/experienciadevida.com.ar\/portalurbano\/informan-otras-22-muertes-y-los-fallecidos-por-coronavirus-ascienden-a-2072\/","article_publisher":"https:\/\/www.facebook.com\/Portal-Urbano-171542830093757\/","article_published_time":"2020-07-16T14:40:45+00:00","article_modified_time":"2020-07-16T14:41:09+00:00","og_image":[{"width":696,"height":464,"url":"https:\/\/experienciadevida.com.ar\/portalurbano\/wp-content\/uploads\/2020\/07\/CORONAVIRUS.jpg","type":"image\/jpeg"}],"author":"admpu17wp","twitter_card":"summary_large_image","twitter_creator":"@portalurbanook","twitter_site":"@portalurbanook","twitter_misc":{"Escrito por":"admpu17wp","Tiempo de lectura":"2 minutos"},"schema":{"@context":"https:\/\/schema.org","@graph":[{"@type":"Article","@id":"https:\/\/experienciadevida.com.ar\/portalurbano\/informan-otras-22-muertes-y-los-fallecidos-por-coronavirus-ascienden-a-2072\/#article","isPartOf":{"@id":"https:\/\/experienciadevida.com.ar\/portalurbano\/informan-otras-22-muertes-y-los-fallecidos-por-coronavirus-ascienden-a-2072\/"},"author":{"name":"admpu17wp","@id":"https:\/\/experienciadevida.com.ar\/portalurbano\/#\/schema\/person\/02dd326b1c4b056e9cc972486934a3a7"},"headline":"Informan otras 22 muertes y los fallecidos por coronavirus ascienden a 2072","datePublished":"2020-07-16T14:40:45+00:00","dateModified":"2020-07-16T14:41:09+00:00","mainEntityOfPage":{"@id":"https:\/\/experienciadevida.com.ar\/portalurbano\/informan-otras-22-muertes-y-los-fallecidos-por-coronavirus-ascienden-a-2072\/"},"wordCount":369,"publisher":{"@id":"https:\/\/experienciadevida.com.ar\/portalurbano\/#organization"},"articleSection":["Coronavirus","Naci\u00f3n"],"inLanguage":"es"},{"@type":"WebPage","@id":"https:\/\/experienciadevida.com.ar\/portalurbano\/informan-otras-22-muertes-y-los-fallecidos-por-coronavirus-ascienden-a-2072\/","url":"https:\/\/experienciadevida.com.ar\/portalurbano\/informan-otras-22-muertes-y-los-fallecidos-por-coronavirus-ascienden-a-2072\/","name":"Informan otras 22 muertes y los fallecidos por coronavirus ascienden a 2072 -","isPartOf":{"@id":"https:\/\/experienciadevida.com.ar\/portalurbano\/#website"},"datePublished":"2020-07-16T14:40:45+00:00","dateModified":"2020-07-16T14:41:09+00:00","breadcrumb":{"@id":"https:\/\/experienciadevida.com.ar\/portalurbano\/informan-otras-22-muertes-y-los-fallecidos-por-coronavirus-ascienden-a-2072\/#breadcrumb"},"inLanguage":"es","potentialAction":[{"@type":"ReadAction","target":["https:\/\/experienciadevida.com.ar\/portalurbano\/informan-otras-22-muertes-y-los-fallecidos-por-coronavirus-ascienden-a-2072\/"]}]},{"@type":"BreadcrumbList","@id":"https:\/\/experienciadevida.com.ar\/portalurbano\/informan-otras-22-muertes-y-los-fallecidos-por-coronavirus-ascienden-a-2072\/#breadcrumb","itemListElement":[{"@type":"ListItem","position":1,"name":"Portada","item":"https:\/\/experienciadevida.com.ar\/portalurbano\/"},{"@type":"ListItem","position":2,"name":"Informan otras 22 muertes y los fallecidos por coronavirus ascienden a 2072"}]},{"@type":"WebSite","@id":"https:\/\/experienciadevida.com.ar\/portalurbano\/#website","url":"https:\/\/experienciadevida.com.ar\/portalurbano\/","name":"","description":"","publisher":{"@id":"https:\/\/experienciadevida.com.ar\/portalurbano\/#organization"},"potentialAction":[{"@type":"SearchAction","target":{"@type":"EntryPoint","urlTemplate":"https:\/\/experienciadevida.com.ar\/portalurbano\/?s={search_term_string}"},"query-input":"required name=search_term_string"}],"inLanguage":"es"},{"@type":"Organization","@id":"https:\/\/experienciadevida.com.ar\/portalurbano\/#organization","name":"Portal Urbano","url":"https:\/\/experienciadevida.com.ar\/portalurbano\/","logo":{"@type":"ImageObject","inLanguage":"es","@id":"https:\/\/experienciadevida.com.ar\/portalurbano\/#\/schema\/logo\/image\/","url":"https:\/\/experienciadevida.com.ar\/portalurbano\/wp-content\/uploads\/2019\/09\/Logo-Original.png","contentUrl":"https:\/\/experienciadevida.com.ar\/portalurbano\/wp-content\/uploads\/2019\/09\/Logo-Original.png","width":2236,"height":1216,"caption":"Portal Urbano"},"image":{"@id":"https:\/\/experienciadevida.com.ar\/portalurbano\/#\/schema\/logo\/image\/"},"sameAs":["https:\/\/www.facebook.com\/Portal-Urbano-171542830093757\/","https:\/\/twitter.com\/portalurbanook","https:\/\/www.instagram.com\/_portalurbano\/","https:\/\/www.youtube.com\/channel\/UCXhagIfszH8KxFiOok79zbA?view_as=subscriber"]},{"@type":"Person","@id":"https:\/\/experienciadevida.com.ar\/portalurbano\/#\/schema\/person\/02dd326b1c4b056e9cc972486934a3a7","name":"admpu17wp","image":{"@type":"ImageObject","inLanguage":"es","@id":"https:\/\/experienciadevida.com.ar\/portalurbano\/#\/schema\/person\/image\/","url":"https:\/\/secure.gravatar.com\/avatar\/830d4c57adaae6630765e449a6908047?s=96&d=mm&r=g","contentUrl":"https:\/\/secure.gravatar.com\/avatar\/830d4c57adaae6630765e449a6908047?s=96&d=mm&r=g","caption":"admpu17wp"}}]}},"featured_image_urls":{"full":["https:\/\/experienciadevida.com.ar\/portalurbano\/wp-content\/uploads\/2020\/07\/CORONAVIRUS.jpg",696,464,false],"thumbnail":["https:\/\/experienciadevida.com.ar\/portalurbano\/wp-content\/uploads\/2020\/07\/CORONAVIRUS-150x150.jpg",150,150,true],"medium":["https:\/\/experienciadevida.com.ar\/portalurbano\/wp-content\/uploads\/2020\/07\/CORONAVIRUS-300x200.jpg",300,200,true],"medium_large":["https:\/\/experienciadevida.com.ar\/portalurbano\/wp-content\/uploads\/2020\/07\/CORONAVIRUS.jpg",640,427,false],"large":["https:\/\/experienciadevida.com.ar\/portalurbano\/wp-content\/uploads\/2020\/07\/CORONAVIRUS.jpg",640,427,false],"ug_big":["https:\/\/experienciadevida.com.ar\/portalurbano\/wp-content\/uploads\/2020\/07\/CORONAVIRUS.jpg",696,464,false],"1536x1536":["https:\/\/experienciadevida.com.ar\/portalurbano\/wp-content\/uploads\/2020\/07\/CORONAVIRUS.jpg",696,464,false],"2048x2048":["https:\/\/experienciadevida.com.ar\/portalurbano\/wp-content\/uploads\/2020\/07\/CORONAVIRUS.jpg",696,464,false],"newsever-slider-full":["https:\/\/experienciadevida.com.ar\/portalurbano\/wp-content\/uploads\/2020\/07\/CORONAVIRUS.jpg",696,464,false],"newsever-featured":["https:\/\/experienciadevida.com.ar\/portalurbano\/wp-content\/uploads\/2020\/07\/CORONAVIRUS.jpg",696,464,false],"newsever-medium":["https:\/\/experienciadevida.com.ar\/portalurbano\/wp-content\/uploads\/2020\/07\/CORONAVIRUS.jpg",696,464,false],"web-stories-poster-portrait":["https:\/\/experienciadevida.com.ar\/portalurbano\/wp-content\/uploads\/2020\/07\/CORONAVIRUS.jpg",640,427,false],"web-stories-publisher-logo":["https:\/\/experienciadevida.com.ar\/portalurbano\/wp-content\/uploads\/2020\/07\/CORONAVIRUS.jpg",96,64,false],"web-stories-thumbnail":["https:\/\/experienciadevida.com.ar\/portalurbano\/wp-content\/uploads\/2020\/07\/CORONAVIRUS.jpg",150,100,false]},"author_info":{"display_name":"admpu17wp","author_link":"https:\/\/experienciadevida.com.ar\/portalurbano\/author\/admpu17wp\/"},"category_info":"<a href=\"https:\/\/experienciadevida.com.ar\/portalurbano\/category\/nacion\/coronavirus\/\" rel=\"category tag\">Coronavirus<\/a> <a href=\"https:\/\/experienciadevida.com.ar\/portalurbano\/category\/nacion\/\" rel=\"category tag\">Naci\u00f3n<\/a>","tag_info":"Naci\u00f3n","comment_count":"0","amp_enabled":true,"_links":{"self":[{"href":"https:\/\/experienciadevida.com.ar\/portalurbano\/wp-json\/wp\/v2\/posts\/115072"}],"collection":[{"href":"https:\/\/experienciadevida.com.ar\/portalurbano\/wp-json\/wp\/v2\/posts"}],"about":[{"href":"https:\/\/experienciadevida.com.ar\/portalurbano\/wp-json\/wp\/v2\/types\/post"}],"author":[{"embeddable":true,"href":"https:\/\/experienciadevida.com.ar\/portalurbano\/wp-json\/wp\/v2\/users\/1"}],"replies":[{"embeddable":true,"href":"https:\/\/experienciadevida.com.ar\/portalurbano\/wp-json\/wp\/v2\/comments?post=115072"}],"version-history":[{"count":2,"href":"https:\/\/experienciadevida.com.ar\/portalurbano\/wp-json\/wp\/v2\/posts\/115072\/revisions"}],"predecessor-version":[{"id":115075,"href":"https:\/\/experienciadevida.com.ar\/portalurbano\/wp-json\/wp\/v2\/posts\/115072\/revisions\/115075"}],"wp:featuredmedia":[{"embeddable":true,"href":"https:\/\/experienciadevida.com.ar\/portalurbano\/wp-json\/wp\/v2\/media\/115073"}],"wp:attachment":[{"href":"https:\/\/experienciadevida.com.ar\/portalurbano\/wp-json\/wp\/v2\/media?parent=115072"}],"wp:term":[{"taxonomy":"category","embeddable":true,"href":"https:\/\/experienciadevida.com.ar\/portalurbano\/wp-json\/wp\/v2\/categories?post=115072"},{"taxonomy":"post_tag","embeddable":true,"href":"https:\/\/experienciadevida.com.ar\/portalurbano\/wp-json\/wp\/v2\/tags?post=115072"}],"curies":[{"name":"wp","href":"https:\/\/api.w.org\/{rel}","templated":true}]}}