{"id":114977,"date":"2020-07-15T12:47:18","date_gmt":"2020-07-15T15:47:18","guid":{"rendered":"https:\/\/experienciadevida.com.ar\/portalurbano\/?p=114977"},"modified":"2020-07-15T12:56:14","modified_gmt":"2020-07-15T15:56:14","slug":"una-persona-de-olavarria-que-trabajaba-en-un-campo-de-azul-murio-de-fiebre-hemorragica","status":"publish","type":"post","link":"https:\/\/experienciadevida.com.ar\/portalurbano\/una-persona-de-olavarria-que-trabajaba-en-un-campo-de-azul-murio-de-fiebre-hemorragica\/","title":{"rendered":"Una persona de Olavarr\u00eda que trabajaba en un campo de Azul muri\u00f3 de fiebre hemorr\u00e1gica"},"content":{"rendered":"<p>El hombre de 27 a\u00f1os se desempe\u00f1aba laboralmente en un predio lindero al parque e\u00f3lico Los Teros y falleci\u00f3 luego de estar internado durante una semana. Desde Zoonosis Rurales Azul destacaron la importancia que tiene para los trabajadores rurales y para quienes desarrollan actividades en \u00e1reas silvestres, contar con la vacuna que se aplica de manera gratuita.<\/p>\n<p>La bioqu\u00edmica explic\u00f3 el origen del caso y c\u00f3mo se dio la situaci\u00f3n: &#8220;Este nuevo caso de Fiebre Hemorr\u00e1gica se dio en un campo vecino al parque e\u00f3lico Los Teros, en donde casualmente contrajo tambi\u00e9n la enfermedad el joven brasilero al que se le pas\u00f3 plasma y logr\u00f3 recuperarse&#8221; dijo la Jefa del departamento de zoonosis rurales de Azul.<\/p>\n<p><em><strong>&#8220;El paciente era un joven de 27 a\u00f1os de la ciudad de Olavarr\u00eda que trabajaba con equipos de cosecha y aparentemente estuvo con alguna sintomatolog\u00eda durante seis d\u00edas hasta que lo internaron en Olavarr\u00eda y a los seis d\u00edas de estar internado falleci\u00f3&#8221;<\/strong><\/em> dijo Karina, quien agreg\u00f3 que se desconoce si cuando comenz\u00f3 con los s\u00edntomas, hasta el d\u00eda de su internaci\u00f3n, realiz\u00f3 alguna consulta m\u00e9dica: <em><strong>&#8220;Eso lo ignoramos y como Olavarr\u00eda en esos d\u00edas estaba en plena complejidad por el Covid-19, se le hizo estudios para coronavirus y dio negativo, nosotros ac\u00e1 en zoonosis le hicimos leptospirosis, hantavirus y dengue que le dio negativo y el cuadro era bastante compatible con una fiebre hemorr\u00e1gica y finalmente el resultado fue ese y lamentablemente falleci\u00f3 en Olavarr\u00eda&#8221;.<\/strong><\/em><\/p>\n<p>La funcionaria realiz\u00f3 declaraciones al programa Tiempo de Radio.<\/p>\n<p><strong>&#8220;La vacunaci\u00f3n no se ha interrumpido&#8221;<\/strong><\/p>\n<p>Consultada sobre quienes configuran los grupos de riesgo ante la enfermedad tambi\u00e9n conocida como &#8220;El mal de los rastrojos&#8221; y que se deben aplicar la vacuna, la profesional indic\u00f3: &#8220;Se tienen que vacunar las personas que trabajan en el \u00e1rea rural y el Instituto Maiztegui de Pergamino sugiere que como estamos en una zona end\u00e9mica, las personas que tienen h\u00e1bitos de ir de pesca o de acampar o de hacer alguna actividad en \u00e1reas silvestres tambi\u00e9n lo hagan, porque no estar\u00edan exentos de contraer la enfermedad&#8221;.<\/p>\n<p>En ese sentido afirm\u00f3 que el grupo etario que debe vacunarse va desde los 15 a los 65 a\u00f1os y en relaci\u00f3n a las personas mayores resalt\u00f3: &#8220;M\u00e1s all\u00e1 que existe una disyuntiva en cuanto al tema de vacunar a personas mayores de 65, c\u00f3mo hay muchos viviendo en la zona rural que se quieren vacunar, nosotros con un certificado m\u00e9dico que autorice, tambi\u00e9n vacunamos a los mayores de 65 a\u00f1os, que no tienen que haber recibido ninguna vacuna durante los \u00faltimos 30 d\u00edas y deben aclarar cuando llegan al lugar de vacunaci\u00f3n si est\u00e1n realizando alg\u00fan tipo de tratamiento para evaluar si corresponde o no que sea vacunado&#8221;.<\/p>\n<p>Por otro lado Watralik se\u00f1al\u00f3 que la aplicaci\u00f3n de la vacuna consta de una \u00fanica dosis: &#8220;Y le da a la persona que se la aplica inmunidad para toda la vida&#8221;.<\/p>\n<p>Fuente: <a href=\"https:\/\/www.diarioeltiempo.com.ar\/\">diarioeltiempo<\/a><\/p>\n","protected":false},"excerpt":{"rendered":"<p>El hombre de 27 a\u00f1os se desempe\u00f1aba laboralmente en un predio lindero al parque e\u00f3lico&#8230;<\/p>\n","protected":false},"author":1,"featured_media":112201,"comment_status":"closed","ping_status":"closed","sticky":false,"template":"","format":"standard","meta":{"content-type":""},"categories":[51,45],"tags":[],"nelio_content":{"isAutoShareEnabled":false,"autoShareEndMode":"default","automationSources":{"useContentSentences":true,"useSocialTemplates":true,"useCustomSentences":false,"customSentences":[]},"followers":[1],"suggestedReferences":[],"includedReferences":["https:\/\/www.diarioeltiempo.com.ar\/"],"efiUrl":"","efiAlt":"","highlights":[]},"yoast_head":"<!-- This site is optimized with the Yoast SEO plugin v20.7 - https:\/\/yoast.com\/wordpress\/plugins\/seo\/ -->\n<title>Una persona de Olavarr\u00eda que trabajaba en un campo de Azul muri\u00f3 de fiebre hemorr\u00e1gica -<\/title>\n<meta name=\"robots\" content=\"index, follow, max-snippet:-1, max-image-preview:large, max-video-preview:-1\" \/>\n<link rel=\"canonical\" href=\"https:\/\/experienciadevida.com.ar\/portalurbano\/una-persona-de-olavarria-que-trabajaba-en-un-campo-de-azul-murio-de-fiebre-hemorragica\/\" \/>\n<meta property=\"og:locale\" content=\"es_ES\" \/>\n<meta property=\"og:type\" content=\"article\" \/>\n<meta property=\"og:title\" content=\"Una persona de Olavarr\u00eda que trabajaba en un campo de Azul muri\u00f3 de fiebre hemorr\u00e1gica -\" \/>\n<meta property=\"og:description\" content=\"El hombre de 27 a\u00f1os se desempe\u00f1aba laboralmente en un predio lindero al parque e\u00f3lico...\" \/>\n<meta property=\"og:url\" content=\"https:\/\/experienciadevida.com.ar\/portalurbano\/una-persona-de-olavarria-que-trabajaba-en-un-campo-de-azul-murio-de-fiebre-hemorragica\/\" \/>\n<meta property=\"article:publisher\" content=\"https:\/\/www.facebook.com\/Portal-Urbano-171542830093757\/\" \/>\n<meta property=\"article:published_time\" content=\"2020-07-15T15:47:18+00:00\" \/>\n<meta property=\"article:modified_time\" content=\"2020-07-15T15:56:14+00:00\" \/>\n<meta property=\"og:image\" content=\"https:\/\/experienciadevida.com.ar\/portalurbano\/wp-content\/uploads\/2020\/06\/Hospital_municipal_covid_tapa.jpg\" \/>\n\t<meta property=\"og:image:width\" content=\"800\" \/>\n\t<meta property=\"og:image:height\" content=\"533\" \/>\n\t<meta property=\"og:image:type\" content=\"image\/jpeg\" \/>\n<meta name=\"author\" content=\"admpu17wp\" \/>\n<meta name=\"twitter:card\" content=\"summary_large_image\" \/>\n<meta name=\"twitter:creator\" content=\"@portalurbanook\" \/>\n<meta name=\"twitter:site\" content=\"@portalurbanook\" \/>\n<meta name=\"twitter:label1\" content=\"Escrito por\" \/>\n\t<meta name=\"twitter:data1\" content=\"admpu17wp\" \/>\n\t<meta name=\"twitter:label2\" content=\"Tiempo de lectura\" \/>\n\t<meta name=\"twitter:data2\" content=\"3 minutos\" \/>\n<script type=\"application\/ld+json\" class=\"yoast-schema-graph\">{\"@context\":\"https:\/\/schema.org\",\"@graph\":[{\"@type\":\"Article\",\"@id\":\"https:\/\/experienciadevida.com.ar\/portalurbano\/una-persona-de-olavarria-que-trabajaba-en-un-campo-de-azul-murio-de-fiebre-hemorragica\/#article\",\"isPartOf\":{\"@id\":\"https:\/\/experienciadevida.com.ar\/portalurbano\/una-persona-de-olavarria-que-trabajaba-en-un-campo-de-azul-murio-de-fiebre-hemorragica\/\"},\"author\":{\"name\":\"admpu17wp\",\"@id\":\"https:\/\/experienciadevida.com.ar\/portalurbano\/#\/schema\/person\/02dd326b1c4b056e9cc972486934a3a7\"},\"headline\":\"Una persona de Olavarr\u00eda que trabajaba en un campo de Azul muri\u00f3 de fiebre hemorr\u00e1gica\",\"datePublished\":\"2020-07-15T15:47:18+00:00\",\"dateModified\":\"2020-07-15T15:56:14+00:00\",\"mainEntityOfPage\":{\"@id\":\"https:\/\/experienciadevida.com.ar\/portalurbano\/una-persona-de-olavarria-que-trabajaba-en-un-campo-de-azul-murio-de-fiebre-hemorragica\/\"},\"wordCount\":537,\"publisher\":{\"@id\":\"https:\/\/experienciadevida.com.ar\/portalurbano\/#organization\"},\"articleSection\":[\"Destacadas\",\"Salud\"],\"inLanguage\":\"es\"},{\"@type\":\"WebPage\",\"@id\":\"https:\/\/experienciadevida.com.ar\/portalurbano\/una-persona-de-olavarria-que-trabajaba-en-un-campo-de-azul-murio-de-fiebre-hemorragica\/\",\"url\":\"https:\/\/experienciadevida.com.ar\/portalurbano\/una-persona-de-olavarria-que-trabajaba-en-un-campo-de-azul-murio-de-fiebre-hemorragica\/\",\"name\":\"Una persona de Olavarr\u00eda que trabajaba en un campo de Azul muri\u00f3 de fiebre hemorr\u00e1gica -\",\"isPartOf\":{\"@id\":\"https:\/\/experienciadevida.com.ar\/portalurbano\/#website\"},\"datePublished\":\"2020-07-15T15:47:18+00:00\",\"dateModified\":\"2020-07-15T15:56:14+00:00\",\"breadcrumb\":{\"@id\":\"https:\/\/experienciadevida.com.ar\/portalurbano\/una-persona-de-olavarria-que-trabajaba-en-un-campo-de-azul-murio-de-fiebre-hemorragica\/#breadcrumb\"},\"inLanguage\":\"es\",\"potentialAction\":[{\"@type\":\"ReadAction\",\"target\":[\"https:\/\/experienciadevida.com.ar\/portalurbano\/una-persona-de-olavarria-que-trabajaba-en-un-campo-de-azul-murio-de-fiebre-hemorragica\/\"]}]},{\"@type\":\"BreadcrumbList\",\"@id\":\"https:\/\/experienciadevida.com.ar\/portalurbano\/una-persona-de-olavarria-que-trabajaba-en-un-campo-de-azul-murio-de-fiebre-hemorragica\/#breadcrumb\",\"itemListElement\":[{\"@type\":\"ListItem\",\"position\":1,\"name\":\"Portada\",\"item\":\"https:\/\/experienciadevida.com.ar\/portalurbano\/\"},{\"@type\":\"ListItem\",\"position\":2,\"name\":\"Una persona de Olavarr\u00eda que trabajaba en un campo de Azul muri\u00f3 de fiebre hemorr\u00e1gica\"}]},{\"@type\":\"WebSite\",\"@id\":\"https:\/\/experienciadevida.com.ar\/portalurbano\/#website\",\"url\":\"https:\/\/experienciadevida.com.ar\/portalurbano\/\",\"name\":\"\",\"description\":\"\",\"publisher\":{\"@id\":\"https:\/\/experienciadevida.com.ar\/portalurbano\/#organization\"},\"potentialAction\":[{\"@type\":\"SearchAction\",\"target\":{\"@type\":\"EntryPoint\",\"urlTemplate\":\"https:\/\/experienciadevida.com.ar\/portalurbano\/?s={search_term_string}\"},\"query-input\":\"required name=search_term_string\"}],\"inLanguage\":\"es\"},{\"@type\":\"Organization\",\"@id\":\"https:\/\/experienciadevida.com.ar\/portalurbano\/#organization\",\"name\":\"Portal Urbano\",\"url\":\"https:\/\/experienciadevida.com.ar\/portalurbano\/\",\"logo\":{\"@type\":\"ImageObject\",\"inLanguage\":\"es\",\"@id\":\"https:\/\/experienciadevida.com.ar\/portalurbano\/#\/schema\/logo\/image\/\",\"url\":\"https:\/\/experienciadevida.com.ar\/portalurbano\/wp-content\/uploads\/2019\/09\/Logo-Original.png\",\"contentUrl\":\"https:\/\/experienciadevida.com.ar\/portalurbano\/wp-content\/uploads\/2019\/09\/Logo-Original.png\",\"width\":2236,\"height\":1216,\"caption\":\"Portal Urbano\"},\"image\":{\"@id\":\"https:\/\/experienciadevida.com.ar\/portalurbano\/#\/schema\/logo\/image\/\"},\"sameAs\":[\"https:\/\/www.facebook.com\/Portal-Urbano-171542830093757\/\",\"https:\/\/twitter.com\/portalurbanook\",\"https:\/\/www.instagram.com\/_portalurbano\/\",\"https:\/\/www.youtube.com\/channel\/UCXhagIfszH8KxFiOok79zbA?view_as=subscriber\"]},{\"@type\":\"Person\",\"@id\":\"https:\/\/experienciadevida.com.ar\/portalurbano\/#\/schema\/person\/02dd326b1c4b056e9cc972486934a3a7\",\"name\":\"admpu17wp\",\"image\":{\"@type\":\"ImageObject\",\"inLanguage\":\"es\",\"@id\":\"https:\/\/experienciadevida.com.ar\/portalurbano\/#\/schema\/person\/image\/\",\"url\":\"https:\/\/secure.gravatar.com\/avatar\/830d4c57adaae6630765e449a6908047?s=96&d=mm&r=g\",\"contentUrl\":\"https:\/\/secure.gravatar.com\/avatar\/830d4c57adaae6630765e449a6908047?s=96&d=mm&r=g\",\"caption\":\"admpu17wp\"}}]}<\/script>\n<!-- \/ Yoast SEO plugin. -->","yoast_head_json":{"title":"Una persona de Olavarr\u00eda que trabajaba en un campo de Azul muri\u00f3 de fiebre hemorr\u00e1gica -","robots":{"index":"index","follow":"follow","max-snippet":"max-snippet:-1","max-image-preview":"max-image-preview:large","max-video-preview":"max-video-preview:-1"},"canonical":"https:\/\/experienciadevida.com.ar\/portalurbano\/una-persona-de-olavarria-que-trabajaba-en-un-campo-de-azul-murio-de-fiebre-hemorragica\/","og_locale":"es_ES","og_type":"article","og_title":"Una persona de Olavarr\u00eda que trabajaba en un campo de Azul muri\u00f3 de fiebre hemorr\u00e1gica -","og_description":"El hombre de 27 a\u00f1os se desempe\u00f1aba laboralmente en un predio lindero al parque e\u00f3lico...","og_url":"https:\/\/experienciadevida.com.ar\/portalurbano\/una-persona-de-olavarria-que-trabajaba-en-un-campo-de-azul-murio-de-fiebre-hemorragica\/","article_publisher":"https:\/\/www.facebook.com\/Portal-Urbano-171542830093757\/","article_published_time":"2020-07-15T15:47:18+00:00","article_modified_time":"2020-07-15T15:56:14+00:00","og_image":[{"width":800,"height":533,"url":"https:\/\/experienciadevida.com.ar\/portalurbano\/wp-content\/uploads\/2020\/06\/Hospital_municipal_covid_tapa.jpg","type":"image\/jpeg"}],"author":"admpu17wp","twitter_card":"summary_large_image","twitter_creator":"@portalurbanook","twitter_site":"@portalurbanook","twitter_misc":{"Escrito por":"admpu17wp","Tiempo de lectura":"3 minutos"},"schema":{"@context":"https:\/\/schema.org","@graph":[{"@type":"Article","@id":"https:\/\/experienciadevida.com.ar\/portalurbano\/una-persona-de-olavarria-que-trabajaba-en-un-campo-de-azul-murio-de-fiebre-hemorragica\/#article","isPartOf":{"@id":"https:\/\/experienciadevida.com.ar\/portalurbano\/una-persona-de-olavarria-que-trabajaba-en-un-campo-de-azul-murio-de-fiebre-hemorragica\/"},"author":{"name":"admpu17wp","@id":"https:\/\/experienciadevida.com.ar\/portalurbano\/#\/schema\/person\/02dd326b1c4b056e9cc972486934a3a7"},"headline":"Una persona de Olavarr\u00eda que trabajaba en un campo de Azul muri\u00f3 de fiebre hemorr\u00e1gica","datePublished":"2020-07-15T15:47:18+00:00","dateModified":"2020-07-15T15:56:14+00:00","mainEntityOfPage":{"@id":"https:\/\/experienciadevida.com.ar\/portalurbano\/una-persona-de-olavarria-que-trabajaba-en-un-campo-de-azul-murio-de-fiebre-hemorragica\/"},"wordCount":537,"publisher":{"@id":"https:\/\/experienciadevida.com.ar\/portalurbano\/#organization"},"articleSection":["Destacadas","Salud"],"inLanguage":"es"},{"@type":"WebPage","@id":"https:\/\/experienciadevida.com.ar\/portalurbano\/una-persona-de-olavarria-que-trabajaba-en-un-campo-de-azul-murio-de-fiebre-hemorragica\/","url":"https:\/\/experienciadevida.com.ar\/portalurbano\/una-persona-de-olavarria-que-trabajaba-en-un-campo-de-azul-murio-de-fiebre-hemorragica\/","name":"Una persona de Olavarr\u00eda que trabajaba en un campo de Azul muri\u00f3 de fiebre hemorr\u00e1gica -","isPartOf":{"@id":"https:\/\/experienciadevida.com.ar\/portalurbano\/#website"},"datePublished":"2020-07-15T15:47:18+00:00","dateModified":"2020-07-15T15:56:14+00:00","breadcrumb":{"@id":"https:\/\/experienciadevida.com.ar\/portalurbano\/una-persona-de-olavarria-que-trabajaba-en-un-campo-de-azul-murio-de-fiebre-hemorragica\/#breadcrumb"},"inLanguage":"es","potentialAction":[{"@type":"ReadAction","target":["https:\/\/experienciadevida.com.ar\/portalurbano\/una-persona-de-olavarria-que-trabajaba-en-un-campo-de-azul-murio-de-fiebre-hemorragica\/"]}]},{"@type":"BreadcrumbList","@id":"https:\/\/experienciadevida.com.ar\/portalurbano\/una-persona-de-olavarria-que-trabajaba-en-un-campo-de-azul-murio-de-fiebre-hemorragica\/#breadcrumb","itemListElement":[{"@type":"ListItem","position":1,"name":"Portada","item":"https:\/\/experienciadevida.com.ar\/portalurbano\/"},{"@type":"ListItem","position":2,"name":"Una persona de Olavarr\u00eda que trabajaba en un campo de Azul muri\u00f3 de fiebre hemorr\u00e1gica"}]},{"@type":"WebSite","@id":"https:\/\/experienciadevida.com.ar\/portalurbano\/#website","url":"https:\/\/experienciadevida.com.ar\/portalurbano\/","name":"","description":"","publisher":{"@id":"https:\/\/experienciadevida.com.ar\/portalurbano\/#organization"},"potentialAction":[{"@type":"SearchAction","target":{"@type":"EntryPoint","urlTemplate":"https:\/\/experienciadevida.com.ar\/portalurbano\/?s={search_term_string}"},"query-input":"required name=search_term_string"}],"inLanguage":"es"},{"@type":"Organization","@id":"https:\/\/experienciadevida.com.ar\/portalurbano\/#organization","name":"Portal Urbano","url":"https:\/\/experienciadevida.com.ar\/portalurbano\/","logo":{"@type":"ImageObject","inLanguage":"es","@id":"https:\/\/experienciadevida.com.ar\/portalurbano\/#\/schema\/logo\/image\/","url":"https:\/\/experienciadevida.com.ar\/portalurbano\/wp-content\/uploads\/2019\/09\/Logo-Original.png","contentUrl":"https:\/\/experienciadevida.com.ar\/portalurbano\/wp-content\/uploads\/2019\/09\/Logo-Original.png","width":2236,"height":1216,"caption":"Portal Urbano"},"image":{"@id":"https:\/\/experienciadevida.com.ar\/portalurbano\/#\/schema\/logo\/image\/"},"sameAs":["https:\/\/www.facebook.com\/Portal-Urbano-171542830093757\/","https:\/\/twitter.com\/portalurbanook","https:\/\/www.instagram.com\/_portalurbano\/","https:\/\/www.youtube.com\/channel\/UCXhagIfszH8KxFiOok79zbA?view_as=subscriber"]},{"@type":"Person","@id":"https:\/\/experienciadevida.com.ar\/portalurbano\/#\/schema\/person\/02dd326b1c4b056e9cc972486934a3a7","name":"admpu17wp","image":{"@type":"ImageObject","inLanguage":"es","@id":"https:\/\/experienciadevida.com.ar\/portalurbano\/#\/schema\/person\/image\/","url":"https:\/\/secure.gravatar.com\/avatar\/830d4c57adaae6630765e449a6908047?s=96&d=mm&r=g","contentUrl":"https:\/\/secure.gravatar.com\/avatar\/830d4c57adaae6630765e449a6908047?s=96&d=mm&r=g","caption":"admpu17wp"}}]}},"featured_image_urls":{"full":["https:\/\/experienciadevida.com.ar\/portalurbano\/wp-content\/uploads\/2020\/06\/Hospital_municipal_covid_tapa.jpg",800,533,false],"thumbnail":["https:\/\/experienciadevida.com.ar\/portalurbano\/wp-content\/uploads\/2020\/06\/Hospital_municipal_covid_tapa-150x150.jpg",150,150,true],"medium":["https:\/\/experienciadevida.com.ar\/portalurbano\/wp-content\/uploads\/2020\/06\/Hospital_municipal_covid_tapa-300x200.jpg",300,200,true],"medium_large":["https:\/\/experienciadevida.com.ar\/portalurbano\/wp-content\/uploads\/2020\/06\/Hospital_municipal_covid_tapa-768x512.jpg",640,427,true],"large":["https:\/\/experienciadevida.com.ar\/portalurbano\/wp-content\/uploads\/2020\/06\/Hospital_municipal_covid_tapa.jpg",640,426,false],"ug_big":["https:\/\/experienciadevida.com.ar\/portalurbano\/wp-content\/uploads\/2020\/06\/Hospital_municipal_covid_tapa-768x512.jpg",768,512,true],"1536x1536":["https:\/\/experienciadevida.com.ar\/portalurbano\/wp-content\/uploads\/2020\/06\/Hospital_municipal_covid_tapa.jpg",800,533,false],"2048x2048":["https:\/\/experienciadevida.com.ar\/portalurbano\/wp-content\/uploads\/2020\/06\/Hospital_municipal_covid_tapa.jpg",800,533,false],"newsever-slider-full":["https:\/\/experienciadevida.com.ar\/portalurbano\/wp-content\/uploads\/2020\/06\/Hospital_municipal_covid_tapa.jpg",800,533,false],"newsever-featured":["https:\/\/experienciadevida.com.ar\/portalurbano\/wp-content\/uploads\/2020\/06\/Hospital_municipal_covid_tapa.jpg",800,533,false],"newsever-medium":["https:\/\/experienciadevida.com.ar\/portalurbano\/wp-content\/uploads\/2020\/06\/Hospital_municipal_covid_tapa.jpg",713,475,false],"web-stories-poster-portrait":["https:\/\/experienciadevida.com.ar\/portalurbano\/wp-content\/uploads\/2020\/06\/Hospital_municipal_covid_tapa.jpg",640,426,false],"web-stories-publisher-logo":["https:\/\/experienciadevida.com.ar\/portalurbano\/wp-content\/uploads\/2020\/06\/Hospital_municipal_covid_tapa.jpg",96,64,false],"web-stories-thumbnail":["https:\/\/experienciadevida.com.ar\/portalurbano\/wp-content\/uploads\/2020\/06\/Hospital_municipal_covid_tapa.jpg",150,100,false]},"author_info":{"display_name":"admpu17wp","author_link":"https:\/\/experienciadevida.com.ar\/portalurbano\/author\/admpu17wp\/"},"category_info":"<a href=\"https:\/\/experienciadevida.com.ar\/portalurbano\/category\/destacadas\/\" rel=\"category tag\">Destacadas<\/a> <a href=\"https:\/\/experienciadevida.com.ar\/portalurbano\/category\/ciudad\/salud\/\" rel=\"category tag\">Salud<\/a>","tag_info":"Salud","comment_count":"0","amp_enabled":true,"_links":{"self":[{"href":"https:\/\/experienciadevida.com.ar\/portalurbano\/wp-json\/wp\/v2\/posts\/114977"}],"collection":[{"href":"https:\/\/experienciadevida.com.ar\/portalurbano\/wp-json\/wp\/v2\/posts"}],"about":[{"href":"https:\/\/experienciadevida.com.ar\/portalurbano\/wp-json\/wp\/v2\/types\/post"}],"author":[{"embeddable":true,"href":"https:\/\/experienciadevida.com.ar\/portalurbano\/wp-json\/wp\/v2\/users\/1"}],"replies":[{"embeddable":true,"href":"https:\/\/experienciadevida.com.ar\/portalurbano\/wp-json\/wp\/v2\/comments?post=114977"}],"version-history":[{"count":6,"href":"https:\/\/experienciadevida.com.ar\/portalurbano\/wp-json\/wp\/v2\/posts\/114977\/revisions"}],"predecessor-version":[{"id":114984,"href":"https:\/\/experienciadevida.com.ar\/portalurbano\/wp-json\/wp\/v2\/posts\/114977\/revisions\/114984"}],"wp:featuredmedia":[{"embeddable":true,"href":"https:\/\/experienciadevida.com.ar\/portalurbano\/wp-json\/wp\/v2\/media\/112201"}],"wp:attachment":[{"href":"https:\/\/experienciadevida.com.ar\/portalurbano\/wp-json\/wp\/v2\/media?parent=114977"}],"wp:term":[{"taxonomy":"category","embeddable":true,"href":"https:\/\/experienciadevida.com.ar\/portalurbano\/wp-json\/wp\/v2\/categories?post=114977"},{"taxonomy":"post_tag","embeddable":true,"href":"https:\/\/experienciadevida.com.ar\/portalurbano\/wp-json\/wp\/v2\/tags?post=114977"}],"curies":[{"name":"wp","href":"https:\/\/api.w.org\/{rel}","templated":true}]}}