{"id":114951,"date":"2020-07-15T10:39:25","date_gmt":"2020-07-15T13:39:25","guid":{"rendered":"https:\/\/experienciadevida.com.ar\/portalurbano\/?p=114951"},"modified":"2020-07-15T10:39:45","modified_gmt":"2020-07-15T13:39:45","slug":"informan-19-fallecimientos-y-suman-1-987-las-victimas-por-coronavirus-en-el-pais","status":"publish","type":"post","link":"https:\/\/experienciadevida.com.ar\/portalurbano\/informan-19-fallecimientos-y-suman-1-987-las-victimas-por-coronavirus-en-el-pais\/","title":{"rendered":"Informan 19 fallecimientos y suman 1.987 las v\u00edctimas por coronavirus en el pa\u00eds"},"content":{"rendered":"<p>La tasa de letalidad del virus es de 1,8%, seg\u00fan los datos actualizados en el reporte matutinos del Ministerio de Salud.<\/p>\n<hr \/>\n<p>El Ministerio de Salud inform\u00f3 en la ma\u00f1ana de este mi\u00e9rcoles 19 fallecimientos por coronavirus en el pa\u00eds, lo que elev\u00f3 a 1.987 la cifra de muertos desde marzo, cuando se declar\u00f3 la pandemia, con una tasa de mortalidad de 43,4 personas cada mill\u00f3n de habitantes y un \u00edndice de letalidad de 1,8% sobre los casos confirmados.<\/p>\n<p>En el reporte oficial se indic\u00f3, adem\u00e1s, que fueron 3.645 los contagios de Covid-19 que se registraron el martes en la Argentina y 106.910 el total de infectados, con una tasa de incidencia de 235 casos cada 100.000 habitantes.<\/p>\n<p>De las 19 muertes, siete fueron hombres de 70, 66, 76, 87, 83, 67, y 57 a\u00f1os, residentes en la provincia de Buenos Aires, tres de 69, 65 y 71 a\u00f1os, de la Ciudad de Buenos Aires y dos, de 70 y 81 a\u00f1os, de R\u00edo Negro. Mientras que los siete decesos restantes fueron mujeres, cuatro de 77, 81, 56 y 76 a\u00f1os, de provincia de Buenos Aires, una de 77 a\u00f1os de R\u00edo Negro, una de 82 a\u00f1os de CABA, y una de 63 a\u00f1os, de Neuqu\u00e9n.<\/p>\n<p>Actualmente son 722 los pacientes con diagn\u00f3stico confirmado de coronavirus que est\u00e1n internados en unidades de terapia intensiva, y el 90% de ellos en el \u00c1rea Metropolitana de Buenos Aires.<\/p>\n<p>El nivel de ocupaci\u00f3n de las denominadas camas cr\u00edticas es del 52,9% en todo el pa\u00eds, mientras que en la regi\u00f3n metropolitana de Buenos Aires ese n\u00famero aumenta a 61,3%. (DIB) FD<\/p>\n<p>Adem\u00e1s, hasta el momento son 47.298 personas las que se contagiaron el virus pero se recuperaron y fueron dados de alta.<\/p>\n<p>Fuente: DIB<\/p>\n","protected":false},"excerpt":{"rendered":"<p>La tasa de letalidad del virus es de 1,8%, seg\u00fan los datos actualizados en el&#8230;<\/p>\n","protected":false},"author":1,"featured_media":112592,"comment_status":"closed","ping_status":"closed","sticky":false,"template":"","format":"standard","meta":{"content-type":""},"categories":[71,39],"tags":[],"nelio_content":{"isAutoShareEnabled":false,"autoShareEndMode":"default","automationSources":{"useContentSentences":true,"useSocialTemplates":true,"useCustomSentences":false,"customSentences":[]},"followers":[1],"suggestedReferences":[],"includedReferences":[],"efiUrl":"","efiAlt":"","highlights":[]},"yoast_head":"<!-- This site is optimized with the Yoast SEO plugin v20.7 - https:\/\/yoast.com\/wordpress\/plugins\/seo\/ -->\n<title>Informan 19 fallecimientos y suman 1.987 las v\u00edctimas por coronavirus en el pa\u00eds -<\/title>\n<meta name=\"robots\" content=\"index, follow, max-snippet:-1, max-image-preview:large, max-video-preview:-1\" \/>\n<link rel=\"canonical\" href=\"https:\/\/experienciadevida.com.ar\/portalurbano\/informan-19-fallecimientos-y-suman-1-987-las-victimas-por-coronavirus-en-el-pais\/\" \/>\n<meta property=\"og:locale\" content=\"es_ES\" \/>\n<meta property=\"og:type\" content=\"article\" \/>\n<meta property=\"og:title\" content=\"Informan 19 fallecimientos y suman 1.987 las v\u00edctimas por coronavirus en el pa\u00eds -\" \/>\n<meta property=\"og:description\" content=\"La tasa de letalidad del virus es de 1,8%, seg\u00fan los datos actualizados en el...\" \/>\n<meta property=\"og:url\" content=\"https:\/\/experienciadevida.com.ar\/portalurbano\/informan-19-fallecimientos-y-suman-1-987-las-victimas-por-coronavirus-en-el-pais\/\" \/>\n<meta property=\"article:publisher\" content=\"https:\/\/www.facebook.com\/Portal-Urbano-171542830093757\/\" \/>\n<meta property=\"article:published_time\" content=\"2020-07-15T13:39:25+00:00\" \/>\n<meta property=\"article:modified_time\" content=\"2020-07-15T13:39:45+00:00\" \/>\n<meta property=\"og:image\" content=\"https:\/\/experienciadevida.com.ar\/portalurbano\/wp-content\/uploads\/2020\/06\/20200618195957_coronavirus-e1597537658159.jpg\" \/>\n\t<meta property=\"og:image:width\" content=\"750\" \/>\n\t<meta property=\"og:image:height\" content=\"469\" \/>\n\t<meta property=\"og:image:type\" content=\"image\/jpeg\" \/>\n<meta name=\"author\" content=\"admpu17wp\" \/>\n<meta name=\"twitter:card\" content=\"summary_large_image\" \/>\n<meta name=\"twitter:creator\" content=\"@portalurbanook\" \/>\n<meta name=\"twitter:site\" content=\"@portalurbanook\" \/>\n<meta name=\"twitter:label1\" content=\"Escrito por\" \/>\n\t<meta name=\"twitter:data1\" content=\"admpu17wp\" \/>\n\t<meta name=\"twitter:label2\" content=\"Tiempo de lectura\" \/>\n\t<meta name=\"twitter:data2\" content=\"1 minuto\" \/>\n<script type=\"application\/ld+json\" class=\"yoast-schema-graph\">{\"@context\":\"https:\/\/schema.org\",\"@graph\":[{\"@type\":\"Article\",\"@id\":\"https:\/\/experienciadevida.com.ar\/portalurbano\/informan-19-fallecimientos-y-suman-1-987-las-victimas-por-coronavirus-en-el-pais\/#article\",\"isPartOf\":{\"@id\":\"https:\/\/experienciadevida.com.ar\/portalurbano\/informan-19-fallecimientos-y-suman-1-987-las-victimas-por-coronavirus-en-el-pais\/\"},\"author\":{\"name\":\"admpu17wp\",\"@id\":\"https:\/\/experienciadevida.com.ar\/portalurbano\/#\/schema\/person\/02dd326b1c4b056e9cc972486934a3a7\"},\"headline\":\"Informan 19 fallecimientos y suman 1.987 las v\u00edctimas por coronavirus en el pa\u00eds\",\"datePublished\":\"2020-07-15T13:39:25+00:00\",\"dateModified\":\"2020-07-15T13:39:45+00:00\",\"mainEntityOfPage\":{\"@id\":\"https:\/\/experienciadevida.com.ar\/portalurbano\/informan-19-fallecimientos-y-suman-1-987-las-victimas-por-coronavirus-en-el-pais\/\"},\"wordCount\":293,\"publisher\":{\"@id\":\"https:\/\/experienciadevida.com.ar\/portalurbano\/#organization\"},\"articleSection\":[\"Coronavirus\",\"Naci\u00f3n\"],\"inLanguage\":\"es\"},{\"@type\":\"WebPage\",\"@id\":\"https:\/\/experienciadevida.com.ar\/portalurbano\/informan-19-fallecimientos-y-suman-1-987-las-victimas-por-coronavirus-en-el-pais\/\",\"url\":\"https:\/\/experienciadevida.com.ar\/portalurbano\/informan-19-fallecimientos-y-suman-1-987-las-victimas-por-coronavirus-en-el-pais\/\",\"name\":\"Informan 19 fallecimientos y suman 1.987 las v\u00edctimas por coronavirus en el pa\u00eds -\",\"isPartOf\":{\"@id\":\"https:\/\/experienciadevida.com.ar\/portalurbano\/#website\"},\"datePublished\":\"2020-07-15T13:39:25+00:00\",\"dateModified\":\"2020-07-15T13:39:45+00:00\",\"breadcrumb\":{\"@id\":\"https:\/\/experienciadevida.com.ar\/portalurbano\/informan-19-fallecimientos-y-suman-1-987-las-victimas-por-coronavirus-en-el-pais\/#breadcrumb\"},\"inLanguage\":\"es\",\"potentialAction\":[{\"@type\":\"ReadAction\",\"target\":[\"https:\/\/experienciadevida.com.ar\/portalurbano\/informan-19-fallecimientos-y-suman-1-987-las-victimas-por-coronavirus-en-el-pais\/\"]}]},{\"@type\":\"BreadcrumbList\",\"@id\":\"https:\/\/experienciadevida.com.ar\/portalurbano\/informan-19-fallecimientos-y-suman-1-987-las-victimas-por-coronavirus-en-el-pais\/#breadcrumb\",\"itemListElement\":[{\"@type\":\"ListItem\",\"position\":1,\"name\":\"Portada\",\"item\":\"https:\/\/experienciadevida.com.ar\/portalurbano\/\"},{\"@type\":\"ListItem\",\"position\":2,\"name\":\"Informan 19 fallecimientos y suman 1.987 las v\u00edctimas por coronavirus en el pa\u00eds\"}]},{\"@type\":\"WebSite\",\"@id\":\"https:\/\/experienciadevida.com.ar\/portalurbano\/#website\",\"url\":\"https:\/\/experienciadevida.com.ar\/portalurbano\/\",\"name\":\"\",\"description\":\"\",\"publisher\":{\"@id\":\"https:\/\/experienciadevida.com.ar\/portalurbano\/#organization\"},\"potentialAction\":[{\"@type\":\"SearchAction\",\"target\":{\"@type\":\"EntryPoint\",\"urlTemplate\":\"https:\/\/experienciadevida.com.ar\/portalurbano\/?s={search_term_string}\"},\"query-input\":\"required name=search_term_string\"}],\"inLanguage\":\"es\"},{\"@type\":\"Organization\",\"@id\":\"https:\/\/experienciadevida.com.ar\/portalurbano\/#organization\",\"name\":\"Portal Urbano\",\"url\":\"https:\/\/experienciadevida.com.ar\/portalurbano\/\",\"logo\":{\"@type\":\"ImageObject\",\"inLanguage\":\"es\",\"@id\":\"https:\/\/experienciadevida.com.ar\/portalurbano\/#\/schema\/logo\/image\/\",\"url\":\"https:\/\/experienciadevida.com.ar\/portalurbano\/wp-content\/uploads\/2019\/09\/Logo-Original.png\",\"contentUrl\":\"https:\/\/experienciadevida.com.ar\/portalurbano\/wp-content\/uploads\/2019\/09\/Logo-Original.png\",\"width\":2236,\"height\":1216,\"caption\":\"Portal Urbano\"},\"image\":{\"@id\":\"https:\/\/experienciadevida.com.ar\/portalurbano\/#\/schema\/logo\/image\/\"},\"sameAs\":[\"https:\/\/www.facebook.com\/Portal-Urbano-171542830093757\/\",\"https:\/\/twitter.com\/portalurbanook\",\"https:\/\/www.instagram.com\/_portalurbano\/\",\"https:\/\/www.youtube.com\/channel\/UCXhagIfszH8KxFiOok79zbA?view_as=subscriber\"]},{\"@type\":\"Person\",\"@id\":\"https:\/\/experienciadevida.com.ar\/portalurbano\/#\/schema\/person\/02dd326b1c4b056e9cc972486934a3a7\",\"name\":\"admpu17wp\",\"image\":{\"@type\":\"ImageObject\",\"inLanguage\":\"es\",\"@id\":\"https:\/\/experienciadevida.com.ar\/portalurbano\/#\/schema\/person\/image\/\",\"url\":\"https:\/\/secure.gravatar.com\/avatar\/830d4c57adaae6630765e449a6908047?s=96&d=mm&r=g\",\"contentUrl\":\"https:\/\/secure.gravatar.com\/avatar\/830d4c57adaae6630765e449a6908047?s=96&d=mm&r=g\",\"caption\":\"admpu17wp\"}}]}<\/script>\n<!-- \/ Yoast SEO plugin. -->","yoast_head_json":{"title":"Informan 19 fallecimientos y suman 1.987 las v\u00edctimas por coronavirus en el pa\u00eds -","robots":{"index":"index","follow":"follow","max-snippet":"max-snippet:-1","max-image-preview":"max-image-preview:large","max-video-preview":"max-video-preview:-1"},"canonical":"https:\/\/experienciadevida.com.ar\/portalurbano\/informan-19-fallecimientos-y-suman-1-987-las-victimas-por-coronavirus-en-el-pais\/","og_locale":"es_ES","og_type":"article","og_title":"Informan 19 fallecimientos y suman 1.987 las v\u00edctimas por coronavirus en el pa\u00eds -","og_description":"La tasa de letalidad del virus es de 1,8%, seg\u00fan los datos actualizados en el...","og_url":"https:\/\/experienciadevida.com.ar\/portalurbano\/informan-19-fallecimientos-y-suman-1-987-las-victimas-por-coronavirus-en-el-pais\/","article_publisher":"https:\/\/www.facebook.com\/Portal-Urbano-171542830093757\/","article_published_time":"2020-07-15T13:39:25+00:00","article_modified_time":"2020-07-15T13:39:45+00:00","og_image":[{"width":750,"height":469,"url":"https:\/\/experienciadevida.com.ar\/portalurbano\/wp-content\/uploads\/2020\/06\/20200618195957_coronavirus-e1597537658159.jpg","type":"image\/jpeg"}],"author":"admpu17wp","twitter_card":"summary_large_image","twitter_creator":"@portalurbanook","twitter_site":"@portalurbanook","twitter_misc":{"Escrito por":"admpu17wp","Tiempo de lectura":"1 minuto"},"schema":{"@context":"https:\/\/schema.org","@graph":[{"@type":"Article","@id":"https:\/\/experienciadevida.com.ar\/portalurbano\/informan-19-fallecimientos-y-suman-1-987-las-victimas-por-coronavirus-en-el-pais\/#article","isPartOf":{"@id":"https:\/\/experienciadevida.com.ar\/portalurbano\/informan-19-fallecimientos-y-suman-1-987-las-victimas-por-coronavirus-en-el-pais\/"},"author":{"name":"admpu17wp","@id":"https:\/\/experienciadevida.com.ar\/portalurbano\/#\/schema\/person\/02dd326b1c4b056e9cc972486934a3a7"},"headline":"Informan 19 fallecimientos y suman 1.987 las v\u00edctimas por coronavirus en el pa\u00eds","datePublished":"2020-07-15T13:39:25+00:00","dateModified":"2020-07-15T13:39:45+00:00","mainEntityOfPage":{"@id":"https:\/\/experienciadevida.com.ar\/portalurbano\/informan-19-fallecimientos-y-suman-1-987-las-victimas-por-coronavirus-en-el-pais\/"},"wordCount":293,"publisher":{"@id":"https:\/\/experienciadevida.com.ar\/portalurbano\/#organization"},"articleSection":["Coronavirus","Naci\u00f3n"],"inLanguage":"es"},{"@type":"WebPage","@id":"https:\/\/experienciadevida.com.ar\/portalurbano\/informan-19-fallecimientos-y-suman-1-987-las-victimas-por-coronavirus-en-el-pais\/","url":"https:\/\/experienciadevida.com.ar\/portalurbano\/informan-19-fallecimientos-y-suman-1-987-las-victimas-por-coronavirus-en-el-pais\/","name":"Informan 19 fallecimientos y suman 1.987 las v\u00edctimas por coronavirus en el pa\u00eds -","isPartOf":{"@id":"https:\/\/experienciadevida.com.ar\/portalurbano\/#website"},"datePublished":"2020-07-15T13:39:25+00:00","dateModified":"2020-07-15T13:39:45+00:00","breadcrumb":{"@id":"https:\/\/experienciadevida.com.ar\/portalurbano\/informan-19-fallecimientos-y-suman-1-987-las-victimas-por-coronavirus-en-el-pais\/#breadcrumb"},"inLanguage":"es","potentialAction":[{"@type":"ReadAction","target":["https:\/\/experienciadevida.com.ar\/portalurbano\/informan-19-fallecimientos-y-suman-1-987-las-victimas-por-coronavirus-en-el-pais\/"]}]},{"@type":"BreadcrumbList","@id":"https:\/\/experienciadevida.com.ar\/portalurbano\/informan-19-fallecimientos-y-suman-1-987-las-victimas-por-coronavirus-en-el-pais\/#breadcrumb","itemListElement":[{"@type":"ListItem","position":1,"name":"Portada","item":"https:\/\/experienciadevida.com.ar\/portalurbano\/"},{"@type":"ListItem","position":2,"name":"Informan 19 fallecimientos y suman 1.987 las v\u00edctimas por coronavirus en el pa\u00eds"}]},{"@type":"WebSite","@id":"https:\/\/experienciadevida.com.ar\/portalurbano\/#website","url":"https:\/\/experienciadevida.com.ar\/portalurbano\/","name":"","description":"","publisher":{"@id":"https:\/\/experienciadevida.com.ar\/portalurbano\/#organization"},"potentialAction":[{"@type":"SearchAction","target":{"@type":"EntryPoint","urlTemplate":"https:\/\/experienciadevida.com.ar\/portalurbano\/?s={search_term_string}"},"query-input":"required name=search_term_string"}],"inLanguage":"es"},{"@type":"Organization","@id":"https:\/\/experienciadevida.com.ar\/portalurbano\/#organization","name":"Portal Urbano","url":"https:\/\/experienciadevida.com.ar\/portalurbano\/","logo":{"@type":"ImageObject","inLanguage":"es","@id":"https:\/\/experienciadevida.com.ar\/portalurbano\/#\/schema\/logo\/image\/","url":"https:\/\/experienciadevida.com.ar\/portalurbano\/wp-content\/uploads\/2019\/09\/Logo-Original.png","contentUrl":"https:\/\/experienciadevida.com.ar\/portalurbano\/wp-content\/uploads\/2019\/09\/Logo-Original.png","width":2236,"height":1216,"caption":"Portal Urbano"},"image":{"@id":"https:\/\/experienciadevida.com.ar\/portalurbano\/#\/schema\/logo\/image\/"},"sameAs":["https:\/\/www.facebook.com\/Portal-Urbano-171542830093757\/","https:\/\/twitter.com\/portalurbanook","https:\/\/www.instagram.com\/_portalurbano\/","https:\/\/www.youtube.com\/channel\/UCXhagIfszH8KxFiOok79zbA?view_as=subscriber"]},{"@type":"Person","@id":"https:\/\/experienciadevida.com.ar\/portalurbano\/#\/schema\/person\/02dd326b1c4b056e9cc972486934a3a7","name":"admpu17wp","image":{"@type":"ImageObject","inLanguage":"es","@id":"https:\/\/experienciadevida.com.ar\/portalurbano\/#\/schema\/person\/image\/","url":"https:\/\/secure.gravatar.com\/avatar\/830d4c57adaae6630765e449a6908047?s=96&d=mm&r=g","contentUrl":"https:\/\/secure.gravatar.com\/avatar\/830d4c57adaae6630765e449a6908047?s=96&d=mm&r=g","caption":"admpu17wp"}}]}},"featured_image_urls":{"full":["https:\/\/experienciadevida.com.ar\/portalurbano\/wp-content\/uploads\/2020\/06\/20200618195957_coronavirus-e1597537658159.jpg",750,469,false],"thumbnail":["https:\/\/experienciadevida.com.ar\/portalurbano\/wp-content\/uploads\/2020\/06\/20200618195957_coronavirus-150x150.jpg",150,150,true],"medium":["https:\/\/experienciadevida.com.ar\/portalurbano\/wp-content\/uploads\/2020\/06\/20200618195957_coronavirus-300x187.jpg",300,187,true],"medium_large":["https:\/\/experienciadevida.com.ar\/portalurbano\/wp-content\/uploads\/2020\/06\/20200618195957_coronavirus-768x480.jpg",640,400,true],"large":["https:\/\/experienciadevida.com.ar\/portalurbano\/wp-content\/uploads\/2020\/06\/20200618195957_coronavirus-e1597537658159.jpg",640,400,false],"ug_big":["https:\/\/experienciadevida.com.ar\/portalurbano\/wp-content\/uploads\/2020\/06\/20200618195957_coronavirus-768x480.jpg",768,480,true],"1536x1536":["https:\/\/experienciadevida.com.ar\/portalurbano\/wp-content\/uploads\/2020\/06\/20200618195957_coronavirus-e1597537658159.jpg",750,469,false],"2048x2048":["https:\/\/experienciadevida.com.ar\/portalurbano\/wp-content\/uploads\/2020\/06\/20200618195957_coronavirus-e1597537658159.jpg",750,469,false],"newsever-slider-full":["https:\/\/experienciadevida.com.ar\/portalurbano\/wp-content\/uploads\/2020\/06\/20200618195957_coronavirus-e1597537658159.jpg",750,469,false],"newsever-featured":["https:\/\/experienciadevida.com.ar\/portalurbano\/wp-content\/uploads\/2020\/06\/20200618195957_coronavirus-e1597537658159.jpg",750,469,false],"newsever-medium":["https:\/\/experienciadevida.com.ar\/portalurbano\/wp-content\/uploads\/2020\/06\/20200618195957_coronavirus-e1597537658159.jpg",720,450,false],"web-stories-poster-portrait":["https:\/\/experienciadevida.com.ar\/portalurbano\/wp-content\/uploads\/2020\/06\/20200618195957_coronavirus-e1597537658159.jpg",640,400,false],"web-stories-publisher-logo":["https:\/\/experienciadevida.com.ar\/portalurbano\/wp-content\/uploads\/2020\/06\/20200618195957_coronavirus-e1597537658159.jpg",96,60,false],"web-stories-thumbnail":["https:\/\/experienciadevida.com.ar\/portalurbano\/wp-content\/uploads\/2020\/06\/20200618195957_coronavirus-e1597537658159.jpg",150,94,false]},"author_info":{"display_name":"admpu17wp","author_link":"https:\/\/experienciadevida.com.ar\/portalurbano\/author\/admpu17wp\/"},"category_info":"<a href=\"https:\/\/experienciadevida.com.ar\/portalurbano\/category\/nacion\/coronavirus\/\" rel=\"category tag\">Coronavirus<\/a> <a href=\"https:\/\/experienciadevida.com.ar\/portalurbano\/category\/nacion\/\" rel=\"category tag\">Naci\u00f3n<\/a>","tag_info":"Naci\u00f3n","comment_count":"0","amp_enabled":true,"_links":{"self":[{"href":"https:\/\/experienciadevida.com.ar\/portalurbano\/wp-json\/wp\/v2\/posts\/114951"}],"collection":[{"href":"https:\/\/experienciadevida.com.ar\/portalurbano\/wp-json\/wp\/v2\/posts"}],"about":[{"href":"https:\/\/experienciadevida.com.ar\/portalurbano\/wp-json\/wp\/v2\/types\/post"}],"author":[{"embeddable":true,"href":"https:\/\/experienciadevida.com.ar\/portalurbano\/wp-json\/wp\/v2\/users\/1"}],"replies":[{"embeddable":true,"href":"https:\/\/experienciadevida.com.ar\/portalurbano\/wp-json\/wp\/v2\/comments?post=114951"}],"version-history":[{"count":1,"href":"https:\/\/experienciadevida.com.ar\/portalurbano\/wp-json\/wp\/v2\/posts\/114951\/revisions"}],"predecessor-version":[{"id":114952,"href":"https:\/\/experienciadevida.com.ar\/portalurbano\/wp-json\/wp\/v2\/posts\/114951\/revisions\/114952"}],"wp:featuredmedia":[{"embeddable":true,"href":"https:\/\/experienciadevida.com.ar\/portalurbano\/wp-json\/wp\/v2\/media\/112592"}],"wp:attachment":[{"href":"https:\/\/experienciadevida.com.ar\/portalurbano\/wp-json\/wp\/v2\/media?parent=114951"}],"wp:term":[{"taxonomy":"category","embeddable":true,"href":"https:\/\/experienciadevida.com.ar\/portalurbano\/wp-json\/wp\/v2\/categories?post=114951"},{"taxonomy":"post_tag","embeddable":true,"href":"https:\/\/experienciadevida.com.ar\/portalurbano\/wp-json\/wp\/v2\/tags?post=114951"}],"curies":[{"name":"wp","href":"https:\/\/api.w.org\/{rel}","templated":true}]}}