{"id":114945,"date":"2020-07-15T10:28:21","date_gmt":"2020-07-15T13:28:21","guid":{"rendered":"https:\/\/experienciadevida.com.ar\/portalurbano\/?p=114945"},"modified":"2020-07-15T10:28:44","modified_gmt":"2020-07-15T13:28:44","slug":"arba-extendio-hasta-septiembre-la-posibilidad-de-pagar-la-cuota-3-de-patentes","status":"publish","type":"post","link":"https:\/\/experienciadevida.com.ar\/portalurbano\/arba-extendio-hasta-septiembre-la-posibilidad-de-pagar-la-cuota-3-de-patentes\/","title":{"rendered":"ARBA extendi\u00f3 hasta septiembre la posibilidad de pagar la cuota 3 de patentes"},"content":{"rendered":"<p>Los contribuyentes tendr\u00e1n tiempo hasta el 15 de septiembre para abonar con descuento.<\/p>\n<p>La Agencia de Recaudaci\u00f3n de la provincia de Buenos Aires (ARBA) ampli\u00f3 por 60 d\u00edas el plazo para abonar con descuento la cuota 3 del Impuesto a los Automotores, que venc\u00eda hoy.<\/p>\n<p>De esa forma, los contribuyentes bonaerenses tendr\u00e1n tiempo hasta el 15 de septiembre para efectuar el tercer pago de la patente, manteniendo la posibilidad de acceder a las bonificaciones que pueden llegar al 20% por cumplir en t\u00e9rmino.<\/p>\n<p>Cristian Girard, explic\u00f3 que \u201choy operaba el vencimiento de la cuota 3 de la patente y lo vamos a extender en 60 d\u00edas\u201d, por lo que los contribuyentes \u201ctendr\u00e1n tiempo de abonar hasta el 15 de septiembre sin perder los beneficios el pago en t\u00e9rmino\u201d.<\/p>\n<p>El funcionario dijo que \u201ces lo que se viene haciendo desde abril con los vencimientos que operan en el marco de la pandemia\u201d.<\/p>\n<p>En cuanto a la cuota 2 del Inmobiliario Urbano, cuyo vencimiento operar\u00eda el pr\u00f3ximo 31 de julio, el plazo se ampli\u00f3 45 d\u00edas y tambi\u00e9n se podr\u00e1 abonar con descuento hasta el 15 de septiembre, tanto en la planta edificada como bald\u00eda.<\/p>\n<p>Ante las dificultades generadas por la pandemia, ARBA ya extendi\u00f3 diversos plazos vinculados con vencimientos impositivos, abarcando cuotas de Automotores, Inmobiliario Urbano, planes de pago y tambi\u00e9n la suspensi\u00f3n de embargos. En esa l\u00ednea, Girard anunci\u00f3 la semana pasada un programa de asistencia tributaria para los sectores que se encuentran m\u00e1s afectados por el impacto econ\u00f3mico de la pandemia.<\/p>\n<p>Las iniciativas incluyen bonificaciones de hasta 50% en Ingresos Brutos; reducci\u00f3n de al\u00edcuotas en reg\u00edmenes de retenci\u00f3n y percepci\u00f3n; mayor celeridad en la devoluci\u00f3n y compensaci\u00f3n de saldos a favor en Ingresos Brutos; y planes de pago con facilidades para regularizar deudas vencidas al 31 de mayo pasado, orientados a empresas, pymes, comercios y dem\u00e1s contribuyentes.<\/p>\n<p>Fuente: DIB<\/p>\n","protected":false},"excerpt":{"rendered":"<p>Los contribuyentes tendr\u00e1n tiempo hasta el 15 de septiembre para abonar con descuento. La Agencia&#8230;<\/p>\n","protected":false},"author":1,"featured_media":0,"comment_status":"closed","ping_status":"closed","sticky":false,"template":"","format":"standard","meta":{"content-type":""},"categories":[39],"tags":[],"nelio_content":{"isAutoShareEnabled":false,"autoShareEndMode":"default","automationSources":{"useContentSentences":true,"useSocialTemplates":true,"useCustomSentences":false,"customSentences":[]},"followers":[1],"suggestedReferences":[],"includedReferences":[],"efiUrl":"","efiAlt":"","highlights":[]},"yoast_head":"<!-- This site is optimized with the Yoast SEO plugin v20.7 - https:\/\/yoast.com\/wordpress\/plugins\/seo\/ -->\n<title>ARBA extendi\u00f3 hasta septiembre la posibilidad de pagar la cuota 3 de patentes -<\/title>\n<meta name=\"robots\" content=\"index, follow, max-snippet:-1, max-image-preview:large, max-video-preview:-1\" \/>\n<link rel=\"canonical\" href=\"https:\/\/experienciadevida.com.ar\/portalurbano\/arba-extendio-hasta-septiembre-la-posibilidad-de-pagar-la-cuota-3-de-patentes\/\" \/>\n<meta property=\"og:locale\" content=\"es_ES\" \/>\n<meta property=\"og:type\" content=\"article\" \/>\n<meta property=\"og:title\" content=\"ARBA extendi\u00f3 hasta septiembre la posibilidad de pagar la cuota 3 de patentes -\" \/>\n<meta property=\"og:description\" content=\"Los contribuyentes tendr\u00e1n tiempo hasta el 15 de septiembre para abonar con descuento. La Agencia...\" \/>\n<meta property=\"og:url\" content=\"https:\/\/experienciadevida.com.ar\/portalurbano\/arba-extendio-hasta-septiembre-la-posibilidad-de-pagar-la-cuota-3-de-patentes\/\" \/>\n<meta property=\"article:publisher\" content=\"https:\/\/www.facebook.com\/Portal-Urbano-171542830093757\/\" \/>\n<meta property=\"article:published_time\" content=\"2020-07-15T13:28:21+00:00\" \/>\n<meta property=\"article:modified_time\" content=\"2020-07-15T13:28:44+00:00\" \/>\n<meta property=\"og:image\" content=\"https:\/\/experienciadevida.com.ar\/portalurbano\/wp-content\/uploads\/2018\/06\/thumb_arba2-e1529664354738.jpg\" \/>\n\t<meta property=\"og:image:width\" content=\"670\" \/>\n\t<meta property=\"og:image:height\" content=\"367\" \/>\n\t<meta property=\"og:image:type\" content=\"image\/jpeg\" \/>\n<meta name=\"author\" content=\"admpu17wp\" \/>\n<meta name=\"twitter:card\" content=\"summary_large_image\" \/>\n<meta name=\"twitter:creator\" content=\"@portalurbanook\" \/>\n<meta name=\"twitter:site\" content=\"@portalurbanook\" \/>\n<meta name=\"twitter:label1\" content=\"Escrito por\" \/>\n\t<meta name=\"twitter:data1\" content=\"admpu17wp\" \/>\n\t<meta name=\"twitter:label2\" content=\"Tiempo de lectura\" \/>\n\t<meta name=\"twitter:data2\" content=\"2 minutos\" \/>\n<script type=\"application\/ld+json\" class=\"yoast-schema-graph\">{\"@context\":\"https:\/\/schema.org\",\"@graph\":[{\"@type\":\"Article\",\"@id\":\"https:\/\/experienciadevida.com.ar\/portalurbano\/arba-extendio-hasta-septiembre-la-posibilidad-de-pagar-la-cuota-3-de-patentes\/#article\",\"isPartOf\":{\"@id\":\"https:\/\/experienciadevida.com.ar\/portalurbano\/arba-extendio-hasta-septiembre-la-posibilidad-de-pagar-la-cuota-3-de-patentes\/\"},\"author\":{\"name\":\"admpu17wp\",\"@id\":\"https:\/\/experienciadevida.com.ar\/portalurbano\/#\/schema\/person\/02dd326b1c4b056e9cc972486934a3a7\"},\"headline\":\"ARBA extendi\u00f3 hasta septiembre la posibilidad de pagar la cuota 3 de patentes\",\"datePublished\":\"2020-07-15T13:28:21+00:00\",\"dateModified\":\"2020-07-15T13:28:44+00:00\",\"mainEntityOfPage\":{\"@id\":\"https:\/\/experienciadevida.com.ar\/portalurbano\/arba-extendio-hasta-septiembre-la-posibilidad-de-pagar-la-cuota-3-de-patentes\/\"},\"wordCount\":335,\"publisher\":{\"@id\":\"https:\/\/experienciadevida.com.ar\/portalurbano\/#organization\"},\"articleSection\":[\"Naci\u00f3n\"],\"inLanguage\":\"es\"},{\"@type\":\"WebPage\",\"@id\":\"https:\/\/experienciadevida.com.ar\/portalurbano\/arba-extendio-hasta-septiembre-la-posibilidad-de-pagar-la-cuota-3-de-patentes\/\",\"url\":\"https:\/\/experienciadevida.com.ar\/portalurbano\/arba-extendio-hasta-septiembre-la-posibilidad-de-pagar-la-cuota-3-de-patentes\/\",\"name\":\"ARBA extendi\u00f3 hasta septiembre la posibilidad de pagar la cuota 3 de patentes -\",\"isPartOf\":{\"@id\":\"https:\/\/experienciadevida.com.ar\/portalurbano\/#website\"},\"datePublished\":\"2020-07-15T13:28:21+00:00\",\"dateModified\":\"2020-07-15T13:28:44+00:00\",\"breadcrumb\":{\"@id\":\"https:\/\/experienciadevida.com.ar\/portalurbano\/arba-extendio-hasta-septiembre-la-posibilidad-de-pagar-la-cuota-3-de-patentes\/#breadcrumb\"},\"inLanguage\":\"es\",\"potentialAction\":[{\"@type\":\"ReadAction\",\"target\":[\"https:\/\/experienciadevida.com.ar\/portalurbano\/arba-extendio-hasta-septiembre-la-posibilidad-de-pagar-la-cuota-3-de-patentes\/\"]}]},{\"@type\":\"BreadcrumbList\",\"@id\":\"https:\/\/experienciadevida.com.ar\/portalurbano\/arba-extendio-hasta-septiembre-la-posibilidad-de-pagar-la-cuota-3-de-patentes\/#breadcrumb\",\"itemListElement\":[{\"@type\":\"ListItem\",\"position\":1,\"name\":\"Portada\",\"item\":\"https:\/\/experienciadevida.com.ar\/portalurbano\/\"},{\"@type\":\"ListItem\",\"position\":2,\"name\":\"ARBA extendi\u00f3 hasta septiembre la posibilidad de pagar la cuota 3 de patentes\"}]},{\"@type\":\"WebSite\",\"@id\":\"https:\/\/experienciadevida.com.ar\/portalurbano\/#website\",\"url\":\"https:\/\/experienciadevida.com.ar\/portalurbano\/\",\"name\":\"\",\"description\":\"\",\"publisher\":{\"@id\":\"https:\/\/experienciadevida.com.ar\/portalurbano\/#organization\"},\"potentialAction\":[{\"@type\":\"SearchAction\",\"target\":{\"@type\":\"EntryPoint\",\"urlTemplate\":\"https:\/\/experienciadevida.com.ar\/portalurbano\/?s={search_term_string}\"},\"query-input\":\"required name=search_term_string\"}],\"inLanguage\":\"es\"},{\"@type\":\"Organization\",\"@id\":\"https:\/\/experienciadevida.com.ar\/portalurbano\/#organization\",\"name\":\"Portal Urbano\",\"url\":\"https:\/\/experienciadevida.com.ar\/portalurbano\/\",\"logo\":{\"@type\":\"ImageObject\",\"inLanguage\":\"es\",\"@id\":\"https:\/\/experienciadevida.com.ar\/portalurbano\/#\/schema\/logo\/image\/\",\"url\":\"https:\/\/experienciadevida.com.ar\/portalurbano\/wp-content\/uploads\/2019\/09\/Logo-Original.png\",\"contentUrl\":\"https:\/\/experienciadevida.com.ar\/portalurbano\/wp-content\/uploads\/2019\/09\/Logo-Original.png\",\"width\":2236,\"height\":1216,\"caption\":\"Portal Urbano\"},\"image\":{\"@id\":\"https:\/\/experienciadevida.com.ar\/portalurbano\/#\/schema\/logo\/image\/\"},\"sameAs\":[\"https:\/\/www.facebook.com\/Portal-Urbano-171542830093757\/\",\"https:\/\/twitter.com\/portalurbanook\",\"https:\/\/www.instagram.com\/_portalurbano\/\",\"https:\/\/www.youtube.com\/channel\/UCXhagIfszH8KxFiOok79zbA?view_as=subscriber\"]},{\"@type\":\"Person\",\"@id\":\"https:\/\/experienciadevida.com.ar\/portalurbano\/#\/schema\/person\/02dd326b1c4b056e9cc972486934a3a7\",\"name\":\"admpu17wp\",\"image\":{\"@type\":\"ImageObject\",\"inLanguage\":\"es\",\"@id\":\"https:\/\/experienciadevida.com.ar\/portalurbano\/#\/schema\/person\/image\/\",\"url\":\"https:\/\/secure.gravatar.com\/avatar\/830d4c57adaae6630765e449a6908047?s=96&d=mm&r=g\",\"contentUrl\":\"https:\/\/secure.gravatar.com\/avatar\/830d4c57adaae6630765e449a6908047?s=96&d=mm&r=g\",\"caption\":\"admpu17wp\"}}]}<\/script>\n<!-- \/ Yoast SEO plugin. -->","yoast_head_json":{"title":"ARBA extendi\u00f3 hasta septiembre la posibilidad de pagar la cuota 3 de patentes -","robots":{"index":"index","follow":"follow","max-snippet":"max-snippet:-1","max-image-preview":"max-image-preview:large","max-video-preview":"max-video-preview:-1"},"canonical":"https:\/\/experienciadevida.com.ar\/portalurbano\/arba-extendio-hasta-septiembre-la-posibilidad-de-pagar-la-cuota-3-de-patentes\/","og_locale":"es_ES","og_type":"article","og_title":"ARBA extendi\u00f3 hasta septiembre la posibilidad de pagar la cuota 3 de patentes -","og_description":"Los contribuyentes tendr\u00e1n tiempo hasta el 15 de septiembre para abonar con descuento. La Agencia...","og_url":"https:\/\/experienciadevida.com.ar\/portalurbano\/arba-extendio-hasta-septiembre-la-posibilidad-de-pagar-la-cuota-3-de-patentes\/","article_publisher":"https:\/\/www.facebook.com\/Portal-Urbano-171542830093757\/","article_published_time":"2020-07-15T13:28:21+00:00","article_modified_time":"2020-07-15T13:28:44+00:00","og_image":[{"width":670,"height":367,"url":"https:\/\/experienciadevida.com.ar\/portalurbano\/wp-content\/uploads\/2018\/06\/thumb_arba2-e1529664354738.jpg","type":"image\/jpeg"}],"author":"admpu17wp","twitter_card":"summary_large_image","twitter_creator":"@portalurbanook","twitter_site":"@portalurbanook","twitter_misc":{"Escrito por":"admpu17wp","Tiempo de lectura":"2 minutos"},"schema":{"@context":"https:\/\/schema.org","@graph":[{"@type":"Article","@id":"https:\/\/experienciadevida.com.ar\/portalurbano\/arba-extendio-hasta-septiembre-la-posibilidad-de-pagar-la-cuota-3-de-patentes\/#article","isPartOf":{"@id":"https:\/\/experienciadevida.com.ar\/portalurbano\/arba-extendio-hasta-septiembre-la-posibilidad-de-pagar-la-cuota-3-de-patentes\/"},"author":{"name":"admpu17wp","@id":"https:\/\/experienciadevida.com.ar\/portalurbano\/#\/schema\/person\/02dd326b1c4b056e9cc972486934a3a7"},"headline":"ARBA extendi\u00f3 hasta septiembre la posibilidad de pagar la cuota 3 de patentes","datePublished":"2020-07-15T13:28:21+00:00","dateModified":"2020-07-15T13:28:44+00:00","mainEntityOfPage":{"@id":"https:\/\/experienciadevida.com.ar\/portalurbano\/arba-extendio-hasta-septiembre-la-posibilidad-de-pagar-la-cuota-3-de-patentes\/"},"wordCount":335,"publisher":{"@id":"https:\/\/experienciadevida.com.ar\/portalurbano\/#organization"},"articleSection":["Naci\u00f3n"],"inLanguage":"es"},{"@type":"WebPage","@id":"https:\/\/experienciadevida.com.ar\/portalurbano\/arba-extendio-hasta-septiembre-la-posibilidad-de-pagar-la-cuota-3-de-patentes\/","url":"https:\/\/experienciadevida.com.ar\/portalurbano\/arba-extendio-hasta-septiembre-la-posibilidad-de-pagar-la-cuota-3-de-patentes\/","name":"ARBA extendi\u00f3 hasta septiembre la posibilidad de pagar la cuota 3 de patentes -","isPartOf":{"@id":"https:\/\/experienciadevida.com.ar\/portalurbano\/#website"},"datePublished":"2020-07-15T13:28:21+00:00","dateModified":"2020-07-15T13:28:44+00:00","breadcrumb":{"@id":"https:\/\/experienciadevida.com.ar\/portalurbano\/arba-extendio-hasta-septiembre-la-posibilidad-de-pagar-la-cuota-3-de-patentes\/#breadcrumb"},"inLanguage":"es","potentialAction":[{"@type":"ReadAction","target":["https:\/\/experienciadevida.com.ar\/portalurbano\/arba-extendio-hasta-septiembre-la-posibilidad-de-pagar-la-cuota-3-de-patentes\/"]}]},{"@type":"BreadcrumbList","@id":"https:\/\/experienciadevida.com.ar\/portalurbano\/arba-extendio-hasta-septiembre-la-posibilidad-de-pagar-la-cuota-3-de-patentes\/#breadcrumb","itemListElement":[{"@type":"ListItem","position":1,"name":"Portada","item":"https:\/\/experienciadevida.com.ar\/portalurbano\/"},{"@type":"ListItem","position":2,"name":"ARBA extendi\u00f3 hasta septiembre la posibilidad de pagar la cuota 3 de patentes"}]},{"@type":"WebSite","@id":"https:\/\/experienciadevida.com.ar\/portalurbano\/#website","url":"https:\/\/experienciadevida.com.ar\/portalurbano\/","name":"","description":"","publisher":{"@id":"https:\/\/experienciadevida.com.ar\/portalurbano\/#organization"},"potentialAction":[{"@type":"SearchAction","target":{"@type":"EntryPoint","urlTemplate":"https:\/\/experienciadevida.com.ar\/portalurbano\/?s={search_term_string}"},"query-input":"required name=search_term_string"}],"inLanguage":"es"},{"@type":"Organization","@id":"https:\/\/experienciadevida.com.ar\/portalurbano\/#organization","name":"Portal Urbano","url":"https:\/\/experienciadevida.com.ar\/portalurbano\/","logo":{"@type":"ImageObject","inLanguage":"es","@id":"https:\/\/experienciadevida.com.ar\/portalurbano\/#\/schema\/logo\/image\/","url":"https:\/\/experienciadevida.com.ar\/portalurbano\/wp-content\/uploads\/2019\/09\/Logo-Original.png","contentUrl":"https:\/\/experienciadevida.com.ar\/portalurbano\/wp-content\/uploads\/2019\/09\/Logo-Original.png","width":2236,"height":1216,"caption":"Portal Urbano"},"image":{"@id":"https:\/\/experienciadevida.com.ar\/portalurbano\/#\/schema\/logo\/image\/"},"sameAs":["https:\/\/www.facebook.com\/Portal-Urbano-171542830093757\/","https:\/\/twitter.com\/portalurbanook","https:\/\/www.instagram.com\/_portalurbano\/","https:\/\/www.youtube.com\/channel\/UCXhagIfszH8KxFiOok79zbA?view_as=subscriber"]},{"@type":"Person","@id":"https:\/\/experienciadevida.com.ar\/portalurbano\/#\/schema\/person\/02dd326b1c4b056e9cc972486934a3a7","name":"admpu17wp","image":{"@type":"ImageObject","inLanguage":"es","@id":"https:\/\/experienciadevida.com.ar\/portalurbano\/#\/schema\/person\/image\/","url":"https:\/\/secure.gravatar.com\/avatar\/830d4c57adaae6630765e449a6908047?s=96&d=mm&r=g","contentUrl":"https:\/\/secure.gravatar.com\/avatar\/830d4c57adaae6630765e449a6908047?s=96&d=mm&r=g","caption":"admpu17wp"}}]}},"featured_image_urls":{"full":"","thumbnail":"","medium":"","medium_large":"","large":"","ug_big":"","1536x1536":"","2048x2048":"","newsever-slider-full":"","newsever-featured":"","newsever-medium":"","web-stories-poster-portrait":"","web-stories-publisher-logo":"","web-stories-thumbnail":""},"author_info":{"display_name":"admpu17wp","author_link":"https:\/\/experienciadevida.com.ar\/portalurbano\/author\/admpu17wp\/"},"category_info":"<a href=\"https:\/\/experienciadevida.com.ar\/portalurbano\/category\/nacion\/\" rel=\"category tag\">Naci\u00f3n<\/a>","tag_info":"Naci\u00f3n","comment_count":"0","amp_enabled":true,"_links":{"self":[{"href":"https:\/\/experienciadevida.com.ar\/portalurbano\/wp-json\/wp\/v2\/posts\/114945"}],"collection":[{"href":"https:\/\/experienciadevida.com.ar\/portalurbano\/wp-json\/wp\/v2\/posts"}],"about":[{"href":"https:\/\/experienciadevida.com.ar\/portalurbano\/wp-json\/wp\/v2\/types\/post"}],"author":[{"embeddable":true,"href":"https:\/\/experienciadevida.com.ar\/portalurbano\/wp-json\/wp\/v2\/users\/1"}],"replies":[{"embeddable":true,"href":"https:\/\/experienciadevida.com.ar\/portalurbano\/wp-json\/wp\/v2\/comments?post=114945"}],"version-history":[{"count":1,"href":"https:\/\/experienciadevida.com.ar\/portalurbano\/wp-json\/wp\/v2\/posts\/114945\/revisions"}],"predecessor-version":[{"id":114946,"href":"https:\/\/experienciadevida.com.ar\/portalurbano\/wp-json\/wp\/v2\/posts\/114945\/revisions\/114946"}],"wp:attachment":[{"href":"https:\/\/experienciadevida.com.ar\/portalurbano\/wp-json\/wp\/v2\/media?parent=114945"}],"wp:term":[{"taxonomy":"category","embeddable":true,"href":"https:\/\/experienciadevida.com.ar\/portalurbano\/wp-json\/wp\/v2\/categories?post=114945"},{"taxonomy":"post_tag","embeddable":true,"href":"https:\/\/experienciadevida.com.ar\/portalurbano\/wp-json\/wp\/v2\/tags?post=114945"}],"curies":[{"name":"wp","href":"https:\/\/api.w.org\/{rel}","templated":true}]}}