{"id":114895,"date":"2020-07-14T16:04:14","date_gmt":"2020-07-14T19:04:14","guid":{"rendered":"https:\/\/experienciadevida.com.ar\/portalurbano\/?p=114895"},"modified":"2020-07-14T16:04:36","modified_gmt":"2020-07-14T19:04:36","slug":"el-consumo-cayo-41-interanual-en-junio-por-la-pandemia-de-coronavirus","status":"publish","type":"post","link":"https:\/\/experienciadevida.com.ar\/portalurbano\/el-consumo-cayo-41-interanual-en-junio-por-la-pandemia-de-coronavirus\/","title":{"rendered":"El consumo cay\u00f3 4,1% interanual en junio por la pandemia de coronavirus"},"content":{"rendered":"<p>El estudio fue realizado en 670 puntos de venta. Las bebidas es la categor\u00eda que m\u00e1s cay\u00f3 en el \u00faltimo mes, con una baja a dos d\u00edgitos en 11,9%.<\/p>\n<p>Seg\u00fan un relevamiento realizado por la consultora Focus Market en todo el pa\u00eds, el consumo registr\u00f3 una baja de 4,1% en junio respecto del mismo mes de a\u00f1o pasado, luego de tres meses con variaciones positivas.<\/p>\n<p>El estudio realizado en 670 puntos de venta, revel\u00f3 que a pesar de la retracci\u00f3n registrada en junio, el semestre cerr\u00f3 con una suba de 3,6% en el consumo debido a los n\u00fameros positivos de los primeros meses de la cuarentena.<\/p>\n<p>Luego de iniciar enero y febrero en baja, el consumo hab\u00eda tenido una fuerte suba de 16,6% en marzo por el acopio que gener\u00f3 el inicio de la cuarentena, y luego hab\u00eda subido a menor ritmo, 9,8% en abril y 2,8% en mayo.<\/p>\n<p>Bebidas es la categor\u00eda que m\u00e1s cay\u00f3 en el \u00faltimo mes, con una baja a dos d\u00edgitos en 11,9%, y es la \u00fanica que pierde consumo en el acumulado del a\u00f1o (-3%); mientras que las ventas de productos de limpieza cayeron 1,5% en junio pero crecieron 12% en lo que va del a\u00f1o.<\/p>\n<p>En tanto, alimentos gan\u00f3 en junio 2,5% y acumul\u00f3 en lo que va del a\u00f1o un incremento de 9,9%; y cuidado personal subi\u00f3 2,3% en junio y acumul\u00f3 una mejora de 10% en el primer semestre.<\/p>\n<p>El valor del ticket promedio en junio fue de $460 con seis unidades promedio en puntos de venta de hasta 500 m2, y el gasto en alimentos es el que mas creci\u00f3 en valor y unidades a partir del aislamiento obligatorio, seguido por la compra de limpieza.<\/p>\n<p>El 45% de los consumidores compra los d\u00edas viernes, s\u00e1bados y domingos y se privilegian los horarios de la ma\u00f1ana y hasta el mediod\u00eda para realizar las compras (53%), opuesto al modo en que se hac\u00eda un a\u00f1o atr\u00e1s, cuando la mayor concentraci\u00f3n se daba en la tarde\/noche.<\/p>\n","protected":false},"excerpt":{"rendered":"<p>El estudio fue realizado en 670 puntos de venta. Las bebidas es la categor\u00eda que&#8230;<\/p>\n","protected":false},"author":1,"featured_media":0,"comment_status":"closed","ping_status":"closed","sticky":false,"template":"","format":"standard","meta":{"content-type":""},"categories":[39],"tags":[],"nelio_content":{"isAutoShareEnabled":false,"autoShareEndMode":"default","automationSources":{"useContentSentences":true,"useSocialTemplates":true,"useCustomSentences":false,"customSentences":[]},"followers":[1],"suggestedReferences":[],"includedReferences":[],"efiUrl":"","efiAlt":"","highlights":[]},"yoast_head":"<!-- This site is optimized with the Yoast SEO plugin v20.7 - https:\/\/yoast.com\/wordpress\/plugins\/seo\/ -->\n<title>El consumo cay\u00f3 4,1% interanual en junio por la pandemia de coronavirus -<\/title>\n<meta name=\"robots\" content=\"index, follow, max-snippet:-1, max-image-preview:large, max-video-preview:-1\" \/>\n<link rel=\"canonical\" href=\"https:\/\/experienciadevida.com.ar\/portalurbano\/el-consumo-cayo-41-interanual-en-junio-por-la-pandemia-de-coronavirus\/\" \/>\n<meta property=\"og:locale\" content=\"es_ES\" \/>\n<meta property=\"og:type\" content=\"article\" \/>\n<meta property=\"og:title\" content=\"El consumo cay\u00f3 4,1% interanual en junio por la pandemia de coronavirus -\" \/>\n<meta property=\"og:description\" content=\"El estudio fue realizado en 670 puntos de venta. Las bebidas es la categor\u00eda que...\" \/>\n<meta property=\"og:url\" content=\"https:\/\/experienciadevida.com.ar\/portalurbano\/el-consumo-cayo-41-interanual-en-junio-por-la-pandemia-de-coronavirus\/\" \/>\n<meta property=\"article:publisher\" content=\"https:\/\/www.facebook.com\/Portal-Urbano-171542830093757\/\" \/>\n<meta property=\"article:published_time\" content=\"2020-07-14T19:04:14+00:00\" \/>\n<meta property=\"article:modified_time\" content=\"2020-07-14T19:04:36+00:00\" \/>\n<meta property=\"og:image\" content=\"https:\/\/experienciadevida.com.ar\/portalurbano\/wp-content\/uploads\/2019\/01\/supermercado-e1559172175239.jpg\" \/>\n\t<meta property=\"og:image:width\" content=\"750\" \/>\n\t<meta property=\"og:image:height\" content=\"518\" \/>\n\t<meta property=\"og:image:type\" content=\"image\/jpeg\" \/>\n<meta name=\"author\" content=\"admpu17wp\" \/>\n<meta name=\"twitter:card\" content=\"summary_large_image\" \/>\n<meta name=\"twitter:creator\" content=\"@portalurbanook\" \/>\n<meta name=\"twitter:site\" content=\"@portalurbanook\" \/>\n<meta name=\"twitter:label1\" content=\"Escrito por\" \/>\n\t<meta name=\"twitter:data1\" content=\"admpu17wp\" \/>\n\t<meta name=\"twitter:label2\" content=\"Tiempo de lectura\" \/>\n\t<meta name=\"twitter:data2\" content=\"2 minutos\" \/>\n<script type=\"application\/ld+json\" class=\"yoast-schema-graph\">{\"@context\":\"https:\/\/schema.org\",\"@graph\":[{\"@type\":\"Article\",\"@id\":\"https:\/\/experienciadevida.com.ar\/portalurbano\/el-consumo-cayo-41-interanual-en-junio-por-la-pandemia-de-coronavirus\/#article\",\"isPartOf\":{\"@id\":\"https:\/\/experienciadevida.com.ar\/portalurbano\/el-consumo-cayo-41-interanual-en-junio-por-la-pandemia-de-coronavirus\/\"},\"author\":{\"name\":\"admpu17wp\",\"@id\":\"https:\/\/experienciadevida.com.ar\/portalurbano\/#\/schema\/person\/02dd326b1c4b056e9cc972486934a3a7\"},\"headline\":\"El consumo cay\u00f3 4,1% interanual en junio por la pandemia de coronavirus\",\"datePublished\":\"2020-07-14T19:04:14+00:00\",\"dateModified\":\"2020-07-14T19:04:36+00:00\",\"mainEntityOfPage\":{\"@id\":\"https:\/\/experienciadevida.com.ar\/portalurbano\/el-consumo-cayo-41-interanual-en-junio-por-la-pandemia-de-coronavirus\/\"},\"wordCount\":350,\"publisher\":{\"@id\":\"https:\/\/experienciadevida.com.ar\/portalurbano\/#organization\"},\"articleSection\":[\"Naci\u00f3n\"],\"inLanguage\":\"es\"},{\"@type\":\"WebPage\",\"@id\":\"https:\/\/experienciadevida.com.ar\/portalurbano\/el-consumo-cayo-41-interanual-en-junio-por-la-pandemia-de-coronavirus\/\",\"url\":\"https:\/\/experienciadevida.com.ar\/portalurbano\/el-consumo-cayo-41-interanual-en-junio-por-la-pandemia-de-coronavirus\/\",\"name\":\"El consumo cay\u00f3 4,1% interanual en junio por la pandemia de coronavirus -\",\"isPartOf\":{\"@id\":\"https:\/\/experienciadevida.com.ar\/portalurbano\/#website\"},\"datePublished\":\"2020-07-14T19:04:14+00:00\",\"dateModified\":\"2020-07-14T19:04:36+00:00\",\"breadcrumb\":{\"@id\":\"https:\/\/experienciadevida.com.ar\/portalurbano\/el-consumo-cayo-41-interanual-en-junio-por-la-pandemia-de-coronavirus\/#breadcrumb\"},\"inLanguage\":\"es\",\"potentialAction\":[{\"@type\":\"ReadAction\",\"target\":[\"https:\/\/experienciadevida.com.ar\/portalurbano\/el-consumo-cayo-41-interanual-en-junio-por-la-pandemia-de-coronavirus\/\"]}]},{\"@type\":\"BreadcrumbList\",\"@id\":\"https:\/\/experienciadevida.com.ar\/portalurbano\/el-consumo-cayo-41-interanual-en-junio-por-la-pandemia-de-coronavirus\/#breadcrumb\",\"itemListElement\":[{\"@type\":\"ListItem\",\"position\":1,\"name\":\"Portada\",\"item\":\"https:\/\/experienciadevida.com.ar\/portalurbano\/\"},{\"@type\":\"ListItem\",\"position\":2,\"name\":\"El consumo cay\u00f3 4,1% interanual en junio por la pandemia de coronavirus\"}]},{\"@type\":\"WebSite\",\"@id\":\"https:\/\/experienciadevida.com.ar\/portalurbano\/#website\",\"url\":\"https:\/\/experienciadevida.com.ar\/portalurbano\/\",\"name\":\"\",\"description\":\"\",\"publisher\":{\"@id\":\"https:\/\/experienciadevida.com.ar\/portalurbano\/#organization\"},\"potentialAction\":[{\"@type\":\"SearchAction\",\"target\":{\"@type\":\"EntryPoint\",\"urlTemplate\":\"https:\/\/experienciadevida.com.ar\/portalurbano\/?s={search_term_string}\"},\"query-input\":\"required name=search_term_string\"}],\"inLanguage\":\"es\"},{\"@type\":\"Organization\",\"@id\":\"https:\/\/experienciadevida.com.ar\/portalurbano\/#organization\",\"name\":\"Portal Urbano\",\"url\":\"https:\/\/experienciadevida.com.ar\/portalurbano\/\",\"logo\":{\"@type\":\"ImageObject\",\"inLanguage\":\"es\",\"@id\":\"https:\/\/experienciadevida.com.ar\/portalurbano\/#\/schema\/logo\/image\/\",\"url\":\"https:\/\/experienciadevida.com.ar\/portalurbano\/wp-content\/uploads\/2019\/09\/Logo-Original.png\",\"contentUrl\":\"https:\/\/experienciadevida.com.ar\/portalurbano\/wp-content\/uploads\/2019\/09\/Logo-Original.png\",\"width\":2236,\"height\":1216,\"caption\":\"Portal Urbano\"},\"image\":{\"@id\":\"https:\/\/experienciadevida.com.ar\/portalurbano\/#\/schema\/logo\/image\/\"},\"sameAs\":[\"https:\/\/www.facebook.com\/Portal-Urbano-171542830093757\/\",\"https:\/\/twitter.com\/portalurbanook\",\"https:\/\/www.instagram.com\/_portalurbano\/\",\"https:\/\/www.youtube.com\/channel\/UCXhagIfszH8KxFiOok79zbA?view_as=subscriber\"]},{\"@type\":\"Person\",\"@id\":\"https:\/\/experienciadevida.com.ar\/portalurbano\/#\/schema\/person\/02dd326b1c4b056e9cc972486934a3a7\",\"name\":\"admpu17wp\",\"image\":{\"@type\":\"ImageObject\",\"inLanguage\":\"es\",\"@id\":\"https:\/\/experienciadevida.com.ar\/portalurbano\/#\/schema\/person\/image\/\",\"url\":\"https:\/\/secure.gravatar.com\/avatar\/830d4c57adaae6630765e449a6908047?s=96&d=mm&r=g\",\"contentUrl\":\"https:\/\/secure.gravatar.com\/avatar\/830d4c57adaae6630765e449a6908047?s=96&d=mm&r=g\",\"caption\":\"admpu17wp\"}}]}<\/script>\n<!-- \/ Yoast SEO plugin. -->","yoast_head_json":{"title":"El consumo cay\u00f3 4,1% interanual en junio por la pandemia de coronavirus -","robots":{"index":"index","follow":"follow","max-snippet":"max-snippet:-1","max-image-preview":"max-image-preview:large","max-video-preview":"max-video-preview:-1"},"canonical":"https:\/\/experienciadevida.com.ar\/portalurbano\/el-consumo-cayo-41-interanual-en-junio-por-la-pandemia-de-coronavirus\/","og_locale":"es_ES","og_type":"article","og_title":"El consumo cay\u00f3 4,1% interanual en junio por la pandemia de coronavirus -","og_description":"El estudio fue realizado en 670 puntos de venta. Las bebidas es la categor\u00eda que...","og_url":"https:\/\/experienciadevida.com.ar\/portalurbano\/el-consumo-cayo-41-interanual-en-junio-por-la-pandemia-de-coronavirus\/","article_publisher":"https:\/\/www.facebook.com\/Portal-Urbano-171542830093757\/","article_published_time":"2020-07-14T19:04:14+00:00","article_modified_time":"2020-07-14T19:04:36+00:00","og_image":[{"width":750,"height":518,"url":"https:\/\/experienciadevida.com.ar\/portalurbano\/wp-content\/uploads\/2019\/01\/supermercado-e1559172175239.jpg","type":"image\/jpeg"}],"author":"admpu17wp","twitter_card":"summary_large_image","twitter_creator":"@portalurbanook","twitter_site":"@portalurbanook","twitter_misc":{"Escrito por":"admpu17wp","Tiempo de lectura":"2 minutos"},"schema":{"@context":"https:\/\/schema.org","@graph":[{"@type":"Article","@id":"https:\/\/experienciadevida.com.ar\/portalurbano\/el-consumo-cayo-41-interanual-en-junio-por-la-pandemia-de-coronavirus\/#article","isPartOf":{"@id":"https:\/\/experienciadevida.com.ar\/portalurbano\/el-consumo-cayo-41-interanual-en-junio-por-la-pandemia-de-coronavirus\/"},"author":{"name":"admpu17wp","@id":"https:\/\/experienciadevida.com.ar\/portalurbano\/#\/schema\/person\/02dd326b1c4b056e9cc972486934a3a7"},"headline":"El consumo cay\u00f3 4,1% interanual en junio por la pandemia de coronavirus","datePublished":"2020-07-14T19:04:14+00:00","dateModified":"2020-07-14T19:04:36+00:00","mainEntityOfPage":{"@id":"https:\/\/experienciadevida.com.ar\/portalurbano\/el-consumo-cayo-41-interanual-en-junio-por-la-pandemia-de-coronavirus\/"},"wordCount":350,"publisher":{"@id":"https:\/\/experienciadevida.com.ar\/portalurbano\/#organization"},"articleSection":["Naci\u00f3n"],"inLanguage":"es"},{"@type":"WebPage","@id":"https:\/\/experienciadevida.com.ar\/portalurbano\/el-consumo-cayo-41-interanual-en-junio-por-la-pandemia-de-coronavirus\/","url":"https:\/\/experienciadevida.com.ar\/portalurbano\/el-consumo-cayo-41-interanual-en-junio-por-la-pandemia-de-coronavirus\/","name":"El consumo cay\u00f3 4,1% interanual en junio por la pandemia de coronavirus -","isPartOf":{"@id":"https:\/\/experienciadevida.com.ar\/portalurbano\/#website"},"datePublished":"2020-07-14T19:04:14+00:00","dateModified":"2020-07-14T19:04:36+00:00","breadcrumb":{"@id":"https:\/\/experienciadevida.com.ar\/portalurbano\/el-consumo-cayo-41-interanual-en-junio-por-la-pandemia-de-coronavirus\/#breadcrumb"},"inLanguage":"es","potentialAction":[{"@type":"ReadAction","target":["https:\/\/experienciadevida.com.ar\/portalurbano\/el-consumo-cayo-41-interanual-en-junio-por-la-pandemia-de-coronavirus\/"]}]},{"@type":"BreadcrumbList","@id":"https:\/\/experienciadevida.com.ar\/portalurbano\/el-consumo-cayo-41-interanual-en-junio-por-la-pandemia-de-coronavirus\/#breadcrumb","itemListElement":[{"@type":"ListItem","position":1,"name":"Portada","item":"https:\/\/experienciadevida.com.ar\/portalurbano\/"},{"@type":"ListItem","position":2,"name":"El consumo cay\u00f3 4,1% interanual en junio por la pandemia de coronavirus"}]},{"@type":"WebSite","@id":"https:\/\/experienciadevida.com.ar\/portalurbano\/#website","url":"https:\/\/experienciadevida.com.ar\/portalurbano\/","name":"","description":"","publisher":{"@id":"https:\/\/experienciadevida.com.ar\/portalurbano\/#organization"},"potentialAction":[{"@type":"SearchAction","target":{"@type":"EntryPoint","urlTemplate":"https:\/\/experienciadevida.com.ar\/portalurbano\/?s={search_term_string}"},"query-input":"required name=search_term_string"}],"inLanguage":"es"},{"@type":"Organization","@id":"https:\/\/experienciadevida.com.ar\/portalurbano\/#organization","name":"Portal Urbano","url":"https:\/\/experienciadevida.com.ar\/portalurbano\/","logo":{"@type":"ImageObject","inLanguage":"es","@id":"https:\/\/experienciadevida.com.ar\/portalurbano\/#\/schema\/logo\/image\/","url":"https:\/\/experienciadevida.com.ar\/portalurbano\/wp-content\/uploads\/2019\/09\/Logo-Original.png","contentUrl":"https:\/\/experienciadevida.com.ar\/portalurbano\/wp-content\/uploads\/2019\/09\/Logo-Original.png","width":2236,"height":1216,"caption":"Portal Urbano"},"image":{"@id":"https:\/\/experienciadevida.com.ar\/portalurbano\/#\/schema\/logo\/image\/"},"sameAs":["https:\/\/www.facebook.com\/Portal-Urbano-171542830093757\/","https:\/\/twitter.com\/portalurbanook","https:\/\/www.instagram.com\/_portalurbano\/","https:\/\/www.youtube.com\/channel\/UCXhagIfszH8KxFiOok79zbA?view_as=subscriber"]},{"@type":"Person","@id":"https:\/\/experienciadevida.com.ar\/portalurbano\/#\/schema\/person\/02dd326b1c4b056e9cc972486934a3a7","name":"admpu17wp","image":{"@type":"ImageObject","inLanguage":"es","@id":"https:\/\/experienciadevida.com.ar\/portalurbano\/#\/schema\/person\/image\/","url":"https:\/\/secure.gravatar.com\/avatar\/830d4c57adaae6630765e449a6908047?s=96&d=mm&r=g","contentUrl":"https:\/\/secure.gravatar.com\/avatar\/830d4c57adaae6630765e449a6908047?s=96&d=mm&r=g","caption":"admpu17wp"}}]}},"featured_image_urls":{"full":"","thumbnail":"","medium":"","medium_large":"","large":"","ug_big":"","1536x1536":"","2048x2048":"","newsever-slider-full":"","newsever-featured":"","newsever-medium":"","web-stories-poster-portrait":"","web-stories-publisher-logo":"","web-stories-thumbnail":""},"author_info":{"display_name":"admpu17wp","author_link":"https:\/\/experienciadevida.com.ar\/portalurbano\/author\/admpu17wp\/"},"category_info":"<a href=\"https:\/\/experienciadevida.com.ar\/portalurbano\/category\/nacion\/\" rel=\"category tag\">Naci\u00f3n<\/a>","tag_info":"Naci\u00f3n","comment_count":"0","amp_enabled":true,"_links":{"self":[{"href":"https:\/\/experienciadevida.com.ar\/portalurbano\/wp-json\/wp\/v2\/posts\/114895"}],"collection":[{"href":"https:\/\/experienciadevida.com.ar\/portalurbano\/wp-json\/wp\/v2\/posts"}],"about":[{"href":"https:\/\/experienciadevida.com.ar\/portalurbano\/wp-json\/wp\/v2\/types\/post"}],"author":[{"embeddable":true,"href":"https:\/\/experienciadevida.com.ar\/portalurbano\/wp-json\/wp\/v2\/users\/1"}],"replies":[{"embeddable":true,"href":"https:\/\/experienciadevida.com.ar\/portalurbano\/wp-json\/wp\/v2\/comments?post=114895"}],"version-history":[{"count":1,"href":"https:\/\/experienciadevida.com.ar\/portalurbano\/wp-json\/wp\/v2\/posts\/114895\/revisions"}],"predecessor-version":[{"id":114896,"href":"https:\/\/experienciadevida.com.ar\/portalurbano\/wp-json\/wp\/v2\/posts\/114895\/revisions\/114896"}],"wp:attachment":[{"href":"https:\/\/experienciadevida.com.ar\/portalurbano\/wp-json\/wp\/v2\/media?parent=114895"}],"wp:term":[{"taxonomy":"category","embeddable":true,"href":"https:\/\/experienciadevida.com.ar\/portalurbano\/wp-json\/wp\/v2\/categories?post=114895"},{"taxonomy":"post_tag","embeddable":true,"href":"https:\/\/experienciadevida.com.ar\/portalurbano\/wp-json\/wp\/v2\/tags?post=114895"}],"curies":[{"name":"wp","href":"https:\/\/api.w.org\/{rel}","templated":true}]}}