{"id":114864,"date":"2020-07-14T10:33:27","date_gmt":"2020-07-14T13:33:27","guid":{"rendered":"https:\/\/experienciadevida.com.ar\/portalurbano\/?p=114864"},"modified":"2020-07-14T10:34:05","modified_gmt":"2020-07-14T13:34:05","slug":"confirmaron-otras-23-muertes-y-los-fallecidos-por-coronavirus-ascienden-a-1-926","status":"publish","type":"post","link":"https:\/\/experienciadevida.com.ar\/portalurbano\/confirmaron-otras-23-muertes-y-los-fallecidos-por-coronavirus-ascienden-a-1-926\/","title":{"rendered":"Confirmaron otras 23 muertes y los fallecidos por coronavirus ascienden a 1.926"},"content":{"rendered":"<p>Hasta el momento, son 45.467 las personas que cursaron el virus pero se recuperaron y ya fueron dados de alta, lo que representa el 44% de los infectados.<\/p>\n<p>El Ministerio de Salud inform\u00f3 este martes otras 23 muertes por coronavirus\u200b en relaci\u00f3n con el \u00faltimo reporte, por lo que 1.926 son las v\u00edctimas fatales en el pa\u00eds debido a la pandemia.<\/p>\n<p>Los fallecidos registrados en las \u00faltimas horas son 16 hombres, 7 que viv\u00edan en la provincia de Buenos Aires y 9 con residencia en la Ciudad de Buenos Aires; y 7 mujeres, 5 que viv\u00edan en la provincia de Buenos Aires y 2 en la Ciudad.<\/p>\n<p>La tasa de letalidad del virus, en tanto, es del 1,8% y la mortalidad general por el virus es de 41,9 personas por cada mill\u00f3n de habitantes.<\/p>\n<p>El porcentaje de ocupaci\u00f3n de las camas de terapia intensiva, que fue clave para la decisi\u00f3n del Gobierno de endurecer la cuarentena en el \u00c1rea Metropolitana de Buenos Aires, es del 52,7 a nivel nacional y del 60,8 en la regi\u00f3n metropolitana.<\/p>\n<p>Actualmente son 752 los pacientes con diagn\u00f3stico confirmado de coronavirus que est\u00e1n internados en terapia intensiva. El 91% de esas personas se encuentra en establecimientos del AMBA.<\/p>\n<p>La buena noticia es que hasta el momento 45.467 personas que tuvieron el virus se recuperaron y ya fueron dados de alta.<\/p>\n<p>Desde la llegada del virus al pa\u00eds ya todas las provincias tuvieron casos y la \u00fanica que no ha registrado positivos en las \u00faltimas dos semanas es La Pampa, la menos castigada por la pandemia con apenas 7 casos.<\/p>\n<p>La contracara son la provincia y la Ciudad de Buenos Aires, que juntas concentran casi el 92% de los casos.<\/p>\n<p>Fuente: DIB<\/p>\n","protected":false},"excerpt":{"rendered":"<p>Hasta el momento, son 45.467 las personas que cursaron el virus pero se recuperaron y&#8230;<\/p>\n","protected":false},"author":1,"featured_media":113446,"comment_status":"closed","ping_status":"closed","sticky":false,"template":"","format":"standard","meta":{"content-type":""},"categories":[71,39],"tags":[],"nelio_content":{"isAutoShareEnabled":false,"autoShareEndMode":"default","automationSources":{"useContentSentences":true,"useSocialTemplates":true,"useCustomSentences":false,"customSentences":[]},"followers":[1],"suggestedReferences":[],"includedReferences":[],"efiUrl":"","efiAlt":"","highlights":[]},"yoast_head":"<!-- This site is optimized with the Yoast SEO plugin v20.7 - https:\/\/yoast.com\/wordpress\/plugins\/seo\/ -->\n<title>Confirmaron otras 23 muertes y los fallecidos por coronavirus ascienden a 1.926 -<\/title>\n<meta name=\"robots\" content=\"index, follow, max-snippet:-1, max-image-preview:large, max-video-preview:-1\" \/>\n<link rel=\"canonical\" href=\"https:\/\/experienciadevida.com.ar\/portalurbano\/confirmaron-otras-23-muertes-y-los-fallecidos-por-coronavirus-ascienden-a-1-926\/\" \/>\n<meta property=\"og:locale\" content=\"es_ES\" \/>\n<meta property=\"og:type\" content=\"article\" \/>\n<meta property=\"og:title\" content=\"Confirmaron otras 23 muertes y los fallecidos por coronavirus ascienden a 1.926 -\" \/>\n<meta property=\"og:description\" content=\"Hasta el momento, son 45.467 las personas que cursaron el virus pero se recuperaron y...\" \/>\n<meta property=\"og:url\" content=\"https:\/\/experienciadevida.com.ar\/portalurbano\/confirmaron-otras-23-muertes-y-los-fallecidos-por-coronavirus-ascienden-a-1-926\/\" \/>\n<meta property=\"article:publisher\" content=\"https:\/\/www.facebook.com\/Portal-Urbano-171542830093757\/\" \/>\n<meta property=\"article:published_time\" content=\"2020-07-14T13:33:27+00:00\" \/>\n<meta property=\"article:modified_time\" content=\"2020-07-14T13:34:05+00:00\" \/>\n<meta property=\"og:image\" content=\"https:\/\/experienciadevida.com.ar\/portalurbano\/wp-content\/uploads\/2020\/06\/CORONAVIRUSHOSPITAL.jpg\" \/>\n\t<meta property=\"og:image:width\" content=\"696\" \/>\n\t<meta property=\"og:image:height\" content=\"464\" \/>\n\t<meta property=\"og:image:type\" content=\"image\/jpeg\" \/>\n<meta name=\"author\" content=\"admpu17wp\" \/>\n<meta name=\"twitter:card\" content=\"summary_large_image\" \/>\n<meta name=\"twitter:creator\" content=\"@portalurbanook\" \/>\n<meta name=\"twitter:site\" content=\"@portalurbanook\" \/>\n<meta name=\"twitter:label1\" content=\"Escrito por\" \/>\n\t<meta name=\"twitter:data1\" content=\"admpu17wp\" \/>\n\t<meta name=\"twitter:label2\" content=\"Tiempo de lectura\" \/>\n\t<meta name=\"twitter:data2\" content=\"1 minuto\" \/>\n<script type=\"application\/ld+json\" class=\"yoast-schema-graph\">{\"@context\":\"https:\/\/schema.org\",\"@graph\":[{\"@type\":\"Article\",\"@id\":\"https:\/\/experienciadevida.com.ar\/portalurbano\/confirmaron-otras-23-muertes-y-los-fallecidos-por-coronavirus-ascienden-a-1-926\/#article\",\"isPartOf\":{\"@id\":\"https:\/\/experienciadevida.com.ar\/portalurbano\/confirmaron-otras-23-muertes-y-los-fallecidos-por-coronavirus-ascienden-a-1-926\/\"},\"author\":{\"name\":\"admpu17wp\",\"@id\":\"https:\/\/experienciadevida.com.ar\/portalurbano\/#\/schema\/person\/02dd326b1c4b056e9cc972486934a3a7\"},\"headline\":\"Confirmaron otras 23 muertes y los fallecidos por coronavirus ascienden a 1.926\",\"datePublished\":\"2020-07-14T13:33:27+00:00\",\"dateModified\":\"2020-07-14T13:34:05+00:00\",\"mainEntityOfPage\":{\"@id\":\"https:\/\/experienciadevida.com.ar\/portalurbano\/confirmaron-otras-23-muertes-y-los-fallecidos-por-coronavirus-ascienden-a-1-926\/\"},\"wordCount\":289,\"publisher\":{\"@id\":\"https:\/\/experienciadevida.com.ar\/portalurbano\/#organization\"},\"articleSection\":[\"Coronavirus\",\"Naci\u00f3n\"],\"inLanguage\":\"es\"},{\"@type\":\"WebPage\",\"@id\":\"https:\/\/experienciadevida.com.ar\/portalurbano\/confirmaron-otras-23-muertes-y-los-fallecidos-por-coronavirus-ascienden-a-1-926\/\",\"url\":\"https:\/\/experienciadevida.com.ar\/portalurbano\/confirmaron-otras-23-muertes-y-los-fallecidos-por-coronavirus-ascienden-a-1-926\/\",\"name\":\"Confirmaron otras 23 muertes y los fallecidos por coronavirus ascienden a 1.926 -\",\"isPartOf\":{\"@id\":\"https:\/\/experienciadevida.com.ar\/portalurbano\/#website\"},\"datePublished\":\"2020-07-14T13:33:27+00:00\",\"dateModified\":\"2020-07-14T13:34:05+00:00\",\"breadcrumb\":{\"@id\":\"https:\/\/experienciadevida.com.ar\/portalurbano\/confirmaron-otras-23-muertes-y-los-fallecidos-por-coronavirus-ascienden-a-1-926\/#breadcrumb\"},\"inLanguage\":\"es\",\"potentialAction\":[{\"@type\":\"ReadAction\",\"target\":[\"https:\/\/experienciadevida.com.ar\/portalurbano\/confirmaron-otras-23-muertes-y-los-fallecidos-por-coronavirus-ascienden-a-1-926\/\"]}]},{\"@type\":\"BreadcrumbList\",\"@id\":\"https:\/\/experienciadevida.com.ar\/portalurbano\/confirmaron-otras-23-muertes-y-los-fallecidos-por-coronavirus-ascienden-a-1-926\/#breadcrumb\",\"itemListElement\":[{\"@type\":\"ListItem\",\"position\":1,\"name\":\"Portada\",\"item\":\"https:\/\/experienciadevida.com.ar\/portalurbano\/\"},{\"@type\":\"ListItem\",\"position\":2,\"name\":\"Confirmaron otras 23 muertes y los fallecidos por coronavirus ascienden a 1.926\"}]},{\"@type\":\"WebSite\",\"@id\":\"https:\/\/experienciadevida.com.ar\/portalurbano\/#website\",\"url\":\"https:\/\/experienciadevida.com.ar\/portalurbano\/\",\"name\":\"\",\"description\":\"\",\"publisher\":{\"@id\":\"https:\/\/experienciadevida.com.ar\/portalurbano\/#organization\"},\"potentialAction\":[{\"@type\":\"SearchAction\",\"target\":{\"@type\":\"EntryPoint\",\"urlTemplate\":\"https:\/\/experienciadevida.com.ar\/portalurbano\/?s={search_term_string}\"},\"query-input\":\"required name=search_term_string\"}],\"inLanguage\":\"es\"},{\"@type\":\"Organization\",\"@id\":\"https:\/\/experienciadevida.com.ar\/portalurbano\/#organization\",\"name\":\"Portal Urbano\",\"url\":\"https:\/\/experienciadevida.com.ar\/portalurbano\/\",\"logo\":{\"@type\":\"ImageObject\",\"inLanguage\":\"es\",\"@id\":\"https:\/\/experienciadevida.com.ar\/portalurbano\/#\/schema\/logo\/image\/\",\"url\":\"https:\/\/experienciadevida.com.ar\/portalurbano\/wp-content\/uploads\/2019\/09\/Logo-Original.png\",\"contentUrl\":\"https:\/\/experienciadevida.com.ar\/portalurbano\/wp-content\/uploads\/2019\/09\/Logo-Original.png\",\"width\":2236,\"height\":1216,\"caption\":\"Portal Urbano\"},\"image\":{\"@id\":\"https:\/\/experienciadevida.com.ar\/portalurbano\/#\/schema\/logo\/image\/\"},\"sameAs\":[\"https:\/\/www.facebook.com\/Portal-Urbano-171542830093757\/\",\"https:\/\/twitter.com\/portalurbanook\",\"https:\/\/www.instagram.com\/_portalurbano\/\",\"https:\/\/www.youtube.com\/channel\/UCXhagIfszH8KxFiOok79zbA?view_as=subscriber\"]},{\"@type\":\"Person\",\"@id\":\"https:\/\/experienciadevida.com.ar\/portalurbano\/#\/schema\/person\/02dd326b1c4b056e9cc972486934a3a7\",\"name\":\"admpu17wp\",\"image\":{\"@type\":\"ImageObject\",\"inLanguage\":\"es\",\"@id\":\"https:\/\/experienciadevida.com.ar\/portalurbano\/#\/schema\/person\/image\/\",\"url\":\"https:\/\/secure.gravatar.com\/avatar\/830d4c57adaae6630765e449a6908047?s=96&d=mm&r=g\",\"contentUrl\":\"https:\/\/secure.gravatar.com\/avatar\/830d4c57adaae6630765e449a6908047?s=96&d=mm&r=g\",\"caption\":\"admpu17wp\"}}]}<\/script>\n<!-- \/ Yoast SEO plugin. -->","yoast_head_json":{"title":"Confirmaron otras 23 muertes y los fallecidos por coronavirus ascienden a 1.926 -","robots":{"index":"index","follow":"follow","max-snippet":"max-snippet:-1","max-image-preview":"max-image-preview:large","max-video-preview":"max-video-preview:-1"},"canonical":"https:\/\/experienciadevida.com.ar\/portalurbano\/confirmaron-otras-23-muertes-y-los-fallecidos-por-coronavirus-ascienden-a-1-926\/","og_locale":"es_ES","og_type":"article","og_title":"Confirmaron otras 23 muertes y los fallecidos por coronavirus ascienden a 1.926 -","og_description":"Hasta el momento, son 45.467 las personas que cursaron el virus pero se recuperaron y...","og_url":"https:\/\/experienciadevida.com.ar\/portalurbano\/confirmaron-otras-23-muertes-y-los-fallecidos-por-coronavirus-ascienden-a-1-926\/","article_publisher":"https:\/\/www.facebook.com\/Portal-Urbano-171542830093757\/","article_published_time":"2020-07-14T13:33:27+00:00","article_modified_time":"2020-07-14T13:34:05+00:00","og_image":[{"width":696,"height":464,"url":"https:\/\/experienciadevida.com.ar\/portalurbano\/wp-content\/uploads\/2020\/06\/CORONAVIRUSHOSPITAL.jpg","type":"image\/jpeg"}],"author":"admpu17wp","twitter_card":"summary_large_image","twitter_creator":"@portalurbanook","twitter_site":"@portalurbanook","twitter_misc":{"Escrito por":"admpu17wp","Tiempo de lectura":"1 minuto"},"schema":{"@context":"https:\/\/schema.org","@graph":[{"@type":"Article","@id":"https:\/\/experienciadevida.com.ar\/portalurbano\/confirmaron-otras-23-muertes-y-los-fallecidos-por-coronavirus-ascienden-a-1-926\/#article","isPartOf":{"@id":"https:\/\/experienciadevida.com.ar\/portalurbano\/confirmaron-otras-23-muertes-y-los-fallecidos-por-coronavirus-ascienden-a-1-926\/"},"author":{"name":"admpu17wp","@id":"https:\/\/experienciadevida.com.ar\/portalurbano\/#\/schema\/person\/02dd326b1c4b056e9cc972486934a3a7"},"headline":"Confirmaron otras 23 muertes y los fallecidos por coronavirus ascienden a 1.926","datePublished":"2020-07-14T13:33:27+00:00","dateModified":"2020-07-14T13:34:05+00:00","mainEntityOfPage":{"@id":"https:\/\/experienciadevida.com.ar\/portalurbano\/confirmaron-otras-23-muertes-y-los-fallecidos-por-coronavirus-ascienden-a-1-926\/"},"wordCount":289,"publisher":{"@id":"https:\/\/experienciadevida.com.ar\/portalurbano\/#organization"},"articleSection":["Coronavirus","Naci\u00f3n"],"inLanguage":"es"},{"@type":"WebPage","@id":"https:\/\/experienciadevida.com.ar\/portalurbano\/confirmaron-otras-23-muertes-y-los-fallecidos-por-coronavirus-ascienden-a-1-926\/","url":"https:\/\/experienciadevida.com.ar\/portalurbano\/confirmaron-otras-23-muertes-y-los-fallecidos-por-coronavirus-ascienden-a-1-926\/","name":"Confirmaron otras 23 muertes y los fallecidos por coronavirus ascienden a 1.926 -","isPartOf":{"@id":"https:\/\/experienciadevida.com.ar\/portalurbano\/#website"},"datePublished":"2020-07-14T13:33:27+00:00","dateModified":"2020-07-14T13:34:05+00:00","breadcrumb":{"@id":"https:\/\/experienciadevida.com.ar\/portalurbano\/confirmaron-otras-23-muertes-y-los-fallecidos-por-coronavirus-ascienden-a-1-926\/#breadcrumb"},"inLanguage":"es","potentialAction":[{"@type":"ReadAction","target":["https:\/\/experienciadevida.com.ar\/portalurbano\/confirmaron-otras-23-muertes-y-los-fallecidos-por-coronavirus-ascienden-a-1-926\/"]}]},{"@type":"BreadcrumbList","@id":"https:\/\/experienciadevida.com.ar\/portalurbano\/confirmaron-otras-23-muertes-y-los-fallecidos-por-coronavirus-ascienden-a-1-926\/#breadcrumb","itemListElement":[{"@type":"ListItem","position":1,"name":"Portada","item":"https:\/\/experienciadevida.com.ar\/portalurbano\/"},{"@type":"ListItem","position":2,"name":"Confirmaron otras 23 muertes y los fallecidos por coronavirus ascienden a 1.926"}]},{"@type":"WebSite","@id":"https:\/\/experienciadevida.com.ar\/portalurbano\/#website","url":"https:\/\/experienciadevida.com.ar\/portalurbano\/","name":"","description":"","publisher":{"@id":"https:\/\/experienciadevida.com.ar\/portalurbano\/#organization"},"potentialAction":[{"@type":"SearchAction","target":{"@type":"EntryPoint","urlTemplate":"https:\/\/experienciadevida.com.ar\/portalurbano\/?s={search_term_string}"},"query-input":"required name=search_term_string"}],"inLanguage":"es"},{"@type":"Organization","@id":"https:\/\/experienciadevida.com.ar\/portalurbano\/#organization","name":"Portal Urbano","url":"https:\/\/experienciadevida.com.ar\/portalurbano\/","logo":{"@type":"ImageObject","inLanguage":"es","@id":"https:\/\/experienciadevida.com.ar\/portalurbano\/#\/schema\/logo\/image\/","url":"https:\/\/experienciadevida.com.ar\/portalurbano\/wp-content\/uploads\/2019\/09\/Logo-Original.png","contentUrl":"https:\/\/experienciadevida.com.ar\/portalurbano\/wp-content\/uploads\/2019\/09\/Logo-Original.png","width":2236,"height":1216,"caption":"Portal Urbano"},"image":{"@id":"https:\/\/experienciadevida.com.ar\/portalurbano\/#\/schema\/logo\/image\/"},"sameAs":["https:\/\/www.facebook.com\/Portal-Urbano-171542830093757\/","https:\/\/twitter.com\/portalurbanook","https:\/\/www.instagram.com\/_portalurbano\/","https:\/\/www.youtube.com\/channel\/UCXhagIfszH8KxFiOok79zbA?view_as=subscriber"]},{"@type":"Person","@id":"https:\/\/experienciadevida.com.ar\/portalurbano\/#\/schema\/person\/02dd326b1c4b056e9cc972486934a3a7","name":"admpu17wp","image":{"@type":"ImageObject","inLanguage":"es","@id":"https:\/\/experienciadevida.com.ar\/portalurbano\/#\/schema\/person\/image\/","url":"https:\/\/secure.gravatar.com\/avatar\/830d4c57adaae6630765e449a6908047?s=96&d=mm&r=g","contentUrl":"https:\/\/secure.gravatar.com\/avatar\/830d4c57adaae6630765e449a6908047?s=96&d=mm&r=g","caption":"admpu17wp"}}]}},"featured_image_urls":{"full":["https:\/\/experienciadevida.com.ar\/portalurbano\/wp-content\/uploads\/2020\/06\/CORONAVIRUSHOSPITAL.jpg",696,464,false],"thumbnail":["https:\/\/experienciadevida.com.ar\/portalurbano\/wp-content\/uploads\/2020\/06\/CORONAVIRUSHOSPITAL-150x150.jpg",150,150,true],"medium":["https:\/\/experienciadevida.com.ar\/portalurbano\/wp-content\/uploads\/2020\/06\/CORONAVIRUSHOSPITAL-300x200.jpg",300,200,true],"medium_large":["https:\/\/experienciadevida.com.ar\/portalurbano\/wp-content\/uploads\/2020\/06\/CORONAVIRUSHOSPITAL.jpg",640,427,false],"large":["https:\/\/experienciadevida.com.ar\/portalurbano\/wp-content\/uploads\/2020\/06\/CORONAVIRUSHOSPITAL.jpg",640,427,false],"ug_big":["https:\/\/experienciadevida.com.ar\/portalurbano\/wp-content\/uploads\/2020\/06\/CORONAVIRUSHOSPITAL.jpg",696,464,false],"1536x1536":["https:\/\/experienciadevida.com.ar\/portalurbano\/wp-content\/uploads\/2020\/06\/CORONAVIRUSHOSPITAL.jpg",696,464,false],"2048x2048":["https:\/\/experienciadevida.com.ar\/portalurbano\/wp-content\/uploads\/2020\/06\/CORONAVIRUSHOSPITAL.jpg",696,464,false],"newsever-slider-full":["https:\/\/experienciadevida.com.ar\/portalurbano\/wp-content\/uploads\/2020\/06\/CORONAVIRUSHOSPITAL.jpg",696,464,false],"newsever-featured":["https:\/\/experienciadevida.com.ar\/portalurbano\/wp-content\/uploads\/2020\/06\/CORONAVIRUSHOSPITAL.jpg",696,464,false],"newsever-medium":["https:\/\/experienciadevida.com.ar\/portalurbano\/wp-content\/uploads\/2020\/06\/CORONAVIRUSHOSPITAL.jpg",696,464,false],"web-stories-poster-portrait":["https:\/\/experienciadevida.com.ar\/portalurbano\/wp-content\/uploads\/2020\/06\/CORONAVIRUSHOSPITAL.jpg",640,427,false],"web-stories-publisher-logo":["https:\/\/experienciadevida.com.ar\/portalurbano\/wp-content\/uploads\/2020\/06\/CORONAVIRUSHOSPITAL.jpg",96,64,false],"web-stories-thumbnail":["https:\/\/experienciadevida.com.ar\/portalurbano\/wp-content\/uploads\/2020\/06\/CORONAVIRUSHOSPITAL.jpg",150,100,false]},"author_info":{"display_name":"admpu17wp","author_link":"https:\/\/experienciadevida.com.ar\/portalurbano\/author\/admpu17wp\/"},"category_info":"<a href=\"https:\/\/experienciadevida.com.ar\/portalurbano\/category\/nacion\/coronavirus\/\" rel=\"category tag\">Coronavirus<\/a> <a href=\"https:\/\/experienciadevida.com.ar\/portalurbano\/category\/nacion\/\" rel=\"category tag\">Naci\u00f3n<\/a>","tag_info":"Naci\u00f3n","comment_count":"0","amp_enabled":true,"_links":{"self":[{"href":"https:\/\/experienciadevida.com.ar\/portalurbano\/wp-json\/wp\/v2\/posts\/114864"}],"collection":[{"href":"https:\/\/experienciadevida.com.ar\/portalurbano\/wp-json\/wp\/v2\/posts"}],"about":[{"href":"https:\/\/experienciadevida.com.ar\/portalurbano\/wp-json\/wp\/v2\/types\/post"}],"author":[{"embeddable":true,"href":"https:\/\/experienciadevida.com.ar\/portalurbano\/wp-json\/wp\/v2\/users\/1"}],"replies":[{"embeddable":true,"href":"https:\/\/experienciadevida.com.ar\/portalurbano\/wp-json\/wp\/v2\/comments?post=114864"}],"version-history":[{"count":2,"href":"https:\/\/experienciadevida.com.ar\/portalurbano\/wp-json\/wp\/v2\/posts\/114864\/revisions"}],"predecessor-version":[{"id":114866,"href":"https:\/\/experienciadevida.com.ar\/portalurbano\/wp-json\/wp\/v2\/posts\/114864\/revisions\/114866"}],"wp:featuredmedia":[{"embeddable":true,"href":"https:\/\/experienciadevida.com.ar\/portalurbano\/wp-json\/wp\/v2\/media\/113446"}],"wp:attachment":[{"href":"https:\/\/experienciadevida.com.ar\/portalurbano\/wp-json\/wp\/v2\/media?parent=114864"}],"wp:term":[{"taxonomy":"category","embeddable":true,"href":"https:\/\/experienciadevida.com.ar\/portalurbano\/wp-json\/wp\/v2\/categories?post=114864"},{"taxonomy":"post_tag","embeddable":true,"href":"https:\/\/experienciadevida.com.ar\/portalurbano\/wp-json\/wp\/v2\/tags?post=114864"}],"curies":[{"name":"wp","href":"https:\/\/api.w.org\/{rel}","templated":true}]}}