{"id":114847,"date":"2020-07-13T21:01:20","date_gmt":"2020-07-14T00:01:20","guid":{"rendered":"https:\/\/experienciadevida.com.ar\/portalurbano\/?p=114847"},"modified":"2020-07-13T21:03:32","modified_gmt":"2020-07-14T00:03:32","slug":"se-diagnosticaron-3-099-casos-mas-de-covid-19-en-el-pais-y-murieron-58-personas","status":"publish","type":"post","link":"https:\/\/experienciadevida.com.ar\/portalurbano\/se-diagnosticaron-3-099-casos-mas-de-covid-19-en-el-pais-y-murieron-58-personas\/","title":{"rendered":"Se diagnosticaron 3.099 casos m\u00e1s de covid-19 en el pa\u00eds y murieron 58 personas"},"content":{"rendered":"<p>Los contagios, si bien no son pocos, se estabilizaron en los \u00faltimos d\u00edas. En nueve provincias no se registraron positivos.<\/p>\n<p>El Ministerio de Salud de la Naci\u00f3n inform\u00f3 que en las \u00faltimas 24 horas fueron confirmados 3.099 nuevos casos de coronavirus en el pa\u00eds y murieron 58 personas. La pandemia ya alcanza los 103.265 contagios desde su inicio y de esa cifra, 1.903 personas perdieron la vida por la enfermedad.<\/p>\n<p>Seg\u00fan el registro de casos diario, la provincia de Buenos Aires tuvo 2.002 diagn\u00f3sticos, mientras que la Ciudad de Buenos Aires que confirm\u00f3 860.<\/p>\n<p>\u201cDel total de esos casos, 1.082 (1%) son importados, 34.293 (33,2%) son contactos estrechos de casos confirmados, 50.637 (49%) son casos de circulaci\u00f3n comunitaria y el resto se encuentra en investigaci\u00f3n epidemiol\u00f3gica\u201d, especific\u00f3 la cartera sanitaria.<\/p>\n<p>De acuerdo a la informaci\u00f3n reportada por las distintas jurisdicciones hay 752 pacientes internados en Unidades de Terapia Intensiva (UTI). El porcentaje de ocupaci\u00f3n de camas de adultos en UTI es a nivel nacional del 52,7%, mientras que en el \u00c1rea metropolitana de Buenos Aires (AMBA) es del 60,8%.<\/p>\n<p>De acuerdo a los dos informes oficiales ofrecidos hoy por el ministerio de Salud, se registraron otras 58 nuevas muertes. En el primero se confirmaron los decesos de catorce personas, siete hombres, 3 de 87, 77 y 100 a\u00f1os, residentes en la provincia de Buenos Aires; 4 de 67, 89, 76 y 86 a\u00f1os, residentes en la Ciudad de Buenos Aires (CABA); y 7 mujeres, 2 de 80 y 74 a\u00f1os, residentes en la provincia de Buenos Aires; y 5 de 86, 81, 75, 91 y 97 a\u00f1os, residentes en la Ciudad de Buenos Aires (CABA).<\/p>\n<p>En el segundo, se sumaron 44 decesos m\u00e1s. Se trata de 28 hombres, 15 de 46, 86, 51, 91, 40, 94, 85, 65, 72, 79, 84, 58, 95, 69 y 62 a\u00f1os, residentes en la provincia de Buenos Aires; 13 de 26, 35, 86, 84, 86, 55, 74, 81, 55, 96, 65, 62 y 86 a\u00f1os, residentes en la Ciudad de Buenos Aires (CABA); y 16 mujeres, 7 de 72, 30, 65, 82, 76, 86 y 70 a\u00f1os, residentes en la provincia de Buenos Aires; y 9 de 66, 84, 75, 68, 75, 77, 43, 80 y 87 a\u00f1os, residente en la Ciudad de Buenos Aires (CABA). Al momento la cantidad de personas fallecidas es 1.903.<\/p>\n<p>Detalle por distrito:<\/p>\n<p>A continuaci\u00f3n se detallan los casos confirmados por cada distrito del pa\u00eds, tanto en las \u00faltimas 24 horas (en la primera cifra) como los acumulados desde el inicio de la pandemia (en la segunda).<\/p>\n<p>Buenos Aires 2.002 | 55.663<\/p>\n<p>Ciudad de Buenos Aires 860 | 39.195<\/p>\n<p>Catamarca 0 | 39<\/p>\n<p>Chaco 25 | 2.602<\/p>\n<p>Chubut 5 | 211<\/p>\n<p>C\u00f3rdoba 44 | 960<\/p>\n<p>Corrientes 0 | 125<\/p>\n<p>Entre R\u00edos 42 | 535<\/p>\n<p>Formosa 2 | 77<\/p>\n<p>Jujuy 5 | 467<\/p>\n<p>La Pampa 0 | 7<\/p>\n<p>La Rioja 6 | 146<\/p>\n<p>Mendoza 13 | 308<\/p>\n<p>Misiones 0 | 41<\/p>\n<p>Neuqu\u00e9n 47 | 740<\/p>\n<p>R\u00edo Negro 27 | 1123<\/p>\n<p>Salta 8 | 117<\/p>\n<p>San Juan 0 | 9<\/p>\n<p>San Luis 0 | 12<\/p>\n<p>Santa Cruz 0 | 61<\/p>\n<p>Santa Fe 11 | 539<\/p>\n<p>Santiago del Estero 0 | 36<\/p>\n<p>Tierra del Fuego\u00a0 0 | 160<\/p>\n<p>Tucum\u00e1n 2 | 92<\/p>\n<p>Aquellos casos confirmados que no est\u00e1n notificados por residencia, fueron contabilizados por provincia de carga.<\/p>\n<p>Se incluyen 13 casos existentes en las Islas Malvinas seg\u00fan informaci\u00f3n de prensa (debido a la ocupaci\u00f3n ilegal del Reino Unido, Gran Breta\u00f1a e Irlanda del Norte no es posible contar con informaci\u00f3n propia sobre el impacto del COVID -19 en esa parte del territorio argentino).<\/p>\n<p>Fuente: DIB<\/p>\n","protected":false},"excerpt":{"rendered":"<p>Los contagios, si bien no son pocos, se estabilizaron en los \u00faltimos d\u00edas. En nueve&#8230;<\/p>\n","protected":false},"author":1,"featured_media":113446,"comment_status":"closed","ping_status":"closed","sticky":false,"template":"","format":"standard","meta":{"content-type":""},"categories":[71,39],"tags":[],"nelio_content":{"isAutoShareEnabled":false,"autoShareEndMode":"default","automationSources":{"useContentSentences":true,"useSocialTemplates":true,"useCustomSentences":false,"customSentences":[]},"followers":[1],"suggestedReferences":[],"includedReferences":[],"efiUrl":"","efiAlt":"","highlights":[]},"yoast_head":"<!-- This site is optimized with the Yoast SEO plugin v20.7 - https:\/\/yoast.com\/wordpress\/plugins\/seo\/ -->\n<title>Se diagnosticaron 3.099 casos m\u00e1s de covid-19 en el pa\u00eds y murieron 58 personas -<\/title>\n<meta name=\"robots\" content=\"index, follow, max-snippet:-1, max-image-preview:large, max-video-preview:-1\" \/>\n<link rel=\"canonical\" href=\"https:\/\/experienciadevida.com.ar\/portalurbano\/se-diagnosticaron-3-099-casos-mas-de-covid-19-en-el-pais-y-murieron-58-personas\/\" \/>\n<meta property=\"og:locale\" content=\"es_ES\" \/>\n<meta property=\"og:type\" content=\"article\" \/>\n<meta property=\"og:title\" content=\"Se diagnosticaron 3.099 casos m\u00e1s de covid-19 en el pa\u00eds y murieron 58 personas -\" \/>\n<meta property=\"og:description\" content=\"Los contagios, si bien no son pocos, se estabilizaron en los \u00faltimos d\u00edas. En nueve...\" \/>\n<meta property=\"og:url\" content=\"https:\/\/experienciadevida.com.ar\/portalurbano\/se-diagnosticaron-3-099-casos-mas-de-covid-19-en-el-pais-y-murieron-58-personas\/\" \/>\n<meta property=\"article:publisher\" content=\"https:\/\/www.facebook.com\/Portal-Urbano-171542830093757\/\" \/>\n<meta property=\"article:published_time\" content=\"2020-07-14T00:01:20+00:00\" \/>\n<meta property=\"article:modified_time\" content=\"2020-07-14T00:03:32+00:00\" \/>\n<meta property=\"og:image\" content=\"https:\/\/experienciadevida.com.ar\/portalurbano\/wp-content\/uploads\/2020\/06\/CORONAVIRUSHOSPITAL.jpg\" \/>\n\t<meta property=\"og:image:width\" content=\"696\" \/>\n\t<meta property=\"og:image:height\" content=\"464\" \/>\n\t<meta property=\"og:image:type\" content=\"image\/jpeg\" \/>\n<meta name=\"author\" content=\"admpu17wp\" \/>\n<meta name=\"twitter:card\" content=\"summary_large_image\" \/>\n<meta name=\"twitter:creator\" content=\"@portalurbanook\" \/>\n<meta name=\"twitter:site\" content=\"@portalurbanook\" \/>\n<meta name=\"twitter:label1\" content=\"Escrito por\" \/>\n\t<meta name=\"twitter:data1\" content=\"admpu17wp\" \/>\n\t<meta name=\"twitter:label2\" content=\"Tiempo de lectura\" \/>\n\t<meta name=\"twitter:data2\" content=\"2 minutos\" \/>\n<script type=\"application\/ld+json\" class=\"yoast-schema-graph\">{\"@context\":\"https:\/\/schema.org\",\"@graph\":[{\"@type\":\"Article\",\"@id\":\"https:\/\/experienciadevida.com.ar\/portalurbano\/se-diagnosticaron-3-099-casos-mas-de-covid-19-en-el-pais-y-murieron-58-personas\/#article\",\"isPartOf\":{\"@id\":\"https:\/\/experienciadevida.com.ar\/portalurbano\/se-diagnosticaron-3-099-casos-mas-de-covid-19-en-el-pais-y-murieron-58-personas\/\"},\"author\":{\"name\":\"admpu17wp\",\"@id\":\"https:\/\/experienciadevida.com.ar\/portalurbano\/#\/schema\/person\/02dd326b1c4b056e9cc972486934a3a7\"},\"headline\":\"Se diagnosticaron 3.099 casos m\u00e1s de covid-19 en el pa\u00eds y murieron 58 personas\",\"datePublished\":\"2020-07-14T00:01:20+00:00\",\"dateModified\":\"2020-07-14T00:03:32+00:00\",\"mainEntityOfPage\":{\"@id\":\"https:\/\/experienciadevida.com.ar\/portalurbano\/se-diagnosticaron-3-099-casos-mas-de-covid-19-en-el-pais-y-murieron-58-personas\/\"},\"wordCount\":487,\"publisher\":{\"@id\":\"https:\/\/experienciadevida.com.ar\/portalurbano\/#organization\"},\"articleSection\":[\"Coronavirus\",\"Naci\u00f3n\"],\"inLanguage\":\"es\"},{\"@type\":\"WebPage\",\"@id\":\"https:\/\/experienciadevida.com.ar\/portalurbano\/se-diagnosticaron-3-099-casos-mas-de-covid-19-en-el-pais-y-murieron-58-personas\/\",\"url\":\"https:\/\/experienciadevida.com.ar\/portalurbano\/se-diagnosticaron-3-099-casos-mas-de-covid-19-en-el-pais-y-murieron-58-personas\/\",\"name\":\"Se diagnosticaron 3.099 casos m\u00e1s de covid-19 en el pa\u00eds y murieron 58 personas -\",\"isPartOf\":{\"@id\":\"https:\/\/experienciadevida.com.ar\/portalurbano\/#website\"},\"datePublished\":\"2020-07-14T00:01:20+00:00\",\"dateModified\":\"2020-07-14T00:03:32+00:00\",\"breadcrumb\":{\"@id\":\"https:\/\/experienciadevida.com.ar\/portalurbano\/se-diagnosticaron-3-099-casos-mas-de-covid-19-en-el-pais-y-murieron-58-personas\/#breadcrumb\"},\"inLanguage\":\"es\",\"potentialAction\":[{\"@type\":\"ReadAction\",\"target\":[\"https:\/\/experienciadevida.com.ar\/portalurbano\/se-diagnosticaron-3-099-casos-mas-de-covid-19-en-el-pais-y-murieron-58-personas\/\"]}]},{\"@type\":\"BreadcrumbList\",\"@id\":\"https:\/\/experienciadevida.com.ar\/portalurbano\/se-diagnosticaron-3-099-casos-mas-de-covid-19-en-el-pais-y-murieron-58-personas\/#breadcrumb\",\"itemListElement\":[{\"@type\":\"ListItem\",\"position\":1,\"name\":\"Portada\",\"item\":\"https:\/\/experienciadevida.com.ar\/portalurbano\/\"},{\"@type\":\"ListItem\",\"position\":2,\"name\":\"Se diagnosticaron 3.099 casos m\u00e1s de covid-19 en el pa\u00eds y murieron 58 personas\"}]},{\"@type\":\"WebSite\",\"@id\":\"https:\/\/experienciadevida.com.ar\/portalurbano\/#website\",\"url\":\"https:\/\/experienciadevida.com.ar\/portalurbano\/\",\"name\":\"\",\"description\":\"\",\"publisher\":{\"@id\":\"https:\/\/experienciadevida.com.ar\/portalurbano\/#organization\"},\"potentialAction\":[{\"@type\":\"SearchAction\",\"target\":{\"@type\":\"EntryPoint\",\"urlTemplate\":\"https:\/\/experienciadevida.com.ar\/portalurbano\/?s={search_term_string}\"},\"query-input\":\"required name=search_term_string\"}],\"inLanguage\":\"es\"},{\"@type\":\"Organization\",\"@id\":\"https:\/\/experienciadevida.com.ar\/portalurbano\/#organization\",\"name\":\"Portal Urbano\",\"url\":\"https:\/\/experienciadevida.com.ar\/portalurbano\/\",\"logo\":{\"@type\":\"ImageObject\",\"inLanguage\":\"es\",\"@id\":\"https:\/\/experienciadevida.com.ar\/portalurbano\/#\/schema\/logo\/image\/\",\"url\":\"https:\/\/experienciadevida.com.ar\/portalurbano\/wp-content\/uploads\/2019\/09\/Logo-Original.png\",\"contentUrl\":\"https:\/\/experienciadevida.com.ar\/portalurbano\/wp-content\/uploads\/2019\/09\/Logo-Original.png\",\"width\":2236,\"height\":1216,\"caption\":\"Portal Urbano\"},\"image\":{\"@id\":\"https:\/\/experienciadevida.com.ar\/portalurbano\/#\/schema\/logo\/image\/\"},\"sameAs\":[\"https:\/\/www.facebook.com\/Portal-Urbano-171542830093757\/\",\"https:\/\/twitter.com\/portalurbanook\",\"https:\/\/www.instagram.com\/_portalurbano\/\",\"https:\/\/www.youtube.com\/channel\/UCXhagIfszH8KxFiOok79zbA?view_as=subscriber\"]},{\"@type\":\"Person\",\"@id\":\"https:\/\/experienciadevida.com.ar\/portalurbano\/#\/schema\/person\/02dd326b1c4b056e9cc972486934a3a7\",\"name\":\"admpu17wp\",\"image\":{\"@type\":\"ImageObject\",\"inLanguage\":\"es\",\"@id\":\"https:\/\/experienciadevida.com.ar\/portalurbano\/#\/schema\/person\/image\/\",\"url\":\"https:\/\/secure.gravatar.com\/avatar\/830d4c57adaae6630765e449a6908047?s=96&d=mm&r=g\",\"contentUrl\":\"https:\/\/secure.gravatar.com\/avatar\/830d4c57adaae6630765e449a6908047?s=96&d=mm&r=g\",\"caption\":\"admpu17wp\"}}]}<\/script>\n<!-- \/ Yoast SEO plugin. -->","yoast_head_json":{"title":"Se diagnosticaron 3.099 casos m\u00e1s de covid-19 en el pa\u00eds y murieron 58 personas -","robots":{"index":"index","follow":"follow","max-snippet":"max-snippet:-1","max-image-preview":"max-image-preview:large","max-video-preview":"max-video-preview:-1"},"canonical":"https:\/\/experienciadevida.com.ar\/portalurbano\/se-diagnosticaron-3-099-casos-mas-de-covid-19-en-el-pais-y-murieron-58-personas\/","og_locale":"es_ES","og_type":"article","og_title":"Se diagnosticaron 3.099 casos m\u00e1s de covid-19 en el pa\u00eds y murieron 58 personas -","og_description":"Los contagios, si bien no son pocos, se estabilizaron en los \u00faltimos d\u00edas. En nueve...","og_url":"https:\/\/experienciadevida.com.ar\/portalurbano\/se-diagnosticaron-3-099-casos-mas-de-covid-19-en-el-pais-y-murieron-58-personas\/","article_publisher":"https:\/\/www.facebook.com\/Portal-Urbano-171542830093757\/","article_published_time":"2020-07-14T00:01:20+00:00","article_modified_time":"2020-07-14T00:03:32+00:00","og_image":[{"width":696,"height":464,"url":"https:\/\/experienciadevida.com.ar\/portalurbano\/wp-content\/uploads\/2020\/06\/CORONAVIRUSHOSPITAL.jpg","type":"image\/jpeg"}],"author":"admpu17wp","twitter_card":"summary_large_image","twitter_creator":"@portalurbanook","twitter_site":"@portalurbanook","twitter_misc":{"Escrito por":"admpu17wp","Tiempo de lectura":"2 minutos"},"schema":{"@context":"https:\/\/schema.org","@graph":[{"@type":"Article","@id":"https:\/\/experienciadevida.com.ar\/portalurbano\/se-diagnosticaron-3-099-casos-mas-de-covid-19-en-el-pais-y-murieron-58-personas\/#article","isPartOf":{"@id":"https:\/\/experienciadevida.com.ar\/portalurbano\/se-diagnosticaron-3-099-casos-mas-de-covid-19-en-el-pais-y-murieron-58-personas\/"},"author":{"name":"admpu17wp","@id":"https:\/\/experienciadevida.com.ar\/portalurbano\/#\/schema\/person\/02dd326b1c4b056e9cc972486934a3a7"},"headline":"Se diagnosticaron 3.099 casos m\u00e1s de covid-19 en el pa\u00eds y murieron 58 personas","datePublished":"2020-07-14T00:01:20+00:00","dateModified":"2020-07-14T00:03:32+00:00","mainEntityOfPage":{"@id":"https:\/\/experienciadevida.com.ar\/portalurbano\/se-diagnosticaron-3-099-casos-mas-de-covid-19-en-el-pais-y-murieron-58-personas\/"},"wordCount":487,"publisher":{"@id":"https:\/\/experienciadevida.com.ar\/portalurbano\/#organization"},"articleSection":["Coronavirus","Naci\u00f3n"],"inLanguage":"es"},{"@type":"WebPage","@id":"https:\/\/experienciadevida.com.ar\/portalurbano\/se-diagnosticaron-3-099-casos-mas-de-covid-19-en-el-pais-y-murieron-58-personas\/","url":"https:\/\/experienciadevida.com.ar\/portalurbano\/se-diagnosticaron-3-099-casos-mas-de-covid-19-en-el-pais-y-murieron-58-personas\/","name":"Se diagnosticaron 3.099 casos m\u00e1s de covid-19 en el pa\u00eds y murieron 58 personas -","isPartOf":{"@id":"https:\/\/experienciadevida.com.ar\/portalurbano\/#website"},"datePublished":"2020-07-14T00:01:20+00:00","dateModified":"2020-07-14T00:03:32+00:00","breadcrumb":{"@id":"https:\/\/experienciadevida.com.ar\/portalurbano\/se-diagnosticaron-3-099-casos-mas-de-covid-19-en-el-pais-y-murieron-58-personas\/#breadcrumb"},"inLanguage":"es","potentialAction":[{"@type":"ReadAction","target":["https:\/\/experienciadevida.com.ar\/portalurbano\/se-diagnosticaron-3-099-casos-mas-de-covid-19-en-el-pais-y-murieron-58-personas\/"]}]},{"@type":"BreadcrumbList","@id":"https:\/\/experienciadevida.com.ar\/portalurbano\/se-diagnosticaron-3-099-casos-mas-de-covid-19-en-el-pais-y-murieron-58-personas\/#breadcrumb","itemListElement":[{"@type":"ListItem","position":1,"name":"Portada","item":"https:\/\/experienciadevida.com.ar\/portalurbano\/"},{"@type":"ListItem","position":2,"name":"Se diagnosticaron 3.099 casos m\u00e1s de covid-19 en el pa\u00eds y murieron 58 personas"}]},{"@type":"WebSite","@id":"https:\/\/experienciadevida.com.ar\/portalurbano\/#website","url":"https:\/\/experienciadevida.com.ar\/portalurbano\/","name":"","description":"","publisher":{"@id":"https:\/\/experienciadevida.com.ar\/portalurbano\/#organization"},"potentialAction":[{"@type":"SearchAction","target":{"@type":"EntryPoint","urlTemplate":"https:\/\/experienciadevida.com.ar\/portalurbano\/?s={search_term_string}"},"query-input":"required name=search_term_string"}],"inLanguage":"es"},{"@type":"Organization","@id":"https:\/\/experienciadevida.com.ar\/portalurbano\/#organization","name":"Portal Urbano","url":"https:\/\/experienciadevida.com.ar\/portalurbano\/","logo":{"@type":"ImageObject","inLanguage":"es","@id":"https:\/\/experienciadevida.com.ar\/portalurbano\/#\/schema\/logo\/image\/","url":"https:\/\/experienciadevida.com.ar\/portalurbano\/wp-content\/uploads\/2019\/09\/Logo-Original.png","contentUrl":"https:\/\/experienciadevida.com.ar\/portalurbano\/wp-content\/uploads\/2019\/09\/Logo-Original.png","width":2236,"height":1216,"caption":"Portal Urbano"},"image":{"@id":"https:\/\/experienciadevida.com.ar\/portalurbano\/#\/schema\/logo\/image\/"},"sameAs":["https:\/\/www.facebook.com\/Portal-Urbano-171542830093757\/","https:\/\/twitter.com\/portalurbanook","https:\/\/www.instagram.com\/_portalurbano\/","https:\/\/www.youtube.com\/channel\/UCXhagIfszH8KxFiOok79zbA?view_as=subscriber"]},{"@type":"Person","@id":"https:\/\/experienciadevida.com.ar\/portalurbano\/#\/schema\/person\/02dd326b1c4b056e9cc972486934a3a7","name":"admpu17wp","image":{"@type":"ImageObject","inLanguage":"es","@id":"https:\/\/experienciadevida.com.ar\/portalurbano\/#\/schema\/person\/image\/","url":"https:\/\/secure.gravatar.com\/avatar\/830d4c57adaae6630765e449a6908047?s=96&d=mm&r=g","contentUrl":"https:\/\/secure.gravatar.com\/avatar\/830d4c57adaae6630765e449a6908047?s=96&d=mm&r=g","caption":"admpu17wp"}}]}},"featured_image_urls":{"full":["https:\/\/experienciadevida.com.ar\/portalurbano\/wp-content\/uploads\/2020\/06\/CORONAVIRUSHOSPITAL.jpg",696,464,false],"thumbnail":["https:\/\/experienciadevida.com.ar\/portalurbano\/wp-content\/uploads\/2020\/06\/CORONAVIRUSHOSPITAL-150x150.jpg",150,150,true],"medium":["https:\/\/experienciadevida.com.ar\/portalurbano\/wp-content\/uploads\/2020\/06\/CORONAVIRUSHOSPITAL-300x200.jpg",300,200,true],"medium_large":["https:\/\/experienciadevida.com.ar\/portalurbano\/wp-content\/uploads\/2020\/06\/CORONAVIRUSHOSPITAL.jpg",640,427,false],"large":["https:\/\/experienciadevida.com.ar\/portalurbano\/wp-content\/uploads\/2020\/06\/CORONAVIRUSHOSPITAL.jpg",640,427,false],"ug_big":["https:\/\/experienciadevida.com.ar\/portalurbano\/wp-content\/uploads\/2020\/06\/CORONAVIRUSHOSPITAL.jpg",696,464,false],"1536x1536":["https:\/\/experienciadevida.com.ar\/portalurbano\/wp-content\/uploads\/2020\/06\/CORONAVIRUSHOSPITAL.jpg",696,464,false],"2048x2048":["https:\/\/experienciadevida.com.ar\/portalurbano\/wp-content\/uploads\/2020\/06\/CORONAVIRUSHOSPITAL.jpg",696,464,false],"newsever-slider-full":["https:\/\/experienciadevida.com.ar\/portalurbano\/wp-content\/uploads\/2020\/06\/CORONAVIRUSHOSPITAL.jpg",696,464,false],"newsever-featured":["https:\/\/experienciadevida.com.ar\/portalurbano\/wp-content\/uploads\/2020\/06\/CORONAVIRUSHOSPITAL.jpg",696,464,false],"newsever-medium":["https:\/\/experienciadevida.com.ar\/portalurbano\/wp-content\/uploads\/2020\/06\/CORONAVIRUSHOSPITAL.jpg",696,464,false],"web-stories-poster-portrait":["https:\/\/experienciadevida.com.ar\/portalurbano\/wp-content\/uploads\/2020\/06\/CORONAVIRUSHOSPITAL.jpg",640,427,false],"web-stories-publisher-logo":["https:\/\/experienciadevida.com.ar\/portalurbano\/wp-content\/uploads\/2020\/06\/CORONAVIRUSHOSPITAL.jpg",96,64,false],"web-stories-thumbnail":["https:\/\/experienciadevida.com.ar\/portalurbano\/wp-content\/uploads\/2020\/06\/CORONAVIRUSHOSPITAL.jpg",150,100,false]},"author_info":{"display_name":"admpu17wp","author_link":"https:\/\/experienciadevida.com.ar\/portalurbano\/author\/admpu17wp\/"},"category_info":"<a href=\"https:\/\/experienciadevida.com.ar\/portalurbano\/category\/nacion\/coronavirus\/\" rel=\"category tag\">Coronavirus<\/a> <a href=\"https:\/\/experienciadevida.com.ar\/portalurbano\/category\/nacion\/\" rel=\"category tag\">Naci\u00f3n<\/a>","tag_info":"Naci\u00f3n","comment_count":"0","amp_enabled":true,"_links":{"self":[{"href":"https:\/\/experienciadevida.com.ar\/portalurbano\/wp-json\/wp\/v2\/posts\/114847"}],"collection":[{"href":"https:\/\/experienciadevida.com.ar\/portalurbano\/wp-json\/wp\/v2\/posts"}],"about":[{"href":"https:\/\/experienciadevida.com.ar\/portalurbano\/wp-json\/wp\/v2\/types\/post"}],"author":[{"embeddable":true,"href":"https:\/\/experienciadevida.com.ar\/portalurbano\/wp-json\/wp\/v2\/users\/1"}],"replies":[{"embeddable":true,"href":"https:\/\/experienciadevida.com.ar\/portalurbano\/wp-json\/wp\/v2\/comments?post=114847"}],"version-history":[{"count":1,"href":"https:\/\/experienciadevida.com.ar\/portalurbano\/wp-json\/wp\/v2\/posts\/114847\/revisions"}],"predecessor-version":[{"id":114848,"href":"https:\/\/experienciadevida.com.ar\/portalurbano\/wp-json\/wp\/v2\/posts\/114847\/revisions\/114848"}],"wp:featuredmedia":[{"embeddable":true,"href":"https:\/\/experienciadevida.com.ar\/portalurbano\/wp-json\/wp\/v2\/media\/113446"}],"wp:attachment":[{"href":"https:\/\/experienciadevida.com.ar\/portalurbano\/wp-json\/wp\/v2\/media?parent=114847"}],"wp:term":[{"taxonomy":"category","embeddable":true,"href":"https:\/\/experienciadevida.com.ar\/portalurbano\/wp-json\/wp\/v2\/categories?post=114847"},{"taxonomy":"post_tag","embeddable":true,"href":"https:\/\/experienciadevida.com.ar\/portalurbano\/wp-json\/wp\/v2\/tags?post=114847"}],"curies":[{"name":"wp","href":"https:\/\/api.w.org\/{rel}","templated":true}]}}