{"id":114712,"date":"2020-07-12T19:42:45","date_gmt":"2020-07-12T22:42:45","guid":{"rendered":"https:\/\/experienciadevida.com.ar\/portalurbano\/?p=114712"},"modified":"2020-07-12T19:43:16","modified_gmt":"2020-07-12T22:43:16","slug":"covid-en-el-pais-mas-de-100-mil-casos-desde-el-inicio-de-la-pandemia-y-35-nuevas-muertes","status":"publish","type":"post","link":"https:\/\/experienciadevida.com.ar\/portalurbano\/covid-en-el-pais-mas-de-100-mil-casos-desde-el-inicio-de-la-pandemia-y-35-nuevas-muertes\/","title":{"rendered":"Covid en el pa\u00eds: m\u00e1s de 100 mil casos desde el inicio de la pandemia y 35 nuevas muertes"},"content":{"rendered":"<p>En las \u00faltimas 24 horas se diagnosticaron otros 2.657 positivos: 1.633 en la provincia de Buenos aires y 754 en CABA.<\/p>\n<p>De acuerdo al \u00faltimo parte del Ministerio de Salud de la Naci\u00f3n fueron confirmados 2.657 nuevos casos de coronavirus en el pa\u00eds y 35 muertes en las \u00faltimas 24 horas. La pandemia ya alcanza los 100.166 contagios desde su inicio y de esa cifra, 1.845 personas perdieron la vida por la enfermedad.<\/p>\n<p>Seg\u00fan el registro de casos de las \u00faltimas 24 horas, la provincia de Buenos Aires tuvo 1.633 diagn\u00f3sticos, m\u00e1s que la Ciudad de Buenos Aires que confirm\u00f3 754.<\/p>\n<p>\u201cDel total de esos casos, 1.081 (1,1%) son importados, 33.376 (33,3%) son contactos estrechos de casos confirmados, 48.213 (48,1%) son casos de circulaci\u00f3n comunitaria y el resto se encuentra en investigaci\u00f3n epidemiol\u00f3gica\u201d, especific\u00f3 la cartera sanitaria.<\/p>\n<p>De acuerdo a la informaci\u00f3n reportada por las distintas jurisdicciones hay 735 pacientes con covid internados en Unidades de Terapia Intensiva. El porcentaje de ocupaci\u00f3n de camas en adultos es a nivel nacional del 52%, mientras que en el \u00c1rea Metropolitana de Buenos Aires (AMBA) es del 59,5%.<\/p>\n<p>Siguiendo los dos informes oficiales ofrecidos hoy por el ministerio de Salud, se registraron 35 nuevas muertes por la pandemia. En el primero se confirmaron ocho nuevas muertes, correspondientes a cinco hombres, cuatro de 61, 78, 91 y 69 a\u00f1os, residentes en la provincia de Buenos Aires; uno de 84 a\u00f1os, residente en la Ciudad de Buenos Aires (CABA); y dos mujeres de 88 y 72 a\u00f1os, residentes en la provincia de Buenos Aires. Una persona de 81 a\u00f1os, residente en la Ciudad de Buenos Aires (CABA) fue reportada sin dato de sexo. En el segundo reporte se informaron 27 nuevas muertes. Se trata de 18 hombres, 10 de 56, 55, 42, 53, 68, 78, 72, 4, 57 y 41 a\u00f1os, residentes en la provincia de Buenos Aires; 7 de 97, 74, 48, 88, 77, 85 y 69 a\u00f1os, residentes en la Ciudad de Buenos Aires (CABA); uno de 78 a\u00f1os, residente en la provincia de R\u00edo Negro; y 8 mujeres, 7 de 86, 72, 58, 37, 83, 77 y 56 a\u00f1os, residentes en la provincia de Buenos Aires; y una de 69 a\u00f1os, residente en la Ciudad de Buenos Aires (CABA). Una persona de 77 a\u00f1os, residente en la Ciudad de Buenos Aires (CABA) fue reportada sin dato de sexo. Al momento la cantidad de personas fallecidas es 1.845.<\/p>\n<p>Detalle por distrito:<\/p>\n<p>A continuaci\u00f3n se detallan los casos confirmados por cada distrito del pa\u00eds, tanto en las \u00faltimas 24 horas (en la primera cifra) como los acumulados desde el inicio de la pandemia (en la segunda).<\/p>\n<p>Buenos Aires 1633 | 53.661<br \/>\nCiudad de Buenos Aires 754 | 38.335<br \/>\nCatamarca 0 | 39<br \/>\nChaco 25 | 2.577<br \/>\nChubut 1 | 206<br \/>\nC\u00f3rdoba 34 | 916<br \/>\nCorrientes 0 | 125<br \/>\nEntre R\u00edos 60 | 493<br \/>\nFormosa 0 | 75<br \/>\nJujuy 68 | 462<br \/>\nLa Pampa 0 | 7<br \/>\nLa Rioja 4 | 140<br \/>\nMendoza 14 | 295<br \/>\nMisiones 0 | 41<br \/>\nNeuqu\u00e9n 17 | 693<br \/>\nR\u00edo Negro 14 | 1096<br \/>\nSalta 2 | 109<br \/>\nSan Juan 0 | 9<br \/>\nSan Luis 0 | 12<br \/>\nSanta Cruz 1 | 61<br \/>\nSanta Fe 23 | 528<br \/>\nSantiago del Estero 0 | 36<br \/>\nTierra del Fuego\u00a0 6 | 160<br \/>\nTucum\u00e1n 1 | 90<\/p>\n<p>Aquellos casos confirmados que no est\u00e1n notificados por residencia, fueron contabilizados por provincia de carga.<\/p>\n<p>Se reclasific\u00f3 un caso de Corrientes a Entre R\u00edos.<\/p>\n<p>Se incluyen 13 casos existentes en las Islas Malvinas seg\u00fan informaci\u00f3n de prensa (debido a la ocupaci\u00f3n ilegal del Reino Unido, Gran Breta\u00f1a e Irlanda del Norte no es posible contar con informaci\u00f3n propia sobre el impacto del COVID -19 en esa parte del territorio argentino).<\/p>\n<p>Fuente: DIB<\/p>\n","protected":false},"excerpt":{"rendered":"<p>En las \u00faltimas 24 horas se diagnosticaron otros 2.657 positivos: 1.633 en la provincia de&#8230;<\/p>\n","protected":false},"author":1,"featured_media":0,"comment_status":"closed","ping_status":"closed","sticky":false,"template":"","format":"standard","meta":{"content-type":""},"categories":[71,39],"tags":[],"nelio_content":{"isAutoShareEnabled":false,"autoShareEndMode":"default","automationSources":{"useContentSentences":true,"useSocialTemplates":true,"useCustomSentences":false,"customSentences":[]},"followers":[1],"suggestedReferences":[],"includedReferences":[],"efiUrl":"","efiAlt":"","highlights":[]},"yoast_head":"<!-- This site is optimized with the Yoast SEO plugin v20.7 - https:\/\/yoast.com\/wordpress\/plugins\/seo\/ -->\n<title>Covid en el pa\u00eds: m\u00e1s de 100 mil casos desde el inicio de la pandemia y 35 nuevas muertes -<\/title>\n<meta name=\"robots\" content=\"index, follow, max-snippet:-1, max-image-preview:large, max-video-preview:-1\" \/>\n<link rel=\"canonical\" href=\"https:\/\/experienciadevida.com.ar\/portalurbano\/covid-en-el-pais-mas-de-100-mil-casos-desde-el-inicio-de-la-pandemia-y-35-nuevas-muertes\/\" \/>\n<meta property=\"og:locale\" content=\"es_ES\" \/>\n<meta property=\"og:type\" content=\"article\" \/>\n<meta property=\"og:title\" content=\"Covid en el pa\u00eds: m\u00e1s de 100 mil casos desde el inicio de la pandemia y 35 nuevas muertes -\" \/>\n<meta property=\"og:description\" content=\"En las \u00faltimas 24 horas se diagnosticaron otros 2.657 positivos: 1.633 en la provincia de...\" \/>\n<meta property=\"og:url\" content=\"https:\/\/experienciadevida.com.ar\/portalurbano\/covid-en-el-pais-mas-de-100-mil-casos-desde-el-inicio-de-la-pandemia-y-35-nuevas-muertes\/\" \/>\n<meta property=\"article:publisher\" content=\"https:\/\/www.facebook.com\/Portal-Urbano-171542830093757\/\" \/>\n<meta property=\"article:published_time\" content=\"2020-07-12T22:42:45+00:00\" \/>\n<meta property=\"article:modified_time\" content=\"2020-07-12T22:43:16+00:00\" \/>\n<meta name=\"author\" content=\"admpu17wp\" \/>\n<meta name=\"twitter:card\" content=\"summary_large_image\" \/>\n<meta name=\"twitter:creator\" content=\"@portalurbanook\" \/>\n<meta name=\"twitter:site\" content=\"@portalurbanook\" \/>\n<meta name=\"twitter:label1\" content=\"Escrito por\" \/>\n\t<meta name=\"twitter:data1\" content=\"admpu17wp\" \/>\n\t<meta name=\"twitter:label2\" content=\"Tiempo de lectura\" \/>\n\t<meta name=\"twitter:data2\" content=\"3 minutos\" \/>\n<script type=\"application\/ld+json\" class=\"yoast-schema-graph\">{\"@context\":\"https:\/\/schema.org\",\"@graph\":[{\"@type\":\"Article\",\"@id\":\"https:\/\/experienciadevida.com.ar\/portalurbano\/covid-en-el-pais-mas-de-100-mil-casos-desde-el-inicio-de-la-pandemia-y-35-nuevas-muertes\/#article\",\"isPartOf\":{\"@id\":\"https:\/\/experienciadevida.com.ar\/portalurbano\/covid-en-el-pais-mas-de-100-mil-casos-desde-el-inicio-de-la-pandemia-y-35-nuevas-muertes\/\"},\"author\":{\"name\":\"admpu17wp\",\"@id\":\"https:\/\/experienciadevida.com.ar\/portalurbano\/#\/schema\/person\/02dd326b1c4b056e9cc972486934a3a7\"},\"headline\":\"Covid en el pa\u00eds: m\u00e1s de 100 mil casos desde el inicio de la pandemia y 35 nuevas muertes\",\"datePublished\":\"2020-07-12T22:42:45+00:00\",\"dateModified\":\"2020-07-12T22:43:16+00:00\",\"mainEntityOfPage\":{\"@id\":\"https:\/\/experienciadevida.com.ar\/portalurbano\/covid-en-el-pais-mas-de-100-mil-casos-desde-el-inicio-de-la-pandemia-y-35-nuevas-muertes\/\"},\"wordCount\":542,\"publisher\":{\"@id\":\"https:\/\/experienciadevida.com.ar\/portalurbano\/#organization\"},\"articleSection\":[\"Coronavirus\",\"Naci\u00f3n\"],\"inLanguage\":\"es\"},{\"@type\":\"WebPage\",\"@id\":\"https:\/\/experienciadevida.com.ar\/portalurbano\/covid-en-el-pais-mas-de-100-mil-casos-desde-el-inicio-de-la-pandemia-y-35-nuevas-muertes\/\",\"url\":\"https:\/\/experienciadevida.com.ar\/portalurbano\/covid-en-el-pais-mas-de-100-mil-casos-desde-el-inicio-de-la-pandemia-y-35-nuevas-muertes\/\",\"name\":\"Covid en el pa\u00eds: m\u00e1s de 100 mil casos desde el inicio de la pandemia y 35 nuevas muertes -\",\"isPartOf\":{\"@id\":\"https:\/\/experienciadevida.com.ar\/portalurbano\/#website\"},\"datePublished\":\"2020-07-12T22:42:45+00:00\",\"dateModified\":\"2020-07-12T22:43:16+00:00\",\"breadcrumb\":{\"@id\":\"https:\/\/experienciadevida.com.ar\/portalurbano\/covid-en-el-pais-mas-de-100-mil-casos-desde-el-inicio-de-la-pandemia-y-35-nuevas-muertes\/#breadcrumb\"},\"inLanguage\":\"es\",\"potentialAction\":[{\"@type\":\"ReadAction\",\"target\":[\"https:\/\/experienciadevida.com.ar\/portalurbano\/covid-en-el-pais-mas-de-100-mil-casos-desde-el-inicio-de-la-pandemia-y-35-nuevas-muertes\/\"]}]},{\"@type\":\"BreadcrumbList\",\"@id\":\"https:\/\/experienciadevida.com.ar\/portalurbano\/covid-en-el-pais-mas-de-100-mil-casos-desde-el-inicio-de-la-pandemia-y-35-nuevas-muertes\/#breadcrumb\",\"itemListElement\":[{\"@type\":\"ListItem\",\"position\":1,\"name\":\"Portada\",\"item\":\"https:\/\/experienciadevida.com.ar\/portalurbano\/\"},{\"@type\":\"ListItem\",\"position\":2,\"name\":\"Covid en el pa\u00eds: m\u00e1s de 100 mil casos desde el inicio de la pandemia y 35 nuevas muertes\"}]},{\"@type\":\"WebSite\",\"@id\":\"https:\/\/experienciadevida.com.ar\/portalurbano\/#website\",\"url\":\"https:\/\/experienciadevida.com.ar\/portalurbano\/\",\"name\":\"\",\"description\":\"\",\"publisher\":{\"@id\":\"https:\/\/experienciadevida.com.ar\/portalurbano\/#organization\"},\"potentialAction\":[{\"@type\":\"SearchAction\",\"target\":{\"@type\":\"EntryPoint\",\"urlTemplate\":\"https:\/\/experienciadevida.com.ar\/portalurbano\/?s={search_term_string}\"},\"query-input\":\"required name=search_term_string\"}],\"inLanguage\":\"es\"},{\"@type\":\"Organization\",\"@id\":\"https:\/\/experienciadevida.com.ar\/portalurbano\/#organization\",\"name\":\"Portal Urbano\",\"url\":\"https:\/\/experienciadevida.com.ar\/portalurbano\/\",\"logo\":{\"@type\":\"ImageObject\",\"inLanguage\":\"es\",\"@id\":\"https:\/\/experienciadevida.com.ar\/portalurbano\/#\/schema\/logo\/image\/\",\"url\":\"https:\/\/experienciadevida.com.ar\/portalurbano\/wp-content\/uploads\/2019\/09\/Logo-Original.png\",\"contentUrl\":\"https:\/\/experienciadevida.com.ar\/portalurbano\/wp-content\/uploads\/2019\/09\/Logo-Original.png\",\"width\":2236,\"height\":1216,\"caption\":\"Portal Urbano\"},\"image\":{\"@id\":\"https:\/\/experienciadevida.com.ar\/portalurbano\/#\/schema\/logo\/image\/\"},\"sameAs\":[\"https:\/\/www.facebook.com\/Portal-Urbano-171542830093757\/\",\"https:\/\/twitter.com\/portalurbanook\",\"https:\/\/www.instagram.com\/_portalurbano\/\",\"https:\/\/www.youtube.com\/channel\/UCXhagIfszH8KxFiOok79zbA?view_as=subscriber\"]},{\"@type\":\"Person\",\"@id\":\"https:\/\/experienciadevida.com.ar\/portalurbano\/#\/schema\/person\/02dd326b1c4b056e9cc972486934a3a7\",\"name\":\"admpu17wp\",\"image\":{\"@type\":\"ImageObject\",\"inLanguage\":\"es\",\"@id\":\"https:\/\/experienciadevida.com.ar\/portalurbano\/#\/schema\/person\/image\/\",\"url\":\"https:\/\/secure.gravatar.com\/avatar\/830d4c57adaae6630765e449a6908047?s=96&d=mm&r=g\",\"contentUrl\":\"https:\/\/secure.gravatar.com\/avatar\/830d4c57adaae6630765e449a6908047?s=96&d=mm&r=g\",\"caption\":\"admpu17wp\"}}]}<\/script>\n<!-- \/ Yoast SEO plugin. -->","yoast_head_json":{"title":"Covid en el pa\u00eds: m\u00e1s de 100 mil casos desde el inicio de la pandemia y 35 nuevas muertes -","robots":{"index":"index","follow":"follow","max-snippet":"max-snippet:-1","max-image-preview":"max-image-preview:large","max-video-preview":"max-video-preview:-1"},"canonical":"https:\/\/experienciadevida.com.ar\/portalurbano\/covid-en-el-pais-mas-de-100-mil-casos-desde-el-inicio-de-la-pandemia-y-35-nuevas-muertes\/","og_locale":"es_ES","og_type":"article","og_title":"Covid en el pa\u00eds: m\u00e1s de 100 mil casos desde el inicio de la pandemia y 35 nuevas muertes -","og_description":"En las \u00faltimas 24 horas se diagnosticaron otros 2.657 positivos: 1.633 en la provincia de...","og_url":"https:\/\/experienciadevida.com.ar\/portalurbano\/covid-en-el-pais-mas-de-100-mil-casos-desde-el-inicio-de-la-pandemia-y-35-nuevas-muertes\/","article_publisher":"https:\/\/www.facebook.com\/Portal-Urbano-171542830093757\/","article_published_time":"2020-07-12T22:42:45+00:00","article_modified_time":"2020-07-12T22:43:16+00:00","author":"admpu17wp","twitter_card":"summary_large_image","twitter_creator":"@portalurbanook","twitter_site":"@portalurbanook","twitter_misc":{"Escrito por":"admpu17wp","Tiempo de lectura":"3 minutos"},"schema":{"@context":"https:\/\/schema.org","@graph":[{"@type":"Article","@id":"https:\/\/experienciadevida.com.ar\/portalurbano\/covid-en-el-pais-mas-de-100-mil-casos-desde-el-inicio-de-la-pandemia-y-35-nuevas-muertes\/#article","isPartOf":{"@id":"https:\/\/experienciadevida.com.ar\/portalurbano\/covid-en-el-pais-mas-de-100-mil-casos-desde-el-inicio-de-la-pandemia-y-35-nuevas-muertes\/"},"author":{"name":"admpu17wp","@id":"https:\/\/experienciadevida.com.ar\/portalurbano\/#\/schema\/person\/02dd326b1c4b056e9cc972486934a3a7"},"headline":"Covid en el pa\u00eds: m\u00e1s de 100 mil casos desde el inicio de la pandemia y 35 nuevas muertes","datePublished":"2020-07-12T22:42:45+00:00","dateModified":"2020-07-12T22:43:16+00:00","mainEntityOfPage":{"@id":"https:\/\/experienciadevida.com.ar\/portalurbano\/covid-en-el-pais-mas-de-100-mil-casos-desde-el-inicio-de-la-pandemia-y-35-nuevas-muertes\/"},"wordCount":542,"publisher":{"@id":"https:\/\/experienciadevida.com.ar\/portalurbano\/#organization"},"articleSection":["Coronavirus","Naci\u00f3n"],"inLanguage":"es"},{"@type":"WebPage","@id":"https:\/\/experienciadevida.com.ar\/portalurbano\/covid-en-el-pais-mas-de-100-mil-casos-desde-el-inicio-de-la-pandemia-y-35-nuevas-muertes\/","url":"https:\/\/experienciadevida.com.ar\/portalurbano\/covid-en-el-pais-mas-de-100-mil-casos-desde-el-inicio-de-la-pandemia-y-35-nuevas-muertes\/","name":"Covid en el pa\u00eds: m\u00e1s de 100 mil casos desde el inicio de la pandemia y 35 nuevas muertes -","isPartOf":{"@id":"https:\/\/experienciadevida.com.ar\/portalurbano\/#website"},"datePublished":"2020-07-12T22:42:45+00:00","dateModified":"2020-07-12T22:43:16+00:00","breadcrumb":{"@id":"https:\/\/experienciadevida.com.ar\/portalurbano\/covid-en-el-pais-mas-de-100-mil-casos-desde-el-inicio-de-la-pandemia-y-35-nuevas-muertes\/#breadcrumb"},"inLanguage":"es","potentialAction":[{"@type":"ReadAction","target":["https:\/\/experienciadevida.com.ar\/portalurbano\/covid-en-el-pais-mas-de-100-mil-casos-desde-el-inicio-de-la-pandemia-y-35-nuevas-muertes\/"]}]},{"@type":"BreadcrumbList","@id":"https:\/\/experienciadevida.com.ar\/portalurbano\/covid-en-el-pais-mas-de-100-mil-casos-desde-el-inicio-de-la-pandemia-y-35-nuevas-muertes\/#breadcrumb","itemListElement":[{"@type":"ListItem","position":1,"name":"Portada","item":"https:\/\/experienciadevida.com.ar\/portalurbano\/"},{"@type":"ListItem","position":2,"name":"Covid en el pa\u00eds: m\u00e1s de 100 mil casos desde el inicio de la pandemia y 35 nuevas muertes"}]},{"@type":"WebSite","@id":"https:\/\/experienciadevida.com.ar\/portalurbano\/#website","url":"https:\/\/experienciadevida.com.ar\/portalurbano\/","name":"","description":"","publisher":{"@id":"https:\/\/experienciadevida.com.ar\/portalurbano\/#organization"},"potentialAction":[{"@type":"SearchAction","target":{"@type":"EntryPoint","urlTemplate":"https:\/\/experienciadevida.com.ar\/portalurbano\/?s={search_term_string}"},"query-input":"required name=search_term_string"}],"inLanguage":"es"},{"@type":"Organization","@id":"https:\/\/experienciadevida.com.ar\/portalurbano\/#organization","name":"Portal Urbano","url":"https:\/\/experienciadevida.com.ar\/portalurbano\/","logo":{"@type":"ImageObject","inLanguage":"es","@id":"https:\/\/experienciadevida.com.ar\/portalurbano\/#\/schema\/logo\/image\/","url":"https:\/\/experienciadevida.com.ar\/portalurbano\/wp-content\/uploads\/2019\/09\/Logo-Original.png","contentUrl":"https:\/\/experienciadevida.com.ar\/portalurbano\/wp-content\/uploads\/2019\/09\/Logo-Original.png","width":2236,"height":1216,"caption":"Portal Urbano"},"image":{"@id":"https:\/\/experienciadevida.com.ar\/portalurbano\/#\/schema\/logo\/image\/"},"sameAs":["https:\/\/www.facebook.com\/Portal-Urbano-171542830093757\/","https:\/\/twitter.com\/portalurbanook","https:\/\/www.instagram.com\/_portalurbano\/","https:\/\/www.youtube.com\/channel\/UCXhagIfszH8KxFiOok79zbA?view_as=subscriber"]},{"@type":"Person","@id":"https:\/\/experienciadevida.com.ar\/portalurbano\/#\/schema\/person\/02dd326b1c4b056e9cc972486934a3a7","name":"admpu17wp","image":{"@type":"ImageObject","inLanguage":"es","@id":"https:\/\/experienciadevida.com.ar\/portalurbano\/#\/schema\/person\/image\/","url":"https:\/\/secure.gravatar.com\/avatar\/830d4c57adaae6630765e449a6908047?s=96&d=mm&r=g","contentUrl":"https:\/\/secure.gravatar.com\/avatar\/830d4c57adaae6630765e449a6908047?s=96&d=mm&r=g","caption":"admpu17wp"}}]}},"featured_image_urls":{"full":"","thumbnail":"","medium":"","medium_large":"","large":"","ug_big":"","1536x1536":"","2048x2048":"","newsever-slider-full":"","newsever-featured":"","newsever-medium":"","web-stories-poster-portrait":"","web-stories-publisher-logo":"","web-stories-thumbnail":""},"author_info":{"display_name":"admpu17wp","author_link":"https:\/\/experienciadevida.com.ar\/portalurbano\/author\/admpu17wp\/"},"category_info":"<a href=\"https:\/\/experienciadevida.com.ar\/portalurbano\/category\/nacion\/coronavirus\/\" rel=\"category tag\">Coronavirus<\/a> <a href=\"https:\/\/experienciadevida.com.ar\/portalurbano\/category\/nacion\/\" rel=\"category tag\">Naci\u00f3n<\/a>","tag_info":"Naci\u00f3n","comment_count":"0","amp_enabled":true,"_links":{"self":[{"href":"https:\/\/experienciadevida.com.ar\/portalurbano\/wp-json\/wp\/v2\/posts\/114712"}],"collection":[{"href":"https:\/\/experienciadevida.com.ar\/portalurbano\/wp-json\/wp\/v2\/posts"}],"about":[{"href":"https:\/\/experienciadevida.com.ar\/portalurbano\/wp-json\/wp\/v2\/types\/post"}],"author":[{"embeddable":true,"href":"https:\/\/experienciadevida.com.ar\/portalurbano\/wp-json\/wp\/v2\/users\/1"}],"replies":[{"embeddable":true,"href":"https:\/\/experienciadevida.com.ar\/portalurbano\/wp-json\/wp\/v2\/comments?post=114712"}],"version-history":[{"count":2,"href":"https:\/\/experienciadevida.com.ar\/portalurbano\/wp-json\/wp\/v2\/posts\/114712\/revisions"}],"predecessor-version":[{"id":114715,"href":"https:\/\/experienciadevida.com.ar\/portalurbano\/wp-json\/wp\/v2\/posts\/114712\/revisions\/114715"}],"wp:attachment":[{"href":"https:\/\/experienciadevida.com.ar\/portalurbano\/wp-json\/wp\/v2\/media?parent=114712"}],"wp:term":[{"taxonomy":"category","embeddable":true,"href":"https:\/\/experienciadevida.com.ar\/portalurbano\/wp-json\/wp\/v2\/categories?post=114712"},{"taxonomy":"post_tag","embeddable":true,"href":"https:\/\/experienciadevida.com.ar\/portalurbano\/wp-json\/wp\/v2\/tags?post=114712"}],"curies":[{"name":"wp","href":"https:\/\/api.w.org\/{rel}","templated":true}]}}