{"id":114634,"date":"2020-07-12T10:59:04","date_gmt":"2020-07-12T13:59:04","guid":{"rendered":"https:\/\/experienciadevida.com.ar\/portalurbano\/?p=114634"},"modified":"2020-07-12T11:04:22","modified_gmt":"2020-07-12T14:04:22","slug":"cuarentena-sin-descanso-2020-el-ano-sin-vacaciones-para-disfrutar","status":"publish","type":"post","link":"https:\/\/experienciadevida.com.ar\/portalurbano\/cuarentena-sin-descanso-2020-el-ano-sin-vacaciones-para-disfrutar\/","title":{"rendered":"Cuarentena sin descanso: 2020, el a\u00f1o sin vacaciones para disfrutar"},"content":{"rendered":"<p><strong>Aunque t\u00e9cnicamente las vacaciones de invierno se implementaran en la segunda quincena de julio, muchos aseguran un agotamiento evidente. Padres, ni\u00f1os y profesores ya sienten el peso de casi cuatro meses de cuarentena.<\/strong><\/p>\n<hr \/>\n<p>Pero a esta altura del a\u00f1o el\u00a0agotamiento\u00a0es evidente. Y la posibilidad de descanso en este mes no existe.\u00a0<strong>Padres, ni\u00f1os y profesores ya sienten el peso de casi\u00a0<\/strong><strong>cuatro meses de cuarentena<\/strong><strong>.<\/strong><\/p>\n<p>Es el caso de\u00a0<strong>Jimena (35)<\/strong> que hasta antes de la cuarentena ten\u00eda una rutina clara y eficiente. Sus hijos de 7 y 10 a\u00f1os se iban a la escuela a las 8.00. Ella, que trabaja confeccionando ropa en su casa, ordenaba, sal\u00eda de compras y ten\u00eda tiempo para su trabajo. \u201cSiempre ten\u00eda varias cosas que hacer, pero era mucho menos estresante que ahora\u201d, reconoce.<\/p>\n<p><strong>Hoy se admite agobiada. Siente que pasa todo el d\u00eda lavando platos.\u00a0<\/strong>\u201cPorque primero es el desayuno antes de las\u00a0clases en l\u00ednea. Despu\u00e9s, el almuerzo para que coman antes de la \u00faltima clase que es a las tres de la tarde. Despu\u00e9s tengo que preparar algo para cenar\u201d, cuenta.<\/p>\n<p><img decoding=\"async\" class=\"aligncenter wp-image-114646 size-full\" src=\"https:\/\/experienciadevida.com.ar\/portalurbano\/wp-content\/uploads\/2020\/07\/LC6E527F5BFEFKNIEFD4JRFDBE.jpg\" alt=\"\" width=\"800\" height=\"533\" srcset=\"https:\/\/experienciadevida.com.ar\/portalurbano\/wp-content\/uploads\/2020\/07\/LC6E527F5BFEFKNIEFD4JRFDBE.jpg 800w, https:\/\/experienciadevida.com.ar\/portalurbano\/wp-content\/uploads\/2020\/07\/LC6E527F5BFEFKNIEFD4JRFDBE-300x200.jpg 300w, https:\/\/experienciadevida.com.ar\/portalurbano\/wp-content\/uploads\/2020\/07\/LC6E527F5BFEFKNIEFD4JRFDBE-768x512.jpg 768w\" sizes=\"(max-width: 800px) 100vw, 800px\" \/><\/p>\n<p>Adem\u00e1s, Jimena debe ayudarlos en las tareas y eso la agota, dice, porque ahora su trabajo est\u00e1 con mucha demanda: hace barbijos de tela personalizados. \u201cMis hijos adem\u00e1s est\u00e1n m\u00e1s demandantes, quieren que vea tele con ellos y todo el d\u00eda escucho \u2018mam\u00e1\u2019 a cada rato.\u00a0<strong>A veces me encierro en el ba\u00f1o para estar sola<\/strong>\u201d.<\/p>\n<p>Quiere un descanso. En estas fechas viajaban por vacaciones de invierno a la casa de su padre. Hay primos con los cuales los chicos juegan y ella descansa. Este a\u00f1o no podr\u00e1.<\/p>\n<p>Incluso para quienes no tienen hijos sienten necesaria una pausa.\u00a0<strong>M\u00f3nica (36) trabaja en un estudio contable\u00a0<\/strong>y no tiene hijos, pero siempre toma vacaciones a mediados de a\u00f1o. A estas alturas , todavia no tiene nada planificado a corto plazo. <strong>\u201cEste a\u00f1o, el cansancio acumulado desde octubre del a\u00f1o pasado,<\/strong>\u00a0m\u00e1s la incertidumbre de no saber si podr\u00e9 tener alg\u00fan d\u00eda de descanso de ac\u00e1 a fin de a\u00f1o, es agobiante. No poder planificar ni pensar en hacer algo que no sea la misma rutina de estar dentro de casa y trabajar, me pasa la cuenta, ando s\u00faper irascible y no estoy rindiendo como siempre en el trabajo. Todas mis estrategias para\u00a0combatir el estr\u00e9s\u00a0se est\u00e1n quedando cortas, ya no s\u00e9 qu\u00e9 m\u00e1s hacer\u201d.<\/p>\n<p><img decoding=\"async\" class=\"aligncenter wp-image-114645 \" src=\"https:\/\/experienciadevida.com.ar\/portalurbano\/wp-content\/uploads\/2020\/07\/mujer-negocios-haciendo-contabilidad-finanzas-computadora-portatil-oficina_34152-1836.jpg\" alt=\"\" width=\"725\" height=\"483\" srcset=\"https:\/\/experienciadevida.com.ar\/portalurbano\/wp-content\/uploads\/2020\/07\/mujer-negocios-haciendo-contabilidad-finanzas-computadora-portatil-oficina_34152-1836.jpg 626w, https:\/\/experienciadevida.com.ar\/portalurbano\/wp-content\/uploads\/2020\/07\/mujer-negocios-haciendo-contabilidad-finanzas-computadora-portatil-oficina_34152-1836-300x200.jpg 300w\" sizes=\"(max-width: 725px) 100vw, 725px\" \/><\/p>\n<p>&nbsp;<\/p>\n<p><strong>Para los docentes<\/strong> el cansancio tambi\u00e9n es evidente.\u00a0<strong>Carla \u00a0(33), es profesora de Historia <\/strong>\u00a0y aunque tendr\u00e1 vacaciones de invierno en julio, dice que estos casi cuatro meses se les hicieron eternos y con una presi\u00f3n extra por el cambio de modalidad de aprendizaje.<\/p>\n<p>A mitad de a\u00f1o, cuenta Carla, ya experimenta un permanente\u00a0dolor de espalda, dolor de cabeza\u00a0d\u00eda por medio y est\u00e1 desanimada. \u201cLa mayor\u00eda de mis colegas est\u00e1n en las mismas condiciones. Siento que a esta altura estoy haciendo las cosas por cumplir\u201d. \u201cYo me acuesto tipo 10 de la noche, pero me cuesta dormir, me despierto a cada rato y duermo mal. A las 8 de la ma\u00f1ana ya tengo que estar conectada. Despierto sin descansar. <strong>Como que se me fue la energ\u00eda, y las vacaciones en esta \u00e9poca son para recargar energ\u00eda. Tengo una hija peque\u00f1a, estudio, y me canso<\/strong>\u201d.<\/p>\n<p><img decoding=\"async\" class=\"aligncenter wp-image-114647 \" src=\"https:\/\/experienciadevida.com.ar\/portalurbano\/wp-content\/uploads\/2020\/07\/5ec005bfd8e8a.jpeg\" alt=\"\" width=\"723\" height=\"362\" srcset=\"https:\/\/experienciadevida.com.ar\/portalurbano\/wp-content\/uploads\/2020\/07\/5ec005bfd8e8a.jpeg 950w, https:\/\/experienciadevida.com.ar\/portalurbano\/wp-content\/uploads\/2020\/07\/5ec005bfd8e8a-300x150.jpeg 300w, https:\/\/experienciadevida.com.ar\/portalurbano\/wp-content\/uploads\/2020\/07\/5ec005bfd8e8a-768x384.jpeg 768w\" sizes=\"(max-width: 723px) 100vw, 723px\" \/><\/p>\n<h2>Urgencia en cuarentena<\/h2>\n<p>Los ni\u00f1os y las ni\u00f1as normalmente tienen periodos de descansos diarios por un tema de atenci\u00f3n y de necesidad de movimiento.\u00a0<strong>Por eso existen los recreos en los colegios.<\/strong>\u00a0No pueden continuamente poner atenci\u00f3n a un adulto, porque su sistema de atenci\u00f3n es limitado.\u00a0<strong>\u201cSiempre deben tener pausas, un recreo, un fin de semana que divide una semana de otra\u201d.<\/strong><\/p>\n<h3><em>El ciclo lectivo tendr\u00e1 su receso invernal a pesar de la cuarentena por el coronavirus, dado que las clases continuaron virtualmente desde el inicio de la misma<\/em><\/h3>\n<p>M\u00e1s all\u00e1 de la cuarentana por el coronavirus,\u00a0<strong>los alumnos contar\u00e1n con las vacaciones de invierno\u00a0<\/strong>correspondientes, como cada a\u00f1o. Esto se debe a que de todas formas, a pesar de la pandemia, el ciclo lectivo continu\u00f3 en formato virtual.<\/p>\n<p>El Consejo Federal de Educaci\u00f3n determin\u00f3 el calendario general, si bien cada provincia establece su propia fecha del receso invernal seg\u00fan las condiciones clim\u00e1ticas, tur\u00edsticas y productivas de cada regi\u00f3n.<\/p>\n<p>En la provincia de Buenos Aires, la regi\u00f3n del AMBA que es la m\u00e1s afectada por el coronavirus. Por eso, los 41 municipios que forman parte de la misma tendr\u00e1n como fecha de receso del\u00a0<strong>22 de julio\u00a0 al 2 de agosto.<\/strong><\/p>\n<p><em><strong>Calendario inicial de vacaciones de invierno 2020 por provincia<\/strong><\/em><\/p>\n<p><strong><em>Buenos Aires: ( Fuera del Amba) del 20 al 31 de julio<\/em><\/strong><\/p>\n<p>Catamarca: del 13 al 24 de julio<\/p>\n<p>Chaco: del 13 al 24 de julio<\/p>\n<p>Chubut: del 06 al 17 de julio<\/p>\n<p>C\u00f3rdoba: del 13 al 24 de julio<\/p>\n<p>Corrientes: del 13 al 24 de julio<\/p>\n<p>Entre R\u00edos: del 13 al 24 de julio<\/p>\n<p>Formosa: del 13 al 24 de julio<\/p>\n<p>Jujuy: del 20 al 31 de julio<\/p>\n<p>La Pampa: del 13 al 24 de julio<\/p>\n<p>La Rioja: del 06 al 17 de julio<\/p>\n<p>Mendoza: del 06 al 17 de julio<\/p>\n<p>Misiones: del 13 al 24 de julio<\/p>\n<p>Neuqu\u00e9n: del 06 al 17 de julio<\/p>\n<p>R\u00edo Negro: del 13 al 24 de julio<\/p>\n<p>Salta: del 13 al 24 de julio<\/p>\n<p>San Juan: del 13 al 24 de julio<\/p>\n<p>San Luis: del 13 al 24 de julio<\/p>\n<p>Santa Cruz: del 20 al 31 de julio<\/p>\n<p>Santa Fe: del 13 al 24 de julio<\/p>\n<p>Santiago del Estero: del 20 al 31 de julio<\/p>\n<p>Tierra del Fuego: del 20 al 31 de julio<\/p>\n<p>Tucum\u00e1n: del 13 al 24 de julio<\/p>\n<p><strong>Fotos Ilustrativas<\/strong><\/p>\n","protected":false},"excerpt":{"rendered":"<p>Aunque t\u00e9cnicamente las vacaciones de invierno se implementaran en la segunda quincena de julio, muchos&#8230;<\/p>\n","protected":false},"author":1,"featured_media":114649,"comment_status":"closed","ping_status":"closed","sticky":false,"template":"","format":"standard","meta":{"content-type":""},"categories":[27,51],"tags":[],"nelio_content":{"isAutoShareEnabled":false,"autoShareEndMode":"default","automationSources":{"useContentSentences":true,"useSocialTemplates":true,"useCustomSentences":false,"customSentences":[]},"followers":[1],"suggestedReferences":[],"includedReferences":[],"efiUrl":"","efiAlt":"","highlights":[]},"yoast_head":"<!-- This site is optimized with the Yoast SEO plugin v20.7 - https:\/\/yoast.com\/wordpress\/plugins\/seo\/ -->\n<title>Cuarentena sin descanso: 2020, el a\u00f1o sin vacaciones para disfrutar -<\/title>\n<meta name=\"robots\" content=\"index, follow, max-snippet:-1, max-image-preview:large, max-video-preview:-1\" \/>\n<link rel=\"canonical\" href=\"https:\/\/experienciadevida.com.ar\/portalurbano\/cuarentena-sin-descanso-2020-el-ano-sin-vacaciones-para-disfrutar\/\" \/>\n<meta property=\"og:locale\" content=\"es_ES\" \/>\n<meta property=\"og:type\" content=\"article\" \/>\n<meta property=\"og:title\" content=\"Cuarentena sin descanso: 2020, el a\u00f1o sin vacaciones para disfrutar -\" \/>\n<meta property=\"og:description\" content=\"Aunque t\u00e9cnicamente las vacaciones de invierno se implementaran en la segunda quincena de julio, muchos...\" \/>\n<meta property=\"og:url\" content=\"https:\/\/experienciadevida.com.ar\/portalurbano\/cuarentena-sin-descanso-2020-el-ano-sin-vacaciones-para-disfrutar\/\" \/>\n<meta property=\"article:publisher\" content=\"https:\/\/www.facebook.com\/Portal-Urbano-171542830093757\/\" \/>\n<meta property=\"article:published_time\" content=\"2020-07-12T13:59:04+00:00\" \/>\n<meta property=\"article:modified_time\" content=\"2020-07-12T14:04:22+00:00\" \/>\n<meta property=\"og:image\" content=\"https:\/\/experienciadevida.com.ar\/portalurbano\/wp-content\/uploads\/2020\/07\/actividades-ninos-en-cuarentena-e1594561561481.jpg\" \/>\n\t<meta property=\"og:image:width\" content=\"750\" \/>\n\t<meta property=\"og:image:height\" content=\"422\" \/>\n\t<meta property=\"og:image:type\" content=\"image\/jpeg\" \/>\n<meta name=\"author\" content=\"admpu17wp\" \/>\n<meta name=\"twitter:card\" content=\"summary_large_image\" \/>\n<meta name=\"twitter:creator\" content=\"@portalurbanook\" \/>\n<meta name=\"twitter:site\" content=\"@portalurbanook\" \/>\n<meta name=\"twitter:label1\" content=\"Escrito por\" \/>\n\t<meta name=\"twitter:data1\" content=\"admpu17wp\" \/>\n\t<meta name=\"twitter:label2\" content=\"Tiempo de lectura\" \/>\n\t<meta name=\"twitter:data2\" content=\"5 minutos\" \/>\n<script type=\"application\/ld+json\" class=\"yoast-schema-graph\">{\"@context\":\"https:\/\/schema.org\",\"@graph\":[{\"@type\":\"Article\",\"@id\":\"https:\/\/experienciadevida.com.ar\/portalurbano\/cuarentena-sin-descanso-2020-el-ano-sin-vacaciones-para-disfrutar\/#article\",\"isPartOf\":{\"@id\":\"https:\/\/experienciadevida.com.ar\/portalurbano\/cuarentena-sin-descanso-2020-el-ano-sin-vacaciones-para-disfrutar\/\"},\"author\":{\"name\":\"admpu17wp\",\"@id\":\"https:\/\/experienciadevida.com.ar\/portalurbano\/#\/schema\/person\/02dd326b1c4b056e9cc972486934a3a7\"},\"headline\":\"Cuarentena sin descanso: 2020, el a\u00f1o sin vacaciones para disfrutar\",\"datePublished\":\"2020-07-12T13:59:04+00:00\",\"dateModified\":\"2020-07-12T14:04:22+00:00\",\"mainEntityOfPage\":{\"@id\":\"https:\/\/experienciadevida.com.ar\/portalurbano\/cuarentena-sin-descanso-2020-el-ano-sin-vacaciones-para-disfrutar\/\"},\"wordCount\":947,\"publisher\":{\"@id\":\"https:\/\/experienciadevida.com.ar\/portalurbano\/#organization\"},\"articleSection\":[\"Ciudad\",\"Destacadas\"],\"inLanguage\":\"es\"},{\"@type\":\"WebPage\",\"@id\":\"https:\/\/experienciadevida.com.ar\/portalurbano\/cuarentena-sin-descanso-2020-el-ano-sin-vacaciones-para-disfrutar\/\",\"url\":\"https:\/\/experienciadevida.com.ar\/portalurbano\/cuarentena-sin-descanso-2020-el-ano-sin-vacaciones-para-disfrutar\/\",\"name\":\"Cuarentena sin descanso: 2020, el a\u00f1o sin vacaciones para disfrutar -\",\"isPartOf\":{\"@id\":\"https:\/\/experienciadevida.com.ar\/portalurbano\/#website\"},\"datePublished\":\"2020-07-12T13:59:04+00:00\",\"dateModified\":\"2020-07-12T14:04:22+00:00\",\"breadcrumb\":{\"@id\":\"https:\/\/experienciadevida.com.ar\/portalurbano\/cuarentena-sin-descanso-2020-el-ano-sin-vacaciones-para-disfrutar\/#breadcrumb\"},\"inLanguage\":\"es\",\"potentialAction\":[{\"@type\":\"ReadAction\",\"target\":[\"https:\/\/experienciadevida.com.ar\/portalurbano\/cuarentena-sin-descanso-2020-el-ano-sin-vacaciones-para-disfrutar\/\"]}]},{\"@type\":\"BreadcrumbList\",\"@id\":\"https:\/\/experienciadevida.com.ar\/portalurbano\/cuarentena-sin-descanso-2020-el-ano-sin-vacaciones-para-disfrutar\/#breadcrumb\",\"itemListElement\":[{\"@type\":\"ListItem\",\"position\":1,\"name\":\"Portada\",\"item\":\"https:\/\/experienciadevida.com.ar\/portalurbano\/\"},{\"@type\":\"ListItem\",\"position\":2,\"name\":\"Cuarentena sin descanso: 2020, el a\u00f1o sin vacaciones para disfrutar\"}]},{\"@type\":\"WebSite\",\"@id\":\"https:\/\/experienciadevida.com.ar\/portalurbano\/#website\",\"url\":\"https:\/\/experienciadevida.com.ar\/portalurbano\/\",\"name\":\"\",\"description\":\"\",\"publisher\":{\"@id\":\"https:\/\/experienciadevida.com.ar\/portalurbano\/#organization\"},\"potentialAction\":[{\"@type\":\"SearchAction\",\"target\":{\"@type\":\"EntryPoint\",\"urlTemplate\":\"https:\/\/experienciadevida.com.ar\/portalurbano\/?s={search_term_string}\"},\"query-input\":\"required name=search_term_string\"}],\"inLanguage\":\"es\"},{\"@type\":\"Organization\",\"@id\":\"https:\/\/experienciadevida.com.ar\/portalurbano\/#organization\",\"name\":\"Portal Urbano\",\"url\":\"https:\/\/experienciadevida.com.ar\/portalurbano\/\",\"logo\":{\"@type\":\"ImageObject\",\"inLanguage\":\"es\",\"@id\":\"https:\/\/experienciadevida.com.ar\/portalurbano\/#\/schema\/logo\/image\/\",\"url\":\"https:\/\/experienciadevida.com.ar\/portalurbano\/wp-content\/uploads\/2019\/09\/Logo-Original.png\",\"contentUrl\":\"https:\/\/experienciadevida.com.ar\/portalurbano\/wp-content\/uploads\/2019\/09\/Logo-Original.png\",\"width\":2236,\"height\":1216,\"caption\":\"Portal Urbano\"},\"image\":{\"@id\":\"https:\/\/experienciadevida.com.ar\/portalurbano\/#\/schema\/logo\/image\/\"},\"sameAs\":[\"https:\/\/www.facebook.com\/Portal-Urbano-171542830093757\/\",\"https:\/\/twitter.com\/portalurbanook\",\"https:\/\/www.instagram.com\/_portalurbano\/\",\"https:\/\/www.youtube.com\/channel\/UCXhagIfszH8KxFiOok79zbA?view_as=subscriber\"]},{\"@type\":\"Person\",\"@id\":\"https:\/\/experienciadevida.com.ar\/portalurbano\/#\/schema\/person\/02dd326b1c4b056e9cc972486934a3a7\",\"name\":\"admpu17wp\",\"image\":{\"@type\":\"ImageObject\",\"inLanguage\":\"es\",\"@id\":\"https:\/\/experienciadevida.com.ar\/portalurbano\/#\/schema\/person\/image\/\",\"url\":\"https:\/\/secure.gravatar.com\/avatar\/830d4c57adaae6630765e449a6908047?s=96&d=mm&r=g\",\"contentUrl\":\"https:\/\/secure.gravatar.com\/avatar\/830d4c57adaae6630765e449a6908047?s=96&d=mm&r=g\",\"caption\":\"admpu17wp\"}}]}<\/script>\n<!-- \/ Yoast SEO plugin. -->","yoast_head_json":{"title":"Cuarentena sin descanso: 2020, el a\u00f1o sin vacaciones para disfrutar -","robots":{"index":"index","follow":"follow","max-snippet":"max-snippet:-1","max-image-preview":"max-image-preview:large","max-video-preview":"max-video-preview:-1"},"canonical":"https:\/\/experienciadevida.com.ar\/portalurbano\/cuarentena-sin-descanso-2020-el-ano-sin-vacaciones-para-disfrutar\/","og_locale":"es_ES","og_type":"article","og_title":"Cuarentena sin descanso: 2020, el a\u00f1o sin vacaciones para disfrutar -","og_description":"Aunque t\u00e9cnicamente las vacaciones de invierno se implementaran en la segunda quincena de julio, muchos...","og_url":"https:\/\/experienciadevida.com.ar\/portalurbano\/cuarentena-sin-descanso-2020-el-ano-sin-vacaciones-para-disfrutar\/","article_publisher":"https:\/\/www.facebook.com\/Portal-Urbano-171542830093757\/","article_published_time":"2020-07-12T13:59:04+00:00","article_modified_time":"2020-07-12T14:04:22+00:00","og_image":[{"width":750,"height":422,"url":"https:\/\/experienciadevida.com.ar\/portalurbano\/wp-content\/uploads\/2020\/07\/actividades-ninos-en-cuarentena-e1594561561481.jpg","type":"image\/jpeg"}],"author":"admpu17wp","twitter_card":"summary_large_image","twitter_creator":"@portalurbanook","twitter_site":"@portalurbanook","twitter_misc":{"Escrito por":"admpu17wp","Tiempo de lectura":"5 minutos"},"schema":{"@context":"https:\/\/schema.org","@graph":[{"@type":"Article","@id":"https:\/\/experienciadevida.com.ar\/portalurbano\/cuarentena-sin-descanso-2020-el-ano-sin-vacaciones-para-disfrutar\/#article","isPartOf":{"@id":"https:\/\/experienciadevida.com.ar\/portalurbano\/cuarentena-sin-descanso-2020-el-ano-sin-vacaciones-para-disfrutar\/"},"author":{"name":"admpu17wp","@id":"https:\/\/experienciadevida.com.ar\/portalurbano\/#\/schema\/person\/02dd326b1c4b056e9cc972486934a3a7"},"headline":"Cuarentena sin descanso: 2020, el a\u00f1o sin vacaciones para disfrutar","datePublished":"2020-07-12T13:59:04+00:00","dateModified":"2020-07-12T14:04:22+00:00","mainEntityOfPage":{"@id":"https:\/\/experienciadevida.com.ar\/portalurbano\/cuarentena-sin-descanso-2020-el-ano-sin-vacaciones-para-disfrutar\/"},"wordCount":947,"publisher":{"@id":"https:\/\/experienciadevida.com.ar\/portalurbano\/#organization"},"articleSection":["Ciudad","Destacadas"],"inLanguage":"es"},{"@type":"WebPage","@id":"https:\/\/experienciadevida.com.ar\/portalurbano\/cuarentena-sin-descanso-2020-el-ano-sin-vacaciones-para-disfrutar\/","url":"https:\/\/experienciadevida.com.ar\/portalurbano\/cuarentena-sin-descanso-2020-el-ano-sin-vacaciones-para-disfrutar\/","name":"Cuarentena sin descanso: 2020, el a\u00f1o sin vacaciones para disfrutar -","isPartOf":{"@id":"https:\/\/experienciadevida.com.ar\/portalurbano\/#website"},"datePublished":"2020-07-12T13:59:04+00:00","dateModified":"2020-07-12T14:04:22+00:00","breadcrumb":{"@id":"https:\/\/experienciadevida.com.ar\/portalurbano\/cuarentena-sin-descanso-2020-el-ano-sin-vacaciones-para-disfrutar\/#breadcrumb"},"inLanguage":"es","potentialAction":[{"@type":"ReadAction","target":["https:\/\/experienciadevida.com.ar\/portalurbano\/cuarentena-sin-descanso-2020-el-ano-sin-vacaciones-para-disfrutar\/"]}]},{"@type":"BreadcrumbList","@id":"https:\/\/experienciadevida.com.ar\/portalurbano\/cuarentena-sin-descanso-2020-el-ano-sin-vacaciones-para-disfrutar\/#breadcrumb","itemListElement":[{"@type":"ListItem","position":1,"name":"Portada","item":"https:\/\/experienciadevida.com.ar\/portalurbano\/"},{"@type":"ListItem","position":2,"name":"Cuarentena sin descanso: 2020, el a\u00f1o sin vacaciones para disfrutar"}]},{"@type":"WebSite","@id":"https:\/\/experienciadevida.com.ar\/portalurbano\/#website","url":"https:\/\/experienciadevida.com.ar\/portalurbano\/","name":"","description":"","publisher":{"@id":"https:\/\/experienciadevida.com.ar\/portalurbano\/#organization"},"potentialAction":[{"@type":"SearchAction","target":{"@type":"EntryPoint","urlTemplate":"https:\/\/experienciadevida.com.ar\/portalurbano\/?s={search_term_string}"},"query-input":"required name=search_term_string"}],"inLanguage":"es"},{"@type":"Organization","@id":"https:\/\/experienciadevida.com.ar\/portalurbano\/#organization","name":"Portal Urbano","url":"https:\/\/experienciadevida.com.ar\/portalurbano\/","logo":{"@type":"ImageObject","inLanguage":"es","@id":"https:\/\/experienciadevida.com.ar\/portalurbano\/#\/schema\/logo\/image\/","url":"https:\/\/experienciadevida.com.ar\/portalurbano\/wp-content\/uploads\/2019\/09\/Logo-Original.png","contentUrl":"https:\/\/experienciadevida.com.ar\/portalurbano\/wp-content\/uploads\/2019\/09\/Logo-Original.png","width":2236,"height":1216,"caption":"Portal Urbano"},"image":{"@id":"https:\/\/experienciadevida.com.ar\/portalurbano\/#\/schema\/logo\/image\/"},"sameAs":["https:\/\/www.facebook.com\/Portal-Urbano-171542830093757\/","https:\/\/twitter.com\/portalurbanook","https:\/\/www.instagram.com\/_portalurbano\/","https:\/\/www.youtube.com\/channel\/UCXhagIfszH8KxFiOok79zbA?view_as=subscriber"]},{"@type":"Person","@id":"https:\/\/experienciadevida.com.ar\/portalurbano\/#\/schema\/person\/02dd326b1c4b056e9cc972486934a3a7","name":"admpu17wp","image":{"@type":"ImageObject","inLanguage":"es","@id":"https:\/\/experienciadevida.com.ar\/portalurbano\/#\/schema\/person\/image\/","url":"https:\/\/secure.gravatar.com\/avatar\/830d4c57adaae6630765e449a6908047?s=96&d=mm&r=g","contentUrl":"https:\/\/secure.gravatar.com\/avatar\/830d4c57adaae6630765e449a6908047?s=96&d=mm&r=g","caption":"admpu17wp"}}]}},"featured_image_urls":{"full":["https:\/\/experienciadevida.com.ar\/portalurbano\/wp-content\/uploads\/2020\/07\/actividades-ninos-en-cuarentena-e1594561561481.jpg",750,422,false],"thumbnail":["https:\/\/experienciadevida.com.ar\/portalurbano\/wp-content\/uploads\/2020\/07\/actividades-ninos-en-cuarentena-150x150.jpg",150,150,true],"medium":["https:\/\/experienciadevida.com.ar\/portalurbano\/wp-content\/uploads\/2020\/07\/actividades-ninos-en-cuarentena-300x169.jpg",300,169,true],"medium_large":["https:\/\/experienciadevida.com.ar\/portalurbano\/wp-content\/uploads\/2020\/07\/actividades-ninos-en-cuarentena-768x432.jpg",640,360,true],"large":["https:\/\/experienciadevida.com.ar\/portalurbano\/wp-content\/uploads\/2020\/07\/actividades-ninos-en-cuarentena-1024x576.jpg",640,360,true],"ug_big":["https:\/\/experienciadevida.com.ar\/portalurbano\/wp-content\/uploads\/2020\/07\/actividades-ninos-en-cuarentena-768x432.jpg",768,432,true],"1536x1536":["https:\/\/experienciadevida.com.ar\/portalurbano\/wp-content\/uploads\/2020\/07\/actividades-ninos-en-cuarentena-e1594561561481.jpg",750,422,false],"2048x2048":["https:\/\/experienciadevida.com.ar\/portalurbano\/wp-content\/uploads\/2020\/07\/actividades-ninos-en-cuarentena-e1594561561481.jpg",750,422,false],"newsever-slider-full":["https:\/\/experienciadevida.com.ar\/portalurbano\/wp-content\/uploads\/2020\/07\/actividades-ninos-en-cuarentena-e1594561561481.jpg",750,422,false],"newsever-featured":["https:\/\/experienciadevida.com.ar\/portalurbano\/wp-content\/uploads\/2020\/07\/actividades-ninos-en-cuarentena-e1594561561481.jpg",750,422,false],"newsever-medium":["https:\/\/experienciadevida.com.ar\/portalurbano\/wp-content\/uploads\/2020\/07\/actividades-ninos-en-cuarentena-e1594561561481.jpg",720,405,false],"web-stories-poster-portrait":["https:\/\/experienciadevida.com.ar\/portalurbano\/wp-content\/uploads\/2020\/07\/actividades-ninos-en-cuarentena-e1594561561481.jpg",640,360,false],"web-stories-publisher-logo":["https:\/\/experienciadevida.com.ar\/portalurbano\/wp-content\/uploads\/2020\/07\/actividades-ninos-en-cuarentena-e1594561561481.jpg",96,54,false],"web-stories-thumbnail":["https:\/\/experienciadevida.com.ar\/portalurbano\/wp-content\/uploads\/2020\/07\/actividades-ninos-en-cuarentena-e1594561561481.jpg",150,84,false]},"author_info":{"display_name":"admpu17wp","author_link":"https:\/\/experienciadevida.com.ar\/portalurbano\/author\/admpu17wp\/"},"category_info":"<a href=\"https:\/\/experienciadevida.com.ar\/portalurbano\/category\/ciudad\/\" rel=\"category tag\">Ciudad<\/a> <a href=\"https:\/\/experienciadevida.com.ar\/portalurbano\/category\/destacadas\/\" rel=\"category tag\">Destacadas<\/a>","tag_info":"Destacadas","comment_count":"0","amp_enabled":true,"_links":{"self":[{"href":"https:\/\/experienciadevida.com.ar\/portalurbano\/wp-json\/wp\/v2\/posts\/114634"}],"collection":[{"href":"https:\/\/experienciadevida.com.ar\/portalurbano\/wp-json\/wp\/v2\/posts"}],"about":[{"href":"https:\/\/experienciadevida.com.ar\/portalurbano\/wp-json\/wp\/v2\/types\/post"}],"author":[{"embeddable":true,"href":"https:\/\/experienciadevida.com.ar\/portalurbano\/wp-json\/wp\/v2\/users\/1"}],"replies":[{"embeddable":true,"href":"https:\/\/experienciadevida.com.ar\/portalurbano\/wp-json\/wp\/v2\/comments?post=114634"}],"version-history":[{"count":11,"href":"https:\/\/experienciadevida.com.ar\/portalurbano\/wp-json\/wp\/v2\/posts\/114634\/revisions"}],"predecessor-version":[{"id":114655,"href":"https:\/\/experienciadevida.com.ar\/portalurbano\/wp-json\/wp\/v2\/posts\/114634\/revisions\/114655"}],"wp:featuredmedia":[{"embeddable":true,"href":"https:\/\/experienciadevida.com.ar\/portalurbano\/wp-json\/wp\/v2\/media\/114649"}],"wp:attachment":[{"href":"https:\/\/experienciadevida.com.ar\/portalurbano\/wp-json\/wp\/v2\/media?parent=114634"}],"wp:term":[{"taxonomy":"category","embeddable":true,"href":"https:\/\/experienciadevida.com.ar\/portalurbano\/wp-json\/wp\/v2\/categories?post=114634"},{"taxonomy":"post_tag","embeddable":true,"href":"https:\/\/experienciadevida.com.ar\/portalurbano\/wp-json\/wp\/v2\/tags?post=114634"}],"curies":[{"name":"wp","href":"https:\/\/api.w.org\/{rel}","templated":true}]}}