{"id":114631,"date":"2020-07-11T20:46:00","date_gmt":"2020-07-11T23:46:00","guid":{"rendered":"https:\/\/experienciadevida.com.ar\/portalurbano\/?p=114631"},"modified":"2020-07-11T20:46:00","modified_gmt":"2020-07-11T23:46:00","slug":"coronavirus-suman-1-810-las-muertes-y-97-509-los-infectados-en-el-pais","status":"publish","type":"post","link":"https:\/\/experienciadevida.com.ar\/portalurbano\/coronavirus-suman-1-810-las-muertes-y-97-509-los-infectados-en-el-pais\/","title":{"rendered":"Coronavirus: suman 1.810 las muertes y 97.509 los infectados en el pa\u00eds"},"content":{"rendered":"<p><strong>En tanto, otras 36 personas fallecieron por coronavirus y fueron diagnosticados 3.449 nuevos casos en las \u00faltimas 24 horas.<\/strong><\/p>\n<hr \/>\n<p>Otras 36 personas fallecieron y 3.449 fueron diagnosticadas de coronavirus en las \u00faltimas 24 horas, con lo que suman 1.810 los decesos y 97.509 casos confirmados desde el inicio dela pandemia en la Argentina, en marzo pasado, inform\u00f3 esta noche el Ministerio de Salud de la Naci\u00f3n.<\/p>\n<p>El informe matutino de la cartera sanitaria daba cuenta de 13 fallecimientos, la mayor\u00eda de la Ciudad y la provincia de Buenos Aires, mientras que en el reporte vespertino se sumaron 23 decesos, con lo que suman 36 fallecimientos en las \u00faltimas 24 horas en el pa\u00eds.<\/p>\n<p>El Ministerio de Salud inform\u00f3 adem\u00e1s que en el \u00c1rea Metropolitana de Buenos Aires (AMBA) hay un 58,2% de camas de terapia intensiva ocupadas, mientras que en el resto del pa\u00eds el porcentaje de ocupaci\u00f3n es del 51,2%, La totalidad de pacientes en terapia intensiva es de 701 seg\u00fan la informaci\u00f3n proporcionada por las provincias a la cartera sanitaria.<\/p>\n<p>En el reporte matutino, se informaron 13 muertes, 9 hombres, 5 de 72, 87, 78, 77 y 45 a\u00f1os, residentes en la provincia de Buenos Aires; 3 de 69, 64 y 65 a\u00f1os, residentes en la Ciudad de Buenos Aires (CABA); uno de 83 a\u00f1os, residente en la provincia de Chaco.<\/p>\n<p>Adem\u00e1s fallecieron 4 mujeres, 2 de 65 y 66 a\u00f1os, residentes en la provincia de Buenos Aires; una de 91 a\u00f1os, residente en la Ciudad de Buenos Aires (CABA); y una de 86 a\u00f1os, residente en la provincia de Chubut.<\/p>\n<p>Por la tarde los fallecidos son 11 hombres, 6 de 79, 91, 73, 102, 82 y 78 a\u00f1os, residentes en la provincia de Buenos Aires; 5 de 89, 75, 54, 80 y 71 a\u00f1os, residentes en la Ciudad de Buenos Aires .<\/p>\n<p>Adem\u00e1s de 12 mujeres, 8 de 98, 76, 67, 79, 95, 70, 97 y 84 a\u00f1os, residentes en la provincia de Buenos Aires; y 4 de 79, 80, 56 y 98 a\u00f1os, residentes en la Ciudad de Buenos Aires.<\/p>\n<p>Del total de esos casos, 1.080 (1,1%) son importados, 32.616 (33,4%) son contactos estrechos de casos confirmados, 46.824 (48%) son casos de circulaci\u00f3n comunitaria y el resto se encuentra en investigaci\u00f3n epidemiol\u00f3gica.<\/p>\n<p>De los casos confirmados hoy la mayor\u00eda pertenece a la provincia de Buenos Aires con 2113 y a la Ciudad de Buenos Aires con 1051.<\/p>\n<p>En el resto del pa\u00eds, la provincia de Catamarca registr\u00f3 un caso, Chaco 56, Chubut 9, C\u00f3rdoba 30, Corrientes 2, Entre R\u00edos 31, Jujuy 59, La Rioja 5, Mendoza 14, Neuqu\u00e9n 13, R\u00edo Negro 25, Salta 21, Santa Fe 19.<\/p>\n<p>En tanto las provincias de Formosa, La Pampa, Misiones, San Juan, San Luis, Santa Cruz, Santiago del Estero, Tierra del Fuego y Tucum\u00e1n no reportaron hoy casos.<\/p>\n<p>Los casos acumulados desde el inicio de la pandemia son: Provincia de Buenos Aires 52.028, Ciudad de Buenos Aires 37.581, Catamarca 39, Chaco 2.552, Chubut 205, C\u00f3rdoba 882, Corrientes 126, Entre R\u00edos 432, Formosa 75, Jujuy 394, La Pampa 7, La Rioja 136, Mendoza 281, Misiones 41, Neuqu\u00e9n 676, R\u00edo Negro 1082, Salta 107, San Juan 9, San Luis 12, Santa Cruz 60, Santa Fe 505, Santa Cruz 60, Santiago del Estero 36, Tierra del Fuego 154 y Tucum\u00e1n 89.<\/p>\n<p>El Ministerio destac\u00f3 adem\u00e1s que Santa Cruz reclasific\u00f3 un caso a la provincia de Buenos Aires.<\/p>\n<p>Adem\u00e1s en Tierra del Fuego se incluyeron 13 casos existentes en las Islas Malvinas seg\u00fan informaci\u00f3n de prensa (debido a la ocupaci\u00f3n ilegal del Reino Unido, Gran Breta\u00f1a e Irlanda del Norte no es posible contar con informaci\u00f3n propia sobre el impacto del Covid-19 en esa parte del territorio argentino).<\/p>\n","protected":false},"excerpt":{"rendered":"<p>En tanto, otras 36 personas fallecieron por coronavirus y fueron diagnosticados 3.449 nuevos casos en&#8230;<\/p>\n","protected":false},"author":1,"featured_media":114632,"comment_status":"closed","ping_status":"closed","sticky":false,"template":"","format":"standard","meta":{"content-type":""},"categories":[71,39],"tags":[],"nelio_content":{"isAutoShareEnabled":false,"autoShareEndMode":"default","automationSources":{"useContentSentences":true,"useSocialTemplates":true,"useCustomSentences":false,"customSentences":[]},"followers":[1],"suggestedReferences":[],"includedReferences":[],"efiUrl":"","efiAlt":"","highlights":[]},"yoast_head":"<!-- This site is optimized with the Yoast SEO plugin v20.7 - https:\/\/yoast.com\/wordpress\/plugins\/seo\/ -->\n<title>Coronavirus: suman 1.810 las muertes y 97.509 los infectados en el pa\u00eds -<\/title>\n<meta name=\"robots\" content=\"index, follow, max-snippet:-1, max-image-preview:large, max-video-preview:-1\" \/>\n<link rel=\"canonical\" href=\"https:\/\/experienciadevida.com.ar\/portalurbano\/coronavirus-suman-1-810-las-muertes-y-97-509-los-infectados-en-el-pais\/\" \/>\n<meta property=\"og:locale\" content=\"es_ES\" \/>\n<meta property=\"og:type\" content=\"article\" \/>\n<meta property=\"og:title\" content=\"Coronavirus: suman 1.810 las muertes y 97.509 los infectados en el pa\u00eds -\" \/>\n<meta property=\"og:description\" content=\"En tanto, otras 36 personas fallecieron por coronavirus y fueron diagnosticados 3.449 nuevos casos en...\" \/>\n<meta property=\"og:url\" content=\"https:\/\/experienciadevida.com.ar\/portalurbano\/coronavirus-suman-1-810-las-muertes-y-97-509-los-infectados-en-el-pais\/\" \/>\n<meta property=\"article:publisher\" content=\"https:\/\/www.facebook.com\/Portal-Urbano-171542830093757\/\" \/>\n<meta property=\"article:published_time\" content=\"2020-07-11T23:46:00+00:00\" \/>\n<meta property=\"og:image\" content=\"https:\/\/experienciadevida.com.ar\/portalurbano\/wp-content\/uploads\/2020\/07\/5f02f7192b98d_1004x565-e1594511077674.jpg\" \/>\n\t<meta property=\"og:image:width\" content=\"750\" \/>\n\t<meta property=\"og:image:height\" content=\"422\" \/>\n\t<meta property=\"og:image:type\" content=\"image\/jpeg\" \/>\n<meta name=\"author\" content=\"admpu17wp\" \/>\n<meta name=\"twitter:card\" content=\"summary_large_image\" \/>\n<meta name=\"twitter:creator\" content=\"@portalurbanook\" \/>\n<meta name=\"twitter:site\" content=\"@portalurbanook\" \/>\n<meta name=\"twitter:label1\" content=\"Escrito por\" \/>\n\t<meta name=\"twitter:data1\" content=\"admpu17wp\" \/>\n\t<meta name=\"twitter:label2\" content=\"Tiempo de lectura\" \/>\n\t<meta name=\"twitter:data2\" content=\"3 minutos\" \/>\n<script type=\"application\/ld+json\" class=\"yoast-schema-graph\">{\"@context\":\"https:\/\/schema.org\",\"@graph\":[{\"@type\":\"Article\",\"@id\":\"https:\/\/experienciadevida.com.ar\/portalurbano\/coronavirus-suman-1-810-las-muertes-y-97-509-los-infectados-en-el-pais\/#article\",\"isPartOf\":{\"@id\":\"https:\/\/experienciadevida.com.ar\/portalurbano\/coronavirus-suman-1-810-las-muertes-y-97-509-los-infectados-en-el-pais\/\"},\"author\":{\"name\":\"admpu17wp\",\"@id\":\"https:\/\/experienciadevida.com.ar\/portalurbano\/#\/schema\/person\/02dd326b1c4b056e9cc972486934a3a7\"},\"headline\":\"Coronavirus: suman 1.810 las muertes y 97.509 los infectados en el pa\u00eds\",\"datePublished\":\"2020-07-11T23:46:00+00:00\",\"dateModified\":\"2020-07-11T23:46:00+00:00\",\"mainEntityOfPage\":{\"@id\":\"https:\/\/experienciadevida.com.ar\/portalurbano\/coronavirus-suman-1-810-las-muertes-y-97-509-los-infectados-en-el-pais\/\"},\"wordCount\":557,\"publisher\":{\"@id\":\"https:\/\/experienciadevida.com.ar\/portalurbano\/#organization\"},\"articleSection\":[\"Coronavirus\",\"Naci\u00f3n\"],\"inLanguage\":\"es\"},{\"@type\":\"WebPage\",\"@id\":\"https:\/\/experienciadevida.com.ar\/portalurbano\/coronavirus-suman-1-810-las-muertes-y-97-509-los-infectados-en-el-pais\/\",\"url\":\"https:\/\/experienciadevida.com.ar\/portalurbano\/coronavirus-suman-1-810-las-muertes-y-97-509-los-infectados-en-el-pais\/\",\"name\":\"Coronavirus: suman 1.810 las muertes y 97.509 los infectados en el pa\u00eds -\",\"isPartOf\":{\"@id\":\"https:\/\/experienciadevida.com.ar\/portalurbano\/#website\"},\"datePublished\":\"2020-07-11T23:46:00+00:00\",\"dateModified\":\"2020-07-11T23:46:00+00:00\",\"breadcrumb\":{\"@id\":\"https:\/\/experienciadevida.com.ar\/portalurbano\/coronavirus-suman-1-810-las-muertes-y-97-509-los-infectados-en-el-pais\/#breadcrumb\"},\"inLanguage\":\"es\",\"potentialAction\":[{\"@type\":\"ReadAction\",\"target\":[\"https:\/\/experienciadevida.com.ar\/portalurbano\/coronavirus-suman-1-810-las-muertes-y-97-509-los-infectados-en-el-pais\/\"]}]},{\"@type\":\"BreadcrumbList\",\"@id\":\"https:\/\/experienciadevida.com.ar\/portalurbano\/coronavirus-suman-1-810-las-muertes-y-97-509-los-infectados-en-el-pais\/#breadcrumb\",\"itemListElement\":[{\"@type\":\"ListItem\",\"position\":1,\"name\":\"Portada\",\"item\":\"https:\/\/experienciadevida.com.ar\/portalurbano\/\"},{\"@type\":\"ListItem\",\"position\":2,\"name\":\"Coronavirus: suman 1.810 las muertes y 97.509 los infectados en el pa\u00eds\"}]},{\"@type\":\"WebSite\",\"@id\":\"https:\/\/experienciadevida.com.ar\/portalurbano\/#website\",\"url\":\"https:\/\/experienciadevida.com.ar\/portalurbano\/\",\"name\":\"\",\"description\":\"\",\"publisher\":{\"@id\":\"https:\/\/experienciadevida.com.ar\/portalurbano\/#organization\"},\"potentialAction\":[{\"@type\":\"SearchAction\",\"target\":{\"@type\":\"EntryPoint\",\"urlTemplate\":\"https:\/\/experienciadevida.com.ar\/portalurbano\/?s={search_term_string}\"},\"query-input\":\"required name=search_term_string\"}],\"inLanguage\":\"es\"},{\"@type\":\"Organization\",\"@id\":\"https:\/\/experienciadevida.com.ar\/portalurbano\/#organization\",\"name\":\"Portal Urbano\",\"url\":\"https:\/\/experienciadevida.com.ar\/portalurbano\/\",\"logo\":{\"@type\":\"ImageObject\",\"inLanguage\":\"es\",\"@id\":\"https:\/\/experienciadevida.com.ar\/portalurbano\/#\/schema\/logo\/image\/\",\"url\":\"https:\/\/experienciadevida.com.ar\/portalurbano\/wp-content\/uploads\/2019\/09\/Logo-Original.png\",\"contentUrl\":\"https:\/\/experienciadevida.com.ar\/portalurbano\/wp-content\/uploads\/2019\/09\/Logo-Original.png\",\"width\":2236,\"height\":1216,\"caption\":\"Portal Urbano\"},\"image\":{\"@id\":\"https:\/\/experienciadevida.com.ar\/portalurbano\/#\/schema\/logo\/image\/\"},\"sameAs\":[\"https:\/\/www.facebook.com\/Portal-Urbano-171542830093757\/\",\"https:\/\/twitter.com\/portalurbanook\",\"https:\/\/www.instagram.com\/_portalurbano\/\",\"https:\/\/www.youtube.com\/channel\/UCXhagIfszH8KxFiOok79zbA?view_as=subscriber\"]},{\"@type\":\"Person\",\"@id\":\"https:\/\/experienciadevida.com.ar\/portalurbano\/#\/schema\/person\/02dd326b1c4b056e9cc972486934a3a7\",\"name\":\"admpu17wp\",\"image\":{\"@type\":\"ImageObject\",\"inLanguage\":\"es\",\"@id\":\"https:\/\/experienciadevida.com.ar\/portalurbano\/#\/schema\/person\/image\/\",\"url\":\"https:\/\/secure.gravatar.com\/avatar\/830d4c57adaae6630765e449a6908047?s=96&d=mm&r=g\",\"contentUrl\":\"https:\/\/secure.gravatar.com\/avatar\/830d4c57adaae6630765e449a6908047?s=96&d=mm&r=g\",\"caption\":\"admpu17wp\"}}]}<\/script>\n<!-- \/ Yoast SEO plugin. -->","yoast_head_json":{"title":"Coronavirus: suman 1.810 las muertes y 97.509 los infectados en el pa\u00eds -","robots":{"index":"index","follow":"follow","max-snippet":"max-snippet:-1","max-image-preview":"max-image-preview:large","max-video-preview":"max-video-preview:-1"},"canonical":"https:\/\/experienciadevida.com.ar\/portalurbano\/coronavirus-suman-1-810-las-muertes-y-97-509-los-infectados-en-el-pais\/","og_locale":"es_ES","og_type":"article","og_title":"Coronavirus: suman 1.810 las muertes y 97.509 los infectados en el pa\u00eds -","og_description":"En tanto, otras 36 personas fallecieron por coronavirus y fueron diagnosticados 3.449 nuevos casos en...","og_url":"https:\/\/experienciadevida.com.ar\/portalurbano\/coronavirus-suman-1-810-las-muertes-y-97-509-los-infectados-en-el-pais\/","article_publisher":"https:\/\/www.facebook.com\/Portal-Urbano-171542830093757\/","article_published_time":"2020-07-11T23:46:00+00:00","og_image":[{"width":750,"height":422,"url":"https:\/\/experienciadevida.com.ar\/portalurbano\/wp-content\/uploads\/2020\/07\/5f02f7192b98d_1004x565-e1594511077674.jpg","type":"image\/jpeg"}],"author":"admpu17wp","twitter_card":"summary_large_image","twitter_creator":"@portalurbanook","twitter_site":"@portalurbanook","twitter_misc":{"Escrito por":"admpu17wp","Tiempo de lectura":"3 minutos"},"schema":{"@context":"https:\/\/schema.org","@graph":[{"@type":"Article","@id":"https:\/\/experienciadevida.com.ar\/portalurbano\/coronavirus-suman-1-810-las-muertes-y-97-509-los-infectados-en-el-pais\/#article","isPartOf":{"@id":"https:\/\/experienciadevida.com.ar\/portalurbano\/coronavirus-suman-1-810-las-muertes-y-97-509-los-infectados-en-el-pais\/"},"author":{"name":"admpu17wp","@id":"https:\/\/experienciadevida.com.ar\/portalurbano\/#\/schema\/person\/02dd326b1c4b056e9cc972486934a3a7"},"headline":"Coronavirus: suman 1.810 las muertes y 97.509 los infectados en el pa\u00eds","datePublished":"2020-07-11T23:46:00+00:00","dateModified":"2020-07-11T23:46:00+00:00","mainEntityOfPage":{"@id":"https:\/\/experienciadevida.com.ar\/portalurbano\/coronavirus-suman-1-810-las-muertes-y-97-509-los-infectados-en-el-pais\/"},"wordCount":557,"publisher":{"@id":"https:\/\/experienciadevida.com.ar\/portalurbano\/#organization"},"articleSection":["Coronavirus","Naci\u00f3n"],"inLanguage":"es"},{"@type":"WebPage","@id":"https:\/\/experienciadevida.com.ar\/portalurbano\/coronavirus-suman-1-810-las-muertes-y-97-509-los-infectados-en-el-pais\/","url":"https:\/\/experienciadevida.com.ar\/portalurbano\/coronavirus-suman-1-810-las-muertes-y-97-509-los-infectados-en-el-pais\/","name":"Coronavirus: suman 1.810 las muertes y 97.509 los infectados en el pa\u00eds -","isPartOf":{"@id":"https:\/\/experienciadevida.com.ar\/portalurbano\/#website"},"datePublished":"2020-07-11T23:46:00+00:00","dateModified":"2020-07-11T23:46:00+00:00","breadcrumb":{"@id":"https:\/\/experienciadevida.com.ar\/portalurbano\/coronavirus-suman-1-810-las-muertes-y-97-509-los-infectados-en-el-pais\/#breadcrumb"},"inLanguage":"es","potentialAction":[{"@type":"ReadAction","target":["https:\/\/experienciadevida.com.ar\/portalurbano\/coronavirus-suman-1-810-las-muertes-y-97-509-los-infectados-en-el-pais\/"]}]},{"@type":"BreadcrumbList","@id":"https:\/\/experienciadevida.com.ar\/portalurbano\/coronavirus-suman-1-810-las-muertes-y-97-509-los-infectados-en-el-pais\/#breadcrumb","itemListElement":[{"@type":"ListItem","position":1,"name":"Portada","item":"https:\/\/experienciadevida.com.ar\/portalurbano\/"},{"@type":"ListItem","position":2,"name":"Coronavirus: suman 1.810 las muertes y 97.509 los infectados en el pa\u00eds"}]},{"@type":"WebSite","@id":"https:\/\/experienciadevida.com.ar\/portalurbano\/#website","url":"https:\/\/experienciadevida.com.ar\/portalurbano\/","name":"","description":"","publisher":{"@id":"https:\/\/experienciadevida.com.ar\/portalurbano\/#organization"},"potentialAction":[{"@type":"SearchAction","target":{"@type":"EntryPoint","urlTemplate":"https:\/\/experienciadevida.com.ar\/portalurbano\/?s={search_term_string}"},"query-input":"required name=search_term_string"}],"inLanguage":"es"},{"@type":"Organization","@id":"https:\/\/experienciadevida.com.ar\/portalurbano\/#organization","name":"Portal Urbano","url":"https:\/\/experienciadevida.com.ar\/portalurbano\/","logo":{"@type":"ImageObject","inLanguage":"es","@id":"https:\/\/experienciadevida.com.ar\/portalurbano\/#\/schema\/logo\/image\/","url":"https:\/\/experienciadevida.com.ar\/portalurbano\/wp-content\/uploads\/2019\/09\/Logo-Original.png","contentUrl":"https:\/\/experienciadevida.com.ar\/portalurbano\/wp-content\/uploads\/2019\/09\/Logo-Original.png","width":2236,"height":1216,"caption":"Portal Urbano"},"image":{"@id":"https:\/\/experienciadevida.com.ar\/portalurbano\/#\/schema\/logo\/image\/"},"sameAs":["https:\/\/www.facebook.com\/Portal-Urbano-171542830093757\/","https:\/\/twitter.com\/portalurbanook","https:\/\/www.instagram.com\/_portalurbano\/","https:\/\/www.youtube.com\/channel\/UCXhagIfszH8KxFiOok79zbA?view_as=subscriber"]},{"@type":"Person","@id":"https:\/\/experienciadevida.com.ar\/portalurbano\/#\/schema\/person\/02dd326b1c4b056e9cc972486934a3a7","name":"admpu17wp","image":{"@type":"ImageObject","inLanguage":"es","@id":"https:\/\/experienciadevida.com.ar\/portalurbano\/#\/schema\/person\/image\/","url":"https:\/\/secure.gravatar.com\/avatar\/830d4c57adaae6630765e449a6908047?s=96&d=mm&r=g","contentUrl":"https:\/\/secure.gravatar.com\/avatar\/830d4c57adaae6630765e449a6908047?s=96&d=mm&r=g","caption":"admpu17wp"}}]}},"featured_image_urls":{"full":["https:\/\/experienciadevida.com.ar\/portalurbano\/wp-content\/uploads\/2020\/07\/5f02f7192b98d_1004x565-e1594511077674.jpg",750,422,false],"thumbnail":["https:\/\/experienciadevida.com.ar\/portalurbano\/wp-content\/uploads\/2020\/07\/5f02f7192b98d_1004x565-150x150.jpg",150,150,true],"medium":["https:\/\/experienciadevida.com.ar\/portalurbano\/wp-content\/uploads\/2020\/07\/5f02f7192b98d_1004x565-300x169.jpg",300,169,true],"medium_large":["https:\/\/experienciadevida.com.ar\/portalurbano\/wp-content\/uploads\/2020\/07\/5f02f7192b98d_1004x565-768x432.jpg",640,360,true],"large":["https:\/\/experienciadevida.com.ar\/portalurbano\/wp-content\/uploads\/2020\/07\/5f02f7192b98d_1004x565-e1594511077674.jpg",640,360,false],"ug_big":["https:\/\/experienciadevida.com.ar\/portalurbano\/wp-content\/uploads\/2020\/07\/5f02f7192b98d_1004x565-768x432.jpg",768,432,true],"1536x1536":["https:\/\/experienciadevida.com.ar\/portalurbano\/wp-content\/uploads\/2020\/07\/5f02f7192b98d_1004x565-e1594511077674.jpg",750,422,false],"2048x2048":["https:\/\/experienciadevida.com.ar\/portalurbano\/wp-content\/uploads\/2020\/07\/5f02f7192b98d_1004x565-e1594511077674.jpg",750,422,false],"newsever-slider-full":["https:\/\/experienciadevida.com.ar\/portalurbano\/wp-content\/uploads\/2020\/07\/5f02f7192b98d_1004x565-e1594511077674.jpg",750,422,false],"newsever-featured":["https:\/\/experienciadevida.com.ar\/portalurbano\/wp-content\/uploads\/2020\/07\/5f02f7192b98d_1004x565-e1594511077674.jpg",750,422,false],"newsever-medium":["https:\/\/experienciadevida.com.ar\/portalurbano\/wp-content\/uploads\/2020\/07\/5f02f7192b98d_1004x565-e1594511077674.jpg",720,405,false],"web-stories-poster-portrait":["https:\/\/experienciadevida.com.ar\/portalurbano\/wp-content\/uploads\/2020\/07\/5f02f7192b98d_1004x565-e1594511077674.jpg",640,360,false],"web-stories-publisher-logo":["https:\/\/experienciadevida.com.ar\/portalurbano\/wp-content\/uploads\/2020\/07\/5f02f7192b98d_1004x565-e1594511077674.jpg",96,54,false],"web-stories-thumbnail":["https:\/\/experienciadevida.com.ar\/portalurbano\/wp-content\/uploads\/2020\/07\/5f02f7192b98d_1004x565-e1594511077674.jpg",150,84,false]},"author_info":{"display_name":"admpu17wp","author_link":"https:\/\/experienciadevida.com.ar\/portalurbano\/author\/admpu17wp\/"},"category_info":"<a href=\"https:\/\/experienciadevida.com.ar\/portalurbano\/category\/nacion\/coronavirus\/\" rel=\"category tag\">Coronavirus<\/a> <a href=\"https:\/\/experienciadevida.com.ar\/portalurbano\/category\/nacion\/\" rel=\"category tag\">Naci\u00f3n<\/a>","tag_info":"Naci\u00f3n","comment_count":"0","amp_enabled":true,"_links":{"self":[{"href":"https:\/\/experienciadevida.com.ar\/portalurbano\/wp-json\/wp\/v2\/posts\/114631"}],"collection":[{"href":"https:\/\/experienciadevida.com.ar\/portalurbano\/wp-json\/wp\/v2\/posts"}],"about":[{"href":"https:\/\/experienciadevida.com.ar\/portalurbano\/wp-json\/wp\/v2\/types\/post"}],"author":[{"embeddable":true,"href":"https:\/\/experienciadevida.com.ar\/portalurbano\/wp-json\/wp\/v2\/users\/1"}],"replies":[{"embeddable":true,"href":"https:\/\/experienciadevida.com.ar\/portalurbano\/wp-json\/wp\/v2\/comments?post=114631"}],"version-history":[{"count":1,"href":"https:\/\/experienciadevida.com.ar\/portalurbano\/wp-json\/wp\/v2\/posts\/114631\/revisions"}],"predecessor-version":[{"id":114633,"href":"https:\/\/experienciadevida.com.ar\/portalurbano\/wp-json\/wp\/v2\/posts\/114631\/revisions\/114633"}],"wp:featuredmedia":[{"embeddable":true,"href":"https:\/\/experienciadevida.com.ar\/portalurbano\/wp-json\/wp\/v2\/media\/114632"}],"wp:attachment":[{"href":"https:\/\/experienciadevida.com.ar\/portalurbano\/wp-json\/wp\/v2\/media?parent=114631"}],"wp:term":[{"taxonomy":"category","embeddable":true,"href":"https:\/\/experienciadevida.com.ar\/portalurbano\/wp-json\/wp\/v2\/categories?post=114631"},{"taxonomy":"post_tag","embeddable":true,"href":"https:\/\/experienciadevida.com.ar\/portalurbano\/wp-json\/wp\/v2\/tags?post=114631"}],"curies":[{"name":"wp","href":"https:\/\/api.w.org\/{rel}","templated":true}]}}