{"id":114628,"date":"2020-07-11T20:40:24","date_gmt":"2020-07-11T23:40:24","guid":{"rendered":"https:\/\/experienciadevida.com.ar\/portalurbano\/?p=114628"},"modified":"2020-07-11T20:40:24","modified_gmt":"2020-07-11T23:40:24","slug":"gonzalez-garcia-estamos-pensando-en-las-flexibilidades-que-podriamos-hacer","status":"publish","type":"post","link":"https:\/\/experienciadevida.com.ar\/portalurbano\/gonzalez-garcia-estamos-pensando-en-las-flexibilidades-que-podriamos-hacer\/","title":{"rendered":"Gonz\u00e1lez Garc\u00eda: \u201cestamos pensando en las flexibilidades que podr\u00edamos hacer\u201d"},"content":{"rendered":"<p>El ministro de Salud de la Naci\u00f3n dijo este s\u00e1bado que junto con las autoridades de la Ciudad y la Provincia de Buenos Aires estuvieron hablando sobre \u201cun planteo m\u00e1s organizado para que haya m\u00e1s esperanzas para la gente respecto a la reapertura (de actividades), pero con todo el cuidado que hay desde el primer d\u00eda\u201d.<\/p>\n<p>Y agreg\u00f3: \u201cEstamos pensando en flexibilidades que podr\u00edamos hacer a partir del 17. Hay cansancio, enojo de mucha gente, agotamiento, pero no podemos tirar por la borda todo lo que hemos conseguido\u201d.<\/p>\n<p>Tras subrayar que en la situaci\u00f3n epidemiol\u00f3gica del pa\u00eds hay una \u201cdiferencia sustancial\u201d entre las distintas provincias, Gonz\u00e1lez Garc\u00eda celebr\u00f3 que \u201cel sistema de salud ha tenido una respuesta extraordinaria\u201d ante la emergencia sanitaria frente a la pandemia de coronavirus.<\/p>\n<p>Hasta el momento, en la Argentina se registraron 94.060 casos de coronavirus y 1.787 muertes: en los \u00faltimos 10 d\u00edas se registr\u00f3 casi el 30 por ciento de la cifra total de contagios.<\/p>\n<p>\u201cEl conurbano va una o dos semanas atr\u00e1s con respecto a la Ciudad, as\u00ed que tenemos que esperar tres semanas para ver la verdadera evoluci\u00f3n. Por eso, ahora estamos trabajando intensamente con los municipios bonaerenses y tambi\u00e9n con Chaco\u201d, precis\u00f3.<\/p>\n<p>Con m\u00e1s de 3.000 casos por d\u00edas, el Ministro evit\u00f3 dar precisiones acerca de cu\u00e1ndo se producir\u00e1 el pico de contagios, que cada d\u00eda parece postergarse un poco m\u00e1s.<\/p>\n<p>\u201cEs muy dif\u00edcil hablar del pico porque de eso se habla cuando ya pas\u00f3. Buscamos que el n\u00famero no nos sobrepase. Considero que con los d\u00edas los casos van a ir incrementando y que reci\u00e9n en tres o cuatro d\u00edas vamos a ver los resultados de lo que hicimos en esta \u00faltima etapa\u201d, remarc\u00f3, en alusi\u00f3n al endurecimiento de la cuarentena en el \u00e1rea metropolitana. (DIB)<\/p>\n","protected":false},"excerpt":{"rendered":"<p>El ministro de Salud de la Naci\u00f3n dijo este s\u00e1bado que junto con las autoridades&#8230;<\/p>\n","protected":false},"author":1,"featured_media":114629,"comment_status":"closed","ping_status":"closed","sticky":false,"template":"","format":"standard","meta":{"content-type":""},"categories":[39],"tags":[],"nelio_content":{"isAutoShareEnabled":false,"autoShareEndMode":"default","automationSources":{"useContentSentences":true,"useSocialTemplates":true,"useCustomSentences":false,"customSentences":[]},"followers":[1],"suggestedReferences":[],"includedReferences":[],"efiUrl":"","efiAlt":"","highlights":[]},"yoast_head":"<!-- This site is optimized with the Yoast SEO plugin v20.7 - https:\/\/yoast.com\/wordpress\/plugins\/seo\/ -->\n<title>Gonz\u00e1lez Garc\u00eda: \u201cestamos pensando en las flexibilidades que podr\u00edamos hacer\u201d -<\/title>\n<meta name=\"robots\" content=\"index, follow, max-snippet:-1, max-image-preview:large, max-video-preview:-1\" \/>\n<link rel=\"canonical\" href=\"https:\/\/experienciadevida.com.ar\/portalurbano\/gonzalez-garcia-estamos-pensando-en-las-flexibilidades-que-podriamos-hacer\/\" \/>\n<meta property=\"og:locale\" content=\"es_ES\" \/>\n<meta property=\"og:type\" content=\"article\" \/>\n<meta property=\"og:title\" content=\"Gonz\u00e1lez Garc\u00eda: \u201cestamos pensando en las flexibilidades que podr\u00edamos hacer\u201d -\" \/>\n<meta property=\"og:description\" content=\"El ministro de Salud de la Naci\u00f3n dijo este s\u00e1bado que junto con las autoridades...\" \/>\n<meta property=\"og:url\" content=\"https:\/\/experienciadevida.com.ar\/portalurbano\/gonzalez-garcia-estamos-pensando-en-las-flexibilidades-que-podriamos-hacer\/\" \/>\n<meta property=\"article:publisher\" content=\"https:\/\/www.facebook.com\/Portal-Urbano-171542830093757\/\" \/>\n<meta property=\"article:published_time\" content=\"2020-07-11T23:40:24+00:00\" \/>\n<meta property=\"og:image\" content=\"https:\/\/experienciadevida.com.ar\/portalurbano\/wp-content\/uploads\/2020\/07\/GGG-696x390-1.jpg\" \/>\n\t<meta property=\"og:image:width\" content=\"696\" \/>\n\t<meta property=\"og:image:height\" content=\"390\" \/>\n\t<meta property=\"og:image:type\" content=\"image\/jpeg\" \/>\n<meta name=\"author\" content=\"admpu17wp\" \/>\n<meta name=\"twitter:card\" content=\"summary_large_image\" \/>\n<meta name=\"twitter:creator\" content=\"@portalurbanook\" \/>\n<meta name=\"twitter:site\" content=\"@portalurbanook\" \/>\n<meta name=\"twitter:label1\" content=\"Escrito por\" \/>\n\t<meta name=\"twitter:data1\" content=\"admpu17wp\" \/>\n\t<meta name=\"twitter:label2\" content=\"Tiempo de lectura\" \/>\n\t<meta name=\"twitter:data2\" content=\"2 minutos\" \/>\n<script type=\"application\/ld+json\" class=\"yoast-schema-graph\">{\"@context\":\"https:\/\/schema.org\",\"@graph\":[{\"@type\":\"Article\",\"@id\":\"https:\/\/experienciadevida.com.ar\/portalurbano\/gonzalez-garcia-estamos-pensando-en-las-flexibilidades-que-podriamos-hacer\/#article\",\"isPartOf\":{\"@id\":\"https:\/\/experienciadevida.com.ar\/portalurbano\/gonzalez-garcia-estamos-pensando-en-las-flexibilidades-que-podriamos-hacer\/\"},\"author\":{\"name\":\"admpu17wp\",\"@id\":\"https:\/\/experienciadevida.com.ar\/portalurbano\/#\/schema\/person\/02dd326b1c4b056e9cc972486934a3a7\"},\"headline\":\"Gonz\u00e1lez Garc\u00eda: \u201cestamos pensando en las flexibilidades que podr\u00edamos hacer\u201d\",\"datePublished\":\"2020-07-11T23:40:24+00:00\",\"dateModified\":\"2020-07-11T23:40:24+00:00\",\"mainEntityOfPage\":{\"@id\":\"https:\/\/experienciadevida.com.ar\/portalurbano\/gonzalez-garcia-estamos-pensando-en-las-flexibilidades-que-podriamos-hacer\/\"},\"wordCount\":329,\"publisher\":{\"@id\":\"https:\/\/experienciadevida.com.ar\/portalurbano\/#organization\"},\"articleSection\":[\"Naci\u00f3n\"],\"inLanguage\":\"es\"},{\"@type\":\"WebPage\",\"@id\":\"https:\/\/experienciadevida.com.ar\/portalurbano\/gonzalez-garcia-estamos-pensando-en-las-flexibilidades-que-podriamos-hacer\/\",\"url\":\"https:\/\/experienciadevida.com.ar\/portalurbano\/gonzalez-garcia-estamos-pensando-en-las-flexibilidades-que-podriamos-hacer\/\",\"name\":\"Gonz\u00e1lez Garc\u00eda: \u201cestamos pensando en las flexibilidades que podr\u00edamos hacer\u201d -\",\"isPartOf\":{\"@id\":\"https:\/\/experienciadevida.com.ar\/portalurbano\/#website\"},\"datePublished\":\"2020-07-11T23:40:24+00:00\",\"dateModified\":\"2020-07-11T23:40:24+00:00\",\"breadcrumb\":{\"@id\":\"https:\/\/experienciadevida.com.ar\/portalurbano\/gonzalez-garcia-estamos-pensando-en-las-flexibilidades-que-podriamos-hacer\/#breadcrumb\"},\"inLanguage\":\"es\",\"potentialAction\":[{\"@type\":\"ReadAction\",\"target\":[\"https:\/\/experienciadevida.com.ar\/portalurbano\/gonzalez-garcia-estamos-pensando-en-las-flexibilidades-que-podriamos-hacer\/\"]}]},{\"@type\":\"BreadcrumbList\",\"@id\":\"https:\/\/experienciadevida.com.ar\/portalurbano\/gonzalez-garcia-estamos-pensando-en-las-flexibilidades-que-podriamos-hacer\/#breadcrumb\",\"itemListElement\":[{\"@type\":\"ListItem\",\"position\":1,\"name\":\"Portada\",\"item\":\"https:\/\/experienciadevida.com.ar\/portalurbano\/\"},{\"@type\":\"ListItem\",\"position\":2,\"name\":\"Gonz\u00e1lez Garc\u00eda: \u201cestamos pensando en las flexibilidades que podr\u00edamos hacer\u201d\"}]},{\"@type\":\"WebSite\",\"@id\":\"https:\/\/experienciadevida.com.ar\/portalurbano\/#website\",\"url\":\"https:\/\/experienciadevida.com.ar\/portalurbano\/\",\"name\":\"\",\"description\":\"\",\"publisher\":{\"@id\":\"https:\/\/experienciadevida.com.ar\/portalurbano\/#organization\"},\"potentialAction\":[{\"@type\":\"SearchAction\",\"target\":{\"@type\":\"EntryPoint\",\"urlTemplate\":\"https:\/\/experienciadevida.com.ar\/portalurbano\/?s={search_term_string}\"},\"query-input\":\"required name=search_term_string\"}],\"inLanguage\":\"es\"},{\"@type\":\"Organization\",\"@id\":\"https:\/\/experienciadevida.com.ar\/portalurbano\/#organization\",\"name\":\"Portal Urbano\",\"url\":\"https:\/\/experienciadevida.com.ar\/portalurbano\/\",\"logo\":{\"@type\":\"ImageObject\",\"inLanguage\":\"es\",\"@id\":\"https:\/\/experienciadevida.com.ar\/portalurbano\/#\/schema\/logo\/image\/\",\"url\":\"https:\/\/experienciadevida.com.ar\/portalurbano\/wp-content\/uploads\/2019\/09\/Logo-Original.png\",\"contentUrl\":\"https:\/\/experienciadevida.com.ar\/portalurbano\/wp-content\/uploads\/2019\/09\/Logo-Original.png\",\"width\":2236,\"height\":1216,\"caption\":\"Portal Urbano\"},\"image\":{\"@id\":\"https:\/\/experienciadevida.com.ar\/portalurbano\/#\/schema\/logo\/image\/\"},\"sameAs\":[\"https:\/\/www.facebook.com\/Portal-Urbano-171542830093757\/\",\"https:\/\/twitter.com\/portalurbanook\",\"https:\/\/www.instagram.com\/_portalurbano\/\",\"https:\/\/www.youtube.com\/channel\/UCXhagIfszH8KxFiOok79zbA?view_as=subscriber\"]},{\"@type\":\"Person\",\"@id\":\"https:\/\/experienciadevida.com.ar\/portalurbano\/#\/schema\/person\/02dd326b1c4b056e9cc972486934a3a7\",\"name\":\"admpu17wp\",\"image\":{\"@type\":\"ImageObject\",\"inLanguage\":\"es\",\"@id\":\"https:\/\/experienciadevida.com.ar\/portalurbano\/#\/schema\/person\/image\/\",\"url\":\"https:\/\/secure.gravatar.com\/avatar\/830d4c57adaae6630765e449a6908047?s=96&d=mm&r=g\",\"contentUrl\":\"https:\/\/secure.gravatar.com\/avatar\/830d4c57adaae6630765e449a6908047?s=96&d=mm&r=g\",\"caption\":\"admpu17wp\"}}]}<\/script>\n<!-- \/ Yoast SEO plugin. -->","yoast_head_json":{"title":"Gonz\u00e1lez Garc\u00eda: \u201cestamos pensando en las flexibilidades que podr\u00edamos hacer\u201d -","robots":{"index":"index","follow":"follow","max-snippet":"max-snippet:-1","max-image-preview":"max-image-preview:large","max-video-preview":"max-video-preview:-1"},"canonical":"https:\/\/experienciadevida.com.ar\/portalurbano\/gonzalez-garcia-estamos-pensando-en-las-flexibilidades-que-podriamos-hacer\/","og_locale":"es_ES","og_type":"article","og_title":"Gonz\u00e1lez Garc\u00eda: \u201cestamos pensando en las flexibilidades que podr\u00edamos hacer\u201d -","og_description":"El ministro de Salud de la Naci\u00f3n dijo este s\u00e1bado que junto con las autoridades...","og_url":"https:\/\/experienciadevida.com.ar\/portalurbano\/gonzalez-garcia-estamos-pensando-en-las-flexibilidades-que-podriamos-hacer\/","article_publisher":"https:\/\/www.facebook.com\/Portal-Urbano-171542830093757\/","article_published_time":"2020-07-11T23:40:24+00:00","og_image":[{"width":696,"height":390,"url":"https:\/\/experienciadevida.com.ar\/portalurbano\/wp-content\/uploads\/2020\/07\/GGG-696x390-1.jpg","type":"image\/jpeg"}],"author":"admpu17wp","twitter_card":"summary_large_image","twitter_creator":"@portalurbanook","twitter_site":"@portalurbanook","twitter_misc":{"Escrito por":"admpu17wp","Tiempo de lectura":"2 minutos"},"schema":{"@context":"https:\/\/schema.org","@graph":[{"@type":"Article","@id":"https:\/\/experienciadevida.com.ar\/portalurbano\/gonzalez-garcia-estamos-pensando-en-las-flexibilidades-que-podriamos-hacer\/#article","isPartOf":{"@id":"https:\/\/experienciadevida.com.ar\/portalurbano\/gonzalez-garcia-estamos-pensando-en-las-flexibilidades-que-podriamos-hacer\/"},"author":{"name":"admpu17wp","@id":"https:\/\/experienciadevida.com.ar\/portalurbano\/#\/schema\/person\/02dd326b1c4b056e9cc972486934a3a7"},"headline":"Gonz\u00e1lez Garc\u00eda: \u201cestamos pensando en las flexibilidades que podr\u00edamos hacer\u201d","datePublished":"2020-07-11T23:40:24+00:00","dateModified":"2020-07-11T23:40:24+00:00","mainEntityOfPage":{"@id":"https:\/\/experienciadevida.com.ar\/portalurbano\/gonzalez-garcia-estamos-pensando-en-las-flexibilidades-que-podriamos-hacer\/"},"wordCount":329,"publisher":{"@id":"https:\/\/experienciadevida.com.ar\/portalurbano\/#organization"},"articleSection":["Naci\u00f3n"],"inLanguage":"es"},{"@type":"WebPage","@id":"https:\/\/experienciadevida.com.ar\/portalurbano\/gonzalez-garcia-estamos-pensando-en-las-flexibilidades-que-podriamos-hacer\/","url":"https:\/\/experienciadevida.com.ar\/portalurbano\/gonzalez-garcia-estamos-pensando-en-las-flexibilidades-que-podriamos-hacer\/","name":"Gonz\u00e1lez Garc\u00eda: \u201cestamos pensando en las flexibilidades que podr\u00edamos hacer\u201d -","isPartOf":{"@id":"https:\/\/experienciadevida.com.ar\/portalurbano\/#website"},"datePublished":"2020-07-11T23:40:24+00:00","dateModified":"2020-07-11T23:40:24+00:00","breadcrumb":{"@id":"https:\/\/experienciadevida.com.ar\/portalurbano\/gonzalez-garcia-estamos-pensando-en-las-flexibilidades-que-podriamos-hacer\/#breadcrumb"},"inLanguage":"es","potentialAction":[{"@type":"ReadAction","target":["https:\/\/experienciadevida.com.ar\/portalurbano\/gonzalez-garcia-estamos-pensando-en-las-flexibilidades-que-podriamos-hacer\/"]}]},{"@type":"BreadcrumbList","@id":"https:\/\/experienciadevida.com.ar\/portalurbano\/gonzalez-garcia-estamos-pensando-en-las-flexibilidades-que-podriamos-hacer\/#breadcrumb","itemListElement":[{"@type":"ListItem","position":1,"name":"Portada","item":"https:\/\/experienciadevida.com.ar\/portalurbano\/"},{"@type":"ListItem","position":2,"name":"Gonz\u00e1lez Garc\u00eda: \u201cestamos pensando en las flexibilidades que podr\u00edamos hacer\u201d"}]},{"@type":"WebSite","@id":"https:\/\/experienciadevida.com.ar\/portalurbano\/#website","url":"https:\/\/experienciadevida.com.ar\/portalurbano\/","name":"","description":"","publisher":{"@id":"https:\/\/experienciadevida.com.ar\/portalurbano\/#organization"},"potentialAction":[{"@type":"SearchAction","target":{"@type":"EntryPoint","urlTemplate":"https:\/\/experienciadevida.com.ar\/portalurbano\/?s={search_term_string}"},"query-input":"required name=search_term_string"}],"inLanguage":"es"},{"@type":"Organization","@id":"https:\/\/experienciadevida.com.ar\/portalurbano\/#organization","name":"Portal Urbano","url":"https:\/\/experienciadevida.com.ar\/portalurbano\/","logo":{"@type":"ImageObject","inLanguage":"es","@id":"https:\/\/experienciadevida.com.ar\/portalurbano\/#\/schema\/logo\/image\/","url":"https:\/\/experienciadevida.com.ar\/portalurbano\/wp-content\/uploads\/2019\/09\/Logo-Original.png","contentUrl":"https:\/\/experienciadevida.com.ar\/portalurbano\/wp-content\/uploads\/2019\/09\/Logo-Original.png","width":2236,"height":1216,"caption":"Portal Urbano"},"image":{"@id":"https:\/\/experienciadevida.com.ar\/portalurbano\/#\/schema\/logo\/image\/"},"sameAs":["https:\/\/www.facebook.com\/Portal-Urbano-171542830093757\/","https:\/\/twitter.com\/portalurbanook","https:\/\/www.instagram.com\/_portalurbano\/","https:\/\/www.youtube.com\/channel\/UCXhagIfszH8KxFiOok79zbA?view_as=subscriber"]},{"@type":"Person","@id":"https:\/\/experienciadevida.com.ar\/portalurbano\/#\/schema\/person\/02dd326b1c4b056e9cc972486934a3a7","name":"admpu17wp","image":{"@type":"ImageObject","inLanguage":"es","@id":"https:\/\/experienciadevida.com.ar\/portalurbano\/#\/schema\/person\/image\/","url":"https:\/\/secure.gravatar.com\/avatar\/830d4c57adaae6630765e449a6908047?s=96&d=mm&r=g","contentUrl":"https:\/\/secure.gravatar.com\/avatar\/830d4c57adaae6630765e449a6908047?s=96&d=mm&r=g","caption":"admpu17wp"}}]}},"featured_image_urls":{"full":["https:\/\/experienciadevida.com.ar\/portalurbano\/wp-content\/uploads\/2020\/07\/GGG-696x390-1.jpg",696,390,false],"thumbnail":["https:\/\/experienciadevida.com.ar\/portalurbano\/wp-content\/uploads\/2020\/07\/GGG-696x390-1-150x150.jpg",150,150,true],"medium":["https:\/\/experienciadevida.com.ar\/portalurbano\/wp-content\/uploads\/2020\/07\/GGG-696x390-1-300x168.jpg",300,168,true],"medium_large":["https:\/\/experienciadevida.com.ar\/portalurbano\/wp-content\/uploads\/2020\/07\/GGG-696x390-1.jpg",640,359,false],"large":["https:\/\/experienciadevida.com.ar\/portalurbano\/wp-content\/uploads\/2020\/07\/GGG-696x390-1.jpg",640,359,false],"ug_big":["https:\/\/experienciadevida.com.ar\/portalurbano\/wp-content\/uploads\/2020\/07\/GGG-696x390-1.jpg",696,390,false],"1536x1536":["https:\/\/experienciadevida.com.ar\/portalurbano\/wp-content\/uploads\/2020\/07\/GGG-696x390-1.jpg",696,390,false],"2048x2048":["https:\/\/experienciadevida.com.ar\/portalurbano\/wp-content\/uploads\/2020\/07\/GGG-696x390-1.jpg",696,390,false],"newsever-slider-full":["https:\/\/experienciadevida.com.ar\/portalurbano\/wp-content\/uploads\/2020\/07\/GGG-696x390-1.jpg",696,390,false],"newsever-featured":["https:\/\/experienciadevida.com.ar\/portalurbano\/wp-content\/uploads\/2020\/07\/GGG-696x390-1.jpg",696,390,false],"newsever-medium":["https:\/\/experienciadevida.com.ar\/portalurbano\/wp-content\/uploads\/2020\/07\/GGG-696x390-1.jpg",696,390,false],"web-stories-poster-portrait":["https:\/\/experienciadevida.com.ar\/portalurbano\/wp-content\/uploads\/2020\/07\/GGG-696x390-1.jpg",640,359,false],"web-stories-publisher-logo":["https:\/\/experienciadevida.com.ar\/portalurbano\/wp-content\/uploads\/2020\/07\/GGG-696x390-1.jpg",96,54,false],"web-stories-thumbnail":["https:\/\/experienciadevida.com.ar\/portalurbano\/wp-content\/uploads\/2020\/07\/GGG-696x390-1.jpg",150,84,false]},"author_info":{"display_name":"admpu17wp","author_link":"https:\/\/experienciadevida.com.ar\/portalurbano\/author\/admpu17wp\/"},"category_info":"<a href=\"https:\/\/experienciadevida.com.ar\/portalurbano\/category\/nacion\/\" rel=\"category tag\">Naci\u00f3n<\/a>","tag_info":"Naci\u00f3n","comment_count":"0","amp_enabled":true,"_links":{"self":[{"href":"https:\/\/experienciadevida.com.ar\/portalurbano\/wp-json\/wp\/v2\/posts\/114628"}],"collection":[{"href":"https:\/\/experienciadevida.com.ar\/portalurbano\/wp-json\/wp\/v2\/posts"}],"about":[{"href":"https:\/\/experienciadevida.com.ar\/portalurbano\/wp-json\/wp\/v2\/types\/post"}],"author":[{"embeddable":true,"href":"https:\/\/experienciadevida.com.ar\/portalurbano\/wp-json\/wp\/v2\/users\/1"}],"replies":[{"embeddable":true,"href":"https:\/\/experienciadevida.com.ar\/portalurbano\/wp-json\/wp\/v2\/comments?post=114628"}],"version-history":[{"count":1,"href":"https:\/\/experienciadevida.com.ar\/portalurbano\/wp-json\/wp\/v2\/posts\/114628\/revisions"}],"predecessor-version":[{"id":114630,"href":"https:\/\/experienciadevida.com.ar\/portalurbano\/wp-json\/wp\/v2\/posts\/114628\/revisions\/114630"}],"wp:featuredmedia":[{"embeddable":true,"href":"https:\/\/experienciadevida.com.ar\/portalurbano\/wp-json\/wp\/v2\/media\/114629"}],"wp:attachment":[{"href":"https:\/\/experienciadevida.com.ar\/portalurbano\/wp-json\/wp\/v2\/media?parent=114628"}],"wp:term":[{"taxonomy":"category","embeddable":true,"href":"https:\/\/experienciadevida.com.ar\/portalurbano\/wp-json\/wp\/v2\/categories?post=114628"},{"taxonomy":"post_tag","embeddable":true,"href":"https:\/\/experienciadevida.com.ar\/portalurbano\/wp-json\/wp\/v2\/tags?post=114628"}],"curies":[{"name":"wp","href":"https:\/\/api.w.org\/{rel}","templated":true}]}}