{"id":114613,"date":"2020-07-11T18:58:56","date_gmt":"2020-07-11T21:58:56","guid":{"rendered":"https:\/\/experienciadevida.com.ar\/portalurbano\/?p=114613"},"modified":"2020-07-11T18:59:24","modified_gmt":"2020-07-11T21:59:24","slug":"anses-tercer-ife-quienes-son-los-beneficiarios-y-como-cobran-los-10-000","status":"publish","type":"post","link":"https:\/\/experienciadevida.com.ar\/portalurbano\/anses-tercer-ife-quienes-son-los-beneficiarios-y-como-cobran-los-10-000\/","title":{"rendered":"ANSES, Tercer IFE: qui\u00e9nes son los beneficiarios y c\u00f3mo cobran los $10.000"},"content":{"rendered":"<p>La nueva extensi\u00f3n del bono del Ingreso Familiar de Emergencia es un beneficio lanzado en el marco de la pandemia por coronavirus.<\/p>\n<p>Despu\u00e9s del anuncio del presidente Alberto Fern\u00e1ndez sobre una nueva extensi\u00f3n del bono de $10000 del Ingreso Familiar de Emergencia (IFE) para todo el pa\u00eds, m\u00e1s de 9 millones de beneficiarios de la primera y segunda tanda del IFE volver\u00e1n a percibir el beneficio lanzado en el marco de la pandemia por coronavirus.<\/p>\n<p>Con el calendario en pausa por el fin de semana largo, el pr\u00f3ximo lunes reanudar\u00e1 el pago del bono extraordinario de $10000 para los titulares que hayan informado su cuenta bancaria o CBU antes del 23 de junio y cuyo DNI finalice en 5.<\/p>\n<p>Requisitos<\/p>\n<p>Uno de los requisitos que se hab\u00eda dejado trascender antes del anuncio del Presidente, era la pr\u00f3rroga del IFE para las zonas en donde la cuarentena a\u00fan se manten\u00eda en fase 1: El \u00e1rea metropolitana (AMBA) y Chaco, se mencionaban como las predilectas por el alto nivel de contagio.<\/p>\n<p>Pero el tercer IFE qued\u00f3 oficialmente ampliado, no s\u00f3lo en su continuidad sino que tambi\u00e9n en su \u00e1rea de cobertura. La directora de Anses, Mar\u00eda Fernanda Raverta, indic\u00f3 que \u00abse entregar\u00e1 el bono de $10000 a quienes ya lo percibieron la primera y segunda vez y el dinero saldr\u00e1 del aporte del Tesoro nacional\u00bb.<\/p>\n<p>Tercer IFE: \u00bfcon o sin nueva inscripci\u00f3n?<\/p>\n<p>Los beneficiarios del tercer pago de los $10.000 de Anses ser\u00e1n \u00fanicamente las personas que hayan cobrado el IFE1 e IFE2 de todas las provincias del pa\u00eds.<\/p>\n<p>El pr\u00f3ximo pago estar\u00e1 dirigido a:<\/p>\n<p>Trabajadores y trabajadoras informales;Trabajadores y trabajadoras de casas particulares;Monotributistas sociales.Los requisitos para continuar con el pago del tercer IFE se mantendr\u00e1n, y se descarta una nueva inscripci\u00f3n:<\/p>\n<p>Ser argentino nativo o naturalizado y residente, con una residencia legal en el pa\u00eds no inferior a 2 a\u00f1os.<\/p>\n<p>Tener entre 18 y 65 a\u00f1os de edad.<\/p>\n<p>Que el titular o su grupo familiar no tenga ingresos provenientes de: un trabajo en relaci\u00f3n de dependencia en el sector p\u00fablico o privado; ser monotributista de categor\u00eda C o superior, o del r\u00e9gimen de aut\u00f3nomos; una prestaci\u00f3n de desempleo; jubilaciones, pensiones o retiros contributivos o no contributivos nacionales, provinciales, municipales o de la Ciudad Aut\u00f3noma de Buenos Aires; planes sociales, salario social complementario, Hacemos Futuro, Potenciar Trabajo u otros programas sociales nacionales, provinciales o municipales<\/p>\n<p>AUH y AUE<\/p>\n<p>Entre los que cobran el tercer IFE se encuentran los beneficiarios de la Asignaci\u00f3n Universal por Hijo ( AUH) y la Asignaci\u00f3n Universal por Embarazo (AUE) y para ellos ya se definieron fechas de cobro. Se entregar\u00e1 con los haberes correspondientes al mes de agosto.<\/p>\n","protected":false},"excerpt":{"rendered":"<p>La nueva extensi\u00f3n del bono del Ingreso Familiar de Emergencia es un beneficio lanzado en&#8230;<\/p>\n","protected":false},"author":1,"featured_media":111020,"comment_status":"closed","ping_status":"closed","sticky":false,"template":"","format":"standard","meta":{"content-type":""},"categories":[39],"tags":[],"nelio_content":{"isAutoShareEnabled":false,"autoShareEndMode":"default","automationSources":{"useContentSentences":true,"useSocialTemplates":true,"useCustomSentences":false,"customSentences":[]},"followers":[1],"suggestedReferences":[],"includedReferences":[],"efiUrl":"","efiAlt":"","highlights":[]},"yoast_head":"<!-- This site is optimized with the Yoast SEO plugin v20.7 - https:\/\/yoast.com\/wordpress\/plugins\/seo\/ -->\n<title>ANSES, Tercer IFE: qui\u00e9nes son los beneficiarios y c\u00f3mo cobran los $10.000 -<\/title>\n<meta name=\"robots\" content=\"index, follow, max-snippet:-1, max-image-preview:large, max-video-preview:-1\" \/>\n<link rel=\"canonical\" href=\"https:\/\/experienciadevida.com.ar\/portalurbano\/anses-tercer-ife-quienes-son-los-beneficiarios-y-como-cobran-los-10-000\/\" \/>\n<meta property=\"og:locale\" content=\"es_ES\" \/>\n<meta property=\"og:type\" content=\"article\" \/>\n<meta property=\"og:title\" content=\"ANSES, Tercer IFE: qui\u00e9nes son los beneficiarios y c\u00f3mo cobran los $10.000 -\" \/>\n<meta property=\"og:description\" content=\"La nueva extensi\u00f3n del bono del Ingreso Familiar de Emergencia es un beneficio lanzado en...\" \/>\n<meta property=\"og:url\" content=\"https:\/\/experienciadevida.com.ar\/portalurbano\/anses-tercer-ife-quienes-son-los-beneficiarios-y-como-cobran-los-10-000\/\" \/>\n<meta property=\"article:publisher\" content=\"https:\/\/www.facebook.com\/Portal-Urbano-171542830093757\/\" \/>\n<meta property=\"article:published_time\" content=\"2020-07-11T21:58:56+00:00\" \/>\n<meta property=\"article:modified_time\" content=\"2020-07-11T21:59:24+00:00\" \/>\n<meta property=\"og:image\" content=\"https:\/\/experienciadevida.com.ar\/portalurbano\/wp-content\/uploads\/2020\/06\/IFE-e1593436631395.png\" \/>\n\t<meta property=\"og:image:width\" content=\"800\" \/>\n\t<meta property=\"og:image:height\" content=\"428\" \/>\n\t<meta property=\"og:image:type\" content=\"image\/png\" \/>\n<meta name=\"author\" content=\"admpu17wp\" \/>\n<meta name=\"twitter:card\" content=\"summary_large_image\" \/>\n<meta name=\"twitter:creator\" content=\"@portalurbanook\" \/>\n<meta name=\"twitter:site\" content=\"@portalurbanook\" \/>\n<meta name=\"twitter:label1\" content=\"Escrito por\" \/>\n\t<meta name=\"twitter:data1\" content=\"admpu17wp\" \/>\n\t<meta name=\"twitter:label2\" content=\"Tiempo de lectura\" \/>\n\t<meta name=\"twitter:data2\" content=\"2 minutos\" \/>\n<script type=\"application\/ld+json\" class=\"yoast-schema-graph\">{\"@context\":\"https:\/\/schema.org\",\"@graph\":[{\"@type\":\"Article\",\"@id\":\"https:\/\/experienciadevida.com.ar\/portalurbano\/anses-tercer-ife-quienes-son-los-beneficiarios-y-como-cobran-los-10-000\/#article\",\"isPartOf\":{\"@id\":\"https:\/\/experienciadevida.com.ar\/portalurbano\/anses-tercer-ife-quienes-son-los-beneficiarios-y-como-cobran-los-10-000\/\"},\"author\":{\"name\":\"admpu17wp\",\"@id\":\"https:\/\/experienciadevida.com.ar\/portalurbano\/#\/schema\/person\/02dd326b1c4b056e9cc972486934a3a7\"},\"headline\":\"ANSES, Tercer IFE: qui\u00e9nes son los beneficiarios y c\u00f3mo cobran los $10.000\",\"datePublished\":\"2020-07-11T21:58:56+00:00\",\"dateModified\":\"2020-07-11T21:59:24+00:00\",\"mainEntityOfPage\":{\"@id\":\"https:\/\/experienciadevida.com.ar\/portalurbano\/anses-tercer-ife-quienes-son-los-beneficiarios-y-como-cobran-los-10-000\/\"},\"wordCount\":478,\"publisher\":{\"@id\":\"https:\/\/experienciadevida.com.ar\/portalurbano\/#organization\"},\"articleSection\":[\"Naci\u00f3n\"],\"inLanguage\":\"es\"},{\"@type\":\"WebPage\",\"@id\":\"https:\/\/experienciadevida.com.ar\/portalurbano\/anses-tercer-ife-quienes-son-los-beneficiarios-y-como-cobran-los-10-000\/\",\"url\":\"https:\/\/experienciadevida.com.ar\/portalurbano\/anses-tercer-ife-quienes-son-los-beneficiarios-y-como-cobran-los-10-000\/\",\"name\":\"ANSES, Tercer IFE: qui\u00e9nes son los beneficiarios y c\u00f3mo cobran los $10.000 -\",\"isPartOf\":{\"@id\":\"https:\/\/experienciadevida.com.ar\/portalurbano\/#website\"},\"datePublished\":\"2020-07-11T21:58:56+00:00\",\"dateModified\":\"2020-07-11T21:59:24+00:00\",\"breadcrumb\":{\"@id\":\"https:\/\/experienciadevida.com.ar\/portalurbano\/anses-tercer-ife-quienes-son-los-beneficiarios-y-como-cobran-los-10-000\/#breadcrumb\"},\"inLanguage\":\"es\",\"potentialAction\":[{\"@type\":\"ReadAction\",\"target\":[\"https:\/\/experienciadevida.com.ar\/portalurbano\/anses-tercer-ife-quienes-son-los-beneficiarios-y-como-cobran-los-10-000\/\"]}]},{\"@type\":\"BreadcrumbList\",\"@id\":\"https:\/\/experienciadevida.com.ar\/portalurbano\/anses-tercer-ife-quienes-son-los-beneficiarios-y-como-cobran-los-10-000\/#breadcrumb\",\"itemListElement\":[{\"@type\":\"ListItem\",\"position\":1,\"name\":\"Portada\",\"item\":\"https:\/\/experienciadevida.com.ar\/portalurbano\/\"},{\"@type\":\"ListItem\",\"position\":2,\"name\":\"ANSES, Tercer IFE: qui\u00e9nes son los beneficiarios y c\u00f3mo cobran los $10.000\"}]},{\"@type\":\"WebSite\",\"@id\":\"https:\/\/experienciadevida.com.ar\/portalurbano\/#website\",\"url\":\"https:\/\/experienciadevida.com.ar\/portalurbano\/\",\"name\":\"\",\"description\":\"\",\"publisher\":{\"@id\":\"https:\/\/experienciadevida.com.ar\/portalurbano\/#organization\"},\"potentialAction\":[{\"@type\":\"SearchAction\",\"target\":{\"@type\":\"EntryPoint\",\"urlTemplate\":\"https:\/\/experienciadevida.com.ar\/portalurbano\/?s={search_term_string}\"},\"query-input\":\"required name=search_term_string\"}],\"inLanguage\":\"es\"},{\"@type\":\"Organization\",\"@id\":\"https:\/\/experienciadevida.com.ar\/portalurbano\/#organization\",\"name\":\"Portal Urbano\",\"url\":\"https:\/\/experienciadevida.com.ar\/portalurbano\/\",\"logo\":{\"@type\":\"ImageObject\",\"inLanguage\":\"es\",\"@id\":\"https:\/\/experienciadevida.com.ar\/portalurbano\/#\/schema\/logo\/image\/\",\"url\":\"https:\/\/experienciadevida.com.ar\/portalurbano\/wp-content\/uploads\/2019\/09\/Logo-Original.png\",\"contentUrl\":\"https:\/\/experienciadevida.com.ar\/portalurbano\/wp-content\/uploads\/2019\/09\/Logo-Original.png\",\"width\":2236,\"height\":1216,\"caption\":\"Portal Urbano\"},\"image\":{\"@id\":\"https:\/\/experienciadevida.com.ar\/portalurbano\/#\/schema\/logo\/image\/\"},\"sameAs\":[\"https:\/\/www.facebook.com\/Portal-Urbano-171542830093757\/\",\"https:\/\/twitter.com\/portalurbanook\",\"https:\/\/www.instagram.com\/_portalurbano\/\",\"https:\/\/www.youtube.com\/channel\/UCXhagIfszH8KxFiOok79zbA?view_as=subscriber\"]},{\"@type\":\"Person\",\"@id\":\"https:\/\/experienciadevida.com.ar\/portalurbano\/#\/schema\/person\/02dd326b1c4b056e9cc972486934a3a7\",\"name\":\"admpu17wp\",\"image\":{\"@type\":\"ImageObject\",\"inLanguage\":\"es\",\"@id\":\"https:\/\/experienciadevida.com.ar\/portalurbano\/#\/schema\/person\/image\/\",\"url\":\"https:\/\/secure.gravatar.com\/avatar\/830d4c57adaae6630765e449a6908047?s=96&d=mm&r=g\",\"contentUrl\":\"https:\/\/secure.gravatar.com\/avatar\/830d4c57adaae6630765e449a6908047?s=96&d=mm&r=g\",\"caption\":\"admpu17wp\"}}]}<\/script>\n<!-- \/ Yoast SEO plugin. -->","yoast_head_json":{"title":"ANSES, Tercer IFE: qui\u00e9nes son los beneficiarios y c\u00f3mo cobran los $10.000 -","robots":{"index":"index","follow":"follow","max-snippet":"max-snippet:-1","max-image-preview":"max-image-preview:large","max-video-preview":"max-video-preview:-1"},"canonical":"https:\/\/experienciadevida.com.ar\/portalurbano\/anses-tercer-ife-quienes-son-los-beneficiarios-y-como-cobran-los-10-000\/","og_locale":"es_ES","og_type":"article","og_title":"ANSES, Tercer IFE: qui\u00e9nes son los beneficiarios y c\u00f3mo cobran los $10.000 -","og_description":"La nueva extensi\u00f3n del bono del Ingreso Familiar de Emergencia es un beneficio lanzado en...","og_url":"https:\/\/experienciadevida.com.ar\/portalurbano\/anses-tercer-ife-quienes-son-los-beneficiarios-y-como-cobran-los-10-000\/","article_publisher":"https:\/\/www.facebook.com\/Portal-Urbano-171542830093757\/","article_published_time":"2020-07-11T21:58:56+00:00","article_modified_time":"2020-07-11T21:59:24+00:00","og_image":[{"width":800,"height":428,"url":"https:\/\/experienciadevida.com.ar\/portalurbano\/wp-content\/uploads\/2020\/06\/IFE-e1593436631395.png","type":"image\/png"}],"author":"admpu17wp","twitter_card":"summary_large_image","twitter_creator":"@portalurbanook","twitter_site":"@portalurbanook","twitter_misc":{"Escrito por":"admpu17wp","Tiempo de lectura":"2 minutos"},"schema":{"@context":"https:\/\/schema.org","@graph":[{"@type":"Article","@id":"https:\/\/experienciadevida.com.ar\/portalurbano\/anses-tercer-ife-quienes-son-los-beneficiarios-y-como-cobran-los-10-000\/#article","isPartOf":{"@id":"https:\/\/experienciadevida.com.ar\/portalurbano\/anses-tercer-ife-quienes-son-los-beneficiarios-y-como-cobran-los-10-000\/"},"author":{"name":"admpu17wp","@id":"https:\/\/experienciadevida.com.ar\/portalurbano\/#\/schema\/person\/02dd326b1c4b056e9cc972486934a3a7"},"headline":"ANSES, Tercer IFE: qui\u00e9nes son los beneficiarios y c\u00f3mo cobran los $10.000","datePublished":"2020-07-11T21:58:56+00:00","dateModified":"2020-07-11T21:59:24+00:00","mainEntityOfPage":{"@id":"https:\/\/experienciadevida.com.ar\/portalurbano\/anses-tercer-ife-quienes-son-los-beneficiarios-y-como-cobran-los-10-000\/"},"wordCount":478,"publisher":{"@id":"https:\/\/experienciadevida.com.ar\/portalurbano\/#organization"},"articleSection":["Naci\u00f3n"],"inLanguage":"es"},{"@type":"WebPage","@id":"https:\/\/experienciadevida.com.ar\/portalurbano\/anses-tercer-ife-quienes-son-los-beneficiarios-y-como-cobran-los-10-000\/","url":"https:\/\/experienciadevida.com.ar\/portalurbano\/anses-tercer-ife-quienes-son-los-beneficiarios-y-como-cobran-los-10-000\/","name":"ANSES, Tercer IFE: qui\u00e9nes son los beneficiarios y c\u00f3mo cobran los $10.000 -","isPartOf":{"@id":"https:\/\/experienciadevida.com.ar\/portalurbano\/#website"},"datePublished":"2020-07-11T21:58:56+00:00","dateModified":"2020-07-11T21:59:24+00:00","breadcrumb":{"@id":"https:\/\/experienciadevida.com.ar\/portalurbano\/anses-tercer-ife-quienes-son-los-beneficiarios-y-como-cobran-los-10-000\/#breadcrumb"},"inLanguage":"es","potentialAction":[{"@type":"ReadAction","target":["https:\/\/experienciadevida.com.ar\/portalurbano\/anses-tercer-ife-quienes-son-los-beneficiarios-y-como-cobran-los-10-000\/"]}]},{"@type":"BreadcrumbList","@id":"https:\/\/experienciadevida.com.ar\/portalurbano\/anses-tercer-ife-quienes-son-los-beneficiarios-y-como-cobran-los-10-000\/#breadcrumb","itemListElement":[{"@type":"ListItem","position":1,"name":"Portada","item":"https:\/\/experienciadevida.com.ar\/portalurbano\/"},{"@type":"ListItem","position":2,"name":"ANSES, Tercer IFE: qui\u00e9nes son los beneficiarios y c\u00f3mo cobran los $10.000"}]},{"@type":"WebSite","@id":"https:\/\/experienciadevida.com.ar\/portalurbano\/#website","url":"https:\/\/experienciadevida.com.ar\/portalurbano\/","name":"","description":"","publisher":{"@id":"https:\/\/experienciadevida.com.ar\/portalurbano\/#organization"},"potentialAction":[{"@type":"SearchAction","target":{"@type":"EntryPoint","urlTemplate":"https:\/\/experienciadevida.com.ar\/portalurbano\/?s={search_term_string}"},"query-input":"required name=search_term_string"}],"inLanguage":"es"},{"@type":"Organization","@id":"https:\/\/experienciadevida.com.ar\/portalurbano\/#organization","name":"Portal Urbano","url":"https:\/\/experienciadevida.com.ar\/portalurbano\/","logo":{"@type":"ImageObject","inLanguage":"es","@id":"https:\/\/experienciadevida.com.ar\/portalurbano\/#\/schema\/logo\/image\/","url":"https:\/\/experienciadevida.com.ar\/portalurbano\/wp-content\/uploads\/2019\/09\/Logo-Original.png","contentUrl":"https:\/\/experienciadevida.com.ar\/portalurbano\/wp-content\/uploads\/2019\/09\/Logo-Original.png","width":2236,"height":1216,"caption":"Portal Urbano"},"image":{"@id":"https:\/\/experienciadevida.com.ar\/portalurbano\/#\/schema\/logo\/image\/"},"sameAs":["https:\/\/www.facebook.com\/Portal-Urbano-171542830093757\/","https:\/\/twitter.com\/portalurbanook","https:\/\/www.instagram.com\/_portalurbano\/","https:\/\/www.youtube.com\/channel\/UCXhagIfszH8KxFiOok79zbA?view_as=subscriber"]},{"@type":"Person","@id":"https:\/\/experienciadevida.com.ar\/portalurbano\/#\/schema\/person\/02dd326b1c4b056e9cc972486934a3a7","name":"admpu17wp","image":{"@type":"ImageObject","inLanguage":"es","@id":"https:\/\/experienciadevida.com.ar\/portalurbano\/#\/schema\/person\/image\/","url":"https:\/\/secure.gravatar.com\/avatar\/830d4c57adaae6630765e449a6908047?s=96&d=mm&r=g","contentUrl":"https:\/\/secure.gravatar.com\/avatar\/830d4c57adaae6630765e449a6908047?s=96&d=mm&r=g","caption":"admpu17wp"}}]}},"featured_image_urls":{"full":["https:\/\/experienciadevida.com.ar\/portalurbano\/wp-content\/uploads\/2020\/06\/IFE-e1593436631395.png",800,428,false],"thumbnail":["https:\/\/experienciadevida.com.ar\/portalurbano\/wp-content\/uploads\/2020\/06\/IFE-150x150.png",150,150,true],"medium":["https:\/\/experienciadevida.com.ar\/portalurbano\/wp-content\/uploads\/2020\/06\/IFE-300x160.png",300,160,true],"medium_large":["https:\/\/experienciadevida.com.ar\/portalurbano\/wp-content\/uploads\/2020\/06\/IFE-768x410.png",640,342,true],"large":["https:\/\/experienciadevida.com.ar\/portalurbano\/wp-content\/uploads\/2020\/06\/IFE-e1593436631395.png",640,342,false],"ug_big":["https:\/\/experienciadevida.com.ar\/portalurbano\/wp-content\/uploads\/2020\/06\/IFE-768x410.png",768,410,true],"1536x1536":["https:\/\/experienciadevida.com.ar\/portalurbano\/wp-content\/uploads\/2020\/06\/IFE-e1593436631395.png",800,428,false],"2048x2048":["https:\/\/experienciadevida.com.ar\/portalurbano\/wp-content\/uploads\/2020\/06\/IFE-e1593436631395.png",800,428,false],"newsever-slider-full":["https:\/\/experienciadevida.com.ar\/portalurbano\/wp-content\/uploads\/2020\/06\/IFE-e1593436631395.png",800,428,false],"newsever-featured":["https:\/\/experienciadevida.com.ar\/portalurbano\/wp-content\/uploads\/2020\/06\/IFE-e1593436631395.png",800,428,false],"newsever-medium":["https:\/\/experienciadevida.com.ar\/portalurbano\/wp-content\/uploads\/2020\/06\/IFE-e1593436631395.png",720,385,false],"web-stories-poster-portrait":["https:\/\/experienciadevida.com.ar\/portalurbano\/wp-content\/uploads\/2020\/06\/IFE-e1593436631395.png",640,342,false],"web-stories-publisher-logo":["https:\/\/experienciadevida.com.ar\/portalurbano\/wp-content\/uploads\/2020\/06\/IFE-e1593436631395.png",96,51,false],"web-stories-thumbnail":["https:\/\/experienciadevida.com.ar\/portalurbano\/wp-content\/uploads\/2020\/06\/IFE-e1593436631395.png",150,80,false]},"author_info":{"display_name":"admpu17wp","author_link":"https:\/\/experienciadevida.com.ar\/portalurbano\/author\/admpu17wp\/"},"category_info":"<a href=\"https:\/\/experienciadevida.com.ar\/portalurbano\/category\/nacion\/\" rel=\"category tag\">Naci\u00f3n<\/a>","tag_info":"Naci\u00f3n","comment_count":"0","amp_enabled":true,"_links":{"self":[{"href":"https:\/\/experienciadevida.com.ar\/portalurbano\/wp-json\/wp\/v2\/posts\/114613"}],"collection":[{"href":"https:\/\/experienciadevida.com.ar\/portalurbano\/wp-json\/wp\/v2\/posts"}],"about":[{"href":"https:\/\/experienciadevida.com.ar\/portalurbano\/wp-json\/wp\/v2\/types\/post"}],"author":[{"embeddable":true,"href":"https:\/\/experienciadevida.com.ar\/portalurbano\/wp-json\/wp\/v2\/users\/1"}],"replies":[{"embeddable":true,"href":"https:\/\/experienciadevida.com.ar\/portalurbano\/wp-json\/wp\/v2\/comments?post=114613"}],"version-history":[{"count":1,"href":"https:\/\/experienciadevida.com.ar\/portalurbano\/wp-json\/wp\/v2\/posts\/114613\/revisions"}],"predecessor-version":[{"id":114614,"href":"https:\/\/experienciadevida.com.ar\/portalurbano\/wp-json\/wp\/v2\/posts\/114613\/revisions\/114614"}],"wp:featuredmedia":[{"embeddable":true,"href":"https:\/\/experienciadevida.com.ar\/portalurbano\/wp-json\/wp\/v2\/media\/111020"}],"wp:attachment":[{"href":"https:\/\/experienciadevida.com.ar\/portalurbano\/wp-json\/wp\/v2\/media?parent=114613"}],"wp:term":[{"taxonomy":"category","embeddable":true,"href":"https:\/\/experienciadevida.com.ar\/portalurbano\/wp-json\/wp\/v2\/categories?post=114613"},{"taxonomy":"post_tag","embeddable":true,"href":"https:\/\/experienciadevida.com.ar\/portalurbano\/wp-json\/wp\/v2\/tags?post=114613"}],"curies":[{"name":"wp","href":"https:\/\/api.w.org\/{rel}","templated":true}]}}