{"id":114527,"date":"2020-07-10T15:39:31","date_gmt":"2020-07-10T18:39:31","guid":{"rendered":"https:\/\/experienciadevida.com.ar\/portalurbano\/?p=114527"},"modified":"2020-07-10T15:39:52","modified_gmt":"2020-07-10T18:39:52","slug":"investigacion-con-suero-de-caballos-en-dos-semanas-podrian-comenzar-las-pruebas-en-los-hospitales","status":"publish","type":"post","link":"https:\/\/experienciadevida.com.ar\/portalurbano\/investigacion-con-suero-de-caballos-en-dos-semanas-podrian-comenzar-las-pruebas-en-los-hospitales\/","title":{"rendered":"Investigaci\u00f3n con suero de caballos: en dos semanas podr\u00edan comenzar las pruebas en los hospitales"},"content":{"rendered":"<p>As\u00ed lo expres\u00f3 el cient\u00edfico Fernando Goldbaum y precis\u00f3 que esperan la autorizaci\u00f3n de la Anmat.<\/p>\n<p>Un grupo de cient\u00edficos argentinos avanza en una investigaci\u00f3n para frenar la covid a trav\u00e9s de un suero creado a partir de anticuerpos generados por el sistema inmune de caballos. Se trata de un trabajo de articulaci\u00f3n de los sectores p\u00fablico y privado, encabezado por el laboratorio Inmunova y el Instituto Biol\u00f3gico Argentino (BIOL), la Administraci\u00f3n Nacional de Laboratorios e Institutos de Salud \u201cDr. Carlos G. Malbr\u00e1n\u201d (Anlis), con la colaboraci\u00f3n de la Fundaci\u00f3n Instituto Leloir (FIL), Mabxience, Conicet y la Universidad Nacional de San Mart\u00edn (Unsam).<\/p>\n<p>Fernando Goldbaum, director cient\u00edfico de Inmunova, jefe del Laboratorio de Inmunolog\u00eda y Microbiolog\u00eda Molecular en la Fundaci\u00f3n Instituto Leloir, habl\u00f3 de los avances de la investigaci\u00f3n y se\u00f1al\u00f3 que ya presentaron el proyecto a la Anmat y que \u201cest\u00e1n esperando\u201d la aprobaci\u00f3n.<\/p>\n<p>\u201cPensamos que en las pr\u00f3ximas dos semanas vamos a empezar a hacer los ensayos en los hospitales. Todos los datos de la realidad y todo lo que estamos leyendo y haciendo todos los d\u00edas indica que podr\u00eda funcionar, y en lo que estamos enmarcados es en tratar de probarlo con el m\u00e9todo cient\u00edfico\u201d, precis\u00f3 Goldbaum.<\/p>\n<p>\u201cYo particularmente soy cautamente optimista\u201d, expres\u00f3 el cient\u00edfico sobre la perspectiva de la investigaci\u00f3n. \u201cPienso que podr\u00eda funcionar en base al conocimiento que tenemos hasta ahora, pero lo tenemos que probar cinent\u00edficamente\u201d, recalc\u00f3.<\/p>\n<p>El suero desarrollado se basa en anticuerpos policlonales equinos, que se obtienen mediante la inyecci\u00f3n de una prote\u00edna recombinante del Sars-CoV-2, el m\u00e1s que c\u00e9lebre coronavirus, en estos animales. Esta prote\u00edna resulta inocua para los caballos, pero tienen la capacidad de generar gran cantidad de anticuerpos capaces de neutralizar el virus.<\/p>\n<p>\u201cLos anticuerpos que se extraen del suero de los caballos reciben luego un tratamiento biotecnol\u00f3gico en el que se le quita lo que se llama \u2018dominio constante\u2019 que es una parte del anticuerpo que puede provocar reacciones al\u00e9rgicas y que se sospecha que es lo que provoca tambi\u00e9n reacciones inflamatorias\u201d, explic\u00f3 Goldbaum, que es tambi\u00e9n investigador de Conicet.<\/p>\n<p>La utilizaci\u00f3n de sueros como tratamiento se denomina inmunizaci\u00f3n pasiva y consiste en administrar anticuerpos a los pacientes contra el agente infeccioso, produciendo su bloqueo y evitando que se propague.<\/p>\n<p>El suero con plasma de equinos inmunizados tiene como ventaja que puede ser producido en gran escala, adem\u00e1s de que en el laboratorio demostr\u00f3 gran poder neutralizante.<\/p>\n<p>Los anticuerpos policlonales equinos se vienen utilizando para la elaboraci\u00f3n de medicamentos, atender emergencias m\u00e9dicas como el envenenamiento por mordedura de serpientes, intoxicaciones por toxina tet\u00e1nica o picadura de alacr\u00e1n, exposici\u00f3n al virus de la rabia y para tratar enfermedades infecciosas como la influenza aviar.<\/p>\n<p>Fuente: DIB<\/p>\n","protected":false},"excerpt":{"rendered":"<p>As\u00ed lo expres\u00f3 el cient\u00edfico Fernando Goldbaum y precis\u00f3 que esperan la autorizaci\u00f3n de la&#8230;<\/p>\n","protected":false},"author":1,"featured_media":114528,"comment_status":"closed","ping_status":"closed","sticky":false,"template":"","format":"standard","meta":{"content-type":""},"categories":[71,39],"tags":[],"nelio_content":{"isAutoShareEnabled":false,"autoShareEndMode":"default","automationSources":{"useContentSentences":true,"useSocialTemplates":true,"useCustomSentences":false,"customSentences":[]},"followers":[1],"suggestedReferences":[],"includedReferences":[],"efiUrl":"","efiAlt":"","highlights":[]},"yoast_head":"<!-- This site is optimized with the Yoast SEO plugin v20.7 - https:\/\/yoast.com\/wordpress\/plugins\/seo\/ -->\n<title>Investigaci\u00f3n con suero de caballos: en dos semanas podr\u00edan comenzar las pruebas en los hospitales -<\/title>\n<meta name=\"robots\" content=\"index, follow, max-snippet:-1, max-image-preview:large, max-video-preview:-1\" \/>\n<link rel=\"canonical\" href=\"https:\/\/experienciadevida.com.ar\/portalurbano\/investigacion-con-suero-de-caballos-en-dos-semanas-podrian-comenzar-las-pruebas-en-los-hospitales\/\" \/>\n<meta property=\"og:locale\" content=\"es_ES\" \/>\n<meta property=\"og:type\" content=\"article\" \/>\n<meta property=\"og:title\" content=\"Investigaci\u00f3n con suero de caballos: en dos semanas podr\u00edan comenzar las pruebas en los hospitales -\" \/>\n<meta property=\"og:description\" content=\"As\u00ed lo expres\u00f3 el cient\u00edfico Fernando Goldbaum y precis\u00f3 que esperan la autorizaci\u00f3n de la...\" \/>\n<meta property=\"og:url\" content=\"https:\/\/experienciadevida.com.ar\/portalurbano\/investigacion-con-suero-de-caballos-en-dos-semanas-podrian-comenzar-las-pruebas-en-los-hospitales\/\" \/>\n<meta property=\"article:publisher\" content=\"https:\/\/www.facebook.com\/Portal-Urbano-171542830093757\/\" \/>\n<meta property=\"article:published_time\" content=\"2020-07-10T18:39:31+00:00\" \/>\n<meta property=\"article:modified_time\" content=\"2020-07-10T18:39:52+00:00\" \/>\n<meta property=\"og:image\" content=\"https:\/\/experienciadevida.com.ar\/portalurbano\/wp-content\/uploads\/2020\/07\/SUERODECABALLO.jpg\" \/>\n\t<meta property=\"og:image:width\" content=\"696\" \/>\n\t<meta property=\"og:image:height\" content=\"392\" \/>\n\t<meta property=\"og:image:type\" content=\"image\/jpeg\" \/>\n<meta name=\"author\" content=\"admpu17wp\" \/>\n<meta name=\"twitter:card\" content=\"summary_large_image\" \/>\n<meta name=\"twitter:creator\" content=\"@portalurbanook\" \/>\n<meta name=\"twitter:site\" content=\"@portalurbanook\" \/>\n<meta name=\"twitter:label1\" content=\"Escrito por\" \/>\n\t<meta name=\"twitter:data1\" content=\"admpu17wp\" \/>\n\t<meta name=\"twitter:label2\" content=\"Tiempo de lectura\" \/>\n\t<meta name=\"twitter:data2\" content=\"2 minutos\" \/>\n<script type=\"application\/ld+json\" class=\"yoast-schema-graph\">{\"@context\":\"https:\/\/schema.org\",\"@graph\":[{\"@type\":\"Article\",\"@id\":\"https:\/\/experienciadevida.com.ar\/portalurbano\/investigacion-con-suero-de-caballos-en-dos-semanas-podrian-comenzar-las-pruebas-en-los-hospitales\/#article\",\"isPartOf\":{\"@id\":\"https:\/\/experienciadevida.com.ar\/portalurbano\/investigacion-con-suero-de-caballos-en-dos-semanas-podrian-comenzar-las-pruebas-en-los-hospitales\/\"},\"author\":{\"name\":\"admpu17wp\",\"@id\":\"https:\/\/experienciadevida.com.ar\/portalurbano\/#\/schema\/person\/02dd326b1c4b056e9cc972486934a3a7\"},\"headline\":\"Investigaci\u00f3n con suero de caballos: en dos semanas podr\u00edan comenzar las pruebas en los hospitales\",\"datePublished\":\"2020-07-10T18:39:31+00:00\",\"dateModified\":\"2020-07-10T18:39:52+00:00\",\"mainEntityOfPage\":{\"@id\":\"https:\/\/experienciadevida.com.ar\/portalurbano\/investigacion-con-suero-de-caballos-en-dos-semanas-podrian-comenzar-las-pruebas-en-los-hospitales\/\"},\"wordCount\":510,\"publisher\":{\"@id\":\"https:\/\/experienciadevida.com.ar\/portalurbano\/#organization\"},\"articleSection\":[\"Coronavirus\",\"Naci\u00f3n\"],\"inLanguage\":\"es\"},{\"@type\":\"WebPage\",\"@id\":\"https:\/\/experienciadevida.com.ar\/portalurbano\/investigacion-con-suero-de-caballos-en-dos-semanas-podrian-comenzar-las-pruebas-en-los-hospitales\/\",\"url\":\"https:\/\/experienciadevida.com.ar\/portalurbano\/investigacion-con-suero-de-caballos-en-dos-semanas-podrian-comenzar-las-pruebas-en-los-hospitales\/\",\"name\":\"Investigaci\u00f3n con suero de caballos: en dos semanas podr\u00edan comenzar las pruebas en los hospitales -\",\"isPartOf\":{\"@id\":\"https:\/\/experienciadevida.com.ar\/portalurbano\/#website\"},\"datePublished\":\"2020-07-10T18:39:31+00:00\",\"dateModified\":\"2020-07-10T18:39:52+00:00\",\"breadcrumb\":{\"@id\":\"https:\/\/experienciadevida.com.ar\/portalurbano\/investigacion-con-suero-de-caballos-en-dos-semanas-podrian-comenzar-las-pruebas-en-los-hospitales\/#breadcrumb\"},\"inLanguage\":\"es\",\"potentialAction\":[{\"@type\":\"ReadAction\",\"target\":[\"https:\/\/experienciadevida.com.ar\/portalurbano\/investigacion-con-suero-de-caballos-en-dos-semanas-podrian-comenzar-las-pruebas-en-los-hospitales\/\"]}]},{\"@type\":\"BreadcrumbList\",\"@id\":\"https:\/\/experienciadevida.com.ar\/portalurbano\/investigacion-con-suero-de-caballos-en-dos-semanas-podrian-comenzar-las-pruebas-en-los-hospitales\/#breadcrumb\",\"itemListElement\":[{\"@type\":\"ListItem\",\"position\":1,\"name\":\"Portada\",\"item\":\"https:\/\/experienciadevida.com.ar\/portalurbano\/\"},{\"@type\":\"ListItem\",\"position\":2,\"name\":\"Investigaci\u00f3n con suero de caballos: en dos semanas podr\u00edan comenzar las pruebas en los hospitales\"}]},{\"@type\":\"WebSite\",\"@id\":\"https:\/\/experienciadevida.com.ar\/portalurbano\/#website\",\"url\":\"https:\/\/experienciadevida.com.ar\/portalurbano\/\",\"name\":\"\",\"description\":\"\",\"publisher\":{\"@id\":\"https:\/\/experienciadevida.com.ar\/portalurbano\/#organization\"},\"potentialAction\":[{\"@type\":\"SearchAction\",\"target\":{\"@type\":\"EntryPoint\",\"urlTemplate\":\"https:\/\/experienciadevida.com.ar\/portalurbano\/?s={search_term_string}\"},\"query-input\":\"required name=search_term_string\"}],\"inLanguage\":\"es\"},{\"@type\":\"Organization\",\"@id\":\"https:\/\/experienciadevida.com.ar\/portalurbano\/#organization\",\"name\":\"Portal Urbano\",\"url\":\"https:\/\/experienciadevida.com.ar\/portalurbano\/\",\"logo\":{\"@type\":\"ImageObject\",\"inLanguage\":\"es\",\"@id\":\"https:\/\/experienciadevida.com.ar\/portalurbano\/#\/schema\/logo\/image\/\",\"url\":\"https:\/\/experienciadevida.com.ar\/portalurbano\/wp-content\/uploads\/2019\/09\/Logo-Original.png\",\"contentUrl\":\"https:\/\/experienciadevida.com.ar\/portalurbano\/wp-content\/uploads\/2019\/09\/Logo-Original.png\",\"width\":2236,\"height\":1216,\"caption\":\"Portal Urbano\"},\"image\":{\"@id\":\"https:\/\/experienciadevida.com.ar\/portalurbano\/#\/schema\/logo\/image\/\"},\"sameAs\":[\"https:\/\/www.facebook.com\/Portal-Urbano-171542830093757\/\",\"https:\/\/twitter.com\/portalurbanook\",\"https:\/\/www.instagram.com\/_portalurbano\/\",\"https:\/\/www.youtube.com\/channel\/UCXhagIfszH8KxFiOok79zbA?view_as=subscriber\"]},{\"@type\":\"Person\",\"@id\":\"https:\/\/experienciadevida.com.ar\/portalurbano\/#\/schema\/person\/02dd326b1c4b056e9cc972486934a3a7\",\"name\":\"admpu17wp\",\"image\":{\"@type\":\"ImageObject\",\"inLanguage\":\"es\",\"@id\":\"https:\/\/experienciadevida.com.ar\/portalurbano\/#\/schema\/person\/image\/\",\"url\":\"https:\/\/secure.gravatar.com\/avatar\/830d4c57adaae6630765e449a6908047?s=96&d=mm&r=g\",\"contentUrl\":\"https:\/\/secure.gravatar.com\/avatar\/830d4c57adaae6630765e449a6908047?s=96&d=mm&r=g\",\"caption\":\"admpu17wp\"}}]}<\/script>\n<!-- \/ Yoast SEO plugin. -->","yoast_head_json":{"title":"Investigaci\u00f3n con suero de caballos: en dos semanas podr\u00edan comenzar las pruebas en los hospitales -","robots":{"index":"index","follow":"follow","max-snippet":"max-snippet:-1","max-image-preview":"max-image-preview:large","max-video-preview":"max-video-preview:-1"},"canonical":"https:\/\/experienciadevida.com.ar\/portalurbano\/investigacion-con-suero-de-caballos-en-dos-semanas-podrian-comenzar-las-pruebas-en-los-hospitales\/","og_locale":"es_ES","og_type":"article","og_title":"Investigaci\u00f3n con suero de caballos: en dos semanas podr\u00edan comenzar las pruebas en los hospitales -","og_description":"As\u00ed lo expres\u00f3 el cient\u00edfico Fernando Goldbaum y precis\u00f3 que esperan la autorizaci\u00f3n de la...","og_url":"https:\/\/experienciadevida.com.ar\/portalurbano\/investigacion-con-suero-de-caballos-en-dos-semanas-podrian-comenzar-las-pruebas-en-los-hospitales\/","article_publisher":"https:\/\/www.facebook.com\/Portal-Urbano-171542830093757\/","article_published_time":"2020-07-10T18:39:31+00:00","article_modified_time":"2020-07-10T18:39:52+00:00","og_image":[{"width":696,"height":392,"url":"https:\/\/experienciadevida.com.ar\/portalurbano\/wp-content\/uploads\/2020\/07\/SUERODECABALLO.jpg","type":"image\/jpeg"}],"author":"admpu17wp","twitter_card":"summary_large_image","twitter_creator":"@portalurbanook","twitter_site":"@portalurbanook","twitter_misc":{"Escrito por":"admpu17wp","Tiempo de lectura":"2 minutos"},"schema":{"@context":"https:\/\/schema.org","@graph":[{"@type":"Article","@id":"https:\/\/experienciadevida.com.ar\/portalurbano\/investigacion-con-suero-de-caballos-en-dos-semanas-podrian-comenzar-las-pruebas-en-los-hospitales\/#article","isPartOf":{"@id":"https:\/\/experienciadevida.com.ar\/portalurbano\/investigacion-con-suero-de-caballos-en-dos-semanas-podrian-comenzar-las-pruebas-en-los-hospitales\/"},"author":{"name":"admpu17wp","@id":"https:\/\/experienciadevida.com.ar\/portalurbano\/#\/schema\/person\/02dd326b1c4b056e9cc972486934a3a7"},"headline":"Investigaci\u00f3n con suero de caballos: en dos semanas podr\u00edan comenzar las pruebas en los hospitales","datePublished":"2020-07-10T18:39:31+00:00","dateModified":"2020-07-10T18:39:52+00:00","mainEntityOfPage":{"@id":"https:\/\/experienciadevida.com.ar\/portalurbano\/investigacion-con-suero-de-caballos-en-dos-semanas-podrian-comenzar-las-pruebas-en-los-hospitales\/"},"wordCount":510,"publisher":{"@id":"https:\/\/experienciadevida.com.ar\/portalurbano\/#organization"},"articleSection":["Coronavirus","Naci\u00f3n"],"inLanguage":"es"},{"@type":"WebPage","@id":"https:\/\/experienciadevida.com.ar\/portalurbano\/investigacion-con-suero-de-caballos-en-dos-semanas-podrian-comenzar-las-pruebas-en-los-hospitales\/","url":"https:\/\/experienciadevida.com.ar\/portalurbano\/investigacion-con-suero-de-caballos-en-dos-semanas-podrian-comenzar-las-pruebas-en-los-hospitales\/","name":"Investigaci\u00f3n con suero de caballos: en dos semanas podr\u00edan comenzar las pruebas en los hospitales -","isPartOf":{"@id":"https:\/\/experienciadevida.com.ar\/portalurbano\/#website"},"datePublished":"2020-07-10T18:39:31+00:00","dateModified":"2020-07-10T18:39:52+00:00","breadcrumb":{"@id":"https:\/\/experienciadevida.com.ar\/portalurbano\/investigacion-con-suero-de-caballos-en-dos-semanas-podrian-comenzar-las-pruebas-en-los-hospitales\/#breadcrumb"},"inLanguage":"es","potentialAction":[{"@type":"ReadAction","target":["https:\/\/experienciadevida.com.ar\/portalurbano\/investigacion-con-suero-de-caballos-en-dos-semanas-podrian-comenzar-las-pruebas-en-los-hospitales\/"]}]},{"@type":"BreadcrumbList","@id":"https:\/\/experienciadevida.com.ar\/portalurbano\/investigacion-con-suero-de-caballos-en-dos-semanas-podrian-comenzar-las-pruebas-en-los-hospitales\/#breadcrumb","itemListElement":[{"@type":"ListItem","position":1,"name":"Portada","item":"https:\/\/experienciadevida.com.ar\/portalurbano\/"},{"@type":"ListItem","position":2,"name":"Investigaci\u00f3n con suero de caballos: en dos semanas podr\u00edan comenzar las pruebas en los hospitales"}]},{"@type":"WebSite","@id":"https:\/\/experienciadevida.com.ar\/portalurbano\/#website","url":"https:\/\/experienciadevida.com.ar\/portalurbano\/","name":"","description":"","publisher":{"@id":"https:\/\/experienciadevida.com.ar\/portalurbano\/#organization"},"potentialAction":[{"@type":"SearchAction","target":{"@type":"EntryPoint","urlTemplate":"https:\/\/experienciadevida.com.ar\/portalurbano\/?s={search_term_string}"},"query-input":"required name=search_term_string"}],"inLanguage":"es"},{"@type":"Organization","@id":"https:\/\/experienciadevida.com.ar\/portalurbano\/#organization","name":"Portal Urbano","url":"https:\/\/experienciadevida.com.ar\/portalurbano\/","logo":{"@type":"ImageObject","inLanguage":"es","@id":"https:\/\/experienciadevida.com.ar\/portalurbano\/#\/schema\/logo\/image\/","url":"https:\/\/experienciadevida.com.ar\/portalurbano\/wp-content\/uploads\/2019\/09\/Logo-Original.png","contentUrl":"https:\/\/experienciadevida.com.ar\/portalurbano\/wp-content\/uploads\/2019\/09\/Logo-Original.png","width":2236,"height":1216,"caption":"Portal Urbano"},"image":{"@id":"https:\/\/experienciadevida.com.ar\/portalurbano\/#\/schema\/logo\/image\/"},"sameAs":["https:\/\/www.facebook.com\/Portal-Urbano-171542830093757\/","https:\/\/twitter.com\/portalurbanook","https:\/\/www.instagram.com\/_portalurbano\/","https:\/\/www.youtube.com\/channel\/UCXhagIfszH8KxFiOok79zbA?view_as=subscriber"]},{"@type":"Person","@id":"https:\/\/experienciadevida.com.ar\/portalurbano\/#\/schema\/person\/02dd326b1c4b056e9cc972486934a3a7","name":"admpu17wp","image":{"@type":"ImageObject","inLanguage":"es","@id":"https:\/\/experienciadevida.com.ar\/portalurbano\/#\/schema\/person\/image\/","url":"https:\/\/secure.gravatar.com\/avatar\/830d4c57adaae6630765e449a6908047?s=96&d=mm&r=g","contentUrl":"https:\/\/secure.gravatar.com\/avatar\/830d4c57adaae6630765e449a6908047?s=96&d=mm&r=g","caption":"admpu17wp"}}]}},"featured_image_urls":{"full":["https:\/\/experienciadevida.com.ar\/portalurbano\/wp-content\/uploads\/2020\/07\/SUERODECABALLO.jpg",696,392,false],"thumbnail":["https:\/\/experienciadevida.com.ar\/portalurbano\/wp-content\/uploads\/2020\/07\/SUERODECABALLO-150x150.jpg",150,150,true],"medium":["https:\/\/experienciadevida.com.ar\/portalurbano\/wp-content\/uploads\/2020\/07\/SUERODECABALLO-300x169.jpg",300,169,true],"medium_large":["https:\/\/experienciadevida.com.ar\/portalurbano\/wp-content\/uploads\/2020\/07\/SUERODECABALLO.jpg",640,360,false],"large":["https:\/\/experienciadevida.com.ar\/portalurbano\/wp-content\/uploads\/2020\/07\/SUERODECABALLO.jpg",640,360,false],"ug_big":["https:\/\/experienciadevida.com.ar\/portalurbano\/wp-content\/uploads\/2020\/07\/SUERODECABALLO.jpg",696,392,false],"1536x1536":["https:\/\/experienciadevida.com.ar\/portalurbano\/wp-content\/uploads\/2020\/07\/SUERODECABALLO.jpg",696,392,false],"2048x2048":["https:\/\/experienciadevida.com.ar\/portalurbano\/wp-content\/uploads\/2020\/07\/SUERODECABALLO.jpg",696,392,false],"newsever-slider-full":["https:\/\/experienciadevida.com.ar\/portalurbano\/wp-content\/uploads\/2020\/07\/SUERODECABALLO.jpg",696,392,false],"newsever-featured":["https:\/\/experienciadevida.com.ar\/portalurbano\/wp-content\/uploads\/2020\/07\/SUERODECABALLO.jpg",696,392,false],"newsever-medium":["https:\/\/experienciadevida.com.ar\/portalurbano\/wp-content\/uploads\/2020\/07\/SUERODECABALLO.jpg",696,392,false],"web-stories-poster-portrait":["https:\/\/experienciadevida.com.ar\/portalurbano\/wp-content\/uploads\/2020\/07\/SUERODECABALLO.jpg",640,360,false],"web-stories-publisher-logo":["https:\/\/experienciadevida.com.ar\/portalurbano\/wp-content\/uploads\/2020\/07\/SUERODECABALLO.jpg",96,54,false],"web-stories-thumbnail":["https:\/\/experienciadevida.com.ar\/portalurbano\/wp-content\/uploads\/2020\/07\/SUERODECABALLO.jpg",150,84,false]},"author_info":{"display_name":"admpu17wp","author_link":"https:\/\/experienciadevida.com.ar\/portalurbano\/author\/admpu17wp\/"},"category_info":"<a href=\"https:\/\/experienciadevida.com.ar\/portalurbano\/category\/nacion\/coronavirus\/\" rel=\"category tag\">Coronavirus<\/a> <a href=\"https:\/\/experienciadevida.com.ar\/portalurbano\/category\/nacion\/\" rel=\"category tag\">Naci\u00f3n<\/a>","tag_info":"Naci\u00f3n","comment_count":"0","amp_enabled":true,"_links":{"self":[{"href":"https:\/\/experienciadevida.com.ar\/portalurbano\/wp-json\/wp\/v2\/posts\/114527"}],"collection":[{"href":"https:\/\/experienciadevida.com.ar\/portalurbano\/wp-json\/wp\/v2\/posts"}],"about":[{"href":"https:\/\/experienciadevida.com.ar\/portalurbano\/wp-json\/wp\/v2\/types\/post"}],"author":[{"embeddable":true,"href":"https:\/\/experienciadevida.com.ar\/portalurbano\/wp-json\/wp\/v2\/users\/1"}],"replies":[{"embeddable":true,"href":"https:\/\/experienciadevida.com.ar\/portalurbano\/wp-json\/wp\/v2\/comments?post=114527"}],"version-history":[{"count":1,"href":"https:\/\/experienciadevida.com.ar\/portalurbano\/wp-json\/wp\/v2\/posts\/114527\/revisions"}],"predecessor-version":[{"id":114529,"href":"https:\/\/experienciadevida.com.ar\/portalurbano\/wp-json\/wp\/v2\/posts\/114527\/revisions\/114529"}],"wp:featuredmedia":[{"embeddable":true,"href":"https:\/\/experienciadevida.com.ar\/portalurbano\/wp-json\/wp\/v2\/media\/114528"}],"wp:attachment":[{"href":"https:\/\/experienciadevida.com.ar\/portalurbano\/wp-json\/wp\/v2\/media?parent=114527"}],"wp:term":[{"taxonomy":"category","embeddable":true,"href":"https:\/\/experienciadevida.com.ar\/portalurbano\/wp-json\/wp\/v2\/categories?post=114527"},{"taxonomy":"post_tag","embeddable":true,"href":"https:\/\/experienciadevida.com.ar\/portalurbano\/wp-json\/wp\/v2\/tags?post=114527"}],"curies":[{"name":"wp","href":"https:\/\/api.w.org\/{rel}","templated":true}]}}