{"id":114524,"date":"2020-07-10T15:30:22","date_gmt":"2020-07-10T18:30:22","guid":{"rendered":"https:\/\/experienciadevida.com.ar\/portalurbano\/?p=114524"},"modified":"2020-07-10T15:31:06","modified_gmt":"2020-07-10T18:31:06","slug":"comerciantes-unidos-y-un-mensaje-en-el-dia-del-comercio","status":"publish","type":"post","link":"https:\/\/experienciadevida.com.ar\/portalurbano\/comerciantes-unidos-y-un-mensaje-en-el-dia-del-comercio\/","title":{"rendered":"Comerciantes Unidos y un mensaje en el d\u00eda del comercio"},"content":{"rendered":"<p>A pesar de ser un momento\u00a0 muy dif\u00edcil para todos los comercios, debido a la pandemia que est\u00e1 atravesando el mundo por el coronavirus,\u00a0 por eso,\u00a0 desde la Agrupaci\u00f3n\u00a0 comerciantes Unidos Olavarr\u00eda saludaron a todos y dijeron &#8220;feliz D\u00eda a todas las personas que conforman \u00e9ste maravilloso mundo del Comercio! Mucha Fuerza y sigamos en el camino de la Unidad&#8221;.<\/p>\n<p><iframe style=\"border: none; overflow: hidden;\" src=\"https:\/\/www.facebook.com\/plugins\/post.php?href=https%3A%2F%2Fwww.facebook.com%2F323151591739848%2Fphotos%2Fa.323632935025047%2F618335848888086%2F%3Ftype%3D3&amp;width=500\" width=\"500\" height=\"614\" frameborder=\"0\" scrolling=\"no\"><\/iframe><\/p>\n<p><strong>\u00bfPor qu\u00e9 se celebra el d\u00eda del comercio?<\/strong><\/p>\n<p>El D\u00eda del Comercio y del Comerciante recuerda un 10 de Julio de 1854, cuando se fundaba en Buenos Aires la Bolsa de Comercio.<\/p>\n<p>Un 10 de julio pero de 1854 se fund\u00f3 la Bolsa de Comercio de Buenos Aires, mientras que en la misma fecha pero en el a\u00f1o 1866 tambi\u00e9n naci\u00f3 la Sociedad Rural Argentina. Ambos hechos, se relacionan con la celebraci\u00f3n del D\u00eda del Comercio y del Comerciante en Argentina.<\/p>\n<p>La fecha fue elegida por los comerciantes pioneros argentinos con el objetivo de reunirse y compartir sus experiencias. Con el paso del tiempo, el 10 de julio se utiliz\u00f3 para homenajear al oficio de comerciante en el pa\u00eds.<\/p>\n<p>El comercio ha sido en todos los tiempos y en todas las partes del mundo un instrumento de civilizaci\u00f3n, de progreso. La prosperidad y el progreso de los pueblos corren paralelo al impulso de su desarrollo comercial.<\/p>\n<p>Desde los albores de la emancipaci\u00f3n de nuestro pa\u00eds, el comercio argentino ha sido, es y ser\u00e1 motor de energ\u00eda vital, est\u00edmulo del esp\u00edritu creador y ocupaci\u00f3n preferida de hombres emprendedores y progresistas que con sacrificios, han creado empresas comerciales e industriales que hoy reinan en el pa\u00eds y que, a la vez, son fuentes de trabajo, de riqueza y de bienestar colectivo.<\/p>\n<p>Foto: FB comerciantes Unidos Olavarr\u00eda<\/p>\n","protected":false},"excerpt":{"rendered":"<p>A pesar de ser un momento\u00a0 muy dif\u00edcil para todos los comercios, debido a la&#8230;<\/p>\n","protected":false},"author":1,"featured_media":114525,"comment_status":"closed","ping_status":"closed","sticky":false,"template":"","format":"standard","meta":{"content-type":""},"categories":[27,51],"tags":[],"nelio_content":{"isAutoShareEnabled":false,"autoShareEndMode":"default","automationSources":{"useContentSentences":true,"useSocialTemplates":true,"useCustomSentences":false,"customSentences":[]},"followers":[1],"suggestedReferences":[],"includedReferences":[],"efiUrl":"","efiAlt":"","highlights":[]},"yoast_head":"<!-- This site is optimized with the Yoast SEO plugin v20.7 - https:\/\/yoast.com\/wordpress\/plugins\/seo\/ -->\n<title>Comerciantes Unidos y un mensaje en el d\u00eda del comercio -<\/title>\n<meta name=\"robots\" content=\"index, follow, max-snippet:-1, max-image-preview:large, max-video-preview:-1\" \/>\n<link rel=\"canonical\" href=\"https:\/\/experienciadevida.com.ar\/portalurbano\/comerciantes-unidos-y-un-mensaje-en-el-dia-del-comercio\/\" \/>\n<meta property=\"og:locale\" content=\"es_ES\" \/>\n<meta property=\"og:type\" content=\"article\" \/>\n<meta property=\"og:title\" content=\"Comerciantes Unidos y un mensaje en el d\u00eda del comercio -\" \/>\n<meta property=\"og:description\" content=\"A pesar de ser un momento\u00a0 muy dif\u00edcil para todos los comercios, debido a la...\" \/>\n<meta property=\"og:url\" content=\"https:\/\/experienciadevida.com.ar\/portalurbano\/comerciantes-unidos-y-un-mensaje-en-el-dia-del-comercio\/\" \/>\n<meta property=\"article:publisher\" content=\"https:\/\/www.facebook.com\/Portal-Urbano-171542830093757\/\" \/>\n<meta property=\"article:published_time\" content=\"2020-07-10T18:30:22+00:00\" \/>\n<meta property=\"article:modified_time\" content=\"2020-07-10T18:31:06+00:00\" \/>\n<meta property=\"og:image\" content=\"https:\/\/experienciadevida.com.ar\/portalurbano\/wp-content\/uploads\/2020\/07\/COMERCIANTES.jpg\" \/>\n\t<meta property=\"og:image:width\" content=\"960\" \/>\n\t<meta property=\"og:image:height\" content=\"637\" \/>\n\t<meta property=\"og:image:type\" content=\"image\/jpeg\" \/>\n<meta name=\"author\" content=\"admpu17wp\" \/>\n<meta name=\"twitter:card\" content=\"summary_large_image\" \/>\n<meta name=\"twitter:creator\" content=\"@portalurbanook\" \/>\n<meta name=\"twitter:site\" content=\"@portalurbanook\" \/>\n<meta name=\"twitter:label1\" content=\"Escrito por\" \/>\n\t<meta name=\"twitter:data1\" content=\"admpu17wp\" \/>\n\t<meta name=\"twitter:label2\" content=\"Tiempo de lectura\" \/>\n\t<meta name=\"twitter:data2\" content=\"1 minuto\" \/>\n<script type=\"application\/ld+json\" class=\"yoast-schema-graph\">{\"@context\":\"https:\/\/schema.org\",\"@graph\":[{\"@type\":\"Article\",\"@id\":\"https:\/\/experienciadevida.com.ar\/portalurbano\/comerciantes-unidos-y-un-mensaje-en-el-dia-del-comercio\/#article\",\"isPartOf\":{\"@id\":\"https:\/\/experienciadevida.com.ar\/portalurbano\/comerciantes-unidos-y-un-mensaje-en-el-dia-del-comercio\/\"},\"author\":{\"name\":\"admpu17wp\",\"@id\":\"https:\/\/experienciadevida.com.ar\/portalurbano\/#\/schema\/person\/02dd326b1c4b056e9cc972486934a3a7\"},\"headline\":\"Comerciantes Unidos y un mensaje en el d\u00eda del comercio\",\"datePublished\":\"2020-07-10T18:30:22+00:00\",\"dateModified\":\"2020-07-10T18:31:06+00:00\",\"mainEntityOfPage\":{\"@id\":\"https:\/\/experienciadevida.com.ar\/portalurbano\/comerciantes-unidos-y-un-mensaje-en-el-dia-del-comercio\/\"},\"wordCount\":309,\"publisher\":{\"@id\":\"https:\/\/experienciadevida.com.ar\/portalurbano\/#organization\"},\"articleSection\":[\"Ciudad\",\"Destacadas\"],\"inLanguage\":\"es\"},{\"@type\":\"WebPage\",\"@id\":\"https:\/\/experienciadevida.com.ar\/portalurbano\/comerciantes-unidos-y-un-mensaje-en-el-dia-del-comercio\/\",\"url\":\"https:\/\/experienciadevida.com.ar\/portalurbano\/comerciantes-unidos-y-un-mensaje-en-el-dia-del-comercio\/\",\"name\":\"Comerciantes Unidos y un mensaje en el d\u00eda del comercio -\",\"isPartOf\":{\"@id\":\"https:\/\/experienciadevida.com.ar\/portalurbano\/#website\"},\"datePublished\":\"2020-07-10T18:30:22+00:00\",\"dateModified\":\"2020-07-10T18:31:06+00:00\",\"breadcrumb\":{\"@id\":\"https:\/\/experienciadevida.com.ar\/portalurbano\/comerciantes-unidos-y-un-mensaje-en-el-dia-del-comercio\/#breadcrumb\"},\"inLanguage\":\"es\",\"potentialAction\":[{\"@type\":\"ReadAction\",\"target\":[\"https:\/\/experienciadevida.com.ar\/portalurbano\/comerciantes-unidos-y-un-mensaje-en-el-dia-del-comercio\/\"]}]},{\"@type\":\"BreadcrumbList\",\"@id\":\"https:\/\/experienciadevida.com.ar\/portalurbano\/comerciantes-unidos-y-un-mensaje-en-el-dia-del-comercio\/#breadcrumb\",\"itemListElement\":[{\"@type\":\"ListItem\",\"position\":1,\"name\":\"Portada\",\"item\":\"https:\/\/experienciadevida.com.ar\/portalurbano\/\"},{\"@type\":\"ListItem\",\"position\":2,\"name\":\"Comerciantes Unidos y un mensaje en el d\u00eda del comercio\"}]},{\"@type\":\"WebSite\",\"@id\":\"https:\/\/experienciadevida.com.ar\/portalurbano\/#website\",\"url\":\"https:\/\/experienciadevida.com.ar\/portalurbano\/\",\"name\":\"\",\"description\":\"\",\"publisher\":{\"@id\":\"https:\/\/experienciadevida.com.ar\/portalurbano\/#organization\"},\"potentialAction\":[{\"@type\":\"SearchAction\",\"target\":{\"@type\":\"EntryPoint\",\"urlTemplate\":\"https:\/\/experienciadevida.com.ar\/portalurbano\/?s={search_term_string}\"},\"query-input\":\"required name=search_term_string\"}],\"inLanguage\":\"es\"},{\"@type\":\"Organization\",\"@id\":\"https:\/\/experienciadevida.com.ar\/portalurbano\/#organization\",\"name\":\"Portal Urbano\",\"url\":\"https:\/\/experienciadevida.com.ar\/portalurbano\/\",\"logo\":{\"@type\":\"ImageObject\",\"inLanguage\":\"es\",\"@id\":\"https:\/\/experienciadevida.com.ar\/portalurbano\/#\/schema\/logo\/image\/\",\"url\":\"https:\/\/experienciadevida.com.ar\/portalurbano\/wp-content\/uploads\/2019\/09\/Logo-Original.png\",\"contentUrl\":\"https:\/\/experienciadevida.com.ar\/portalurbano\/wp-content\/uploads\/2019\/09\/Logo-Original.png\",\"width\":2236,\"height\":1216,\"caption\":\"Portal Urbano\"},\"image\":{\"@id\":\"https:\/\/experienciadevida.com.ar\/portalurbano\/#\/schema\/logo\/image\/\"},\"sameAs\":[\"https:\/\/www.facebook.com\/Portal-Urbano-171542830093757\/\",\"https:\/\/twitter.com\/portalurbanook\",\"https:\/\/www.instagram.com\/_portalurbano\/\",\"https:\/\/www.youtube.com\/channel\/UCXhagIfszH8KxFiOok79zbA?view_as=subscriber\"]},{\"@type\":\"Person\",\"@id\":\"https:\/\/experienciadevida.com.ar\/portalurbano\/#\/schema\/person\/02dd326b1c4b056e9cc972486934a3a7\",\"name\":\"admpu17wp\",\"image\":{\"@type\":\"ImageObject\",\"inLanguage\":\"es\",\"@id\":\"https:\/\/experienciadevida.com.ar\/portalurbano\/#\/schema\/person\/image\/\",\"url\":\"https:\/\/secure.gravatar.com\/avatar\/830d4c57adaae6630765e449a6908047?s=96&d=mm&r=g\",\"contentUrl\":\"https:\/\/secure.gravatar.com\/avatar\/830d4c57adaae6630765e449a6908047?s=96&d=mm&r=g\",\"caption\":\"admpu17wp\"}}]}<\/script>\n<!-- \/ Yoast SEO plugin. -->","yoast_head_json":{"title":"Comerciantes Unidos y un mensaje en el d\u00eda del comercio -","robots":{"index":"index","follow":"follow","max-snippet":"max-snippet:-1","max-image-preview":"max-image-preview:large","max-video-preview":"max-video-preview:-1"},"canonical":"https:\/\/experienciadevida.com.ar\/portalurbano\/comerciantes-unidos-y-un-mensaje-en-el-dia-del-comercio\/","og_locale":"es_ES","og_type":"article","og_title":"Comerciantes Unidos y un mensaje en el d\u00eda del comercio -","og_description":"A pesar de ser un momento\u00a0 muy dif\u00edcil para todos los comercios, debido a la...","og_url":"https:\/\/experienciadevida.com.ar\/portalurbano\/comerciantes-unidos-y-un-mensaje-en-el-dia-del-comercio\/","article_publisher":"https:\/\/www.facebook.com\/Portal-Urbano-171542830093757\/","article_published_time":"2020-07-10T18:30:22+00:00","article_modified_time":"2020-07-10T18:31:06+00:00","og_image":[{"width":960,"height":637,"url":"https:\/\/experienciadevida.com.ar\/portalurbano\/wp-content\/uploads\/2020\/07\/COMERCIANTES.jpg","type":"image\/jpeg"}],"author":"admpu17wp","twitter_card":"summary_large_image","twitter_creator":"@portalurbanook","twitter_site":"@portalurbanook","twitter_misc":{"Escrito por":"admpu17wp","Tiempo de lectura":"1 minuto"},"schema":{"@context":"https:\/\/schema.org","@graph":[{"@type":"Article","@id":"https:\/\/experienciadevida.com.ar\/portalurbano\/comerciantes-unidos-y-un-mensaje-en-el-dia-del-comercio\/#article","isPartOf":{"@id":"https:\/\/experienciadevida.com.ar\/portalurbano\/comerciantes-unidos-y-un-mensaje-en-el-dia-del-comercio\/"},"author":{"name":"admpu17wp","@id":"https:\/\/experienciadevida.com.ar\/portalurbano\/#\/schema\/person\/02dd326b1c4b056e9cc972486934a3a7"},"headline":"Comerciantes Unidos y un mensaje en el d\u00eda del comercio","datePublished":"2020-07-10T18:30:22+00:00","dateModified":"2020-07-10T18:31:06+00:00","mainEntityOfPage":{"@id":"https:\/\/experienciadevida.com.ar\/portalurbano\/comerciantes-unidos-y-un-mensaje-en-el-dia-del-comercio\/"},"wordCount":309,"publisher":{"@id":"https:\/\/experienciadevida.com.ar\/portalurbano\/#organization"},"articleSection":["Ciudad","Destacadas"],"inLanguage":"es"},{"@type":"WebPage","@id":"https:\/\/experienciadevida.com.ar\/portalurbano\/comerciantes-unidos-y-un-mensaje-en-el-dia-del-comercio\/","url":"https:\/\/experienciadevida.com.ar\/portalurbano\/comerciantes-unidos-y-un-mensaje-en-el-dia-del-comercio\/","name":"Comerciantes Unidos y un mensaje en el d\u00eda del comercio -","isPartOf":{"@id":"https:\/\/experienciadevida.com.ar\/portalurbano\/#website"},"datePublished":"2020-07-10T18:30:22+00:00","dateModified":"2020-07-10T18:31:06+00:00","breadcrumb":{"@id":"https:\/\/experienciadevida.com.ar\/portalurbano\/comerciantes-unidos-y-un-mensaje-en-el-dia-del-comercio\/#breadcrumb"},"inLanguage":"es","potentialAction":[{"@type":"ReadAction","target":["https:\/\/experienciadevida.com.ar\/portalurbano\/comerciantes-unidos-y-un-mensaje-en-el-dia-del-comercio\/"]}]},{"@type":"BreadcrumbList","@id":"https:\/\/experienciadevida.com.ar\/portalurbano\/comerciantes-unidos-y-un-mensaje-en-el-dia-del-comercio\/#breadcrumb","itemListElement":[{"@type":"ListItem","position":1,"name":"Portada","item":"https:\/\/experienciadevida.com.ar\/portalurbano\/"},{"@type":"ListItem","position":2,"name":"Comerciantes Unidos y un mensaje en el d\u00eda del comercio"}]},{"@type":"WebSite","@id":"https:\/\/experienciadevida.com.ar\/portalurbano\/#website","url":"https:\/\/experienciadevida.com.ar\/portalurbano\/","name":"","description":"","publisher":{"@id":"https:\/\/experienciadevida.com.ar\/portalurbano\/#organization"},"potentialAction":[{"@type":"SearchAction","target":{"@type":"EntryPoint","urlTemplate":"https:\/\/experienciadevida.com.ar\/portalurbano\/?s={search_term_string}"},"query-input":"required name=search_term_string"}],"inLanguage":"es"},{"@type":"Organization","@id":"https:\/\/experienciadevida.com.ar\/portalurbano\/#organization","name":"Portal Urbano","url":"https:\/\/experienciadevida.com.ar\/portalurbano\/","logo":{"@type":"ImageObject","inLanguage":"es","@id":"https:\/\/experienciadevida.com.ar\/portalurbano\/#\/schema\/logo\/image\/","url":"https:\/\/experienciadevida.com.ar\/portalurbano\/wp-content\/uploads\/2019\/09\/Logo-Original.png","contentUrl":"https:\/\/experienciadevida.com.ar\/portalurbano\/wp-content\/uploads\/2019\/09\/Logo-Original.png","width":2236,"height":1216,"caption":"Portal Urbano"},"image":{"@id":"https:\/\/experienciadevida.com.ar\/portalurbano\/#\/schema\/logo\/image\/"},"sameAs":["https:\/\/www.facebook.com\/Portal-Urbano-171542830093757\/","https:\/\/twitter.com\/portalurbanook","https:\/\/www.instagram.com\/_portalurbano\/","https:\/\/www.youtube.com\/channel\/UCXhagIfszH8KxFiOok79zbA?view_as=subscriber"]},{"@type":"Person","@id":"https:\/\/experienciadevida.com.ar\/portalurbano\/#\/schema\/person\/02dd326b1c4b056e9cc972486934a3a7","name":"admpu17wp","image":{"@type":"ImageObject","inLanguage":"es","@id":"https:\/\/experienciadevida.com.ar\/portalurbano\/#\/schema\/person\/image\/","url":"https:\/\/secure.gravatar.com\/avatar\/830d4c57adaae6630765e449a6908047?s=96&d=mm&r=g","contentUrl":"https:\/\/secure.gravatar.com\/avatar\/830d4c57adaae6630765e449a6908047?s=96&d=mm&r=g","caption":"admpu17wp"}}]}},"featured_image_urls":{"full":["https:\/\/experienciadevida.com.ar\/portalurbano\/wp-content\/uploads\/2020\/07\/COMERCIANTES.jpg",960,637,false],"thumbnail":["https:\/\/experienciadevida.com.ar\/portalurbano\/wp-content\/uploads\/2020\/07\/COMERCIANTES-150x150.jpg",150,150,true],"medium":["https:\/\/experienciadevida.com.ar\/portalurbano\/wp-content\/uploads\/2020\/07\/COMERCIANTES-300x199.jpg",300,199,true],"medium_large":["https:\/\/experienciadevida.com.ar\/portalurbano\/wp-content\/uploads\/2020\/07\/COMERCIANTES-768x510.jpg",640,425,true],"large":["https:\/\/experienciadevida.com.ar\/portalurbano\/wp-content\/uploads\/2020\/07\/COMERCIANTES.jpg",640,425,false],"ug_big":["https:\/\/experienciadevida.com.ar\/portalurbano\/wp-content\/uploads\/2020\/07\/COMERCIANTES-768x510.jpg",768,510,true],"1536x1536":["https:\/\/experienciadevida.com.ar\/portalurbano\/wp-content\/uploads\/2020\/07\/COMERCIANTES.jpg",960,637,false],"2048x2048":["https:\/\/experienciadevida.com.ar\/portalurbano\/wp-content\/uploads\/2020\/07\/COMERCIANTES.jpg",960,637,false],"newsever-slider-full":["https:\/\/experienciadevida.com.ar\/portalurbano\/wp-content\/uploads\/2020\/07\/COMERCIANTES.jpg",960,637,false],"newsever-featured":["https:\/\/experienciadevida.com.ar\/portalurbano\/wp-content\/uploads\/2020\/07\/COMERCIANTES.jpg",960,637,false],"newsever-medium":["https:\/\/experienciadevida.com.ar\/portalurbano\/wp-content\/uploads\/2020\/07\/COMERCIANTES.jpg",716,475,false],"web-stories-poster-portrait":["https:\/\/experienciadevida.com.ar\/portalurbano\/wp-content\/uploads\/2020\/07\/COMERCIANTES.jpg",640,425,false],"web-stories-publisher-logo":["https:\/\/experienciadevida.com.ar\/portalurbano\/wp-content\/uploads\/2020\/07\/COMERCIANTES.jpg",96,64,false],"web-stories-thumbnail":["https:\/\/experienciadevida.com.ar\/portalurbano\/wp-content\/uploads\/2020\/07\/COMERCIANTES.jpg",150,100,false]},"author_info":{"display_name":"admpu17wp","author_link":"https:\/\/experienciadevida.com.ar\/portalurbano\/author\/admpu17wp\/"},"category_info":"<a href=\"https:\/\/experienciadevida.com.ar\/portalurbano\/category\/ciudad\/\" rel=\"category tag\">Ciudad<\/a> <a href=\"https:\/\/experienciadevida.com.ar\/portalurbano\/category\/destacadas\/\" rel=\"category tag\">Destacadas<\/a>","tag_info":"Destacadas","comment_count":"0","amp_enabled":true,"_links":{"self":[{"href":"https:\/\/experienciadevida.com.ar\/portalurbano\/wp-json\/wp\/v2\/posts\/114524"}],"collection":[{"href":"https:\/\/experienciadevida.com.ar\/portalurbano\/wp-json\/wp\/v2\/posts"}],"about":[{"href":"https:\/\/experienciadevida.com.ar\/portalurbano\/wp-json\/wp\/v2\/types\/post"}],"author":[{"embeddable":true,"href":"https:\/\/experienciadevida.com.ar\/portalurbano\/wp-json\/wp\/v2\/users\/1"}],"replies":[{"embeddable":true,"href":"https:\/\/experienciadevida.com.ar\/portalurbano\/wp-json\/wp\/v2\/comments?post=114524"}],"version-history":[{"count":1,"href":"https:\/\/experienciadevida.com.ar\/portalurbano\/wp-json\/wp\/v2\/posts\/114524\/revisions"}],"predecessor-version":[{"id":114526,"href":"https:\/\/experienciadevida.com.ar\/portalurbano\/wp-json\/wp\/v2\/posts\/114524\/revisions\/114526"}],"wp:featuredmedia":[{"embeddable":true,"href":"https:\/\/experienciadevida.com.ar\/portalurbano\/wp-json\/wp\/v2\/media\/114525"}],"wp:attachment":[{"href":"https:\/\/experienciadevida.com.ar\/portalurbano\/wp-json\/wp\/v2\/media?parent=114524"}],"wp:term":[{"taxonomy":"category","embeddable":true,"href":"https:\/\/experienciadevida.com.ar\/portalurbano\/wp-json\/wp\/v2\/categories?post=114524"},{"taxonomy":"post_tag","embeddable":true,"href":"https:\/\/experienciadevida.com.ar\/portalurbano\/wp-json\/wp\/v2\/tags?post=114524"}],"curies":[{"name":"wp","href":"https:\/\/api.w.org\/{rel}","templated":true}]}}