{"id":114515,"date":"2020-07-10T11:14:41","date_gmt":"2020-07-10T14:14:41","guid":{"rendered":"https:\/\/experienciadevida.com.ar\/portalurbano\/?p=114515"},"modified":"2020-07-10T11:15:03","modified_gmt":"2020-07-10T14:15:03","slug":"informan-otros-29-fallecimientos-y-ascienden-a-1-749-los-muertos-por-coronavirus","status":"publish","type":"post","link":"https:\/\/experienciadevida.com.ar\/portalurbano\/informan-otros-29-fallecimientos-y-ascienden-a-1-749-los-muertos-por-coronavirus\/","title":{"rendered":"Informan otros 29 fallecimientos y ascienden a 1.749 los muertos por coronavirus"},"content":{"rendered":"<p>Ayer se produjo un nuevo r\u00e9cord de contagios. Hay 662 personas en terapia intensiva, el 92% en el \u00e1rea metropolitana de Buenos Aires.<\/p>\n<p>El Ministerio de Salud inform\u00f3 esta ma\u00f1ana 29 fallecimientos por coronavirus en el pa\u00eds, lo que elev\u00f3 a 1.749 la cifra de muertos desde marzo, cuando se declar\u00f3 la pandemia, con una tasa de letalidad de 1,96% sobre los casos confirmados.<\/p>\n<p>Adem\u00e1s, en el reporte oficial se indic\u00f3 que fueron 3.663 los contagios de Covid-19 que se registraron ayer en la Argentina y suman un total de 90.963 el total de infectados, de los cuales 38.984 ya fueron dados de alta.<\/p>\n<p>Desde el \u00faltimo reporte emitido anoche, se registraron 29 nuevas muertes: 21 hombres (12 de entre 41 y 96 a\u00f1os residentes en la provincia de Buenos Aires, ocho de entre 48 y 92 a\u00f1os de Ciudad de Buenos Aires y uno de 58 a\u00f1os de la provincia de La Rioja) y siete mujeres de entre 64 y 94 a\u00f1os residentes en la provincia de Buenos Aires. Adem\u00e1s, se aclar\u00f3 en los datos que hay una persona de 84 a\u00f1os, residente en la Ciudad, de la que no registra dato de sexo.<\/p>\n<p>Al respecto, la secretaria de Acceso a la Salud, Carla Vizzotti, se\u00f1al\u00f3 que hay 662 personas internadas en terapia intensiva con diagn\u00f3stico de Covid-19, el 92% en el \u00c1rea Metropolitana Buenos Aires (AMBA).<\/p>\n<p>\u201cLa ocupaci\u00f3n de camas de terapia por cualquier motivo a nivel nacional es del 52,4%, mientras que en el AMBA ese \u00edndice asciende al 58%\u201d, explic\u00f3 Vizzotti.<\/p>\n<p>Asimismo, asegur\u00f3 que \u201cno hay nuevas \u00e1reas de transmisi\u00f3n comunitaria\u201d y aclar\u00f3 que los que m\u00e1s se infectan \u201cson los j\u00f3venes que realizan actividades, los que m\u00e1s circulan, por eso est\u00e1 en 35 a\u00f1os (la edad promedio de contagios)\u201d, mientras que el promedio de mortalidad es de 75 a\u00f1os.<\/p>\n<p>\u201cEn el n\u00famero de casos estamos experimentando un aumento, estos casos que estamos viendo se infectaron hace 14 d\u00edas, por eso se tom\u00f3 esta medida de restringir la movilidad hasta el 17 de julio donde hay transmisi\u00f3n comunitaria\u201d, explic\u00f3 la funcionaria.<\/p>\n<p>Y a\u00f1adi\u00f3: \u201cLa disminuci\u00f3n de esta circulaci\u00f3n se ver\u00e1 en los casos de los pr\u00f3ximos d\u00edas, esperando que disminuya la circulaci\u00f3n del virus, por eso reiteramos los consejos de mantenerse en casa y que solo realicen actividades quienes est\u00e1n habilitados\u201d.<\/p>\n<p>Por \u00faltimo, Vizzotti manifest\u00f3 que \u201cestamos frente a un desaf\u00edo importante, con transparencia, solidaridad y compromiso, hay un equipo enorme que va a dar respuesta a cada uno de esos desaf\u00edos\u201d.<\/p>\n<p>Ayer fueron realizadas 11.041 nuevas muestras y desde el inicio del brote se realizaron 445.733 pruebas diagn\u00f3sticas para esta enfermedad, lo que equivale a 9.822,9 muestras por mill\u00f3n de habitantes.<\/p>\n<p>El n\u00famero de casos descartados hasta ayer es de 278.647 (por laboratorio y por criterio cl\u00ednico-epidemiol\u00f3gico), y 49.960 son las personas que est\u00e1n con la infecci\u00f3n en curso.<\/p>\n<p>Fuente: DIB<\/p>\n","protected":false},"excerpt":{"rendered":"<p>Ayer se produjo un nuevo r\u00e9cord de contagios. Hay 662 personas en terapia intensiva, el&#8230;<\/p>\n","protected":false},"author":1,"featured_media":114516,"comment_status":"closed","ping_status":"closed","sticky":false,"template":"","format":"standard","meta":{"content-type":""},"categories":[71,39],"tags":[],"nelio_content":{"isAutoShareEnabled":false,"autoShareEndMode":"default","automationSources":{"useContentSentences":true,"useSocialTemplates":true,"useCustomSentences":false,"customSentences":[]},"followers":[1],"suggestedReferences":[],"includedReferences":[],"efiUrl":"","efiAlt":"","highlights":[]},"yoast_head":"<!-- This site is optimized with the Yoast SEO plugin v20.7 - https:\/\/yoast.com\/wordpress\/plugins\/seo\/ -->\n<title>Informan otros 29 fallecimientos y ascienden a 1.749 los muertos por coronavirus -<\/title>\n<meta name=\"robots\" content=\"index, follow, max-snippet:-1, max-image-preview:large, max-video-preview:-1\" \/>\n<link rel=\"canonical\" href=\"https:\/\/experienciadevida.com.ar\/portalurbano\/informan-otros-29-fallecimientos-y-ascienden-a-1-749-los-muertos-por-coronavirus\/\" \/>\n<meta property=\"og:locale\" content=\"es_ES\" \/>\n<meta property=\"og:type\" content=\"article\" \/>\n<meta property=\"og:title\" content=\"Informan otros 29 fallecimientos y ascienden a 1.749 los muertos por coronavirus -\" \/>\n<meta property=\"og:description\" content=\"Ayer se produjo un nuevo r\u00e9cord de contagios. Hay 662 personas en terapia intensiva, el...\" \/>\n<meta property=\"og:url\" content=\"https:\/\/experienciadevida.com.ar\/portalurbano\/informan-otros-29-fallecimientos-y-ascienden-a-1-749-los-muertos-por-coronavirus\/\" \/>\n<meta property=\"article:publisher\" content=\"https:\/\/www.facebook.com\/Portal-Urbano-171542830093757\/\" \/>\n<meta property=\"article:published_time\" content=\"2020-07-10T14:14:41+00:00\" \/>\n<meta property=\"article:modified_time\" content=\"2020-07-10T14:15:03+00:00\" \/>\n<meta property=\"og:image\" content=\"https:\/\/experienciadevida.com.ar\/portalurbano\/wp-content\/uploads\/2020\/07\/CAMAS.jpg\" \/>\n\t<meta property=\"og:image:width\" content=\"696\" \/>\n\t<meta property=\"og:image:height\" content=\"464\" \/>\n\t<meta property=\"og:image:type\" content=\"image\/jpeg\" \/>\n<meta name=\"author\" content=\"admpu17wp\" \/>\n<meta name=\"twitter:card\" content=\"summary_large_image\" \/>\n<meta name=\"twitter:creator\" content=\"@portalurbanook\" \/>\n<meta name=\"twitter:site\" content=\"@portalurbanook\" \/>\n<meta name=\"twitter:label1\" content=\"Escrito por\" \/>\n\t<meta name=\"twitter:data1\" content=\"admpu17wp\" \/>\n\t<meta name=\"twitter:label2\" content=\"Tiempo de lectura\" \/>\n\t<meta name=\"twitter:data2\" content=\"2 minutos\" \/>\n<script type=\"application\/ld+json\" class=\"yoast-schema-graph\">{\"@context\":\"https:\/\/schema.org\",\"@graph\":[{\"@type\":\"Article\",\"@id\":\"https:\/\/experienciadevida.com.ar\/portalurbano\/informan-otros-29-fallecimientos-y-ascienden-a-1-749-los-muertos-por-coronavirus\/#article\",\"isPartOf\":{\"@id\":\"https:\/\/experienciadevida.com.ar\/portalurbano\/informan-otros-29-fallecimientos-y-ascienden-a-1-749-los-muertos-por-coronavirus\/\"},\"author\":{\"name\":\"admpu17wp\",\"@id\":\"https:\/\/experienciadevida.com.ar\/portalurbano\/#\/schema\/person\/02dd326b1c4b056e9cc972486934a3a7\"},\"headline\":\"Informan otros 29 fallecimientos y ascienden a 1.749 los muertos por coronavirus\",\"datePublished\":\"2020-07-10T14:14:41+00:00\",\"dateModified\":\"2020-07-10T14:15:03+00:00\",\"mainEntityOfPage\":{\"@id\":\"https:\/\/experienciadevida.com.ar\/portalurbano\/informan-otros-29-fallecimientos-y-ascienden-a-1-749-los-muertos-por-coronavirus\/\"},\"wordCount\":492,\"publisher\":{\"@id\":\"https:\/\/experienciadevida.com.ar\/portalurbano\/#organization\"},\"articleSection\":[\"Coronavirus\",\"Naci\u00f3n\"],\"inLanguage\":\"es\"},{\"@type\":\"WebPage\",\"@id\":\"https:\/\/experienciadevida.com.ar\/portalurbano\/informan-otros-29-fallecimientos-y-ascienden-a-1-749-los-muertos-por-coronavirus\/\",\"url\":\"https:\/\/experienciadevida.com.ar\/portalurbano\/informan-otros-29-fallecimientos-y-ascienden-a-1-749-los-muertos-por-coronavirus\/\",\"name\":\"Informan otros 29 fallecimientos y ascienden a 1.749 los muertos por coronavirus -\",\"isPartOf\":{\"@id\":\"https:\/\/experienciadevida.com.ar\/portalurbano\/#website\"},\"datePublished\":\"2020-07-10T14:14:41+00:00\",\"dateModified\":\"2020-07-10T14:15:03+00:00\",\"breadcrumb\":{\"@id\":\"https:\/\/experienciadevida.com.ar\/portalurbano\/informan-otros-29-fallecimientos-y-ascienden-a-1-749-los-muertos-por-coronavirus\/#breadcrumb\"},\"inLanguage\":\"es\",\"potentialAction\":[{\"@type\":\"ReadAction\",\"target\":[\"https:\/\/experienciadevida.com.ar\/portalurbano\/informan-otros-29-fallecimientos-y-ascienden-a-1-749-los-muertos-por-coronavirus\/\"]}]},{\"@type\":\"BreadcrumbList\",\"@id\":\"https:\/\/experienciadevida.com.ar\/portalurbano\/informan-otros-29-fallecimientos-y-ascienden-a-1-749-los-muertos-por-coronavirus\/#breadcrumb\",\"itemListElement\":[{\"@type\":\"ListItem\",\"position\":1,\"name\":\"Portada\",\"item\":\"https:\/\/experienciadevida.com.ar\/portalurbano\/\"},{\"@type\":\"ListItem\",\"position\":2,\"name\":\"Informan otros 29 fallecimientos y ascienden a 1.749 los muertos por coronavirus\"}]},{\"@type\":\"WebSite\",\"@id\":\"https:\/\/experienciadevida.com.ar\/portalurbano\/#website\",\"url\":\"https:\/\/experienciadevida.com.ar\/portalurbano\/\",\"name\":\"\",\"description\":\"\",\"publisher\":{\"@id\":\"https:\/\/experienciadevida.com.ar\/portalurbano\/#organization\"},\"potentialAction\":[{\"@type\":\"SearchAction\",\"target\":{\"@type\":\"EntryPoint\",\"urlTemplate\":\"https:\/\/experienciadevida.com.ar\/portalurbano\/?s={search_term_string}\"},\"query-input\":\"required name=search_term_string\"}],\"inLanguage\":\"es\"},{\"@type\":\"Organization\",\"@id\":\"https:\/\/experienciadevida.com.ar\/portalurbano\/#organization\",\"name\":\"Portal Urbano\",\"url\":\"https:\/\/experienciadevida.com.ar\/portalurbano\/\",\"logo\":{\"@type\":\"ImageObject\",\"inLanguage\":\"es\",\"@id\":\"https:\/\/experienciadevida.com.ar\/portalurbano\/#\/schema\/logo\/image\/\",\"url\":\"https:\/\/experienciadevida.com.ar\/portalurbano\/wp-content\/uploads\/2019\/09\/Logo-Original.png\",\"contentUrl\":\"https:\/\/experienciadevida.com.ar\/portalurbano\/wp-content\/uploads\/2019\/09\/Logo-Original.png\",\"width\":2236,\"height\":1216,\"caption\":\"Portal Urbano\"},\"image\":{\"@id\":\"https:\/\/experienciadevida.com.ar\/portalurbano\/#\/schema\/logo\/image\/\"},\"sameAs\":[\"https:\/\/www.facebook.com\/Portal-Urbano-171542830093757\/\",\"https:\/\/twitter.com\/portalurbanook\",\"https:\/\/www.instagram.com\/_portalurbano\/\",\"https:\/\/www.youtube.com\/channel\/UCXhagIfszH8KxFiOok79zbA?view_as=subscriber\"]},{\"@type\":\"Person\",\"@id\":\"https:\/\/experienciadevida.com.ar\/portalurbano\/#\/schema\/person\/02dd326b1c4b056e9cc972486934a3a7\",\"name\":\"admpu17wp\",\"image\":{\"@type\":\"ImageObject\",\"inLanguage\":\"es\",\"@id\":\"https:\/\/experienciadevida.com.ar\/portalurbano\/#\/schema\/person\/image\/\",\"url\":\"https:\/\/secure.gravatar.com\/avatar\/830d4c57adaae6630765e449a6908047?s=96&d=mm&r=g\",\"contentUrl\":\"https:\/\/secure.gravatar.com\/avatar\/830d4c57adaae6630765e449a6908047?s=96&d=mm&r=g\",\"caption\":\"admpu17wp\"}}]}<\/script>\n<!-- \/ Yoast SEO plugin. -->","yoast_head_json":{"title":"Informan otros 29 fallecimientos y ascienden a 1.749 los muertos por coronavirus -","robots":{"index":"index","follow":"follow","max-snippet":"max-snippet:-1","max-image-preview":"max-image-preview:large","max-video-preview":"max-video-preview:-1"},"canonical":"https:\/\/experienciadevida.com.ar\/portalurbano\/informan-otros-29-fallecimientos-y-ascienden-a-1-749-los-muertos-por-coronavirus\/","og_locale":"es_ES","og_type":"article","og_title":"Informan otros 29 fallecimientos y ascienden a 1.749 los muertos por coronavirus -","og_description":"Ayer se produjo un nuevo r\u00e9cord de contagios. Hay 662 personas en terapia intensiva, el...","og_url":"https:\/\/experienciadevida.com.ar\/portalurbano\/informan-otros-29-fallecimientos-y-ascienden-a-1-749-los-muertos-por-coronavirus\/","article_publisher":"https:\/\/www.facebook.com\/Portal-Urbano-171542830093757\/","article_published_time":"2020-07-10T14:14:41+00:00","article_modified_time":"2020-07-10T14:15:03+00:00","og_image":[{"width":696,"height":464,"url":"https:\/\/experienciadevida.com.ar\/portalurbano\/wp-content\/uploads\/2020\/07\/CAMAS.jpg","type":"image\/jpeg"}],"author":"admpu17wp","twitter_card":"summary_large_image","twitter_creator":"@portalurbanook","twitter_site":"@portalurbanook","twitter_misc":{"Escrito por":"admpu17wp","Tiempo de lectura":"2 minutos"},"schema":{"@context":"https:\/\/schema.org","@graph":[{"@type":"Article","@id":"https:\/\/experienciadevida.com.ar\/portalurbano\/informan-otros-29-fallecimientos-y-ascienden-a-1-749-los-muertos-por-coronavirus\/#article","isPartOf":{"@id":"https:\/\/experienciadevida.com.ar\/portalurbano\/informan-otros-29-fallecimientos-y-ascienden-a-1-749-los-muertos-por-coronavirus\/"},"author":{"name":"admpu17wp","@id":"https:\/\/experienciadevida.com.ar\/portalurbano\/#\/schema\/person\/02dd326b1c4b056e9cc972486934a3a7"},"headline":"Informan otros 29 fallecimientos y ascienden a 1.749 los muertos por coronavirus","datePublished":"2020-07-10T14:14:41+00:00","dateModified":"2020-07-10T14:15:03+00:00","mainEntityOfPage":{"@id":"https:\/\/experienciadevida.com.ar\/portalurbano\/informan-otros-29-fallecimientos-y-ascienden-a-1-749-los-muertos-por-coronavirus\/"},"wordCount":492,"publisher":{"@id":"https:\/\/experienciadevida.com.ar\/portalurbano\/#organization"},"articleSection":["Coronavirus","Naci\u00f3n"],"inLanguage":"es"},{"@type":"WebPage","@id":"https:\/\/experienciadevida.com.ar\/portalurbano\/informan-otros-29-fallecimientos-y-ascienden-a-1-749-los-muertos-por-coronavirus\/","url":"https:\/\/experienciadevida.com.ar\/portalurbano\/informan-otros-29-fallecimientos-y-ascienden-a-1-749-los-muertos-por-coronavirus\/","name":"Informan otros 29 fallecimientos y ascienden a 1.749 los muertos por coronavirus -","isPartOf":{"@id":"https:\/\/experienciadevida.com.ar\/portalurbano\/#website"},"datePublished":"2020-07-10T14:14:41+00:00","dateModified":"2020-07-10T14:15:03+00:00","breadcrumb":{"@id":"https:\/\/experienciadevida.com.ar\/portalurbano\/informan-otros-29-fallecimientos-y-ascienden-a-1-749-los-muertos-por-coronavirus\/#breadcrumb"},"inLanguage":"es","potentialAction":[{"@type":"ReadAction","target":["https:\/\/experienciadevida.com.ar\/portalurbano\/informan-otros-29-fallecimientos-y-ascienden-a-1-749-los-muertos-por-coronavirus\/"]}]},{"@type":"BreadcrumbList","@id":"https:\/\/experienciadevida.com.ar\/portalurbano\/informan-otros-29-fallecimientos-y-ascienden-a-1-749-los-muertos-por-coronavirus\/#breadcrumb","itemListElement":[{"@type":"ListItem","position":1,"name":"Portada","item":"https:\/\/experienciadevida.com.ar\/portalurbano\/"},{"@type":"ListItem","position":2,"name":"Informan otros 29 fallecimientos y ascienden a 1.749 los muertos por coronavirus"}]},{"@type":"WebSite","@id":"https:\/\/experienciadevida.com.ar\/portalurbano\/#website","url":"https:\/\/experienciadevida.com.ar\/portalurbano\/","name":"","description":"","publisher":{"@id":"https:\/\/experienciadevida.com.ar\/portalurbano\/#organization"},"potentialAction":[{"@type":"SearchAction","target":{"@type":"EntryPoint","urlTemplate":"https:\/\/experienciadevida.com.ar\/portalurbano\/?s={search_term_string}"},"query-input":"required name=search_term_string"}],"inLanguage":"es"},{"@type":"Organization","@id":"https:\/\/experienciadevida.com.ar\/portalurbano\/#organization","name":"Portal Urbano","url":"https:\/\/experienciadevida.com.ar\/portalurbano\/","logo":{"@type":"ImageObject","inLanguage":"es","@id":"https:\/\/experienciadevida.com.ar\/portalurbano\/#\/schema\/logo\/image\/","url":"https:\/\/experienciadevida.com.ar\/portalurbano\/wp-content\/uploads\/2019\/09\/Logo-Original.png","contentUrl":"https:\/\/experienciadevida.com.ar\/portalurbano\/wp-content\/uploads\/2019\/09\/Logo-Original.png","width":2236,"height":1216,"caption":"Portal Urbano"},"image":{"@id":"https:\/\/experienciadevida.com.ar\/portalurbano\/#\/schema\/logo\/image\/"},"sameAs":["https:\/\/www.facebook.com\/Portal-Urbano-171542830093757\/","https:\/\/twitter.com\/portalurbanook","https:\/\/www.instagram.com\/_portalurbano\/","https:\/\/www.youtube.com\/channel\/UCXhagIfszH8KxFiOok79zbA?view_as=subscriber"]},{"@type":"Person","@id":"https:\/\/experienciadevida.com.ar\/portalurbano\/#\/schema\/person\/02dd326b1c4b056e9cc972486934a3a7","name":"admpu17wp","image":{"@type":"ImageObject","inLanguage":"es","@id":"https:\/\/experienciadevida.com.ar\/portalurbano\/#\/schema\/person\/image\/","url":"https:\/\/secure.gravatar.com\/avatar\/830d4c57adaae6630765e449a6908047?s=96&d=mm&r=g","contentUrl":"https:\/\/secure.gravatar.com\/avatar\/830d4c57adaae6630765e449a6908047?s=96&d=mm&r=g","caption":"admpu17wp"}}]}},"featured_image_urls":{"full":["https:\/\/experienciadevida.com.ar\/portalurbano\/wp-content\/uploads\/2020\/07\/CAMAS.jpg",696,464,false],"thumbnail":["https:\/\/experienciadevida.com.ar\/portalurbano\/wp-content\/uploads\/2020\/07\/CAMAS-150x150.jpg",150,150,true],"medium":["https:\/\/experienciadevida.com.ar\/portalurbano\/wp-content\/uploads\/2020\/07\/CAMAS-300x200.jpg",300,200,true],"medium_large":["https:\/\/experienciadevida.com.ar\/portalurbano\/wp-content\/uploads\/2020\/07\/CAMAS.jpg",640,427,false],"large":["https:\/\/experienciadevida.com.ar\/portalurbano\/wp-content\/uploads\/2020\/07\/CAMAS.jpg",640,427,false],"ug_big":["https:\/\/experienciadevida.com.ar\/portalurbano\/wp-content\/uploads\/2020\/07\/CAMAS.jpg",696,464,false],"1536x1536":["https:\/\/experienciadevida.com.ar\/portalurbano\/wp-content\/uploads\/2020\/07\/CAMAS.jpg",696,464,false],"2048x2048":["https:\/\/experienciadevida.com.ar\/portalurbano\/wp-content\/uploads\/2020\/07\/CAMAS.jpg",696,464,false],"newsever-slider-full":["https:\/\/experienciadevida.com.ar\/portalurbano\/wp-content\/uploads\/2020\/07\/CAMAS.jpg",696,464,false],"newsever-featured":["https:\/\/experienciadevida.com.ar\/portalurbano\/wp-content\/uploads\/2020\/07\/CAMAS.jpg",696,464,false],"newsever-medium":["https:\/\/experienciadevida.com.ar\/portalurbano\/wp-content\/uploads\/2020\/07\/CAMAS.jpg",696,464,false],"web-stories-poster-portrait":["https:\/\/experienciadevida.com.ar\/portalurbano\/wp-content\/uploads\/2020\/07\/CAMAS.jpg",640,427,false],"web-stories-publisher-logo":["https:\/\/experienciadevida.com.ar\/portalurbano\/wp-content\/uploads\/2020\/07\/CAMAS.jpg",96,64,false],"web-stories-thumbnail":["https:\/\/experienciadevida.com.ar\/portalurbano\/wp-content\/uploads\/2020\/07\/CAMAS.jpg",150,100,false]},"author_info":{"display_name":"admpu17wp","author_link":"https:\/\/experienciadevida.com.ar\/portalurbano\/author\/admpu17wp\/"},"category_info":"<a href=\"https:\/\/experienciadevida.com.ar\/portalurbano\/category\/nacion\/coronavirus\/\" rel=\"category tag\">Coronavirus<\/a> <a href=\"https:\/\/experienciadevida.com.ar\/portalurbano\/category\/nacion\/\" rel=\"category tag\">Naci\u00f3n<\/a>","tag_info":"Naci\u00f3n","comment_count":"0","amp_enabled":true,"_links":{"self":[{"href":"https:\/\/experienciadevida.com.ar\/portalurbano\/wp-json\/wp\/v2\/posts\/114515"}],"collection":[{"href":"https:\/\/experienciadevida.com.ar\/portalurbano\/wp-json\/wp\/v2\/posts"}],"about":[{"href":"https:\/\/experienciadevida.com.ar\/portalurbano\/wp-json\/wp\/v2\/types\/post"}],"author":[{"embeddable":true,"href":"https:\/\/experienciadevida.com.ar\/portalurbano\/wp-json\/wp\/v2\/users\/1"}],"replies":[{"embeddable":true,"href":"https:\/\/experienciadevida.com.ar\/portalurbano\/wp-json\/wp\/v2\/comments?post=114515"}],"version-history":[{"count":2,"href":"https:\/\/experienciadevida.com.ar\/portalurbano\/wp-json\/wp\/v2\/posts\/114515\/revisions"}],"predecessor-version":[{"id":114518,"href":"https:\/\/experienciadevida.com.ar\/portalurbano\/wp-json\/wp\/v2\/posts\/114515\/revisions\/114518"}],"wp:featuredmedia":[{"embeddable":true,"href":"https:\/\/experienciadevida.com.ar\/portalurbano\/wp-json\/wp\/v2\/media\/114516"}],"wp:attachment":[{"href":"https:\/\/experienciadevida.com.ar\/portalurbano\/wp-json\/wp\/v2\/media?parent=114515"}],"wp:term":[{"taxonomy":"category","embeddable":true,"href":"https:\/\/experienciadevida.com.ar\/portalurbano\/wp-json\/wp\/v2\/categories?post=114515"},{"taxonomy":"post_tag","embeddable":true,"href":"https:\/\/experienciadevida.com.ar\/portalurbano\/wp-json\/wp\/v2\/tags?post=114515"}],"curies":[{"name":"wp","href":"https:\/\/api.w.org\/{rel}","templated":true}]}}