{"id":114403,"date":"2020-07-09T11:13:07","date_gmt":"2020-07-09T14:13:07","guid":{"rendered":"https:\/\/experienciadevida.com.ar\/portalurbano\/?p=114403"},"modified":"2020-07-09T11:13:07","modified_gmt":"2020-07-09T14:13:07","slug":"fray-cayetano-rodriguez-protagonista-clave-de-la-independencia","status":"publish","type":"post","link":"https:\/\/experienciadevida.com.ar\/portalurbano\/fray-cayetano-rodriguez-protagonista-clave-de-la-independencia\/","title":{"rendered":"Fray Cayetano Rodr\u00edguez: protagonista clave de la independencia"},"content":{"rendered":"<p>El sacerdote fue el \u00fanico miembro del Congreso de Tucum\u00e1n que naci\u00f3 en lo que hoy es el territorio bonaerense. Adem\u00e1s, fue el primer director de la Biblioteca Nacional y compuso el primer himno.<\/p>\n<hr \/>\n<p>El acta de la Independencia argentina, firmada el 9 de julio de 1816, fue suscripta por 29 congresales presentes en Tucum\u00e1n. Entre ellos se encontraba Fray Cayetano Rodr\u00edguez: el \u00fanico representante nacido en lo que hoy es el territorio bonaerense.<\/p>\n<p>Este sacerdote fue parte de un grupo de 12 religiosos que integr\u00f3 el Congreso de Tucum\u00e1n, pero adem\u00e1s fue protagonista privilegiado de varios momentos fundacionales de nuestro pa\u00eds.<\/p>\n<p>Cayetano Rodr\u00edguez naci\u00f3 en 1761 en San Pedro, por entonces un peque\u00f1o poblado que formaba parte de la Gobernaci\u00f3n del R\u00edo de la Plata, en el Virreinato del Per\u00fa, y que ya entonces era conocido con el nombre de la actual localidad bonaerense. Criollo, era hijo del espa\u00f1ol Antonio Rodr\u00edguez y la porte\u00f1a Rafaela Su\u00e1rez.<\/p>\n<p>Con solo 16 a\u00f1os Cayetano ingres\u00f3 al Convento de Buenos Aires, donde se orden\u00f3 como sacerdote franciscano, quiz\u00e1s influenciado por el convento que la orden hab\u00eda establecido en su pago unos a\u00f1os antes, lo que dio origen al pueblo.<\/p>\n<p>Luego se traslad\u00f3 a C\u00f3rdoba donde realiz\u00f3 estudios universitarios y entre 1783 y 1790 dict\u00f3 c\u00e1tedra de Teolog\u00eda y Filosof\u00eda. De regreso a Buenos Aires fue profesor de Filosof\u00eda, Teolog\u00eda, Hermen\u00e9utica y f\u00edsica en el Convento Franciscano.<\/p>\n<p>El fraile abraz\u00f3 la causa independentista desde mucho antes del Congreso de Tucum\u00e1n. En 1807 escribi\u00f3 un poema dedicado a los esclavos que defendieron a Buenos Aires de las invasiones inglesas, y tiempo despu\u00e9s trab\u00f3 amistad con Mariano Moreno.<\/p>\n<p>Tal era la confianza que le ten\u00eda, que tras la Revoluci\u00f3n de Mayo, el creador de La Gaceta de Buenos Aires lo nombr\u00f3 director de la flamante biblioteca p\u00fablica (hoy BIblioteca Nacional), cargo que desempe\u00f1\u00f3 hasta 1814.<\/p>\n<figure class=\"wp-block-image size-large\"><a class=\"td-modal-image\" href=\"https:\/\/p6u5b6x9.stackpathcdn.com\/wp-content\/uploads\/2020\/07\/Fray-Cayetano-Rodr%C3%ADguez.jpg\"><img decoding=\"async\" class=\"wp-image-104613 td-animation-stack-type0-2\" src=\"https:\/\/p6u5b6x9.stackpathcdn.com\/wp-content\/uploads\/2020\/07\/Fray-Cayetano-Rodr%C3%ADguez.jpg\" sizes=\"(max-width: 960px) 100vw, 960px\" srcset=\"https:\/\/p6u5b6x9.stackpathcdn.com\/wp-content\/uploads\/2020\/07\/Fray-Cayetano-Rodr\u00edguez.jpg 960w, https:\/\/p6u5b6x9.stackpathcdn.com\/wp-content\/uploads\/2020\/07\/Fray-Cayetano-Rodr\u00edguez-300x141.jpg 300w, https:\/\/p6u5b6x9.stackpathcdn.com\/wp-content\/uploads\/2020\/07\/Fray-Cayetano-Rodr\u00edguez-768x360.jpg 768w, https:\/\/p6u5b6x9.stackpathcdn.com\/wp-content\/uploads\/2020\/07\/Fray-Cayetano-Rodr\u00edguez-500x234.jpg 500w, https:\/\/p6u5b6x9.stackpathcdn.com\/wp-content\/uploads\/2020\/07\/Fray-Cayetano-Rodr\u00edguez-800x375.jpg 800w, https:\/\/p6u5b6x9.stackpathcdn.com\/wp-content\/uploads\/2020\/07\/Fray-Cayetano-Rodr\u00edguez-696x326.jpg 696w, https:\/\/p6u5b6x9.stackpathcdn.com\/wp-content\/uploads\/2020\/07\/Fray-Cayetano-Rodr\u00edguez-896x420.jpg 896w\" alt=\"\" \/><\/a><figcaption>El cuadro que lo recuerda como primer director de la Biblioteca Nacional.<\/figcaption><\/figure>\n<p>Pero su labor no termin\u00f3 ah\u00ed: en 1812 fue elegido vocal de la Asamblea constituida ese a\u00f1o, pero disuelta casi sin que pudiera funcionar. Luego fue diputado de la Asamblea General Constituyente del a\u00f1o XIII, quien le confi\u00f3 la redacci\u00f3n de su diario de sesiones, tarea que desempe\u00f1\u00f3 hasta 1815.<\/p>\n<p>Incluso en 1812 escribi\u00f3 la que ser\u00eda la primera letra del Himno Nacional Argentino por encargo del Primer Triunvirato. Con m\u00fasica de Blas Parera, la pieza se cant\u00f3 por primera vez el 1 de noviembre de 1812 en el Cabildo. Sin embargo, la letra no convenci\u00f3 y al a\u00f1o siguiente el encargo recay\u00f3 en Vicente L\u00f3pez y Planes.<\/p>\n<p>En 1815, Cayetano Rodr\u00edguez fue elegido como uno de los seis representantes de Buenos Aires en el Congreso de Tucum\u00e1n, que se constituir\u00eda al a\u00f1o siguiente. All\u00ed, como en la Asamblea del A\u00f1o 13, fue el encargado de llevar las actas de las deliberaciones que terminaron con la declaraci\u00f3n de la independencia, el 9 de julio de 1816.<\/p>\n<h2>Periodista, poeta y polemista<\/h2>\n<p>Como poeta, adem\u00e1s del primer himno, fray Cayetano escribi\u00f3 las Odas en honor de Carlos Mar\u00eda de Alvear, del Cruce de los Andes y la Victoria de Chacabuco, y el paneg\u00edrico en honor del General Manuel Belgrano, fallecido en 1820.<\/p>\n<p>Despu\u00e9s del Congreso de Tucum\u00e1n Rodr\u00edguez abandon\u00f3 la vida p\u00fablica y volvi\u00f3 a dedicarse exclusivamente a sus responsabilidades religiosas. Pero en 1822 fund\u00f3 el peri\u00f3dico El Oficial del D\u00eda para oponerse abiertamente a la reforma eclesi\u00e1stica de Bernardino Rivadavia, que propon\u00eda abolir el diezmo y suprimir varias \u00f3rdenes religiosas.<\/p>\n<figure class=\"wp-block-image size-large\"><a class=\"td-modal-image\" href=\"https:\/\/p6u5b6x9.stackpathcdn.com\/wp-content\/uploads\/2020\/07\/Plazoleta-y-Monumento-1024x683.jpg\"><img decoding=\"async\" class=\"wp-image-104614 td-animation-stack-type0-2\" src=\"https:\/\/p6u5b6x9.stackpathcdn.com\/wp-content\/uploads\/2020\/07\/Plazoleta-y-Monumento-1024x683.jpg\" sizes=\"(max-width: 1024px) 100vw, 1024px\" srcset=\"https:\/\/p6u5b6x9.stackpathcdn.com\/wp-content\/uploads\/2020\/07\/Plazoleta-y-Monumento-1024x683.jpg 1024w, https:\/\/p6u5b6x9.stackpathcdn.com\/wp-content\/uploads\/2020\/07\/Plazoleta-y-Monumento-300x200.jpg 300w, https:\/\/p6u5b6x9.stackpathcdn.com\/wp-content\/uploads\/2020\/07\/Plazoleta-y-Monumento-768x512.jpg 768w, https:\/\/p6u5b6x9.stackpathcdn.com\/wp-content\/uploads\/2020\/07\/Plazoleta-y-Monumento-1536x1024.jpg 1536w, https:\/\/p6u5b6x9.stackpathcdn.com\/wp-content\/uploads\/2020\/07\/Plazoleta-y-Monumento-2048x1365.jpg 2048w, https:\/\/p6u5b6x9.stackpathcdn.com\/wp-content\/uploads\/2020\/07\/Plazoleta-y-Monumento-500x333.jpg 500w, https:\/\/p6u5b6x9.stackpathcdn.com\/wp-content\/uploads\/2020\/07\/Plazoleta-y-Monumento-800x533.jpg 800w, https:\/\/p6u5b6x9.stackpathcdn.com\/wp-content\/uploads\/2020\/07\/Plazoleta-y-Monumento-1280x853.jpg 1280w, https:\/\/p6u5b6x9.stackpathcdn.com\/wp-content\/uploads\/2020\/07\/Plazoleta-y-Monumento-1920x1280.jpg 1920w, https:\/\/p6u5b6x9.stackpathcdn.com\/wp-content\/uploads\/2020\/07\/Plazoleta-y-Monumento-696x464.jpg 696w, https:\/\/p6u5b6x9.stackpathcdn.com\/wp-content\/uploads\/2020\/07\/Plazoleta-y-Monumento-1068x712.jpg 1068w, https:\/\/p6u5b6x9.stackpathcdn.com\/wp-content\/uploads\/2020\/07\/Plazoleta-y-Monumento-630x420.jpg 630w\" alt=\"\" \/><\/a><figcaption>La Plazoleta Fray Cayetano Rodr\u00edguez y el monumento que lo recuerda.<\/figcaption><\/figure>\n<p>Luego de la promulgaci\u00f3n de esas leyes, volvi\u00f3 a su retiro, y muri\u00f3 el 21 de enero de 1823 en el convento franciscano de Buenos Aires, a los 62 a\u00f1os de edad. En 1903 se inaugur\u00f3 un monumento de bronce en la localidad de San Pedro: est\u00e1 emplazado en la plazoleta que lleva su nombre.<\/p>\n","protected":false},"excerpt":{"rendered":"<p>El sacerdote fue el \u00fanico miembro del Congreso de Tucum\u00e1n que naci\u00f3 en lo que&#8230;<\/p>\n","protected":false},"author":1,"featured_media":114404,"comment_status":"closed","ping_status":"closed","sticky":false,"template":"","format":"standard","meta":{"content-type":""},"categories":[39],"tags":[],"nelio_content":{"isAutoShareEnabled":false,"autoShareEndMode":"default","automationSources":{"useContentSentences":true,"useSocialTemplates":true,"useCustomSentences":false,"customSentences":[]},"followers":[1],"suggestedReferences":[],"includedReferences":[],"efiUrl":"","efiAlt":"","highlights":[]},"yoast_head":"<!-- This site is optimized with the Yoast SEO plugin v20.7 - https:\/\/yoast.com\/wordpress\/plugins\/seo\/ -->\n<title>Fray Cayetano Rodr\u00edguez: protagonista clave de la independencia -<\/title>\n<meta name=\"robots\" content=\"index, follow, max-snippet:-1, max-image-preview:large, max-video-preview:-1\" \/>\n<link rel=\"canonical\" href=\"https:\/\/experienciadevida.com.ar\/portalurbano\/fray-cayetano-rodriguez-protagonista-clave-de-la-independencia\/\" \/>\n<meta property=\"og:locale\" content=\"es_ES\" \/>\n<meta property=\"og:type\" content=\"article\" \/>\n<meta property=\"og:title\" content=\"Fray Cayetano Rodr\u00edguez: protagonista clave de la independencia -\" \/>\n<meta property=\"og:description\" content=\"El sacerdote fue el \u00fanico miembro del Congreso de Tucum\u00e1n que naci\u00f3 en lo que...\" \/>\n<meta property=\"og:url\" content=\"https:\/\/experienciadevida.com.ar\/portalurbano\/fray-cayetano-rodriguez-protagonista-clave-de-la-independencia\/\" \/>\n<meta property=\"article:publisher\" content=\"https:\/\/www.facebook.com\/Portal-Urbano-171542830093757\/\" \/>\n<meta property=\"article:published_time\" content=\"2020-07-09T14:13:07+00:00\" \/>\n<meta property=\"og:image\" content=\"https:\/\/experienciadevida.com.ar\/portalurbano\/wp-content\/uploads\/2020\/07\/Independencia-1068x455-1-e1594303943954.jpg\" \/>\n\t<meta property=\"og:image:width\" content=\"750\" \/>\n\t<meta property=\"og:image:height\" content=\"320\" \/>\n\t<meta property=\"og:image:type\" content=\"image\/jpeg\" \/>\n<meta name=\"author\" content=\"admpu17wp\" \/>\n<meta name=\"twitter:card\" content=\"summary_large_image\" \/>\n<meta name=\"twitter:creator\" content=\"@portalurbanook\" \/>\n<meta name=\"twitter:site\" content=\"@portalurbanook\" \/>\n<meta name=\"twitter:label1\" content=\"Escrito por\" \/>\n\t<meta name=\"twitter:data1\" content=\"admpu17wp\" \/>\n\t<meta name=\"twitter:label2\" content=\"Tiempo de lectura\" \/>\n\t<meta name=\"twitter:data2\" content=\"3 minutos\" \/>\n<script type=\"application\/ld+json\" class=\"yoast-schema-graph\">{\"@context\":\"https:\/\/schema.org\",\"@graph\":[{\"@type\":\"Article\",\"@id\":\"https:\/\/experienciadevida.com.ar\/portalurbano\/fray-cayetano-rodriguez-protagonista-clave-de-la-independencia\/#article\",\"isPartOf\":{\"@id\":\"https:\/\/experienciadevida.com.ar\/portalurbano\/fray-cayetano-rodriguez-protagonista-clave-de-la-independencia\/\"},\"author\":{\"name\":\"admpu17wp\",\"@id\":\"https:\/\/experienciadevida.com.ar\/portalurbano\/#\/schema\/person\/02dd326b1c4b056e9cc972486934a3a7\"},\"headline\":\"Fray Cayetano Rodr\u00edguez: protagonista clave de la independencia\",\"datePublished\":\"2020-07-09T14:13:07+00:00\",\"dateModified\":\"2020-07-09T14:13:07+00:00\",\"mainEntityOfPage\":{\"@id\":\"https:\/\/experienciadevida.com.ar\/portalurbano\/fray-cayetano-rodriguez-protagonista-clave-de-la-independencia\/\"},\"wordCount\":689,\"publisher\":{\"@id\":\"https:\/\/experienciadevida.com.ar\/portalurbano\/#organization\"},\"articleSection\":[\"Naci\u00f3n\"],\"inLanguage\":\"es\"},{\"@type\":\"WebPage\",\"@id\":\"https:\/\/experienciadevida.com.ar\/portalurbano\/fray-cayetano-rodriguez-protagonista-clave-de-la-independencia\/\",\"url\":\"https:\/\/experienciadevida.com.ar\/portalurbano\/fray-cayetano-rodriguez-protagonista-clave-de-la-independencia\/\",\"name\":\"Fray Cayetano Rodr\u00edguez: protagonista clave de la independencia -\",\"isPartOf\":{\"@id\":\"https:\/\/experienciadevida.com.ar\/portalurbano\/#website\"},\"datePublished\":\"2020-07-09T14:13:07+00:00\",\"dateModified\":\"2020-07-09T14:13:07+00:00\",\"breadcrumb\":{\"@id\":\"https:\/\/experienciadevida.com.ar\/portalurbano\/fray-cayetano-rodriguez-protagonista-clave-de-la-independencia\/#breadcrumb\"},\"inLanguage\":\"es\",\"potentialAction\":[{\"@type\":\"ReadAction\",\"target\":[\"https:\/\/experienciadevida.com.ar\/portalurbano\/fray-cayetano-rodriguez-protagonista-clave-de-la-independencia\/\"]}]},{\"@type\":\"BreadcrumbList\",\"@id\":\"https:\/\/experienciadevida.com.ar\/portalurbano\/fray-cayetano-rodriguez-protagonista-clave-de-la-independencia\/#breadcrumb\",\"itemListElement\":[{\"@type\":\"ListItem\",\"position\":1,\"name\":\"Portada\",\"item\":\"https:\/\/experienciadevida.com.ar\/portalurbano\/\"},{\"@type\":\"ListItem\",\"position\":2,\"name\":\"Fray Cayetano Rodr\u00edguez: protagonista clave de la independencia\"}]},{\"@type\":\"WebSite\",\"@id\":\"https:\/\/experienciadevida.com.ar\/portalurbano\/#website\",\"url\":\"https:\/\/experienciadevida.com.ar\/portalurbano\/\",\"name\":\"\",\"description\":\"\",\"publisher\":{\"@id\":\"https:\/\/experienciadevida.com.ar\/portalurbano\/#organization\"},\"potentialAction\":[{\"@type\":\"SearchAction\",\"target\":{\"@type\":\"EntryPoint\",\"urlTemplate\":\"https:\/\/experienciadevida.com.ar\/portalurbano\/?s={search_term_string}\"},\"query-input\":\"required name=search_term_string\"}],\"inLanguage\":\"es\"},{\"@type\":\"Organization\",\"@id\":\"https:\/\/experienciadevida.com.ar\/portalurbano\/#organization\",\"name\":\"Portal Urbano\",\"url\":\"https:\/\/experienciadevida.com.ar\/portalurbano\/\",\"logo\":{\"@type\":\"ImageObject\",\"inLanguage\":\"es\",\"@id\":\"https:\/\/experienciadevida.com.ar\/portalurbano\/#\/schema\/logo\/image\/\",\"url\":\"https:\/\/experienciadevida.com.ar\/portalurbano\/wp-content\/uploads\/2019\/09\/Logo-Original.png\",\"contentUrl\":\"https:\/\/experienciadevida.com.ar\/portalurbano\/wp-content\/uploads\/2019\/09\/Logo-Original.png\",\"width\":2236,\"height\":1216,\"caption\":\"Portal Urbano\"},\"image\":{\"@id\":\"https:\/\/experienciadevida.com.ar\/portalurbano\/#\/schema\/logo\/image\/\"},\"sameAs\":[\"https:\/\/www.facebook.com\/Portal-Urbano-171542830093757\/\",\"https:\/\/twitter.com\/portalurbanook\",\"https:\/\/www.instagram.com\/_portalurbano\/\",\"https:\/\/www.youtube.com\/channel\/UCXhagIfszH8KxFiOok79zbA?view_as=subscriber\"]},{\"@type\":\"Person\",\"@id\":\"https:\/\/experienciadevida.com.ar\/portalurbano\/#\/schema\/person\/02dd326b1c4b056e9cc972486934a3a7\",\"name\":\"admpu17wp\",\"image\":{\"@type\":\"ImageObject\",\"inLanguage\":\"es\",\"@id\":\"https:\/\/experienciadevida.com.ar\/portalurbano\/#\/schema\/person\/image\/\",\"url\":\"https:\/\/secure.gravatar.com\/avatar\/830d4c57adaae6630765e449a6908047?s=96&d=mm&r=g\",\"contentUrl\":\"https:\/\/secure.gravatar.com\/avatar\/830d4c57adaae6630765e449a6908047?s=96&d=mm&r=g\",\"caption\":\"admpu17wp\"}}]}<\/script>\n<!-- \/ Yoast SEO plugin. -->","yoast_head_json":{"title":"Fray Cayetano Rodr\u00edguez: protagonista clave de la independencia -","robots":{"index":"index","follow":"follow","max-snippet":"max-snippet:-1","max-image-preview":"max-image-preview:large","max-video-preview":"max-video-preview:-1"},"canonical":"https:\/\/experienciadevida.com.ar\/portalurbano\/fray-cayetano-rodriguez-protagonista-clave-de-la-independencia\/","og_locale":"es_ES","og_type":"article","og_title":"Fray Cayetano Rodr\u00edguez: protagonista clave de la independencia -","og_description":"El sacerdote fue el \u00fanico miembro del Congreso de Tucum\u00e1n que naci\u00f3 en lo que...","og_url":"https:\/\/experienciadevida.com.ar\/portalurbano\/fray-cayetano-rodriguez-protagonista-clave-de-la-independencia\/","article_publisher":"https:\/\/www.facebook.com\/Portal-Urbano-171542830093757\/","article_published_time":"2020-07-09T14:13:07+00:00","og_image":[{"width":750,"height":320,"url":"https:\/\/experienciadevida.com.ar\/portalurbano\/wp-content\/uploads\/2020\/07\/Independencia-1068x455-1-e1594303943954.jpg","type":"image\/jpeg"}],"author":"admpu17wp","twitter_card":"summary_large_image","twitter_creator":"@portalurbanook","twitter_site":"@portalurbanook","twitter_misc":{"Escrito por":"admpu17wp","Tiempo de lectura":"3 minutos"},"schema":{"@context":"https:\/\/schema.org","@graph":[{"@type":"Article","@id":"https:\/\/experienciadevida.com.ar\/portalurbano\/fray-cayetano-rodriguez-protagonista-clave-de-la-independencia\/#article","isPartOf":{"@id":"https:\/\/experienciadevida.com.ar\/portalurbano\/fray-cayetano-rodriguez-protagonista-clave-de-la-independencia\/"},"author":{"name":"admpu17wp","@id":"https:\/\/experienciadevida.com.ar\/portalurbano\/#\/schema\/person\/02dd326b1c4b056e9cc972486934a3a7"},"headline":"Fray Cayetano Rodr\u00edguez: protagonista clave de la independencia","datePublished":"2020-07-09T14:13:07+00:00","dateModified":"2020-07-09T14:13:07+00:00","mainEntityOfPage":{"@id":"https:\/\/experienciadevida.com.ar\/portalurbano\/fray-cayetano-rodriguez-protagonista-clave-de-la-independencia\/"},"wordCount":689,"publisher":{"@id":"https:\/\/experienciadevida.com.ar\/portalurbano\/#organization"},"articleSection":["Naci\u00f3n"],"inLanguage":"es"},{"@type":"WebPage","@id":"https:\/\/experienciadevida.com.ar\/portalurbano\/fray-cayetano-rodriguez-protagonista-clave-de-la-independencia\/","url":"https:\/\/experienciadevida.com.ar\/portalurbano\/fray-cayetano-rodriguez-protagonista-clave-de-la-independencia\/","name":"Fray Cayetano Rodr\u00edguez: protagonista clave de la independencia -","isPartOf":{"@id":"https:\/\/experienciadevida.com.ar\/portalurbano\/#website"},"datePublished":"2020-07-09T14:13:07+00:00","dateModified":"2020-07-09T14:13:07+00:00","breadcrumb":{"@id":"https:\/\/experienciadevida.com.ar\/portalurbano\/fray-cayetano-rodriguez-protagonista-clave-de-la-independencia\/#breadcrumb"},"inLanguage":"es","potentialAction":[{"@type":"ReadAction","target":["https:\/\/experienciadevida.com.ar\/portalurbano\/fray-cayetano-rodriguez-protagonista-clave-de-la-independencia\/"]}]},{"@type":"BreadcrumbList","@id":"https:\/\/experienciadevida.com.ar\/portalurbano\/fray-cayetano-rodriguez-protagonista-clave-de-la-independencia\/#breadcrumb","itemListElement":[{"@type":"ListItem","position":1,"name":"Portada","item":"https:\/\/experienciadevida.com.ar\/portalurbano\/"},{"@type":"ListItem","position":2,"name":"Fray Cayetano Rodr\u00edguez: protagonista clave de la independencia"}]},{"@type":"WebSite","@id":"https:\/\/experienciadevida.com.ar\/portalurbano\/#website","url":"https:\/\/experienciadevida.com.ar\/portalurbano\/","name":"","description":"","publisher":{"@id":"https:\/\/experienciadevida.com.ar\/portalurbano\/#organization"},"potentialAction":[{"@type":"SearchAction","target":{"@type":"EntryPoint","urlTemplate":"https:\/\/experienciadevida.com.ar\/portalurbano\/?s={search_term_string}"},"query-input":"required name=search_term_string"}],"inLanguage":"es"},{"@type":"Organization","@id":"https:\/\/experienciadevida.com.ar\/portalurbano\/#organization","name":"Portal Urbano","url":"https:\/\/experienciadevida.com.ar\/portalurbano\/","logo":{"@type":"ImageObject","inLanguage":"es","@id":"https:\/\/experienciadevida.com.ar\/portalurbano\/#\/schema\/logo\/image\/","url":"https:\/\/experienciadevida.com.ar\/portalurbano\/wp-content\/uploads\/2019\/09\/Logo-Original.png","contentUrl":"https:\/\/experienciadevida.com.ar\/portalurbano\/wp-content\/uploads\/2019\/09\/Logo-Original.png","width":2236,"height":1216,"caption":"Portal Urbano"},"image":{"@id":"https:\/\/experienciadevida.com.ar\/portalurbano\/#\/schema\/logo\/image\/"},"sameAs":["https:\/\/www.facebook.com\/Portal-Urbano-171542830093757\/","https:\/\/twitter.com\/portalurbanook","https:\/\/www.instagram.com\/_portalurbano\/","https:\/\/www.youtube.com\/channel\/UCXhagIfszH8KxFiOok79zbA?view_as=subscriber"]},{"@type":"Person","@id":"https:\/\/experienciadevida.com.ar\/portalurbano\/#\/schema\/person\/02dd326b1c4b056e9cc972486934a3a7","name":"admpu17wp","image":{"@type":"ImageObject","inLanguage":"es","@id":"https:\/\/experienciadevida.com.ar\/portalurbano\/#\/schema\/person\/image\/","url":"https:\/\/secure.gravatar.com\/avatar\/830d4c57adaae6630765e449a6908047?s=96&d=mm&r=g","contentUrl":"https:\/\/secure.gravatar.com\/avatar\/830d4c57adaae6630765e449a6908047?s=96&d=mm&r=g","caption":"admpu17wp"}}]}},"featured_image_urls":{"full":["https:\/\/experienciadevida.com.ar\/portalurbano\/wp-content\/uploads\/2020\/07\/Independencia-1068x455-1-e1594303943954.jpg",750,320,false],"thumbnail":["https:\/\/experienciadevida.com.ar\/portalurbano\/wp-content\/uploads\/2020\/07\/Independencia-1068x455-1-150x150.jpg",150,150,true],"medium":["https:\/\/experienciadevida.com.ar\/portalurbano\/wp-content\/uploads\/2020\/07\/Independencia-1068x455-1-300x128.jpg",300,128,true],"medium_large":["https:\/\/experienciadevida.com.ar\/portalurbano\/wp-content\/uploads\/2020\/07\/Independencia-1068x455-1-768x327.jpg",640,273,true],"large":["https:\/\/experienciadevida.com.ar\/portalurbano\/wp-content\/uploads\/2020\/07\/Independencia-1068x455-1-1024x436.jpg",640,273,true],"ug_big":["https:\/\/experienciadevida.com.ar\/portalurbano\/wp-content\/uploads\/2020\/07\/Independencia-1068x455-1-768x327.jpg",768,327,true],"1536x1536":["https:\/\/experienciadevida.com.ar\/portalurbano\/wp-content\/uploads\/2020\/07\/Independencia-1068x455-1-e1594303943954.jpg",750,320,false],"2048x2048":["https:\/\/experienciadevida.com.ar\/portalurbano\/wp-content\/uploads\/2020\/07\/Independencia-1068x455-1-e1594303943954.jpg",750,320,false],"newsever-slider-full":["https:\/\/experienciadevida.com.ar\/portalurbano\/wp-content\/uploads\/2020\/07\/Independencia-1068x455-1-e1594303943954.jpg",750,320,false],"newsever-featured":["https:\/\/experienciadevida.com.ar\/portalurbano\/wp-content\/uploads\/2020\/07\/Independencia-1068x455-1-e1594303943954.jpg",750,320,false],"newsever-medium":["https:\/\/experienciadevida.com.ar\/portalurbano\/wp-content\/uploads\/2020\/07\/Independencia-1068x455-1-e1594303943954.jpg",720,307,false],"web-stories-poster-portrait":["https:\/\/experienciadevida.com.ar\/portalurbano\/wp-content\/uploads\/2020\/07\/Independencia-1068x455-1-e1594303943954.jpg",640,273,false],"web-stories-publisher-logo":["https:\/\/experienciadevida.com.ar\/portalurbano\/wp-content\/uploads\/2020\/07\/Independencia-1068x455-1-e1594303943954.jpg",96,41,false],"web-stories-thumbnail":["https:\/\/experienciadevida.com.ar\/portalurbano\/wp-content\/uploads\/2020\/07\/Independencia-1068x455-1-e1594303943954.jpg",150,64,false]},"author_info":{"display_name":"admpu17wp","author_link":"https:\/\/experienciadevida.com.ar\/portalurbano\/author\/admpu17wp\/"},"category_info":"<a href=\"https:\/\/experienciadevida.com.ar\/portalurbano\/category\/nacion\/\" rel=\"category tag\">Naci\u00f3n<\/a>","tag_info":"Naci\u00f3n","comment_count":"0","amp_enabled":true,"_links":{"self":[{"href":"https:\/\/experienciadevida.com.ar\/portalurbano\/wp-json\/wp\/v2\/posts\/114403"}],"collection":[{"href":"https:\/\/experienciadevida.com.ar\/portalurbano\/wp-json\/wp\/v2\/posts"}],"about":[{"href":"https:\/\/experienciadevida.com.ar\/portalurbano\/wp-json\/wp\/v2\/types\/post"}],"author":[{"embeddable":true,"href":"https:\/\/experienciadevida.com.ar\/portalurbano\/wp-json\/wp\/v2\/users\/1"}],"replies":[{"embeddable":true,"href":"https:\/\/experienciadevida.com.ar\/portalurbano\/wp-json\/wp\/v2\/comments?post=114403"}],"version-history":[{"count":1,"href":"https:\/\/experienciadevida.com.ar\/portalurbano\/wp-json\/wp\/v2\/posts\/114403\/revisions"}],"predecessor-version":[{"id":114405,"href":"https:\/\/experienciadevida.com.ar\/portalurbano\/wp-json\/wp\/v2\/posts\/114403\/revisions\/114405"}],"wp:featuredmedia":[{"embeddable":true,"href":"https:\/\/experienciadevida.com.ar\/portalurbano\/wp-json\/wp\/v2\/media\/114404"}],"wp:attachment":[{"href":"https:\/\/experienciadevida.com.ar\/portalurbano\/wp-json\/wp\/v2\/media?parent=114403"}],"wp:term":[{"taxonomy":"category","embeddable":true,"href":"https:\/\/experienciadevida.com.ar\/portalurbano\/wp-json\/wp\/v2\/categories?post=114403"},{"taxonomy":"post_tag","embeddable":true,"href":"https:\/\/experienciadevida.com.ar\/portalurbano\/wp-json\/wp\/v2\/tags?post=114403"}],"curies":[{"name":"wp","href":"https:\/\/api.w.org\/{rel}","templated":true}]}}