{"id":114310,"date":"2020-07-08T12:58:48","date_gmt":"2020-07-08T15:58:48","guid":{"rendered":"https:\/\/experienciadevida.com.ar\/portalurbano\/?p=114310"},"modified":"2020-07-08T12:59:15","modified_gmt":"2020-07-08T15:59:15","slug":"defensa-al-consumidor-el-municipio-ordena-a-camuzzi-restablecimiento-del-servicio","status":"publish","type":"post","link":"https:\/\/experienciadevida.com.ar\/portalurbano\/defensa-al-consumidor-el-municipio-ordena-a-camuzzi-restablecimiento-del-servicio\/","title":{"rendered":"Defensa al consumidor: el Municipio ordena a Camuzzi restablecimiento del servicio"},"content":{"rendered":"<p>A partir de un gran n\u00famero de denuncia de usuarios locales que manifestaron el corte del suministro de gas por falta de pago, el Municipio \u2013a trav\u00e9s del \u00e1rea de Defensa al Consumidor\u2013 emiti\u00f3 una disposici\u00f3n general a Camuzzi en la que ordena el restablecimiento del servicio.<\/p>\n<p>Se trata de cortes que realiz\u00f3 la empresa de gas para aquellos usuarios que no hubieren pagado el servicio anterior al mes de marzo y que hab\u00edan realizado el convenio antes del mencionado mes. Desde Camuzzi se les exig\u00eda el pago de la totalidad de la deuda para la reconexi\u00f3n del servicio.<\/p>\n<p>En este sentido, el Municipio inform\u00f3 que con la disposici\u00f3n enviada, la empresa Camuzzi acept\u00f3 el acuerdo y se solicita a los usuarios que hayan pasado por tal situaci\u00f3n que env\u00eden un correo electr\u00f3nico a mediacion.comunitaria@olavarria.gov.ar con copia del convenio y el aviso de corte, para que sea factible el tr\u00e1mite de reconexi\u00f3n del servicio.<\/p>\n<p>Por consultas relacionadas, podr\u00e1n hacerlo al tel\u00e9fono 418477\/78 de lunes a viernes de 8 a 13 horas.<\/p>\n","protected":false},"excerpt":{"rendered":"<p>A partir de un gran n\u00famero de denuncia de usuarios locales que manifestaron el corte&#8230;<\/p>\n","protected":false},"author":1,"featured_media":82993,"comment_status":"closed","ping_status":"closed","sticky":false,"template":"","format":"standard","meta":{"content-type":""},"categories":[27,51],"tags":[],"nelio_content":{"isAutoShareEnabled":false,"autoShareEndMode":"default","automationSources":{"useContentSentences":true,"useSocialTemplates":true,"useCustomSentences":false,"customSentences":[]},"followers":[1],"suggestedReferences":[],"includedReferences":[],"efiUrl":"","efiAlt":"","highlights":[]},"yoast_head":"<!-- This site is optimized with the Yoast SEO plugin v20.7 - https:\/\/yoast.com\/wordpress\/plugins\/seo\/ -->\n<title>Defensa al consumidor: el Municipio ordena a Camuzzi restablecimiento del servicio -<\/title>\n<meta name=\"robots\" content=\"index, follow, max-snippet:-1, max-image-preview:large, max-video-preview:-1\" \/>\n<link rel=\"canonical\" href=\"https:\/\/experienciadevida.com.ar\/portalurbano\/defensa-al-consumidor-el-municipio-ordena-a-camuzzi-restablecimiento-del-servicio\/\" \/>\n<meta property=\"og:locale\" content=\"es_ES\" \/>\n<meta property=\"og:type\" content=\"article\" \/>\n<meta property=\"og:title\" content=\"Defensa al consumidor: el Municipio ordena a Camuzzi restablecimiento del servicio -\" \/>\n<meta property=\"og:description\" content=\"A partir de un gran n\u00famero de denuncia de usuarios locales que manifestaron el corte...\" \/>\n<meta property=\"og:url\" content=\"https:\/\/experienciadevida.com.ar\/portalurbano\/defensa-al-consumidor-el-municipio-ordena-a-camuzzi-restablecimiento-del-servicio\/\" \/>\n<meta property=\"article:publisher\" content=\"https:\/\/www.facebook.com\/Portal-Urbano-171542830093757\/\" \/>\n<meta property=\"article:published_time\" content=\"2020-07-08T15:58:48+00:00\" \/>\n<meta property=\"article:modified_time\" content=\"2020-07-08T15:59:15+00:00\" \/>\n<meta property=\"og:image\" content=\"https:\/\/experienciadevida.com.ar\/portalurbano\/wp-content\/uploads\/2019\/08\/gas_62_1554073284_1566912819-e1566928350665.jpg\" \/>\n\t<meta property=\"og:image:width\" content=\"750\" \/>\n\t<meta property=\"og:image:height\" content=\"412\" \/>\n\t<meta property=\"og:image:type\" content=\"image\/jpeg\" \/>\n<meta name=\"author\" content=\"admpu17wp\" \/>\n<meta name=\"twitter:card\" content=\"summary_large_image\" \/>\n<meta name=\"twitter:creator\" content=\"@portalurbanook\" \/>\n<meta name=\"twitter:site\" content=\"@portalurbanook\" \/>\n<meta name=\"twitter:label1\" content=\"Escrito por\" \/>\n\t<meta name=\"twitter:data1\" content=\"admpu17wp\" \/>\n\t<meta name=\"twitter:label2\" content=\"Tiempo de lectura\" \/>\n\t<meta name=\"twitter:data2\" content=\"1 minuto\" \/>\n<script type=\"application\/ld+json\" class=\"yoast-schema-graph\">{\"@context\":\"https:\/\/schema.org\",\"@graph\":[{\"@type\":\"Article\",\"@id\":\"https:\/\/experienciadevida.com.ar\/portalurbano\/defensa-al-consumidor-el-municipio-ordena-a-camuzzi-restablecimiento-del-servicio\/#article\",\"isPartOf\":{\"@id\":\"https:\/\/experienciadevida.com.ar\/portalurbano\/defensa-al-consumidor-el-municipio-ordena-a-camuzzi-restablecimiento-del-servicio\/\"},\"author\":{\"name\":\"admpu17wp\",\"@id\":\"https:\/\/experienciadevida.com.ar\/portalurbano\/#\/schema\/person\/02dd326b1c4b056e9cc972486934a3a7\"},\"headline\":\"Defensa al consumidor: el Municipio ordena a Camuzzi restablecimiento del servicio\",\"datePublished\":\"2020-07-08T15:58:48+00:00\",\"dateModified\":\"2020-07-08T15:59:15+00:00\",\"mainEntityOfPage\":{\"@id\":\"https:\/\/experienciadevida.com.ar\/portalurbano\/defensa-al-consumidor-el-municipio-ordena-a-camuzzi-restablecimiento-del-servicio\/\"},\"wordCount\":197,\"publisher\":{\"@id\":\"https:\/\/experienciadevida.com.ar\/portalurbano\/#organization\"},\"articleSection\":[\"Ciudad\",\"Destacadas\"],\"inLanguage\":\"es\"},{\"@type\":\"WebPage\",\"@id\":\"https:\/\/experienciadevida.com.ar\/portalurbano\/defensa-al-consumidor-el-municipio-ordena-a-camuzzi-restablecimiento-del-servicio\/\",\"url\":\"https:\/\/experienciadevida.com.ar\/portalurbano\/defensa-al-consumidor-el-municipio-ordena-a-camuzzi-restablecimiento-del-servicio\/\",\"name\":\"Defensa al consumidor: el Municipio ordena a Camuzzi restablecimiento del servicio -\",\"isPartOf\":{\"@id\":\"https:\/\/experienciadevida.com.ar\/portalurbano\/#website\"},\"datePublished\":\"2020-07-08T15:58:48+00:00\",\"dateModified\":\"2020-07-08T15:59:15+00:00\",\"breadcrumb\":{\"@id\":\"https:\/\/experienciadevida.com.ar\/portalurbano\/defensa-al-consumidor-el-municipio-ordena-a-camuzzi-restablecimiento-del-servicio\/#breadcrumb\"},\"inLanguage\":\"es\",\"potentialAction\":[{\"@type\":\"ReadAction\",\"target\":[\"https:\/\/experienciadevida.com.ar\/portalurbano\/defensa-al-consumidor-el-municipio-ordena-a-camuzzi-restablecimiento-del-servicio\/\"]}]},{\"@type\":\"BreadcrumbList\",\"@id\":\"https:\/\/experienciadevida.com.ar\/portalurbano\/defensa-al-consumidor-el-municipio-ordena-a-camuzzi-restablecimiento-del-servicio\/#breadcrumb\",\"itemListElement\":[{\"@type\":\"ListItem\",\"position\":1,\"name\":\"Portada\",\"item\":\"https:\/\/experienciadevida.com.ar\/portalurbano\/\"},{\"@type\":\"ListItem\",\"position\":2,\"name\":\"Defensa al consumidor: el Municipio ordena a Camuzzi restablecimiento del servicio\"}]},{\"@type\":\"WebSite\",\"@id\":\"https:\/\/experienciadevida.com.ar\/portalurbano\/#website\",\"url\":\"https:\/\/experienciadevida.com.ar\/portalurbano\/\",\"name\":\"\",\"description\":\"\",\"publisher\":{\"@id\":\"https:\/\/experienciadevida.com.ar\/portalurbano\/#organization\"},\"potentialAction\":[{\"@type\":\"SearchAction\",\"target\":{\"@type\":\"EntryPoint\",\"urlTemplate\":\"https:\/\/experienciadevida.com.ar\/portalurbano\/?s={search_term_string}\"},\"query-input\":\"required name=search_term_string\"}],\"inLanguage\":\"es\"},{\"@type\":\"Organization\",\"@id\":\"https:\/\/experienciadevida.com.ar\/portalurbano\/#organization\",\"name\":\"Portal Urbano\",\"url\":\"https:\/\/experienciadevida.com.ar\/portalurbano\/\",\"logo\":{\"@type\":\"ImageObject\",\"inLanguage\":\"es\",\"@id\":\"https:\/\/experienciadevida.com.ar\/portalurbano\/#\/schema\/logo\/image\/\",\"url\":\"https:\/\/experienciadevida.com.ar\/portalurbano\/wp-content\/uploads\/2019\/09\/Logo-Original.png\",\"contentUrl\":\"https:\/\/experienciadevida.com.ar\/portalurbano\/wp-content\/uploads\/2019\/09\/Logo-Original.png\",\"width\":2236,\"height\":1216,\"caption\":\"Portal Urbano\"},\"image\":{\"@id\":\"https:\/\/experienciadevida.com.ar\/portalurbano\/#\/schema\/logo\/image\/\"},\"sameAs\":[\"https:\/\/www.facebook.com\/Portal-Urbano-171542830093757\/\",\"https:\/\/twitter.com\/portalurbanook\",\"https:\/\/www.instagram.com\/_portalurbano\/\",\"https:\/\/www.youtube.com\/channel\/UCXhagIfszH8KxFiOok79zbA?view_as=subscriber\"]},{\"@type\":\"Person\",\"@id\":\"https:\/\/experienciadevida.com.ar\/portalurbano\/#\/schema\/person\/02dd326b1c4b056e9cc972486934a3a7\",\"name\":\"admpu17wp\",\"image\":{\"@type\":\"ImageObject\",\"inLanguage\":\"es\",\"@id\":\"https:\/\/experienciadevida.com.ar\/portalurbano\/#\/schema\/person\/image\/\",\"url\":\"https:\/\/secure.gravatar.com\/avatar\/830d4c57adaae6630765e449a6908047?s=96&d=mm&r=g\",\"contentUrl\":\"https:\/\/secure.gravatar.com\/avatar\/830d4c57adaae6630765e449a6908047?s=96&d=mm&r=g\",\"caption\":\"admpu17wp\"}}]}<\/script>\n<!-- \/ Yoast SEO plugin. -->","yoast_head_json":{"title":"Defensa al consumidor: el Municipio ordena a Camuzzi restablecimiento del servicio -","robots":{"index":"index","follow":"follow","max-snippet":"max-snippet:-1","max-image-preview":"max-image-preview:large","max-video-preview":"max-video-preview:-1"},"canonical":"https:\/\/experienciadevida.com.ar\/portalurbano\/defensa-al-consumidor-el-municipio-ordena-a-camuzzi-restablecimiento-del-servicio\/","og_locale":"es_ES","og_type":"article","og_title":"Defensa al consumidor: el Municipio ordena a Camuzzi restablecimiento del servicio -","og_description":"A partir de un gran n\u00famero de denuncia de usuarios locales que manifestaron el corte...","og_url":"https:\/\/experienciadevida.com.ar\/portalurbano\/defensa-al-consumidor-el-municipio-ordena-a-camuzzi-restablecimiento-del-servicio\/","article_publisher":"https:\/\/www.facebook.com\/Portal-Urbano-171542830093757\/","article_published_time":"2020-07-08T15:58:48+00:00","article_modified_time":"2020-07-08T15:59:15+00:00","og_image":[{"width":750,"height":412,"url":"https:\/\/experienciadevida.com.ar\/portalurbano\/wp-content\/uploads\/2019\/08\/gas_62_1554073284_1566912819-e1566928350665.jpg","type":"image\/jpeg"}],"author":"admpu17wp","twitter_card":"summary_large_image","twitter_creator":"@portalurbanook","twitter_site":"@portalurbanook","twitter_misc":{"Escrito por":"admpu17wp","Tiempo de lectura":"1 minuto"},"schema":{"@context":"https:\/\/schema.org","@graph":[{"@type":"Article","@id":"https:\/\/experienciadevida.com.ar\/portalurbano\/defensa-al-consumidor-el-municipio-ordena-a-camuzzi-restablecimiento-del-servicio\/#article","isPartOf":{"@id":"https:\/\/experienciadevida.com.ar\/portalurbano\/defensa-al-consumidor-el-municipio-ordena-a-camuzzi-restablecimiento-del-servicio\/"},"author":{"name":"admpu17wp","@id":"https:\/\/experienciadevida.com.ar\/portalurbano\/#\/schema\/person\/02dd326b1c4b056e9cc972486934a3a7"},"headline":"Defensa al consumidor: el Municipio ordena a Camuzzi restablecimiento del servicio","datePublished":"2020-07-08T15:58:48+00:00","dateModified":"2020-07-08T15:59:15+00:00","mainEntityOfPage":{"@id":"https:\/\/experienciadevida.com.ar\/portalurbano\/defensa-al-consumidor-el-municipio-ordena-a-camuzzi-restablecimiento-del-servicio\/"},"wordCount":197,"publisher":{"@id":"https:\/\/experienciadevida.com.ar\/portalurbano\/#organization"},"articleSection":["Ciudad","Destacadas"],"inLanguage":"es"},{"@type":"WebPage","@id":"https:\/\/experienciadevida.com.ar\/portalurbano\/defensa-al-consumidor-el-municipio-ordena-a-camuzzi-restablecimiento-del-servicio\/","url":"https:\/\/experienciadevida.com.ar\/portalurbano\/defensa-al-consumidor-el-municipio-ordena-a-camuzzi-restablecimiento-del-servicio\/","name":"Defensa al consumidor: el Municipio ordena a Camuzzi restablecimiento del servicio -","isPartOf":{"@id":"https:\/\/experienciadevida.com.ar\/portalurbano\/#website"},"datePublished":"2020-07-08T15:58:48+00:00","dateModified":"2020-07-08T15:59:15+00:00","breadcrumb":{"@id":"https:\/\/experienciadevida.com.ar\/portalurbano\/defensa-al-consumidor-el-municipio-ordena-a-camuzzi-restablecimiento-del-servicio\/#breadcrumb"},"inLanguage":"es","potentialAction":[{"@type":"ReadAction","target":["https:\/\/experienciadevida.com.ar\/portalurbano\/defensa-al-consumidor-el-municipio-ordena-a-camuzzi-restablecimiento-del-servicio\/"]}]},{"@type":"BreadcrumbList","@id":"https:\/\/experienciadevida.com.ar\/portalurbano\/defensa-al-consumidor-el-municipio-ordena-a-camuzzi-restablecimiento-del-servicio\/#breadcrumb","itemListElement":[{"@type":"ListItem","position":1,"name":"Portada","item":"https:\/\/experienciadevida.com.ar\/portalurbano\/"},{"@type":"ListItem","position":2,"name":"Defensa al consumidor: el Municipio ordena a Camuzzi restablecimiento del servicio"}]},{"@type":"WebSite","@id":"https:\/\/experienciadevida.com.ar\/portalurbano\/#website","url":"https:\/\/experienciadevida.com.ar\/portalurbano\/","name":"","description":"","publisher":{"@id":"https:\/\/experienciadevida.com.ar\/portalurbano\/#organization"},"potentialAction":[{"@type":"SearchAction","target":{"@type":"EntryPoint","urlTemplate":"https:\/\/experienciadevida.com.ar\/portalurbano\/?s={search_term_string}"},"query-input":"required name=search_term_string"}],"inLanguage":"es"},{"@type":"Organization","@id":"https:\/\/experienciadevida.com.ar\/portalurbano\/#organization","name":"Portal Urbano","url":"https:\/\/experienciadevida.com.ar\/portalurbano\/","logo":{"@type":"ImageObject","inLanguage":"es","@id":"https:\/\/experienciadevida.com.ar\/portalurbano\/#\/schema\/logo\/image\/","url":"https:\/\/experienciadevida.com.ar\/portalurbano\/wp-content\/uploads\/2019\/09\/Logo-Original.png","contentUrl":"https:\/\/experienciadevida.com.ar\/portalurbano\/wp-content\/uploads\/2019\/09\/Logo-Original.png","width":2236,"height":1216,"caption":"Portal Urbano"},"image":{"@id":"https:\/\/experienciadevida.com.ar\/portalurbano\/#\/schema\/logo\/image\/"},"sameAs":["https:\/\/www.facebook.com\/Portal-Urbano-171542830093757\/","https:\/\/twitter.com\/portalurbanook","https:\/\/www.instagram.com\/_portalurbano\/","https:\/\/www.youtube.com\/channel\/UCXhagIfszH8KxFiOok79zbA?view_as=subscriber"]},{"@type":"Person","@id":"https:\/\/experienciadevida.com.ar\/portalurbano\/#\/schema\/person\/02dd326b1c4b056e9cc972486934a3a7","name":"admpu17wp","image":{"@type":"ImageObject","inLanguage":"es","@id":"https:\/\/experienciadevida.com.ar\/portalurbano\/#\/schema\/person\/image\/","url":"https:\/\/secure.gravatar.com\/avatar\/830d4c57adaae6630765e449a6908047?s=96&d=mm&r=g","contentUrl":"https:\/\/secure.gravatar.com\/avatar\/830d4c57adaae6630765e449a6908047?s=96&d=mm&r=g","caption":"admpu17wp"}}]}},"featured_image_urls":{"full":["https:\/\/experienciadevida.com.ar\/portalurbano\/wp-content\/uploads\/2019\/08\/gas_62_1554073284_1566912819-e1566928350665.jpg",750,412,false],"thumbnail":["https:\/\/experienciadevida.com.ar\/portalurbano\/wp-content\/uploads\/2019\/08\/gas_62_1554073284_1566912819-150x150.jpg",150,150,true],"medium":["https:\/\/experienciadevida.com.ar\/portalurbano\/wp-content\/uploads\/2019\/08\/gas_62_1554073284_1566912819-300x165.jpg",300,165,true],"medium_large":["https:\/\/experienciadevida.com.ar\/portalurbano\/wp-content\/uploads\/2019\/08\/gas_62_1554073284_1566912819-768x422.jpg",640,352,true],"large":["https:\/\/experienciadevida.com.ar\/portalurbano\/wp-content\/uploads\/2019\/08\/gas_62_1554073284_1566912819-e1566928350665.jpg",640,352,false],"ug_big":["https:\/\/experienciadevida.com.ar\/portalurbano\/wp-content\/uploads\/2019\/08\/gas_62_1554073284_1566912819-768x422.jpg",768,422,true],"1536x1536":["https:\/\/experienciadevida.com.ar\/portalurbano\/wp-content\/uploads\/2019\/08\/gas_62_1554073284_1566912819-e1566928350665.jpg",750,412,false],"2048x2048":["https:\/\/experienciadevida.com.ar\/portalurbano\/wp-content\/uploads\/2019\/08\/gas_62_1554073284_1566912819-e1566928350665.jpg",750,412,false],"newsever-slider-full":["https:\/\/experienciadevida.com.ar\/portalurbano\/wp-content\/uploads\/2019\/08\/gas_62_1554073284_1566912819-e1566928350665.jpg",750,412,false],"newsever-featured":["https:\/\/experienciadevida.com.ar\/portalurbano\/wp-content\/uploads\/2019\/08\/gas_62_1554073284_1566912819-e1566928350665.jpg",750,412,false],"newsever-medium":["https:\/\/experienciadevida.com.ar\/portalurbano\/wp-content\/uploads\/2019\/08\/gas_62_1554073284_1566912819-e1566928350665.jpg",720,396,false],"web-stories-poster-portrait":["https:\/\/experienciadevida.com.ar\/portalurbano\/wp-content\/uploads\/2019\/08\/gas_62_1554073284_1566912819-e1566928350665.jpg",640,352,false],"web-stories-publisher-logo":["https:\/\/experienciadevida.com.ar\/portalurbano\/wp-content\/uploads\/2019\/08\/gas_62_1554073284_1566912819-e1566928350665.jpg",96,53,false],"web-stories-thumbnail":["https:\/\/experienciadevida.com.ar\/portalurbano\/wp-content\/uploads\/2019\/08\/gas_62_1554073284_1566912819-e1566928350665.jpg",150,82,false]},"author_info":{"display_name":"admpu17wp","author_link":"https:\/\/experienciadevida.com.ar\/portalurbano\/author\/admpu17wp\/"},"category_info":"<a href=\"https:\/\/experienciadevida.com.ar\/portalurbano\/category\/ciudad\/\" rel=\"category tag\">Ciudad<\/a> <a href=\"https:\/\/experienciadevida.com.ar\/portalurbano\/category\/destacadas\/\" rel=\"category tag\">Destacadas<\/a>","tag_info":"Destacadas","comment_count":"0","amp_enabled":true,"_links":{"self":[{"href":"https:\/\/experienciadevida.com.ar\/portalurbano\/wp-json\/wp\/v2\/posts\/114310"}],"collection":[{"href":"https:\/\/experienciadevida.com.ar\/portalurbano\/wp-json\/wp\/v2\/posts"}],"about":[{"href":"https:\/\/experienciadevida.com.ar\/portalurbano\/wp-json\/wp\/v2\/types\/post"}],"author":[{"embeddable":true,"href":"https:\/\/experienciadevida.com.ar\/portalurbano\/wp-json\/wp\/v2\/users\/1"}],"replies":[{"embeddable":true,"href":"https:\/\/experienciadevida.com.ar\/portalurbano\/wp-json\/wp\/v2\/comments?post=114310"}],"version-history":[{"count":1,"href":"https:\/\/experienciadevida.com.ar\/portalurbano\/wp-json\/wp\/v2\/posts\/114310\/revisions"}],"predecessor-version":[{"id":114311,"href":"https:\/\/experienciadevida.com.ar\/portalurbano\/wp-json\/wp\/v2\/posts\/114310\/revisions\/114311"}],"wp:featuredmedia":[{"embeddable":true,"href":"https:\/\/experienciadevida.com.ar\/portalurbano\/wp-json\/wp\/v2\/media\/82993"}],"wp:attachment":[{"href":"https:\/\/experienciadevida.com.ar\/portalurbano\/wp-json\/wp\/v2\/media?parent=114310"}],"wp:term":[{"taxonomy":"category","embeddable":true,"href":"https:\/\/experienciadevida.com.ar\/portalurbano\/wp-json\/wp\/v2\/categories?post=114310"},{"taxonomy":"post_tag","embeddable":true,"href":"https:\/\/experienciadevida.com.ar\/portalurbano\/wp-json\/wp\/v2\/tags?post=114310"}],"curies":[{"name":"wp","href":"https:\/\/api.w.org\/{rel}","templated":true}]}}