{"id":114297,"date":"2020-07-08T12:00:21","date_gmt":"2020-07-08T15:00:21","guid":{"rendered":"https:\/\/experienciadevida.com.ar\/portalurbano\/?p=114297"},"modified":"2020-07-08T12:01:10","modified_gmt":"2020-07-08T15:01:10","slug":"la-oms-dice-que-el-coronavirus-podria-transmitirse-por-el-aire-en-sitios-cerrados","status":"publish","type":"post","link":"https:\/\/experienciadevida.com.ar\/portalurbano\/la-oms-dice-que-el-coronavirus-podria-transmitirse-por-el-aire-en-sitios-cerrados\/","title":{"rendered":"La OMS dice que el coronavirus podr\u00eda transmitirse por el aire en sitios cerrados"},"content":{"rendered":"<p>\u201cSon campos de estudio que est\u00e1n creciendo y donde est\u00e1 surgiendo evidencia\u201d, dijeron expertos de la entidad.<\/p>\n<p>La Organizaci\u00f3n Mundial de la Salud (OMS)\u200b reconoci\u00f3 que, aunque no hay evidencia cient\u00edfica s\u00f3lida, es posible que el nuevo coronavirus se pueda transmitir por el aire en lugares cerrados, abarrotados y con poca ventilaci\u00f3n.<\/p>\n<p>Desde el organismo de Naciones Unidas se pronunciaron as\u00ed despu\u00e9s de que 239 expertos de 32 pa\u00edses hayan alertado de que el coronavirus podr\u00eda transmitirse por el aire, y lamentado que se haya subestimado la transmisi\u00f3n del coronavirus en el aire en interiores.<\/p>\n<p>\u201cReconocemos que existe una evidencia creciente en este campo, as\u00ed como en muchos otros relacionados con este coronavirus. Por ello, tenemos que estar abiertos a estos hallazgos y entender sus implicaciones sobre la forma de transmisi\u00f3n del virus y las precauciones que se deben tomar\u201d, se\u00f1al\u00f3 la coordinadora de Prevenci\u00f3n de Infecciones de la OMS, Benedetta Allegranzi.<\/p>\n<p>De hecho, inform\u00f3 que ya est\u00e1n trabajando con muchos de los expertos que han lanzado un alerta. Subray\u00f3 la necesidad de confirmar su hip\u00f3tesis y de, adem\u00e1s, saber la dosis del virus que es necesaria para contagiarse.<\/p>\n<p>\u201cSon campos de estudio que est\u00e1n creciendo y donde est\u00e1 surgiendo evidencia, pero que todav\u00eda no es definitiva y es por ello por lo que la posibilidad de que haya transmisi\u00f3n por el aire en espacios p\u00fablicos, especialmente en condiciones espec\u00edficas como lugares abarrotados, cerrados y con mala ventilaci\u00f3n, no puede ser descartada. Pero la evidencia debe ser interpretada y apoyamos este proceso\u201d, dijo la experta, tras recordar que la OMS recomienda una adecuada ventilaci\u00f3n en los lugares cerrados.<\/p>\n<p>Pr\u00f3ximamente la OMS va a publicar un resumen cient\u00edfico de todas las posibilidades que est\u00e1n siendo estudiadas en este momento sobre la transmisi\u00f3n del nuevo coronavirus. Adem\u00e1s, est\u00e1 ya trabajando con un \u201cgran n\u00famero\u201d de m\u00e9dicos, cient\u00edficos y matem\u00e1ticos para consolidar la evidencia.<\/p>\n<p>Fuente: DIB<\/p>\n","protected":false},"excerpt":{"rendered":"<p>\u201cSon campos de estudio que est\u00e1n creciendo y donde est\u00e1 surgiendo evidencia\u201d, dijeron expertos de&#8230;<\/p>\n","protected":false},"author":1,"featured_media":106146,"comment_status":"closed","ping_status":"closed","sticky":false,"template":"","format":"standard","meta":{"content-type":""},"categories":[71,39],"tags":[],"nelio_content":{"isAutoShareEnabled":false,"autoShareEndMode":"default","automationSources":{"useContentSentences":true,"useSocialTemplates":true,"useCustomSentences":false,"customSentences":[]},"followers":[1],"suggestedReferences":[],"includedReferences":[],"efiUrl":"","efiAlt":"","highlights":[]},"yoast_head":"<!-- This site is optimized with the Yoast SEO plugin v20.7 - https:\/\/yoast.com\/wordpress\/plugins\/seo\/ -->\n<title>La OMS dice que el coronavirus podr\u00eda transmitirse por el aire en sitios cerrados -<\/title>\n<meta name=\"robots\" content=\"index, follow, max-snippet:-1, max-image-preview:large, max-video-preview:-1\" \/>\n<link rel=\"canonical\" href=\"https:\/\/experienciadevida.com.ar\/portalurbano\/la-oms-dice-que-el-coronavirus-podria-transmitirse-por-el-aire-en-sitios-cerrados\/\" \/>\n<meta property=\"og:locale\" content=\"es_ES\" \/>\n<meta property=\"og:type\" content=\"article\" \/>\n<meta property=\"og:title\" content=\"La OMS dice que el coronavirus podr\u00eda transmitirse por el aire en sitios cerrados -\" \/>\n<meta property=\"og:description\" content=\"\u201cSon campos de estudio que est\u00e1n creciendo y donde est\u00e1 surgiendo evidencia\u201d, dijeron expertos de...\" \/>\n<meta property=\"og:url\" content=\"https:\/\/experienciadevida.com.ar\/portalurbano\/la-oms-dice-que-el-coronavirus-podria-transmitirse-por-el-aire-en-sitios-cerrados\/\" \/>\n<meta property=\"article:publisher\" content=\"https:\/\/www.facebook.com\/Portal-Urbano-171542830093757\/\" \/>\n<meta property=\"article:published_time\" content=\"2020-07-08T15:00:21+00:00\" \/>\n<meta property=\"article:modified_time\" content=\"2020-07-08T15:01:10+00:00\" \/>\n<meta property=\"og:image\" content=\"https:\/\/experienciadevida.com.ar\/portalurbano\/wp-content\/uploads\/2020\/04\/CORONAVIRUSARGENTINA-1.jpg\" \/>\n\t<meta property=\"og:image:width\" content=\"696\" \/>\n\t<meta property=\"og:image:height\" content=\"460\" \/>\n\t<meta property=\"og:image:type\" content=\"image\/jpeg\" \/>\n<meta name=\"author\" content=\"admpu17wp\" \/>\n<meta name=\"twitter:card\" content=\"summary_large_image\" \/>\n<meta name=\"twitter:creator\" content=\"@portalurbanook\" \/>\n<meta name=\"twitter:site\" content=\"@portalurbanook\" \/>\n<meta name=\"twitter:label1\" content=\"Escrito por\" \/>\n\t<meta name=\"twitter:data1\" content=\"admpu17wp\" \/>\n\t<meta name=\"twitter:label2\" content=\"Tiempo de lectura\" \/>\n\t<meta name=\"twitter:data2\" content=\"2 minutos\" \/>\n<script type=\"application\/ld+json\" class=\"yoast-schema-graph\">{\"@context\":\"https:\/\/schema.org\",\"@graph\":[{\"@type\":\"Article\",\"@id\":\"https:\/\/experienciadevida.com.ar\/portalurbano\/la-oms-dice-que-el-coronavirus-podria-transmitirse-por-el-aire-en-sitios-cerrados\/#article\",\"isPartOf\":{\"@id\":\"https:\/\/experienciadevida.com.ar\/portalurbano\/la-oms-dice-que-el-coronavirus-podria-transmitirse-por-el-aire-en-sitios-cerrados\/\"},\"author\":{\"name\":\"admpu17wp\",\"@id\":\"https:\/\/experienciadevida.com.ar\/portalurbano\/#\/schema\/person\/02dd326b1c4b056e9cc972486934a3a7\"},\"headline\":\"La OMS dice que el coronavirus podr\u00eda transmitirse por el aire en sitios cerrados\",\"datePublished\":\"2020-07-08T15:00:21+00:00\",\"dateModified\":\"2020-07-08T15:01:10+00:00\",\"mainEntityOfPage\":{\"@id\":\"https:\/\/experienciadevida.com.ar\/portalurbano\/la-oms-dice-que-el-coronavirus-podria-transmitirse-por-el-aire-en-sitios-cerrados\/\"},\"wordCount\":357,\"publisher\":{\"@id\":\"https:\/\/experienciadevida.com.ar\/portalurbano\/#organization\"},\"articleSection\":[\"Coronavirus\",\"Naci\u00f3n\"],\"inLanguage\":\"es\"},{\"@type\":\"WebPage\",\"@id\":\"https:\/\/experienciadevida.com.ar\/portalurbano\/la-oms-dice-que-el-coronavirus-podria-transmitirse-por-el-aire-en-sitios-cerrados\/\",\"url\":\"https:\/\/experienciadevida.com.ar\/portalurbano\/la-oms-dice-que-el-coronavirus-podria-transmitirse-por-el-aire-en-sitios-cerrados\/\",\"name\":\"La OMS dice que el coronavirus podr\u00eda transmitirse por el aire en sitios cerrados -\",\"isPartOf\":{\"@id\":\"https:\/\/experienciadevida.com.ar\/portalurbano\/#website\"},\"datePublished\":\"2020-07-08T15:00:21+00:00\",\"dateModified\":\"2020-07-08T15:01:10+00:00\",\"breadcrumb\":{\"@id\":\"https:\/\/experienciadevida.com.ar\/portalurbano\/la-oms-dice-que-el-coronavirus-podria-transmitirse-por-el-aire-en-sitios-cerrados\/#breadcrumb\"},\"inLanguage\":\"es\",\"potentialAction\":[{\"@type\":\"ReadAction\",\"target\":[\"https:\/\/experienciadevida.com.ar\/portalurbano\/la-oms-dice-que-el-coronavirus-podria-transmitirse-por-el-aire-en-sitios-cerrados\/\"]}]},{\"@type\":\"BreadcrumbList\",\"@id\":\"https:\/\/experienciadevida.com.ar\/portalurbano\/la-oms-dice-que-el-coronavirus-podria-transmitirse-por-el-aire-en-sitios-cerrados\/#breadcrumb\",\"itemListElement\":[{\"@type\":\"ListItem\",\"position\":1,\"name\":\"Portada\",\"item\":\"https:\/\/experienciadevida.com.ar\/portalurbano\/\"},{\"@type\":\"ListItem\",\"position\":2,\"name\":\"La OMS dice que el coronavirus podr\u00eda transmitirse por el aire en sitios cerrados\"}]},{\"@type\":\"WebSite\",\"@id\":\"https:\/\/experienciadevida.com.ar\/portalurbano\/#website\",\"url\":\"https:\/\/experienciadevida.com.ar\/portalurbano\/\",\"name\":\"\",\"description\":\"\",\"publisher\":{\"@id\":\"https:\/\/experienciadevida.com.ar\/portalurbano\/#organization\"},\"potentialAction\":[{\"@type\":\"SearchAction\",\"target\":{\"@type\":\"EntryPoint\",\"urlTemplate\":\"https:\/\/experienciadevida.com.ar\/portalurbano\/?s={search_term_string}\"},\"query-input\":\"required name=search_term_string\"}],\"inLanguage\":\"es\"},{\"@type\":\"Organization\",\"@id\":\"https:\/\/experienciadevida.com.ar\/portalurbano\/#organization\",\"name\":\"Portal Urbano\",\"url\":\"https:\/\/experienciadevida.com.ar\/portalurbano\/\",\"logo\":{\"@type\":\"ImageObject\",\"inLanguage\":\"es\",\"@id\":\"https:\/\/experienciadevida.com.ar\/portalurbano\/#\/schema\/logo\/image\/\",\"url\":\"https:\/\/experienciadevida.com.ar\/portalurbano\/wp-content\/uploads\/2019\/09\/Logo-Original.png\",\"contentUrl\":\"https:\/\/experienciadevida.com.ar\/portalurbano\/wp-content\/uploads\/2019\/09\/Logo-Original.png\",\"width\":2236,\"height\":1216,\"caption\":\"Portal Urbano\"},\"image\":{\"@id\":\"https:\/\/experienciadevida.com.ar\/portalurbano\/#\/schema\/logo\/image\/\"},\"sameAs\":[\"https:\/\/www.facebook.com\/Portal-Urbano-171542830093757\/\",\"https:\/\/twitter.com\/portalurbanook\",\"https:\/\/www.instagram.com\/_portalurbano\/\",\"https:\/\/www.youtube.com\/channel\/UCXhagIfszH8KxFiOok79zbA?view_as=subscriber\"]},{\"@type\":\"Person\",\"@id\":\"https:\/\/experienciadevida.com.ar\/portalurbano\/#\/schema\/person\/02dd326b1c4b056e9cc972486934a3a7\",\"name\":\"admpu17wp\",\"image\":{\"@type\":\"ImageObject\",\"inLanguage\":\"es\",\"@id\":\"https:\/\/experienciadevida.com.ar\/portalurbano\/#\/schema\/person\/image\/\",\"url\":\"https:\/\/secure.gravatar.com\/avatar\/830d4c57adaae6630765e449a6908047?s=96&d=mm&r=g\",\"contentUrl\":\"https:\/\/secure.gravatar.com\/avatar\/830d4c57adaae6630765e449a6908047?s=96&d=mm&r=g\",\"caption\":\"admpu17wp\"}}]}<\/script>\n<!-- \/ Yoast SEO plugin. -->","yoast_head_json":{"title":"La OMS dice que el coronavirus podr\u00eda transmitirse por el aire en sitios cerrados -","robots":{"index":"index","follow":"follow","max-snippet":"max-snippet:-1","max-image-preview":"max-image-preview:large","max-video-preview":"max-video-preview:-1"},"canonical":"https:\/\/experienciadevida.com.ar\/portalurbano\/la-oms-dice-que-el-coronavirus-podria-transmitirse-por-el-aire-en-sitios-cerrados\/","og_locale":"es_ES","og_type":"article","og_title":"La OMS dice que el coronavirus podr\u00eda transmitirse por el aire en sitios cerrados -","og_description":"\u201cSon campos de estudio que est\u00e1n creciendo y donde est\u00e1 surgiendo evidencia\u201d, dijeron expertos de...","og_url":"https:\/\/experienciadevida.com.ar\/portalurbano\/la-oms-dice-que-el-coronavirus-podria-transmitirse-por-el-aire-en-sitios-cerrados\/","article_publisher":"https:\/\/www.facebook.com\/Portal-Urbano-171542830093757\/","article_published_time":"2020-07-08T15:00:21+00:00","article_modified_time":"2020-07-08T15:01:10+00:00","og_image":[{"width":696,"height":460,"url":"https:\/\/experienciadevida.com.ar\/portalurbano\/wp-content\/uploads\/2020\/04\/CORONAVIRUSARGENTINA-1.jpg","type":"image\/jpeg"}],"author":"admpu17wp","twitter_card":"summary_large_image","twitter_creator":"@portalurbanook","twitter_site":"@portalurbanook","twitter_misc":{"Escrito por":"admpu17wp","Tiempo de lectura":"2 minutos"},"schema":{"@context":"https:\/\/schema.org","@graph":[{"@type":"Article","@id":"https:\/\/experienciadevida.com.ar\/portalurbano\/la-oms-dice-que-el-coronavirus-podria-transmitirse-por-el-aire-en-sitios-cerrados\/#article","isPartOf":{"@id":"https:\/\/experienciadevida.com.ar\/portalurbano\/la-oms-dice-que-el-coronavirus-podria-transmitirse-por-el-aire-en-sitios-cerrados\/"},"author":{"name":"admpu17wp","@id":"https:\/\/experienciadevida.com.ar\/portalurbano\/#\/schema\/person\/02dd326b1c4b056e9cc972486934a3a7"},"headline":"La OMS dice que el coronavirus podr\u00eda transmitirse por el aire en sitios cerrados","datePublished":"2020-07-08T15:00:21+00:00","dateModified":"2020-07-08T15:01:10+00:00","mainEntityOfPage":{"@id":"https:\/\/experienciadevida.com.ar\/portalurbano\/la-oms-dice-que-el-coronavirus-podria-transmitirse-por-el-aire-en-sitios-cerrados\/"},"wordCount":357,"publisher":{"@id":"https:\/\/experienciadevida.com.ar\/portalurbano\/#organization"},"articleSection":["Coronavirus","Naci\u00f3n"],"inLanguage":"es"},{"@type":"WebPage","@id":"https:\/\/experienciadevida.com.ar\/portalurbano\/la-oms-dice-que-el-coronavirus-podria-transmitirse-por-el-aire-en-sitios-cerrados\/","url":"https:\/\/experienciadevida.com.ar\/portalurbano\/la-oms-dice-que-el-coronavirus-podria-transmitirse-por-el-aire-en-sitios-cerrados\/","name":"La OMS dice que el coronavirus podr\u00eda transmitirse por el aire en sitios cerrados -","isPartOf":{"@id":"https:\/\/experienciadevida.com.ar\/portalurbano\/#website"},"datePublished":"2020-07-08T15:00:21+00:00","dateModified":"2020-07-08T15:01:10+00:00","breadcrumb":{"@id":"https:\/\/experienciadevida.com.ar\/portalurbano\/la-oms-dice-que-el-coronavirus-podria-transmitirse-por-el-aire-en-sitios-cerrados\/#breadcrumb"},"inLanguage":"es","potentialAction":[{"@type":"ReadAction","target":["https:\/\/experienciadevida.com.ar\/portalurbano\/la-oms-dice-que-el-coronavirus-podria-transmitirse-por-el-aire-en-sitios-cerrados\/"]}]},{"@type":"BreadcrumbList","@id":"https:\/\/experienciadevida.com.ar\/portalurbano\/la-oms-dice-que-el-coronavirus-podria-transmitirse-por-el-aire-en-sitios-cerrados\/#breadcrumb","itemListElement":[{"@type":"ListItem","position":1,"name":"Portada","item":"https:\/\/experienciadevida.com.ar\/portalurbano\/"},{"@type":"ListItem","position":2,"name":"La OMS dice que el coronavirus podr\u00eda transmitirse por el aire en sitios cerrados"}]},{"@type":"WebSite","@id":"https:\/\/experienciadevida.com.ar\/portalurbano\/#website","url":"https:\/\/experienciadevida.com.ar\/portalurbano\/","name":"","description":"","publisher":{"@id":"https:\/\/experienciadevida.com.ar\/portalurbano\/#organization"},"potentialAction":[{"@type":"SearchAction","target":{"@type":"EntryPoint","urlTemplate":"https:\/\/experienciadevida.com.ar\/portalurbano\/?s={search_term_string}"},"query-input":"required name=search_term_string"}],"inLanguage":"es"},{"@type":"Organization","@id":"https:\/\/experienciadevida.com.ar\/portalurbano\/#organization","name":"Portal Urbano","url":"https:\/\/experienciadevida.com.ar\/portalurbano\/","logo":{"@type":"ImageObject","inLanguage":"es","@id":"https:\/\/experienciadevida.com.ar\/portalurbano\/#\/schema\/logo\/image\/","url":"https:\/\/experienciadevida.com.ar\/portalurbano\/wp-content\/uploads\/2019\/09\/Logo-Original.png","contentUrl":"https:\/\/experienciadevida.com.ar\/portalurbano\/wp-content\/uploads\/2019\/09\/Logo-Original.png","width":2236,"height":1216,"caption":"Portal Urbano"},"image":{"@id":"https:\/\/experienciadevida.com.ar\/portalurbano\/#\/schema\/logo\/image\/"},"sameAs":["https:\/\/www.facebook.com\/Portal-Urbano-171542830093757\/","https:\/\/twitter.com\/portalurbanook","https:\/\/www.instagram.com\/_portalurbano\/","https:\/\/www.youtube.com\/channel\/UCXhagIfszH8KxFiOok79zbA?view_as=subscriber"]},{"@type":"Person","@id":"https:\/\/experienciadevida.com.ar\/portalurbano\/#\/schema\/person\/02dd326b1c4b056e9cc972486934a3a7","name":"admpu17wp","image":{"@type":"ImageObject","inLanguage":"es","@id":"https:\/\/experienciadevida.com.ar\/portalurbano\/#\/schema\/person\/image\/","url":"https:\/\/secure.gravatar.com\/avatar\/830d4c57adaae6630765e449a6908047?s=96&d=mm&r=g","contentUrl":"https:\/\/secure.gravatar.com\/avatar\/830d4c57adaae6630765e449a6908047?s=96&d=mm&r=g","caption":"admpu17wp"}}]}},"featured_image_urls":{"full":["https:\/\/experienciadevida.com.ar\/portalurbano\/wp-content\/uploads\/2020\/04\/CORONAVIRUSARGENTINA-1.jpg",696,460,false],"thumbnail":["https:\/\/experienciadevida.com.ar\/portalurbano\/wp-content\/uploads\/2020\/04\/CORONAVIRUSARGENTINA-1-150x150.jpg",150,150,true],"medium":["https:\/\/experienciadevida.com.ar\/portalurbano\/wp-content\/uploads\/2020\/04\/CORONAVIRUSARGENTINA-1-300x198.jpg",300,198,true],"medium_large":["https:\/\/experienciadevida.com.ar\/portalurbano\/wp-content\/uploads\/2020\/04\/CORONAVIRUSARGENTINA-1.jpg",640,423,false],"large":["https:\/\/experienciadevida.com.ar\/portalurbano\/wp-content\/uploads\/2020\/04\/CORONAVIRUSARGENTINA-1.jpg",640,423,false],"ug_big":["https:\/\/experienciadevida.com.ar\/portalurbano\/wp-content\/uploads\/2020\/04\/CORONAVIRUSARGENTINA-1.jpg",696,460,false],"1536x1536":["https:\/\/experienciadevida.com.ar\/portalurbano\/wp-content\/uploads\/2020\/04\/CORONAVIRUSARGENTINA-1.jpg",696,460,false],"2048x2048":["https:\/\/experienciadevida.com.ar\/portalurbano\/wp-content\/uploads\/2020\/04\/CORONAVIRUSARGENTINA-1.jpg",696,460,false],"newsever-slider-full":["https:\/\/experienciadevida.com.ar\/portalurbano\/wp-content\/uploads\/2020\/04\/CORONAVIRUSARGENTINA-1.jpg",696,460,false],"newsever-featured":["https:\/\/experienciadevida.com.ar\/portalurbano\/wp-content\/uploads\/2020\/04\/CORONAVIRUSARGENTINA-1.jpg",696,460,false],"newsever-medium":["https:\/\/experienciadevida.com.ar\/portalurbano\/wp-content\/uploads\/2020\/04\/CORONAVIRUSARGENTINA-1.jpg",696,460,false],"web-stories-poster-portrait":["https:\/\/experienciadevida.com.ar\/portalurbano\/wp-content\/uploads\/2020\/04\/CORONAVIRUSARGENTINA-1.jpg",640,423,false],"web-stories-publisher-logo":["https:\/\/experienciadevida.com.ar\/portalurbano\/wp-content\/uploads\/2020\/04\/CORONAVIRUSARGENTINA-1.jpg",96,63,false],"web-stories-thumbnail":["https:\/\/experienciadevida.com.ar\/portalurbano\/wp-content\/uploads\/2020\/04\/CORONAVIRUSARGENTINA-1.jpg",150,99,false]},"author_info":{"display_name":"admpu17wp","author_link":"https:\/\/experienciadevida.com.ar\/portalurbano\/author\/admpu17wp\/"},"category_info":"<a href=\"https:\/\/experienciadevida.com.ar\/portalurbano\/category\/nacion\/coronavirus\/\" rel=\"category tag\">Coronavirus<\/a> <a href=\"https:\/\/experienciadevida.com.ar\/portalurbano\/category\/nacion\/\" rel=\"category tag\">Naci\u00f3n<\/a>","tag_info":"Naci\u00f3n","comment_count":"0","amp_enabled":true,"_links":{"self":[{"href":"https:\/\/experienciadevida.com.ar\/portalurbano\/wp-json\/wp\/v2\/posts\/114297"}],"collection":[{"href":"https:\/\/experienciadevida.com.ar\/portalurbano\/wp-json\/wp\/v2\/posts"}],"about":[{"href":"https:\/\/experienciadevida.com.ar\/portalurbano\/wp-json\/wp\/v2\/types\/post"}],"author":[{"embeddable":true,"href":"https:\/\/experienciadevida.com.ar\/portalurbano\/wp-json\/wp\/v2\/users\/1"}],"replies":[{"embeddable":true,"href":"https:\/\/experienciadevida.com.ar\/portalurbano\/wp-json\/wp\/v2\/comments?post=114297"}],"version-history":[{"count":1,"href":"https:\/\/experienciadevida.com.ar\/portalurbano\/wp-json\/wp\/v2\/posts\/114297\/revisions"}],"predecessor-version":[{"id":114298,"href":"https:\/\/experienciadevida.com.ar\/portalurbano\/wp-json\/wp\/v2\/posts\/114297\/revisions\/114298"}],"wp:featuredmedia":[{"embeddable":true,"href":"https:\/\/experienciadevida.com.ar\/portalurbano\/wp-json\/wp\/v2\/media\/106146"}],"wp:attachment":[{"href":"https:\/\/experienciadevida.com.ar\/portalurbano\/wp-json\/wp\/v2\/media?parent=114297"}],"wp:term":[{"taxonomy":"category","embeddable":true,"href":"https:\/\/experienciadevida.com.ar\/portalurbano\/wp-json\/wp\/v2\/categories?post=114297"},{"taxonomy":"post_tag","embeddable":true,"href":"https:\/\/experienciadevida.com.ar\/portalurbano\/wp-json\/wp\/v2\/tags?post=114297"}],"curies":[{"name":"wp","href":"https:\/\/api.w.org\/{rel}","templated":true}]}}