{"id":114192,"date":"2020-07-07T14:40:00","date_gmt":"2020-07-07T17:40:00","guid":{"rendered":"https:\/\/experienciadevida.com.ar\/portalurbano\/?p=114192"},"modified":"2020-07-07T14:40:20","modified_gmt":"2020-07-07T17:40:20","slug":"alberto-fernandez-y-el-dia-despues-de-la-pandemia-argentina-se-tiene-que-poner-inmediatamente-de-pie","status":"publish","type":"post","link":"https:\/\/experienciadevida.com.ar\/portalurbano\/alberto-fernandez-y-el-dia-despues-de-la-pandemia-argentina-se-tiene-que-poner-inmediatamente-de-pie\/","title":{"rendered":"Alberto Fern\u00e1ndez y el d\u00eda despu\u00e9s de la pandemia: &#8220;Argentina se tiene que poner inmediatamente de pie&#8221;"},"content":{"rendered":"<p>El Presidente advirti\u00f3 que este &#8220;es el momento m\u00e1s intenso&#8221; de la situaci\u00f3n que vive nuestro pa\u00eds por la enfermedad que azota al mundo, pero destac\u00f3 que &#8220;Argentina tiene un horizonte&#8221;.<\/p>\n<p>El presidente Alberto Fern\u00e1ndez brind\u00f3 una conferencia en el marco de un nuevo plan de obras y dijo que &#8220;la Argentina se tiene que poner inmediatamente de pie despu\u00e9s de que pase&#8221; la pandemia de coronavirus y afirm\u00f3 que el Gobierno nacional va a &#8220;llegar a todos los rincones del pa\u00eds, logrando el desarrollo de todos&#8221;.<\/p>\n<p>El presidente sostuvo que hoy &#8220;estamos viviendo el momento m\u00e1s intenso de la pandemia&#8221; por coronavirus y dijo que, si bien el problema &#8220;est\u00e1 concentrado en pocos lugares de pa\u00eds&#8221;, la propagaci\u00f3n del virus &#8220;ha dejado muy lastimada&#8221; a las provincias de la Patagonia.<\/p>\n<p>&#8220;Argentina tiene un horizonte y sabemos cu\u00e1l es el horizonte que se tiene que alcanzar. Tenemos que lograr el desarrollo de toda la Argentina. &#8216;Argentina Hace&#8217; es ver c\u00f3mo socorremos con obra p\u00fablica a los municipios&#8221;, dijo el Presidente, al anunciar este mediod\u00eda un plan de obras para 19 municipios de las seis provincias del sur.<\/p>\n<p>Asimismo, Fern\u00e1ndez dijo hoy que tras la pandemia, habr\u00e1 que &#8220;analizar nuevamente el capitalismo&#8221; y afirm\u00f3 que percibe en &#8220;los l\u00edderes del mundo una primer reacci\u00f3n de encerrarse en sus econom\u00edas, volviendo a promover el consumo interno&#8221;.<\/p>\n<p>&#8220;Hay como una revisi\u00f3n en todo el mundo sobre el encierro de las econom\u00edas, como una vuelta atr\u00e1s del libre comercio que la globalizaci\u00f3n propon\u00eda. Es un dilema que tenemos y no tenemos certezas&#8221;, dijo Fern\u00e1ndez, al cerrar esta tarde el encuentro de la Asociaci\u00f3n Cristiana de Dirigentes de Empresa, en el que sostuvo que el pa\u00eds &#8220;debe industrializarse al m\u00e1ximo&#8221;.<\/p>\n","protected":false},"excerpt":{"rendered":"<p>El Presidente advirti\u00f3 que este &#8220;es el momento m\u00e1s intenso&#8221; de la situaci\u00f3n que vive&#8230;<\/p>\n","protected":false},"author":1,"featured_media":114193,"comment_status":"closed","ping_status":"closed","sticky":false,"template":"","format":"standard","meta":{"content-type":""},"categories":[39],"tags":[],"nelio_content":{"isAutoShareEnabled":false,"autoShareEndMode":"default","automationSources":{"useContentSentences":true,"useSocialTemplates":true,"useCustomSentences":false,"customSentences":[]},"followers":[1],"suggestedReferences":[],"includedReferences":[],"efiUrl":"","efiAlt":"","highlights":[]},"yoast_head":"<!-- This site is optimized with the Yoast SEO plugin v20.7 - https:\/\/yoast.com\/wordpress\/plugins\/seo\/ -->\n<title>Alberto Fern\u00e1ndez y el d\u00eda despu\u00e9s de la pandemia: &quot;Argentina se tiene que poner inmediatamente de pie&quot; -<\/title>\n<meta name=\"robots\" content=\"index, follow, max-snippet:-1, max-image-preview:large, max-video-preview:-1\" \/>\n<link rel=\"canonical\" href=\"https:\/\/experienciadevida.com.ar\/portalurbano\/alberto-fernandez-y-el-dia-despues-de-la-pandemia-argentina-se-tiene-que-poner-inmediatamente-de-pie\/\" \/>\n<meta property=\"og:locale\" content=\"es_ES\" \/>\n<meta property=\"og:type\" content=\"article\" \/>\n<meta property=\"og:title\" content=\"Alberto Fern\u00e1ndez y el d\u00eda despu\u00e9s de la pandemia: &quot;Argentina se tiene que poner inmediatamente de pie&quot; -\" \/>\n<meta property=\"og:description\" content=\"El Presidente advirti\u00f3 que este &#8220;es el momento m\u00e1s intenso&#8221; de la situaci\u00f3n que vive...\" \/>\n<meta property=\"og:url\" content=\"https:\/\/experienciadevida.com.ar\/portalurbano\/alberto-fernandez-y-el-dia-despues-de-la-pandemia-argentina-se-tiene-que-poner-inmediatamente-de-pie\/\" \/>\n<meta property=\"article:publisher\" content=\"https:\/\/www.facebook.com\/Portal-Urbano-171542830093757\/\" \/>\n<meta property=\"article:published_time\" content=\"2020-07-07T17:40:00+00:00\" \/>\n<meta property=\"article:modified_time\" content=\"2020-07-07T17:40:20+00:00\" \/>\n<meta property=\"og:image\" content=\"https:\/\/experienciadevida.com.ar\/portalurbano\/wp-content\/uploads\/2020\/07\/FERNANDEZ.jpg\" \/>\n\t<meta property=\"og:image:width\" content=\"1140\" \/>\n\t<meta property=\"og:image:height\" content=\"760\" \/>\n\t<meta property=\"og:image:type\" content=\"image\/jpeg\" \/>\n<meta name=\"author\" content=\"admpu17wp\" \/>\n<meta name=\"twitter:card\" content=\"summary_large_image\" \/>\n<meta name=\"twitter:creator\" content=\"@portalurbanook\" \/>\n<meta name=\"twitter:site\" content=\"@portalurbanook\" \/>\n<meta name=\"twitter:label1\" content=\"Escrito por\" \/>\n\t<meta name=\"twitter:data1\" content=\"admpu17wp\" \/>\n\t<meta name=\"twitter:label2\" content=\"Tiempo de lectura\" \/>\n\t<meta name=\"twitter:data2\" content=\"2 minutos\" \/>\n<script type=\"application\/ld+json\" class=\"yoast-schema-graph\">{\"@context\":\"https:\/\/schema.org\",\"@graph\":[{\"@type\":\"Article\",\"@id\":\"https:\/\/experienciadevida.com.ar\/portalurbano\/alberto-fernandez-y-el-dia-despues-de-la-pandemia-argentina-se-tiene-que-poner-inmediatamente-de-pie\/#article\",\"isPartOf\":{\"@id\":\"https:\/\/experienciadevida.com.ar\/portalurbano\/alberto-fernandez-y-el-dia-despues-de-la-pandemia-argentina-se-tiene-que-poner-inmediatamente-de-pie\/\"},\"author\":{\"name\":\"admpu17wp\",\"@id\":\"https:\/\/experienciadevida.com.ar\/portalurbano\/#\/schema\/person\/02dd326b1c4b056e9cc972486934a3a7\"},\"headline\":\"Alberto Fern\u00e1ndez y el d\u00eda despu\u00e9s de la pandemia: &#8220;Argentina se tiene que poner inmediatamente de pie&#8221;\",\"datePublished\":\"2020-07-07T17:40:00+00:00\",\"dateModified\":\"2020-07-07T17:40:20+00:00\",\"mainEntityOfPage\":{\"@id\":\"https:\/\/experienciadevida.com.ar\/portalurbano\/alberto-fernandez-y-el-dia-despues-de-la-pandemia-argentina-se-tiene-que-poner-inmediatamente-de-pie\/\"},\"wordCount\":330,\"publisher\":{\"@id\":\"https:\/\/experienciadevida.com.ar\/portalurbano\/#organization\"},\"articleSection\":[\"Naci\u00f3n\"],\"inLanguage\":\"es\"},{\"@type\":\"WebPage\",\"@id\":\"https:\/\/experienciadevida.com.ar\/portalurbano\/alberto-fernandez-y-el-dia-despues-de-la-pandemia-argentina-se-tiene-que-poner-inmediatamente-de-pie\/\",\"url\":\"https:\/\/experienciadevida.com.ar\/portalurbano\/alberto-fernandez-y-el-dia-despues-de-la-pandemia-argentina-se-tiene-que-poner-inmediatamente-de-pie\/\",\"name\":\"Alberto Fern\u00e1ndez y el d\u00eda despu\u00e9s de la pandemia: \\\"Argentina se tiene que poner inmediatamente de pie\\\" -\",\"isPartOf\":{\"@id\":\"https:\/\/experienciadevida.com.ar\/portalurbano\/#website\"},\"datePublished\":\"2020-07-07T17:40:00+00:00\",\"dateModified\":\"2020-07-07T17:40:20+00:00\",\"breadcrumb\":{\"@id\":\"https:\/\/experienciadevida.com.ar\/portalurbano\/alberto-fernandez-y-el-dia-despues-de-la-pandemia-argentina-se-tiene-que-poner-inmediatamente-de-pie\/#breadcrumb\"},\"inLanguage\":\"es\",\"potentialAction\":[{\"@type\":\"ReadAction\",\"target\":[\"https:\/\/experienciadevida.com.ar\/portalurbano\/alberto-fernandez-y-el-dia-despues-de-la-pandemia-argentina-se-tiene-que-poner-inmediatamente-de-pie\/\"]}]},{\"@type\":\"BreadcrumbList\",\"@id\":\"https:\/\/experienciadevida.com.ar\/portalurbano\/alberto-fernandez-y-el-dia-despues-de-la-pandemia-argentina-se-tiene-que-poner-inmediatamente-de-pie\/#breadcrumb\",\"itemListElement\":[{\"@type\":\"ListItem\",\"position\":1,\"name\":\"Portada\",\"item\":\"https:\/\/experienciadevida.com.ar\/portalurbano\/\"},{\"@type\":\"ListItem\",\"position\":2,\"name\":\"Alberto Fern\u00e1ndez y el d\u00eda despu\u00e9s de la pandemia: \u00abArgentina se tiene que poner inmediatamente de pie\u00bb\"}]},{\"@type\":\"WebSite\",\"@id\":\"https:\/\/experienciadevida.com.ar\/portalurbano\/#website\",\"url\":\"https:\/\/experienciadevida.com.ar\/portalurbano\/\",\"name\":\"\",\"description\":\"\",\"publisher\":{\"@id\":\"https:\/\/experienciadevida.com.ar\/portalurbano\/#organization\"},\"potentialAction\":[{\"@type\":\"SearchAction\",\"target\":{\"@type\":\"EntryPoint\",\"urlTemplate\":\"https:\/\/experienciadevida.com.ar\/portalurbano\/?s={search_term_string}\"},\"query-input\":\"required name=search_term_string\"}],\"inLanguage\":\"es\"},{\"@type\":\"Organization\",\"@id\":\"https:\/\/experienciadevida.com.ar\/portalurbano\/#organization\",\"name\":\"Portal Urbano\",\"url\":\"https:\/\/experienciadevida.com.ar\/portalurbano\/\",\"logo\":{\"@type\":\"ImageObject\",\"inLanguage\":\"es\",\"@id\":\"https:\/\/experienciadevida.com.ar\/portalurbano\/#\/schema\/logo\/image\/\",\"url\":\"https:\/\/experienciadevida.com.ar\/portalurbano\/wp-content\/uploads\/2019\/09\/Logo-Original.png\",\"contentUrl\":\"https:\/\/experienciadevida.com.ar\/portalurbano\/wp-content\/uploads\/2019\/09\/Logo-Original.png\",\"width\":2236,\"height\":1216,\"caption\":\"Portal Urbano\"},\"image\":{\"@id\":\"https:\/\/experienciadevida.com.ar\/portalurbano\/#\/schema\/logo\/image\/\"},\"sameAs\":[\"https:\/\/www.facebook.com\/Portal-Urbano-171542830093757\/\",\"https:\/\/twitter.com\/portalurbanook\",\"https:\/\/www.instagram.com\/_portalurbano\/\",\"https:\/\/www.youtube.com\/channel\/UCXhagIfszH8KxFiOok79zbA?view_as=subscriber\"]},{\"@type\":\"Person\",\"@id\":\"https:\/\/experienciadevida.com.ar\/portalurbano\/#\/schema\/person\/02dd326b1c4b056e9cc972486934a3a7\",\"name\":\"admpu17wp\",\"image\":{\"@type\":\"ImageObject\",\"inLanguage\":\"es\",\"@id\":\"https:\/\/experienciadevida.com.ar\/portalurbano\/#\/schema\/person\/image\/\",\"url\":\"https:\/\/secure.gravatar.com\/avatar\/830d4c57adaae6630765e449a6908047?s=96&d=mm&r=g\",\"contentUrl\":\"https:\/\/secure.gravatar.com\/avatar\/830d4c57adaae6630765e449a6908047?s=96&d=mm&r=g\",\"caption\":\"admpu17wp\"}}]}<\/script>\n<!-- \/ Yoast SEO plugin. -->","yoast_head_json":{"title":"Alberto Fern\u00e1ndez y el d\u00eda despu\u00e9s de la pandemia: \"Argentina se tiene que poner inmediatamente de pie\" -","robots":{"index":"index","follow":"follow","max-snippet":"max-snippet:-1","max-image-preview":"max-image-preview:large","max-video-preview":"max-video-preview:-1"},"canonical":"https:\/\/experienciadevida.com.ar\/portalurbano\/alberto-fernandez-y-el-dia-despues-de-la-pandemia-argentina-se-tiene-que-poner-inmediatamente-de-pie\/","og_locale":"es_ES","og_type":"article","og_title":"Alberto Fern\u00e1ndez y el d\u00eda despu\u00e9s de la pandemia: \"Argentina se tiene que poner inmediatamente de pie\" -","og_description":"El Presidente advirti\u00f3 que este &#8220;es el momento m\u00e1s intenso&#8221; de la situaci\u00f3n que vive...","og_url":"https:\/\/experienciadevida.com.ar\/portalurbano\/alberto-fernandez-y-el-dia-despues-de-la-pandemia-argentina-se-tiene-que-poner-inmediatamente-de-pie\/","article_publisher":"https:\/\/www.facebook.com\/Portal-Urbano-171542830093757\/","article_published_time":"2020-07-07T17:40:00+00:00","article_modified_time":"2020-07-07T17:40:20+00:00","og_image":[{"width":1140,"height":760,"url":"https:\/\/experienciadevida.com.ar\/portalurbano\/wp-content\/uploads\/2020\/07\/FERNANDEZ.jpg","type":"image\/jpeg"}],"author":"admpu17wp","twitter_card":"summary_large_image","twitter_creator":"@portalurbanook","twitter_site":"@portalurbanook","twitter_misc":{"Escrito por":"admpu17wp","Tiempo de lectura":"2 minutos"},"schema":{"@context":"https:\/\/schema.org","@graph":[{"@type":"Article","@id":"https:\/\/experienciadevida.com.ar\/portalurbano\/alberto-fernandez-y-el-dia-despues-de-la-pandemia-argentina-se-tiene-que-poner-inmediatamente-de-pie\/#article","isPartOf":{"@id":"https:\/\/experienciadevida.com.ar\/portalurbano\/alberto-fernandez-y-el-dia-despues-de-la-pandemia-argentina-se-tiene-que-poner-inmediatamente-de-pie\/"},"author":{"name":"admpu17wp","@id":"https:\/\/experienciadevida.com.ar\/portalurbano\/#\/schema\/person\/02dd326b1c4b056e9cc972486934a3a7"},"headline":"Alberto Fern\u00e1ndez y el d\u00eda despu\u00e9s de la pandemia: &#8220;Argentina se tiene que poner inmediatamente de pie&#8221;","datePublished":"2020-07-07T17:40:00+00:00","dateModified":"2020-07-07T17:40:20+00:00","mainEntityOfPage":{"@id":"https:\/\/experienciadevida.com.ar\/portalurbano\/alberto-fernandez-y-el-dia-despues-de-la-pandemia-argentina-se-tiene-que-poner-inmediatamente-de-pie\/"},"wordCount":330,"publisher":{"@id":"https:\/\/experienciadevida.com.ar\/portalurbano\/#organization"},"articleSection":["Naci\u00f3n"],"inLanguage":"es"},{"@type":"WebPage","@id":"https:\/\/experienciadevida.com.ar\/portalurbano\/alberto-fernandez-y-el-dia-despues-de-la-pandemia-argentina-se-tiene-que-poner-inmediatamente-de-pie\/","url":"https:\/\/experienciadevida.com.ar\/portalurbano\/alberto-fernandez-y-el-dia-despues-de-la-pandemia-argentina-se-tiene-que-poner-inmediatamente-de-pie\/","name":"Alberto Fern\u00e1ndez y el d\u00eda despu\u00e9s de la pandemia: \"Argentina se tiene que poner inmediatamente de pie\" -","isPartOf":{"@id":"https:\/\/experienciadevida.com.ar\/portalurbano\/#website"},"datePublished":"2020-07-07T17:40:00+00:00","dateModified":"2020-07-07T17:40:20+00:00","breadcrumb":{"@id":"https:\/\/experienciadevida.com.ar\/portalurbano\/alberto-fernandez-y-el-dia-despues-de-la-pandemia-argentina-se-tiene-que-poner-inmediatamente-de-pie\/#breadcrumb"},"inLanguage":"es","potentialAction":[{"@type":"ReadAction","target":["https:\/\/experienciadevida.com.ar\/portalurbano\/alberto-fernandez-y-el-dia-despues-de-la-pandemia-argentina-se-tiene-que-poner-inmediatamente-de-pie\/"]}]},{"@type":"BreadcrumbList","@id":"https:\/\/experienciadevida.com.ar\/portalurbano\/alberto-fernandez-y-el-dia-despues-de-la-pandemia-argentina-se-tiene-que-poner-inmediatamente-de-pie\/#breadcrumb","itemListElement":[{"@type":"ListItem","position":1,"name":"Portada","item":"https:\/\/experienciadevida.com.ar\/portalurbano\/"},{"@type":"ListItem","position":2,"name":"Alberto Fern\u00e1ndez y el d\u00eda despu\u00e9s de la pandemia: \u00abArgentina se tiene que poner inmediatamente de pie\u00bb"}]},{"@type":"WebSite","@id":"https:\/\/experienciadevida.com.ar\/portalurbano\/#website","url":"https:\/\/experienciadevida.com.ar\/portalurbano\/","name":"","description":"","publisher":{"@id":"https:\/\/experienciadevida.com.ar\/portalurbano\/#organization"},"potentialAction":[{"@type":"SearchAction","target":{"@type":"EntryPoint","urlTemplate":"https:\/\/experienciadevida.com.ar\/portalurbano\/?s={search_term_string}"},"query-input":"required name=search_term_string"}],"inLanguage":"es"},{"@type":"Organization","@id":"https:\/\/experienciadevida.com.ar\/portalurbano\/#organization","name":"Portal Urbano","url":"https:\/\/experienciadevida.com.ar\/portalurbano\/","logo":{"@type":"ImageObject","inLanguage":"es","@id":"https:\/\/experienciadevida.com.ar\/portalurbano\/#\/schema\/logo\/image\/","url":"https:\/\/experienciadevida.com.ar\/portalurbano\/wp-content\/uploads\/2019\/09\/Logo-Original.png","contentUrl":"https:\/\/experienciadevida.com.ar\/portalurbano\/wp-content\/uploads\/2019\/09\/Logo-Original.png","width":2236,"height":1216,"caption":"Portal Urbano"},"image":{"@id":"https:\/\/experienciadevida.com.ar\/portalurbano\/#\/schema\/logo\/image\/"},"sameAs":["https:\/\/www.facebook.com\/Portal-Urbano-171542830093757\/","https:\/\/twitter.com\/portalurbanook","https:\/\/www.instagram.com\/_portalurbano\/","https:\/\/www.youtube.com\/channel\/UCXhagIfszH8KxFiOok79zbA?view_as=subscriber"]},{"@type":"Person","@id":"https:\/\/experienciadevida.com.ar\/portalurbano\/#\/schema\/person\/02dd326b1c4b056e9cc972486934a3a7","name":"admpu17wp","image":{"@type":"ImageObject","inLanguage":"es","@id":"https:\/\/experienciadevida.com.ar\/portalurbano\/#\/schema\/person\/image\/","url":"https:\/\/secure.gravatar.com\/avatar\/830d4c57adaae6630765e449a6908047?s=96&d=mm&r=g","contentUrl":"https:\/\/secure.gravatar.com\/avatar\/830d4c57adaae6630765e449a6908047?s=96&d=mm&r=g","caption":"admpu17wp"}}]}},"featured_image_urls":{"full":["https:\/\/experienciadevida.com.ar\/portalurbano\/wp-content\/uploads\/2020\/07\/FERNANDEZ.jpg",1140,760,false],"thumbnail":["https:\/\/experienciadevida.com.ar\/portalurbano\/wp-content\/uploads\/2020\/07\/FERNANDEZ-150x150.jpg",150,150,true],"medium":["https:\/\/experienciadevida.com.ar\/portalurbano\/wp-content\/uploads\/2020\/07\/FERNANDEZ-300x200.jpg",300,200,true],"medium_large":["https:\/\/experienciadevida.com.ar\/portalurbano\/wp-content\/uploads\/2020\/07\/FERNANDEZ-768x512.jpg",640,427,true],"large":["https:\/\/experienciadevida.com.ar\/portalurbano\/wp-content\/uploads\/2020\/07\/FERNANDEZ-1024x683.jpg",640,427,true],"ug_big":["https:\/\/experienciadevida.com.ar\/portalurbano\/wp-content\/uploads\/2020\/07\/FERNANDEZ-768x512.jpg",768,512,true],"1536x1536":["https:\/\/experienciadevida.com.ar\/portalurbano\/wp-content\/uploads\/2020\/07\/FERNANDEZ.jpg",1140,760,false],"2048x2048":["https:\/\/experienciadevida.com.ar\/portalurbano\/wp-content\/uploads\/2020\/07\/FERNANDEZ.jpg",1140,760,false],"newsever-slider-full":["https:\/\/experienciadevida.com.ar\/portalurbano\/wp-content\/uploads\/2020\/07\/FERNANDEZ.jpg",1140,760,false],"newsever-featured":["https:\/\/experienciadevida.com.ar\/portalurbano\/wp-content\/uploads\/2020\/07\/FERNANDEZ.jpg",1024,683,false],"newsever-medium":["https:\/\/experienciadevida.com.ar\/portalurbano\/wp-content\/uploads\/2020\/07\/FERNANDEZ.jpg",713,475,false],"web-stories-poster-portrait":["https:\/\/experienciadevida.com.ar\/portalurbano\/wp-content\/uploads\/2020\/07\/FERNANDEZ.jpg",640,427,false],"web-stories-publisher-logo":["https:\/\/experienciadevida.com.ar\/portalurbano\/wp-content\/uploads\/2020\/07\/FERNANDEZ.jpg",96,64,false],"web-stories-thumbnail":["https:\/\/experienciadevida.com.ar\/portalurbano\/wp-content\/uploads\/2020\/07\/FERNANDEZ.jpg",150,100,false]},"author_info":{"display_name":"admpu17wp","author_link":"https:\/\/experienciadevida.com.ar\/portalurbano\/author\/admpu17wp\/"},"category_info":"<a href=\"https:\/\/experienciadevida.com.ar\/portalurbano\/category\/nacion\/\" rel=\"category tag\">Naci\u00f3n<\/a>","tag_info":"Naci\u00f3n","comment_count":"0","amp_enabled":true,"_links":{"self":[{"href":"https:\/\/experienciadevida.com.ar\/portalurbano\/wp-json\/wp\/v2\/posts\/114192"}],"collection":[{"href":"https:\/\/experienciadevida.com.ar\/portalurbano\/wp-json\/wp\/v2\/posts"}],"about":[{"href":"https:\/\/experienciadevida.com.ar\/portalurbano\/wp-json\/wp\/v2\/types\/post"}],"author":[{"embeddable":true,"href":"https:\/\/experienciadevida.com.ar\/portalurbano\/wp-json\/wp\/v2\/users\/1"}],"replies":[{"embeddable":true,"href":"https:\/\/experienciadevida.com.ar\/portalurbano\/wp-json\/wp\/v2\/comments?post=114192"}],"version-history":[{"count":1,"href":"https:\/\/experienciadevida.com.ar\/portalurbano\/wp-json\/wp\/v2\/posts\/114192\/revisions"}],"predecessor-version":[{"id":114194,"href":"https:\/\/experienciadevida.com.ar\/portalurbano\/wp-json\/wp\/v2\/posts\/114192\/revisions\/114194"}],"wp:featuredmedia":[{"embeddable":true,"href":"https:\/\/experienciadevida.com.ar\/portalurbano\/wp-json\/wp\/v2\/media\/114193"}],"wp:attachment":[{"href":"https:\/\/experienciadevida.com.ar\/portalurbano\/wp-json\/wp\/v2\/media?parent=114192"}],"wp:term":[{"taxonomy":"category","embeddable":true,"href":"https:\/\/experienciadevida.com.ar\/portalurbano\/wp-json\/wp\/v2\/categories?post=114192"},{"taxonomy":"post_tag","embeddable":true,"href":"https:\/\/experienciadevida.com.ar\/portalurbano\/wp-json\/wp\/v2\/tags?post=114192"}],"curies":[{"name":"wp","href":"https:\/\/api.w.org\/{rel}","templated":true}]}}