{"id":114154,"date":"2020-07-07T10:44:53","date_gmt":"2020-07-07T13:44:53","guid":{"rendered":"https:\/\/experienciadevida.com.ar\/portalurbano\/?p=114154"},"modified":"2020-07-07T10:45:18","modified_gmt":"2020-07-07T13:45:18","slug":"ife-como-continua-el-cobro-de-los-bonos-en-lo-que-resta-de-la-semana-con-feriados","status":"publish","type":"post","link":"https:\/\/experienciadevida.com.ar\/portalurbano\/ife-como-continua-el-cobro-de-los-bonos-en-lo-que-resta-de-la-semana-con-feriados\/","title":{"rendered":"IFE: c\u00f3mo contin\u00faa el cobro de los bonos en lo que resta de la semana con feriados"},"content":{"rendered":"<p>Hoy se acredita a los que tienen DNI terminado en 3. Y el pago de los $ 10.000 continuar\u00e1 ma\u00f1ana con beneficiarios con DNI terminados en 4. \u00bfQu\u00e9 pasar\u00e1 el jueves 9 y viernes 10?<\/p>\n<p>El Ingreso Familiar de Emergencia (IFE) se pagar\u00e1 hoy a los beneficiarios y beneficiarias con terminaci\u00f3n de Documento Nacional de Identidad (DNI) en 3 y que en las \u00faltimas semanas hayan informado una cuenta bancaria propia para que se le pueda depositar el dinero.<\/p>\n<p>As\u00ed lo indic\u00f3 la Administraci\u00f3n Nacional de la Seguridad Social (Anses), que precis\u00f3 que el pago de los $ 10.000 continuar\u00e1 ma\u00f1ana con beneficiarios con DNI terminados en 4.<\/p>\n<p>La Anses defini\u00f3 no pagar prestaciones los feriados del 9 y 10 de julio, con el objetivo de no saturar el servicio de cajeros autom\u00e1ticos, de acuerdo a las medidas de higiene y distanciamiento vigentes por la pandemia.<\/p>\n<p>Aclar\u00f3 que \u201cel dinero depositado en d\u00edas previos se mantendr\u00e1 en la cuenta de cada uno de los beneficiarios\u201d.<\/p>\n<p>Tras el feriado puente, los pagos ser\u00e1n retomados el lunes 13 de julio para los DNI finalizados en 5; el martes 14, en 6; el mi\u00e9rcoles 15, en 7; el jueves 16, en 8; y el viernes 17, en 9.<\/p>\n<p>Hace ya tres semanas que la Anses puso en funcionamiento en su p\u00e1gina web (www.anses.gob.ar\/ife), el aplicativo para canalizar los pagos a trav\u00e9s del sistema bancario, con el fin de que el proceso sea &#8220;m\u00e1s r\u00e1pido y seguro&#8221;, por lo que seguir\u00e1 habilitado a la espera que m\u00e1s personas completen el procedimiento en los pr\u00f3ximos d\u00edas.<\/p>\n<p>En el caso de no tener una cuenta bancaria, los beneficiarios podr\u00e1n solicitarla en forma gratuita en cualquier entidad, tanto a trav\u00e9s de aplicaciones digitales como en forma personal, pidiendo un turno previamente, como est\u00e1 establecido por la cuarentena que rige por la pandemia de coronavirus.<\/p>\n","protected":false},"excerpt":{"rendered":"<p>Hoy se acredita a los que tienen DNI terminado en 3. Y el pago de&#8230;<\/p>\n","protected":false},"author":1,"featured_media":111020,"comment_status":"closed","ping_status":"closed","sticky":false,"template":"","format":"standard","meta":{"content-type":""},"categories":[39],"tags":[],"nelio_content":{"isAutoShareEnabled":false,"autoShareEndMode":"default","automationSources":{"useContentSentences":true,"useSocialTemplates":true,"useCustomSentences":false,"customSentences":[]},"followers":[1],"suggestedReferences":[],"includedReferences":[],"efiUrl":"","efiAlt":"","highlights":[]},"yoast_head":"<!-- This site is optimized with the Yoast SEO plugin v20.7 - https:\/\/yoast.com\/wordpress\/plugins\/seo\/ -->\n<title>IFE: c\u00f3mo contin\u00faa el cobro de los bonos en lo que resta de la semana con feriados -<\/title>\n<meta name=\"robots\" content=\"index, follow, max-snippet:-1, max-image-preview:large, max-video-preview:-1\" \/>\n<link rel=\"canonical\" href=\"https:\/\/experienciadevida.com.ar\/portalurbano\/ife-como-continua-el-cobro-de-los-bonos-en-lo-que-resta-de-la-semana-con-feriados\/\" \/>\n<meta property=\"og:locale\" content=\"es_ES\" \/>\n<meta property=\"og:type\" content=\"article\" \/>\n<meta property=\"og:title\" content=\"IFE: c\u00f3mo contin\u00faa el cobro de los bonos en lo que resta de la semana con feriados -\" \/>\n<meta property=\"og:description\" content=\"Hoy se acredita a los que tienen DNI terminado en 3. Y el pago de...\" \/>\n<meta property=\"og:url\" content=\"https:\/\/experienciadevida.com.ar\/portalurbano\/ife-como-continua-el-cobro-de-los-bonos-en-lo-que-resta-de-la-semana-con-feriados\/\" \/>\n<meta property=\"article:publisher\" content=\"https:\/\/www.facebook.com\/Portal-Urbano-171542830093757\/\" \/>\n<meta property=\"article:published_time\" content=\"2020-07-07T13:44:53+00:00\" \/>\n<meta property=\"article:modified_time\" content=\"2020-07-07T13:45:18+00:00\" \/>\n<meta property=\"og:image\" content=\"https:\/\/experienciadevida.com.ar\/portalurbano\/wp-content\/uploads\/2020\/06\/IFE-e1593436631395.png\" \/>\n\t<meta property=\"og:image:width\" content=\"800\" \/>\n\t<meta property=\"og:image:height\" content=\"428\" \/>\n\t<meta property=\"og:image:type\" content=\"image\/png\" \/>\n<meta name=\"author\" content=\"admpu17wp\" \/>\n<meta name=\"twitter:card\" content=\"summary_large_image\" \/>\n<meta name=\"twitter:creator\" content=\"@portalurbanook\" \/>\n<meta name=\"twitter:site\" content=\"@portalurbanook\" \/>\n<meta name=\"twitter:label1\" content=\"Escrito por\" \/>\n\t<meta name=\"twitter:data1\" content=\"admpu17wp\" \/>\n\t<meta name=\"twitter:label2\" content=\"Tiempo de lectura\" \/>\n\t<meta name=\"twitter:data2\" content=\"2 minutos\" \/>\n<script type=\"application\/ld+json\" class=\"yoast-schema-graph\">{\"@context\":\"https:\/\/schema.org\",\"@graph\":[{\"@type\":\"Article\",\"@id\":\"https:\/\/experienciadevida.com.ar\/portalurbano\/ife-como-continua-el-cobro-de-los-bonos-en-lo-que-resta-de-la-semana-con-feriados\/#article\",\"isPartOf\":{\"@id\":\"https:\/\/experienciadevida.com.ar\/portalurbano\/ife-como-continua-el-cobro-de-los-bonos-en-lo-que-resta-de-la-semana-con-feriados\/\"},\"author\":{\"name\":\"admpu17wp\",\"@id\":\"https:\/\/experienciadevida.com.ar\/portalurbano\/#\/schema\/person\/02dd326b1c4b056e9cc972486934a3a7\"},\"headline\":\"IFE: c\u00f3mo contin\u00faa el cobro de los bonos en lo que resta de la semana con feriados\",\"datePublished\":\"2020-07-07T13:44:53+00:00\",\"dateModified\":\"2020-07-07T13:45:18+00:00\",\"mainEntityOfPage\":{\"@id\":\"https:\/\/experienciadevida.com.ar\/portalurbano\/ife-como-continua-el-cobro-de-los-bonos-en-lo-que-resta-de-la-semana-con-feriados\/\"},\"wordCount\":325,\"publisher\":{\"@id\":\"https:\/\/experienciadevida.com.ar\/portalurbano\/#organization\"},\"articleSection\":[\"Naci\u00f3n\"],\"inLanguage\":\"es\"},{\"@type\":\"WebPage\",\"@id\":\"https:\/\/experienciadevida.com.ar\/portalurbano\/ife-como-continua-el-cobro-de-los-bonos-en-lo-que-resta-de-la-semana-con-feriados\/\",\"url\":\"https:\/\/experienciadevida.com.ar\/portalurbano\/ife-como-continua-el-cobro-de-los-bonos-en-lo-que-resta-de-la-semana-con-feriados\/\",\"name\":\"IFE: c\u00f3mo contin\u00faa el cobro de los bonos en lo que resta de la semana con feriados -\",\"isPartOf\":{\"@id\":\"https:\/\/experienciadevida.com.ar\/portalurbano\/#website\"},\"datePublished\":\"2020-07-07T13:44:53+00:00\",\"dateModified\":\"2020-07-07T13:45:18+00:00\",\"breadcrumb\":{\"@id\":\"https:\/\/experienciadevida.com.ar\/portalurbano\/ife-como-continua-el-cobro-de-los-bonos-en-lo-que-resta-de-la-semana-con-feriados\/#breadcrumb\"},\"inLanguage\":\"es\",\"potentialAction\":[{\"@type\":\"ReadAction\",\"target\":[\"https:\/\/experienciadevida.com.ar\/portalurbano\/ife-como-continua-el-cobro-de-los-bonos-en-lo-que-resta-de-la-semana-con-feriados\/\"]}]},{\"@type\":\"BreadcrumbList\",\"@id\":\"https:\/\/experienciadevida.com.ar\/portalurbano\/ife-como-continua-el-cobro-de-los-bonos-en-lo-que-resta-de-la-semana-con-feriados\/#breadcrumb\",\"itemListElement\":[{\"@type\":\"ListItem\",\"position\":1,\"name\":\"Portada\",\"item\":\"https:\/\/experienciadevida.com.ar\/portalurbano\/\"},{\"@type\":\"ListItem\",\"position\":2,\"name\":\"IFE: c\u00f3mo contin\u00faa el cobro de los bonos en lo que resta de la semana con feriados\"}]},{\"@type\":\"WebSite\",\"@id\":\"https:\/\/experienciadevida.com.ar\/portalurbano\/#website\",\"url\":\"https:\/\/experienciadevida.com.ar\/portalurbano\/\",\"name\":\"\",\"description\":\"\",\"publisher\":{\"@id\":\"https:\/\/experienciadevida.com.ar\/portalurbano\/#organization\"},\"potentialAction\":[{\"@type\":\"SearchAction\",\"target\":{\"@type\":\"EntryPoint\",\"urlTemplate\":\"https:\/\/experienciadevida.com.ar\/portalurbano\/?s={search_term_string}\"},\"query-input\":\"required name=search_term_string\"}],\"inLanguage\":\"es\"},{\"@type\":\"Organization\",\"@id\":\"https:\/\/experienciadevida.com.ar\/portalurbano\/#organization\",\"name\":\"Portal Urbano\",\"url\":\"https:\/\/experienciadevida.com.ar\/portalurbano\/\",\"logo\":{\"@type\":\"ImageObject\",\"inLanguage\":\"es\",\"@id\":\"https:\/\/experienciadevida.com.ar\/portalurbano\/#\/schema\/logo\/image\/\",\"url\":\"https:\/\/experienciadevida.com.ar\/portalurbano\/wp-content\/uploads\/2019\/09\/Logo-Original.png\",\"contentUrl\":\"https:\/\/experienciadevida.com.ar\/portalurbano\/wp-content\/uploads\/2019\/09\/Logo-Original.png\",\"width\":2236,\"height\":1216,\"caption\":\"Portal Urbano\"},\"image\":{\"@id\":\"https:\/\/experienciadevida.com.ar\/portalurbano\/#\/schema\/logo\/image\/\"},\"sameAs\":[\"https:\/\/www.facebook.com\/Portal-Urbano-171542830093757\/\",\"https:\/\/twitter.com\/portalurbanook\",\"https:\/\/www.instagram.com\/_portalurbano\/\",\"https:\/\/www.youtube.com\/channel\/UCXhagIfszH8KxFiOok79zbA?view_as=subscriber\"]},{\"@type\":\"Person\",\"@id\":\"https:\/\/experienciadevida.com.ar\/portalurbano\/#\/schema\/person\/02dd326b1c4b056e9cc972486934a3a7\",\"name\":\"admpu17wp\",\"image\":{\"@type\":\"ImageObject\",\"inLanguage\":\"es\",\"@id\":\"https:\/\/experienciadevida.com.ar\/portalurbano\/#\/schema\/person\/image\/\",\"url\":\"https:\/\/secure.gravatar.com\/avatar\/830d4c57adaae6630765e449a6908047?s=96&d=mm&r=g\",\"contentUrl\":\"https:\/\/secure.gravatar.com\/avatar\/830d4c57adaae6630765e449a6908047?s=96&d=mm&r=g\",\"caption\":\"admpu17wp\"}}]}<\/script>\n<!-- \/ Yoast SEO plugin. -->","yoast_head_json":{"title":"IFE: c\u00f3mo contin\u00faa el cobro de los bonos en lo que resta de la semana con feriados -","robots":{"index":"index","follow":"follow","max-snippet":"max-snippet:-1","max-image-preview":"max-image-preview:large","max-video-preview":"max-video-preview:-1"},"canonical":"https:\/\/experienciadevida.com.ar\/portalurbano\/ife-como-continua-el-cobro-de-los-bonos-en-lo-que-resta-de-la-semana-con-feriados\/","og_locale":"es_ES","og_type":"article","og_title":"IFE: c\u00f3mo contin\u00faa el cobro de los bonos en lo que resta de la semana con feriados -","og_description":"Hoy se acredita a los que tienen DNI terminado en 3. Y el pago de...","og_url":"https:\/\/experienciadevida.com.ar\/portalurbano\/ife-como-continua-el-cobro-de-los-bonos-en-lo-que-resta-de-la-semana-con-feriados\/","article_publisher":"https:\/\/www.facebook.com\/Portal-Urbano-171542830093757\/","article_published_time":"2020-07-07T13:44:53+00:00","article_modified_time":"2020-07-07T13:45:18+00:00","og_image":[{"width":800,"height":428,"url":"https:\/\/experienciadevida.com.ar\/portalurbano\/wp-content\/uploads\/2020\/06\/IFE-e1593436631395.png","type":"image\/png"}],"author":"admpu17wp","twitter_card":"summary_large_image","twitter_creator":"@portalurbanook","twitter_site":"@portalurbanook","twitter_misc":{"Escrito por":"admpu17wp","Tiempo de lectura":"2 minutos"},"schema":{"@context":"https:\/\/schema.org","@graph":[{"@type":"Article","@id":"https:\/\/experienciadevida.com.ar\/portalurbano\/ife-como-continua-el-cobro-de-los-bonos-en-lo-que-resta-de-la-semana-con-feriados\/#article","isPartOf":{"@id":"https:\/\/experienciadevida.com.ar\/portalurbano\/ife-como-continua-el-cobro-de-los-bonos-en-lo-que-resta-de-la-semana-con-feriados\/"},"author":{"name":"admpu17wp","@id":"https:\/\/experienciadevida.com.ar\/portalurbano\/#\/schema\/person\/02dd326b1c4b056e9cc972486934a3a7"},"headline":"IFE: c\u00f3mo contin\u00faa el cobro de los bonos en lo que resta de la semana con feriados","datePublished":"2020-07-07T13:44:53+00:00","dateModified":"2020-07-07T13:45:18+00:00","mainEntityOfPage":{"@id":"https:\/\/experienciadevida.com.ar\/portalurbano\/ife-como-continua-el-cobro-de-los-bonos-en-lo-que-resta-de-la-semana-con-feriados\/"},"wordCount":325,"publisher":{"@id":"https:\/\/experienciadevida.com.ar\/portalurbano\/#organization"},"articleSection":["Naci\u00f3n"],"inLanguage":"es"},{"@type":"WebPage","@id":"https:\/\/experienciadevida.com.ar\/portalurbano\/ife-como-continua-el-cobro-de-los-bonos-en-lo-que-resta-de-la-semana-con-feriados\/","url":"https:\/\/experienciadevida.com.ar\/portalurbano\/ife-como-continua-el-cobro-de-los-bonos-en-lo-que-resta-de-la-semana-con-feriados\/","name":"IFE: c\u00f3mo contin\u00faa el cobro de los bonos en lo que resta de la semana con feriados -","isPartOf":{"@id":"https:\/\/experienciadevida.com.ar\/portalurbano\/#website"},"datePublished":"2020-07-07T13:44:53+00:00","dateModified":"2020-07-07T13:45:18+00:00","breadcrumb":{"@id":"https:\/\/experienciadevida.com.ar\/portalurbano\/ife-como-continua-el-cobro-de-los-bonos-en-lo-que-resta-de-la-semana-con-feriados\/#breadcrumb"},"inLanguage":"es","potentialAction":[{"@type":"ReadAction","target":["https:\/\/experienciadevida.com.ar\/portalurbano\/ife-como-continua-el-cobro-de-los-bonos-en-lo-que-resta-de-la-semana-con-feriados\/"]}]},{"@type":"BreadcrumbList","@id":"https:\/\/experienciadevida.com.ar\/portalurbano\/ife-como-continua-el-cobro-de-los-bonos-en-lo-que-resta-de-la-semana-con-feriados\/#breadcrumb","itemListElement":[{"@type":"ListItem","position":1,"name":"Portada","item":"https:\/\/experienciadevida.com.ar\/portalurbano\/"},{"@type":"ListItem","position":2,"name":"IFE: c\u00f3mo contin\u00faa el cobro de los bonos en lo que resta de la semana con feriados"}]},{"@type":"WebSite","@id":"https:\/\/experienciadevida.com.ar\/portalurbano\/#website","url":"https:\/\/experienciadevida.com.ar\/portalurbano\/","name":"","description":"","publisher":{"@id":"https:\/\/experienciadevida.com.ar\/portalurbano\/#organization"},"potentialAction":[{"@type":"SearchAction","target":{"@type":"EntryPoint","urlTemplate":"https:\/\/experienciadevida.com.ar\/portalurbano\/?s={search_term_string}"},"query-input":"required name=search_term_string"}],"inLanguage":"es"},{"@type":"Organization","@id":"https:\/\/experienciadevida.com.ar\/portalurbano\/#organization","name":"Portal Urbano","url":"https:\/\/experienciadevida.com.ar\/portalurbano\/","logo":{"@type":"ImageObject","inLanguage":"es","@id":"https:\/\/experienciadevida.com.ar\/portalurbano\/#\/schema\/logo\/image\/","url":"https:\/\/experienciadevida.com.ar\/portalurbano\/wp-content\/uploads\/2019\/09\/Logo-Original.png","contentUrl":"https:\/\/experienciadevida.com.ar\/portalurbano\/wp-content\/uploads\/2019\/09\/Logo-Original.png","width":2236,"height":1216,"caption":"Portal Urbano"},"image":{"@id":"https:\/\/experienciadevida.com.ar\/portalurbano\/#\/schema\/logo\/image\/"},"sameAs":["https:\/\/www.facebook.com\/Portal-Urbano-171542830093757\/","https:\/\/twitter.com\/portalurbanook","https:\/\/www.instagram.com\/_portalurbano\/","https:\/\/www.youtube.com\/channel\/UCXhagIfszH8KxFiOok79zbA?view_as=subscriber"]},{"@type":"Person","@id":"https:\/\/experienciadevida.com.ar\/portalurbano\/#\/schema\/person\/02dd326b1c4b056e9cc972486934a3a7","name":"admpu17wp","image":{"@type":"ImageObject","inLanguage":"es","@id":"https:\/\/experienciadevida.com.ar\/portalurbano\/#\/schema\/person\/image\/","url":"https:\/\/secure.gravatar.com\/avatar\/830d4c57adaae6630765e449a6908047?s=96&d=mm&r=g","contentUrl":"https:\/\/secure.gravatar.com\/avatar\/830d4c57adaae6630765e449a6908047?s=96&d=mm&r=g","caption":"admpu17wp"}}]}},"featured_image_urls":{"full":["https:\/\/experienciadevida.com.ar\/portalurbano\/wp-content\/uploads\/2020\/06\/IFE-e1593436631395.png",800,428,false],"thumbnail":["https:\/\/experienciadevida.com.ar\/portalurbano\/wp-content\/uploads\/2020\/06\/IFE-150x150.png",150,150,true],"medium":["https:\/\/experienciadevida.com.ar\/portalurbano\/wp-content\/uploads\/2020\/06\/IFE-300x160.png",300,160,true],"medium_large":["https:\/\/experienciadevida.com.ar\/portalurbano\/wp-content\/uploads\/2020\/06\/IFE-768x410.png",640,342,true],"large":["https:\/\/experienciadevida.com.ar\/portalurbano\/wp-content\/uploads\/2020\/06\/IFE-e1593436631395.png",640,342,false],"ug_big":["https:\/\/experienciadevida.com.ar\/portalurbano\/wp-content\/uploads\/2020\/06\/IFE-768x410.png",768,410,true],"1536x1536":["https:\/\/experienciadevida.com.ar\/portalurbano\/wp-content\/uploads\/2020\/06\/IFE-e1593436631395.png",800,428,false],"2048x2048":["https:\/\/experienciadevida.com.ar\/portalurbano\/wp-content\/uploads\/2020\/06\/IFE-e1593436631395.png",800,428,false],"newsever-slider-full":["https:\/\/experienciadevida.com.ar\/portalurbano\/wp-content\/uploads\/2020\/06\/IFE-e1593436631395.png",800,428,false],"newsever-featured":["https:\/\/experienciadevida.com.ar\/portalurbano\/wp-content\/uploads\/2020\/06\/IFE-e1593436631395.png",800,428,false],"newsever-medium":["https:\/\/experienciadevida.com.ar\/portalurbano\/wp-content\/uploads\/2020\/06\/IFE-e1593436631395.png",720,385,false],"web-stories-poster-portrait":["https:\/\/experienciadevida.com.ar\/portalurbano\/wp-content\/uploads\/2020\/06\/IFE-e1593436631395.png",640,342,false],"web-stories-publisher-logo":["https:\/\/experienciadevida.com.ar\/portalurbano\/wp-content\/uploads\/2020\/06\/IFE-e1593436631395.png",96,51,false],"web-stories-thumbnail":["https:\/\/experienciadevida.com.ar\/portalurbano\/wp-content\/uploads\/2020\/06\/IFE-e1593436631395.png",150,80,false]},"author_info":{"display_name":"admpu17wp","author_link":"https:\/\/experienciadevida.com.ar\/portalurbano\/author\/admpu17wp\/"},"category_info":"<a href=\"https:\/\/experienciadevida.com.ar\/portalurbano\/category\/nacion\/\" rel=\"category tag\">Naci\u00f3n<\/a>","tag_info":"Naci\u00f3n","comment_count":"0","amp_enabled":true,"_links":{"self":[{"href":"https:\/\/experienciadevida.com.ar\/portalurbano\/wp-json\/wp\/v2\/posts\/114154"}],"collection":[{"href":"https:\/\/experienciadevida.com.ar\/portalurbano\/wp-json\/wp\/v2\/posts"}],"about":[{"href":"https:\/\/experienciadevida.com.ar\/portalurbano\/wp-json\/wp\/v2\/types\/post"}],"author":[{"embeddable":true,"href":"https:\/\/experienciadevida.com.ar\/portalurbano\/wp-json\/wp\/v2\/users\/1"}],"replies":[{"embeddable":true,"href":"https:\/\/experienciadevida.com.ar\/portalurbano\/wp-json\/wp\/v2\/comments?post=114154"}],"version-history":[{"count":1,"href":"https:\/\/experienciadevida.com.ar\/portalurbano\/wp-json\/wp\/v2\/posts\/114154\/revisions"}],"predecessor-version":[{"id":114155,"href":"https:\/\/experienciadevida.com.ar\/portalurbano\/wp-json\/wp\/v2\/posts\/114154\/revisions\/114155"}],"wp:featuredmedia":[{"embeddable":true,"href":"https:\/\/experienciadevida.com.ar\/portalurbano\/wp-json\/wp\/v2\/media\/111020"}],"wp:attachment":[{"href":"https:\/\/experienciadevida.com.ar\/portalurbano\/wp-json\/wp\/v2\/media?parent=114154"}],"wp:term":[{"taxonomy":"category","embeddable":true,"href":"https:\/\/experienciadevida.com.ar\/portalurbano\/wp-json\/wp\/v2\/categories?post=114154"},{"taxonomy":"post_tag","embeddable":true,"href":"https:\/\/experienciadevida.com.ar\/portalurbano\/wp-json\/wp\/v2\/tags?post=114154"}],"curies":[{"name":"wp","href":"https:\/\/api.w.org\/{rel}","templated":true}]}}