{"id":114131,"date":"2020-07-07T09:41:38","date_gmt":"2020-07-07T12:41:38","guid":{"rendered":"https:\/\/experienciadevida.com.ar\/portalurbano\/?p=114131"},"modified":"2020-07-07T09:42:00","modified_gmt":"2020-07-07T12:42:00","slug":"tasa-de-seguridad-e-higiene-comerciantes-elevaron-un-pedido-al-hcd-y-piden-que-se-extienda","status":"publish","type":"post","link":"https:\/\/experienciadevida.com.ar\/portalurbano\/tasa-de-seguridad-e-higiene-comerciantes-elevaron-un-pedido-al-hcd-y-piden-que-se-extienda\/","title":{"rendered":"Tasa de seguridad e Higiene: comerciantes elevaron un pedido al HCD"},"content":{"rendered":"<p>La Agrupaci\u00f3n Comerciantes Unidos, elev\u00f3 una nota al Concejo Deliberante, con una propuesta concreta sobre los impuestos Municipales, con el fin de solicitar una revisi\u00f3n en relaci\u00f3n a la finalizaci\u00f3n del beneficio del 50% en lo que concierne a la tasa de seguridad e higiene, en el marco del aislamiento obligatorio, preventivo y social.<\/p>\n<p>La ordenanza 4510\/20 en su art\u00edculo n\u00b010, indica que la extensi\u00f3n corresponder\u00eda a los per\u00edodos de enero 2020, sin embargo, ante la situaci\u00f3n de p\u00fablico conocimiento, consideran de extrema importancia la extensi\u00f3n del mismo.<\/p>\n<p>La realidad que viven los comerciantes, no es excluyente a otros sectores productivos, y al mismo Municipio en s\u00ed, por lo que realizaron una propuesta concreta, la misma menciona que aquellas grandes superficies y cadenas de distribuci\u00f3n pudieron comercializar normalmente todos los productos, incluso los considerados no esenciales en el Decreto Presidencial 297\/2020, proponen que hagan un aporte solidario a la ciudad.<\/p>\n<p>Entienden que actualemente, su al\u00edcuota es del 10 por mil, por eso, creen que aumentando la misma durante el per\u00edodo en el que se ampl\u00ede el beneficio al resto de actividades productivas y comerciales, pueda compensar la p\u00e9rdida de recaudaci\u00f3n que seguramente tendr\u00e1 el Municipio. Del mismo modo, puede plantearse \u00e9sta contribuci\u00f3n solidaria para entidades bancarias y financieras.<\/p>\n<p>Dado que algunas actividades econ\u00f3micas pudieron trabajar durante un breve per\u00edodo, por ejemplo los Comercios Minoristas, plantean la necesidad apremiante de suspender cualquier aumento. Por lo que, piden la extensi\u00f3n del beneficio del 50% de la Tasa de Seguridad e Higiene durante 6 meses a partir del 01\/07\/2020, como tambi\u00e9n, la confecci\u00f3n de planes de moratorias especiales con intereses al 0%, la suspensi\u00f3n de la exigencia de libre deuda para los tr\u00e1mites de habilitaci\u00f3n municipal y la ampliaci\u00f3n de la exenci\u00f3n a aquellos contribuyentes de la categor\u00eda general cuyos ingresos anuales durante el Ejercicio 2019 no hayan superado los $50.000.000 (cincuenta millones de pesos) ya que, debido al contexto inflacionario, el importe de $25.000.000 que se indicaba en la Ordenanza 4510\/20 no refleja la realidad de aquellas empresas que tal vez el a\u00f1o pasado tuvieron ingresos significativos pero que hoy no han podido recaudar lo necesario para afrontar sus costos fijos y variables.<\/p>\n<p>Por \u00faltimo, viendo que la situaci\u00f3n sanitaria impide a\u00fan hoy el el retome laboral de una gran porci\u00f3n de la comunidad como Peloteros, Gimnasios, Agencias de Turismo, para nombrar s\u00f3lo algunas,\u00a0 creen que es fundamental que sean excusados del pago de la tasa de seguridad e higiene hasta el 31 de diciembre de 2020, supli\u00e9ndose con el aporte solidario mencionado anteriormente.<\/p>\n<p>Reiteran la predisposici\u00f3n a cualquier reuni\u00f3n que quieran llevar adelante con el fin de conocer m\u00e1s sobre\u00a0 sus propuestas y trabajar en conjunto para reactivar la econom\u00eda de nuestra ciudad.<\/p>\n","protected":false},"excerpt":{"rendered":"<p>La Agrupaci\u00f3n Comerciantes Unidos, elev\u00f3 una nota al Concejo Deliberante, con una propuesta concreta sobre&#8230;<\/p>\n","protected":false},"author":1,"featured_media":113889,"comment_status":"closed","ping_status":"closed","sticky":false,"template":"","format":"standard","meta":{"content-type":""},"categories":[51,43],"tags":[],"nelio_content":{"isAutoShareEnabled":false,"autoShareEndMode":"default","automationSources":{"useContentSentences":true,"useSocialTemplates":true,"useCustomSentences":false,"customSentences":[]},"followers":[1],"suggestedReferences":[],"includedReferences":[],"efiUrl":"","efiAlt":"","highlights":[]},"yoast_head":"<!-- This site is optimized with the Yoast SEO plugin v20.7 - https:\/\/yoast.com\/wordpress\/plugins\/seo\/ -->\n<title>Tasa de seguridad e Higiene: comerciantes elevaron un pedido al HCD -<\/title>\n<meta name=\"robots\" content=\"index, follow, max-snippet:-1, max-image-preview:large, max-video-preview:-1\" \/>\n<link rel=\"canonical\" href=\"https:\/\/experienciadevida.com.ar\/portalurbano\/tasa-de-seguridad-e-higiene-comerciantes-elevaron-un-pedido-al-hcd-y-piden-que-se-extienda\/\" \/>\n<meta property=\"og:locale\" content=\"es_ES\" \/>\n<meta property=\"og:type\" content=\"article\" \/>\n<meta property=\"og:title\" content=\"Tasa de seguridad e Higiene: comerciantes elevaron un pedido al HCD -\" \/>\n<meta property=\"og:description\" content=\"La Agrupaci\u00f3n Comerciantes Unidos, elev\u00f3 una nota al Concejo Deliberante, con una propuesta concreta sobre...\" \/>\n<meta property=\"og:url\" content=\"https:\/\/experienciadevida.com.ar\/portalurbano\/tasa-de-seguridad-e-higiene-comerciantes-elevaron-un-pedido-al-hcd-y-piden-que-se-extienda\/\" \/>\n<meta property=\"article:publisher\" content=\"https:\/\/www.facebook.com\/Portal-Urbano-171542830093757\/\" \/>\n<meta property=\"article:published_time\" content=\"2020-07-07T12:41:38+00:00\" \/>\n<meta property=\"article:modified_time\" content=\"2020-07-07T12:42:00+00:00\" \/>\n<meta property=\"og:image\" content=\"https:\/\/experienciadevida.com.ar\/portalurbano\/wp-content\/uploads\/2020\/07\/SESIONESPECIAL.png\" \/>\n\t<meta property=\"og:image:width\" content=\"834\" \/>\n\t<meta property=\"og:image:height\" content=\"385\" \/>\n\t<meta property=\"og:image:type\" content=\"image\/png\" \/>\n<meta name=\"author\" content=\"admpu17wp\" \/>\n<meta name=\"twitter:card\" content=\"summary_large_image\" \/>\n<meta name=\"twitter:creator\" content=\"@portalurbanook\" \/>\n<meta name=\"twitter:site\" content=\"@portalurbanook\" \/>\n<meta name=\"twitter:label1\" content=\"Escrito por\" \/>\n\t<meta name=\"twitter:data1\" content=\"admpu17wp\" \/>\n\t<meta name=\"twitter:label2\" content=\"Tiempo de lectura\" \/>\n\t<meta name=\"twitter:data2\" content=\"2 minutos\" \/>\n<script type=\"application\/ld+json\" class=\"yoast-schema-graph\">{\"@context\":\"https:\/\/schema.org\",\"@graph\":[{\"@type\":\"Article\",\"@id\":\"https:\/\/experienciadevida.com.ar\/portalurbano\/tasa-de-seguridad-e-higiene-comerciantes-elevaron-un-pedido-al-hcd-y-piden-que-se-extienda\/#article\",\"isPartOf\":{\"@id\":\"https:\/\/experienciadevida.com.ar\/portalurbano\/tasa-de-seguridad-e-higiene-comerciantes-elevaron-un-pedido-al-hcd-y-piden-que-se-extienda\/\"},\"author\":{\"name\":\"admpu17wp\",\"@id\":\"https:\/\/experienciadevida.com.ar\/portalurbano\/#\/schema\/person\/02dd326b1c4b056e9cc972486934a3a7\"},\"headline\":\"Tasa de seguridad e Higiene: comerciantes elevaron un pedido al HCD\",\"datePublished\":\"2020-07-07T12:41:38+00:00\",\"dateModified\":\"2020-07-07T12:42:00+00:00\",\"mainEntityOfPage\":{\"@id\":\"https:\/\/experienciadevida.com.ar\/portalurbano\/tasa-de-seguridad-e-higiene-comerciantes-elevaron-un-pedido-al-hcd-y-piden-que-se-extienda\/\"},\"wordCount\":487,\"publisher\":{\"@id\":\"https:\/\/experienciadevida.com.ar\/portalurbano\/#organization\"},\"articleSection\":[\"Destacadas\",\"Pol\u00edtica\"],\"inLanguage\":\"es\"},{\"@type\":\"WebPage\",\"@id\":\"https:\/\/experienciadevida.com.ar\/portalurbano\/tasa-de-seguridad-e-higiene-comerciantes-elevaron-un-pedido-al-hcd-y-piden-que-se-extienda\/\",\"url\":\"https:\/\/experienciadevida.com.ar\/portalurbano\/tasa-de-seguridad-e-higiene-comerciantes-elevaron-un-pedido-al-hcd-y-piden-que-se-extienda\/\",\"name\":\"Tasa de seguridad e Higiene: comerciantes elevaron un pedido al HCD -\",\"isPartOf\":{\"@id\":\"https:\/\/experienciadevida.com.ar\/portalurbano\/#website\"},\"datePublished\":\"2020-07-07T12:41:38+00:00\",\"dateModified\":\"2020-07-07T12:42:00+00:00\",\"breadcrumb\":{\"@id\":\"https:\/\/experienciadevida.com.ar\/portalurbano\/tasa-de-seguridad-e-higiene-comerciantes-elevaron-un-pedido-al-hcd-y-piden-que-se-extienda\/#breadcrumb\"},\"inLanguage\":\"es\",\"potentialAction\":[{\"@type\":\"ReadAction\",\"target\":[\"https:\/\/experienciadevida.com.ar\/portalurbano\/tasa-de-seguridad-e-higiene-comerciantes-elevaron-un-pedido-al-hcd-y-piden-que-se-extienda\/\"]}]},{\"@type\":\"BreadcrumbList\",\"@id\":\"https:\/\/experienciadevida.com.ar\/portalurbano\/tasa-de-seguridad-e-higiene-comerciantes-elevaron-un-pedido-al-hcd-y-piden-que-se-extienda\/#breadcrumb\",\"itemListElement\":[{\"@type\":\"ListItem\",\"position\":1,\"name\":\"Portada\",\"item\":\"https:\/\/experienciadevida.com.ar\/portalurbano\/\"},{\"@type\":\"ListItem\",\"position\":2,\"name\":\"Tasa de seguridad e Higiene: comerciantes elevaron un pedido al HCD\"}]},{\"@type\":\"WebSite\",\"@id\":\"https:\/\/experienciadevida.com.ar\/portalurbano\/#website\",\"url\":\"https:\/\/experienciadevida.com.ar\/portalurbano\/\",\"name\":\"\",\"description\":\"\",\"publisher\":{\"@id\":\"https:\/\/experienciadevida.com.ar\/portalurbano\/#organization\"},\"potentialAction\":[{\"@type\":\"SearchAction\",\"target\":{\"@type\":\"EntryPoint\",\"urlTemplate\":\"https:\/\/experienciadevida.com.ar\/portalurbano\/?s={search_term_string}\"},\"query-input\":\"required name=search_term_string\"}],\"inLanguage\":\"es\"},{\"@type\":\"Organization\",\"@id\":\"https:\/\/experienciadevida.com.ar\/portalurbano\/#organization\",\"name\":\"Portal Urbano\",\"url\":\"https:\/\/experienciadevida.com.ar\/portalurbano\/\",\"logo\":{\"@type\":\"ImageObject\",\"inLanguage\":\"es\",\"@id\":\"https:\/\/experienciadevida.com.ar\/portalurbano\/#\/schema\/logo\/image\/\",\"url\":\"https:\/\/experienciadevida.com.ar\/portalurbano\/wp-content\/uploads\/2019\/09\/Logo-Original.png\",\"contentUrl\":\"https:\/\/experienciadevida.com.ar\/portalurbano\/wp-content\/uploads\/2019\/09\/Logo-Original.png\",\"width\":2236,\"height\":1216,\"caption\":\"Portal Urbano\"},\"image\":{\"@id\":\"https:\/\/experienciadevida.com.ar\/portalurbano\/#\/schema\/logo\/image\/\"},\"sameAs\":[\"https:\/\/www.facebook.com\/Portal-Urbano-171542830093757\/\",\"https:\/\/twitter.com\/portalurbanook\",\"https:\/\/www.instagram.com\/_portalurbano\/\",\"https:\/\/www.youtube.com\/channel\/UCXhagIfszH8KxFiOok79zbA?view_as=subscriber\"]},{\"@type\":\"Person\",\"@id\":\"https:\/\/experienciadevida.com.ar\/portalurbano\/#\/schema\/person\/02dd326b1c4b056e9cc972486934a3a7\",\"name\":\"admpu17wp\",\"image\":{\"@type\":\"ImageObject\",\"inLanguage\":\"es\",\"@id\":\"https:\/\/experienciadevida.com.ar\/portalurbano\/#\/schema\/person\/image\/\",\"url\":\"https:\/\/secure.gravatar.com\/avatar\/830d4c57adaae6630765e449a6908047?s=96&d=mm&r=g\",\"contentUrl\":\"https:\/\/secure.gravatar.com\/avatar\/830d4c57adaae6630765e449a6908047?s=96&d=mm&r=g\",\"caption\":\"admpu17wp\"}}]}<\/script>\n<!-- \/ Yoast SEO plugin. -->","yoast_head_json":{"title":"Tasa de seguridad e Higiene: comerciantes elevaron un pedido al HCD -","robots":{"index":"index","follow":"follow","max-snippet":"max-snippet:-1","max-image-preview":"max-image-preview:large","max-video-preview":"max-video-preview:-1"},"canonical":"https:\/\/experienciadevida.com.ar\/portalurbano\/tasa-de-seguridad-e-higiene-comerciantes-elevaron-un-pedido-al-hcd-y-piden-que-se-extienda\/","og_locale":"es_ES","og_type":"article","og_title":"Tasa de seguridad e Higiene: comerciantes elevaron un pedido al HCD -","og_description":"La Agrupaci\u00f3n Comerciantes Unidos, elev\u00f3 una nota al Concejo Deliberante, con una propuesta concreta sobre...","og_url":"https:\/\/experienciadevida.com.ar\/portalurbano\/tasa-de-seguridad-e-higiene-comerciantes-elevaron-un-pedido-al-hcd-y-piden-que-se-extienda\/","article_publisher":"https:\/\/www.facebook.com\/Portal-Urbano-171542830093757\/","article_published_time":"2020-07-07T12:41:38+00:00","article_modified_time":"2020-07-07T12:42:00+00:00","og_image":[{"width":834,"height":385,"url":"https:\/\/experienciadevida.com.ar\/portalurbano\/wp-content\/uploads\/2020\/07\/SESIONESPECIAL.png","type":"image\/png"}],"author":"admpu17wp","twitter_card":"summary_large_image","twitter_creator":"@portalurbanook","twitter_site":"@portalurbanook","twitter_misc":{"Escrito por":"admpu17wp","Tiempo de lectura":"2 minutos"},"schema":{"@context":"https:\/\/schema.org","@graph":[{"@type":"Article","@id":"https:\/\/experienciadevida.com.ar\/portalurbano\/tasa-de-seguridad-e-higiene-comerciantes-elevaron-un-pedido-al-hcd-y-piden-que-se-extienda\/#article","isPartOf":{"@id":"https:\/\/experienciadevida.com.ar\/portalurbano\/tasa-de-seguridad-e-higiene-comerciantes-elevaron-un-pedido-al-hcd-y-piden-que-se-extienda\/"},"author":{"name":"admpu17wp","@id":"https:\/\/experienciadevida.com.ar\/portalurbano\/#\/schema\/person\/02dd326b1c4b056e9cc972486934a3a7"},"headline":"Tasa de seguridad e Higiene: comerciantes elevaron un pedido al HCD","datePublished":"2020-07-07T12:41:38+00:00","dateModified":"2020-07-07T12:42:00+00:00","mainEntityOfPage":{"@id":"https:\/\/experienciadevida.com.ar\/portalurbano\/tasa-de-seguridad-e-higiene-comerciantes-elevaron-un-pedido-al-hcd-y-piden-que-se-extienda\/"},"wordCount":487,"publisher":{"@id":"https:\/\/experienciadevida.com.ar\/portalurbano\/#organization"},"articleSection":["Destacadas","Pol\u00edtica"],"inLanguage":"es"},{"@type":"WebPage","@id":"https:\/\/experienciadevida.com.ar\/portalurbano\/tasa-de-seguridad-e-higiene-comerciantes-elevaron-un-pedido-al-hcd-y-piden-que-se-extienda\/","url":"https:\/\/experienciadevida.com.ar\/portalurbano\/tasa-de-seguridad-e-higiene-comerciantes-elevaron-un-pedido-al-hcd-y-piden-que-se-extienda\/","name":"Tasa de seguridad e Higiene: comerciantes elevaron un pedido al HCD -","isPartOf":{"@id":"https:\/\/experienciadevida.com.ar\/portalurbano\/#website"},"datePublished":"2020-07-07T12:41:38+00:00","dateModified":"2020-07-07T12:42:00+00:00","breadcrumb":{"@id":"https:\/\/experienciadevida.com.ar\/portalurbano\/tasa-de-seguridad-e-higiene-comerciantes-elevaron-un-pedido-al-hcd-y-piden-que-se-extienda\/#breadcrumb"},"inLanguage":"es","potentialAction":[{"@type":"ReadAction","target":["https:\/\/experienciadevida.com.ar\/portalurbano\/tasa-de-seguridad-e-higiene-comerciantes-elevaron-un-pedido-al-hcd-y-piden-que-se-extienda\/"]}]},{"@type":"BreadcrumbList","@id":"https:\/\/experienciadevida.com.ar\/portalurbano\/tasa-de-seguridad-e-higiene-comerciantes-elevaron-un-pedido-al-hcd-y-piden-que-se-extienda\/#breadcrumb","itemListElement":[{"@type":"ListItem","position":1,"name":"Portada","item":"https:\/\/experienciadevida.com.ar\/portalurbano\/"},{"@type":"ListItem","position":2,"name":"Tasa de seguridad e Higiene: comerciantes elevaron un pedido al HCD"}]},{"@type":"WebSite","@id":"https:\/\/experienciadevida.com.ar\/portalurbano\/#website","url":"https:\/\/experienciadevida.com.ar\/portalurbano\/","name":"","description":"","publisher":{"@id":"https:\/\/experienciadevida.com.ar\/portalurbano\/#organization"},"potentialAction":[{"@type":"SearchAction","target":{"@type":"EntryPoint","urlTemplate":"https:\/\/experienciadevida.com.ar\/portalurbano\/?s={search_term_string}"},"query-input":"required name=search_term_string"}],"inLanguage":"es"},{"@type":"Organization","@id":"https:\/\/experienciadevida.com.ar\/portalurbano\/#organization","name":"Portal Urbano","url":"https:\/\/experienciadevida.com.ar\/portalurbano\/","logo":{"@type":"ImageObject","inLanguage":"es","@id":"https:\/\/experienciadevida.com.ar\/portalurbano\/#\/schema\/logo\/image\/","url":"https:\/\/experienciadevida.com.ar\/portalurbano\/wp-content\/uploads\/2019\/09\/Logo-Original.png","contentUrl":"https:\/\/experienciadevida.com.ar\/portalurbano\/wp-content\/uploads\/2019\/09\/Logo-Original.png","width":2236,"height":1216,"caption":"Portal Urbano"},"image":{"@id":"https:\/\/experienciadevida.com.ar\/portalurbano\/#\/schema\/logo\/image\/"},"sameAs":["https:\/\/www.facebook.com\/Portal-Urbano-171542830093757\/","https:\/\/twitter.com\/portalurbanook","https:\/\/www.instagram.com\/_portalurbano\/","https:\/\/www.youtube.com\/channel\/UCXhagIfszH8KxFiOok79zbA?view_as=subscriber"]},{"@type":"Person","@id":"https:\/\/experienciadevida.com.ar\/portalurbano\/#\/schema\/person\/02dd326b1c4b056e9cc972486934a3a7","name":"admpu17wp","image":{"@type":"ImageObject","inLanguage":"es","@id":"https:\/\/experienciadevida.com.ar\/portalurbano\/#\/schema\/person\/image\/","url":"https:\/\/secure.gravatar.com\/avatar\/830d4c57adaae6630765e449a6908047?s=96&d=mm&r=g","contentUrl":"https:\/\/secure.gravatar.com\/avatar\/830d4c57adaae6630765e449a6908047?s=96&d=mm&r=g","caption":"admpu17wp"}}]}},"featured_image_urls":{"full":["https:\/\/experienciadevida.com.ar\/portalurbano\/wp-content\/uploads\/2020\/07\/SESIONESPECIAL.png",834,385,false],"thumbnail":["https:\/\/experienciadevida.com.ar\/portalurbano\/wp-content\/uploads\/2020\/07\/SESIONESPECIAL-150x150.png",150,150,true],"medium":["https:\/\/experienciadevida.com.ar\/portalurbano\/wp-content\/uploads\/2020\/07\/SESIONESPECIAL-300x138.png",300,138,true],"medium_large":["https:\/\/experienciadevida.com.ar\/portalurbano\/wp-content\/uploads\/2020\/07\/SESIONESPECIAL-768x355.png",640,296,true],"large":["https:\/\/experienciadevida.com.ar\/portalurbano\/wp-content\/uploads\/2020\/07\/SESIONESPECIAL.png",640,295,false],"ug_big":["https:\/\/experienciadevida.com.ar\/portalurbano\/wp-content\/uploads\/2020\/07\/SESIONESPECIAL-768x355.png",768,355,true],"1536x1536":["https:\/\/experienciadevida.com.ar\/portalurbano\/wp-content\/uploads\/2020\/07\/SESIONESPECIAL.png",834,385,false],"2048x2048":["https:\/\/experienciadevida.com.ar\/portalurbano\/wp-content\/uploads\/2020\/07\/SESIONESPECIAL.png",834,385,false],"newsever-slider-full":["https:\/\/experienciadevida.com.ar\/portalurbano\/wp-content\/uploads\/2020\/07\/SESIONESPECIAL.png",834,385,false],"newsever-featured":["https:\/\/experienciadevida.com.ar\/portalurbano\/wp-content\/uploads\/2020\/07\/SESIONESPECIAL.png",834,385,false],"newsever-medium":["https:\/\/experienciadevida.com.ar\/portalurbano\/wp-content\/uploads\/2020\/07\/SESIONESPECIAL.png",720,332,false],"web-stories-poster-portrait":["https:\/\/experienciadevida.com.ar\/portalurbano\/wp-content\/uploads\/2020\/07\/SESIONESPECIAL.png",640,295,false],"web-stories-publisher-logo":["https:\/\/experienciadevida.com.ar\/portalurbano\/wp-content\/uploads\/2020\/07\/SESIONESPECIAL.png",96,44,false],"web-stories-thumbnail":["https:\/\/experienciadevida.com.ar\/portalurbano\/wp-content\/uploads\/2020\/07\/SESIONESPECIAL.png",150,69,false]},"author_info":{"display_name":"admpu17wp","author_link":"https:\/\/experienciadevida.com.ar\/portalurbano\/author\/admpu17wp\/"},"category_info":"<a href=\"https:\/\/experienciadevida.com.ar\/portalurbano\/category\/destacadas\/\" rel=\"category tag\">Destacadas<\/a> <a href=\"https:\/\/experienciadevida.com.ar\/portalurbano\/category\/politica\/\" rel=\"category tag\">Pol\u00edtica<\/a>","tag_info":"Pol\u00edtica","comment_count":"0","amp_enabled":true,"_links":{"self":[{"href":"https:\/\/experienciadevida.com.ar\/portalurbano\/wp-json\/wp\/v2\/posts\/114131"}],"collection":[{"href":"https:\/\/experienciadevida.com.ar\/portalurbano\/wp-json\/wp\/v2\/posts"}],"about":[{"href":"https:\/\/experienciadevida.com.ar\/portalurbano\/wp-json\/wp\/v2\/types\/post"}],"author":[{"embeddable":true,"href":"https:\/\/experienciadevida.com.ar\/portalurbano\/wp-json\/wp\/v2\/users\/1"}],"replies":[{"embeddable":true,"href":"https:\/\/experienciadevida.com.ar\/portalurbano\/wp-json\/wp\/v2\/comments?post=114131"}],"version-history":[{"count":4,"href":"https:\/\/experienciadevida.com.ar\/portalurbano\/wp-json\/wp\/v2\/posts\/114131\/revisions"}],"predecessor-version":[{"id":114135,"href":"https:\/\/experienciadevida.com.ar\/portalurbano\/wp-json\/wp\/v2\/posts\/114131\/revisions\/114135"}],"wp:featuredmedia":[{"embeddable":true,"href":"https:\/\/experienciadevida.com.ar\/portalurbano\/wp-json\/wp\/v2\/media\/113889"}],"wp:attachment":[{"href":"https:\/\/experienciadevida.com.ar\/portalurbano\/wp-json\/wp\/v2\/media?parent=114131"}],"wp:term":[{"taxonomy":"category","embeddable":true,"href":"https:\/\/experienciadevida.com.ar\/portalurbano\/wp-json\/wp\/v2\/categories?post=114131"},{"taxonomy":"post_tag","embeddable":true,"href":"https:\/\/experienciadevida.com.ar\/portalurbano\/wp-json\/wp\/v2\/tags?post=114131"}],"curies":[{"name":"wp","href":"https:\/\/api.w.org\/{rel}","templated":true}]}}