{"id":114115,"date":"2020-07-06T20:35:51","date_gmt":"2020-07-06T23:35:51","guid":{"rendered":"https:\/\/experienciadevida.com.ar\/portalurbano\/?p=114115"},"modified":"2020-07-06T20:36:08","modified_gmt":"2020-07-06T23:36:08","slug":"dia-tragico-75-muertos-por-coronavirus-y-2-632-nuevos-positivos-en-el-pais","status":"publish","type":"post","link":"https:\/\/experienciadevida.com.ar\/portalurbano\/dia-tragico-75-muertos-por-coronavirus-y-2-632-nuevos-positivos-en-el-pais\/","title":{"rendered":"D\u00eda tr\u00e1gico: 75 muertos por coronavirus y 2.632 nuevos positivos en el pa\u00eds"},"content":{"rendered":"<p>De los fallecidos registrados hoy, 64 eran pacientes con residencia en la provincia de Buenos Aires.<\/p>\n<p>De acuerdo al \u00faltimo parte del Ministerio de Salud de la Naci\u00f3n fueron confirmados 2.632 nuevos casos de coronavirus en el pa\u00eds y 75 muertos, la cifra m\u00e1s alta de fallecidos registrada en 24 horas. La pandemia ya alcanza los 80.447 contagios desde su inicio y de esa cifra, 1.582 personas perdieron la vida por la enfermedad.<\/p>\n<p>Del gran n\u00famero de muertos contabilizados hoy, 64 corresponden a pacientes contagiados en la provincia de Buenos Aires.<\/p>\n<p>De acuerdo al registro de casos de las \u00faltimas 24 horas, la provincia de Buenos Aires tuvo 1.476 diagn\u00f3sticos, m\u00e1s que la Ciudad de Buenos Aires que confirm\u00f3 995.<\/p>\n<p>\u201cDel total de esos casos, 1.073 (1,3%) son importados, 27.991 (34,8%) son contactos estrechos de casos confirmados, 38.006 (47,2%) son casos de circulaci\u00f3n comunitaria y el resto se encuentra en investigaci\u00f3n epidemiol\u00f3gica\u201d, especific\u00f3 la cartera sanitaria.<\/p>\n<p>De acuerdo a los dos informes oficiales ofrecidos hoy por el ministerio de Salud, se registraron 75 nuevas muertes. En el primero se confirmaron los decesos de 16 personas, nueve hombres, 5 de 71, 80, 84, 58 y 70 a\u00f1os, residentes en la provincia de Buenos Aires; 3 de 66, 86 y 72 a\u00f1os, residente en la Ciudad de Buenos Aires (CABA); uno de 76 a\u00f1os, residente en la provincia de R\u00edo Negro; y 7 mujeres, 3 de 63, 91 y 89 a\u00f1os, residentes en la provincia de Buenos Aires; 2 de 94 y 79 a\u00f1os, residentes en la Ciudad de Buenos Aires (CABA); una de 76 a\u00f1os, residente en la provincia de Chaco; y una de 80 a\u00f1os, residente en la provincia de Neuqu\u00e9n. En el segundo, se sumaron 59 nuevas muertes. Se trata de 28 hombres, 22 de 90, 67, 60, 83, 69, 60, 83, 48, 63, 68, 76, 78, 82, 80, 81, 85, 66, 73, 81, 79, 60 y 81 a\u00f1os, residentes en la provincia de Buenos Aires; 4 de 65, 73, 50, y 96 a\u00f1os, residentes en la Ciudad de Buenos Aires (CABA); uno de 74 a\u00f1os, residente en la provincia de Chaco; uno de 69 a\u00f1os, residente en la provincia de Salta; y 31 mujeres, 24 de 91, 55, 82, 83, 54, 82, 92, 80, 40, 70, 90, 89, 73, 86, 88, 76, 95, 91, 17, 66, 73, 56, 35 y 89 a\u00f1os, residentes en la provincia de Buenos Aires; 5 de 66, 74, 52, 90 y 78 a\u00f1os, residentes en la Ciudad de Buenos Aires (CABA); y dos de 35 y 78 a\u00f1os, residentes en la provincia de R\u00edo Negro. Al momento la cantidad de personas fallecidas es 1.582.<\/p>\n<p>La mayor\u00eda de los positivos siguen circunscriptos a la provincia de Buenos Aires y a CABA, donde se diagnosticaron 2.471 casos en las \u00faltimas 24 horas. El total acumulado detectado en el \u00c1rea Metropolitana de Buenos Aires desde el inicio de la pandemia es de 73.730 contagios, siendo la zona de mayor circulaci\u00f3n del coronavirus.<\/p>\n<p>Detalle por distrito<br \/>\nA continuaci\u00f3n se detallan los casos confirmados por cada distrito del pa\u00eds, tanto en las \u00faltimas 24 horas (en la primera cifra) como los acumulados desde el inicio de la pandemia (en la segunda).<\/p>\n<p>Buenos Aires 1.476 | 41.450<\/p>\n<p>Ciudad de Buenos Aires 995 | 32.280<\/p>\n<p>Catamarca 1 | 7<\/p>\n<p>Chaco 26 | 2.335<\/p>\n<p>Chubut 6 | 160<\/p>\n<p>C\u00f3rdoba 28 | 730<\/p>\n<p>Corrientes 1 | 120<\/p>\n<p>Entre R\u00edos 5 | 334<\/p>\n<p>Formosa 0 | 75<\/p>\n<p>Jujuy 29 | 192<\/p>\n<p>La Pampa 0 | 7<\/p>\n<p>La Rioja 5 | 107<\/p>\n<p>Mendoza 4 | 199<\/p>\n<p>Misiones 2 | 42<\/p>\n<p>Neuqu\u00e9n 34 | 594<\/p>\n<p>R\u00edo Negro 7 | 972<\/p>\n<p>Salta 2 | 61<\/p>\n<p>San Juan 1 | 9<\/p>\n<p>San Luis 0 | 12<\/p>\n<p>Santa Cruz 4 | 55<\/p>\n<p>Santa Fe 5 | 442<\/p>\n<p>Santiago del Estero 1 | 26<\/p>\n<p>Tierra del Fuego** 0 | 153<\/p>\n<p>Tucum\u00e1n 0 | 85<\/p>\n<p>Aquellos casos confirmados que no est\u00e1n notificados por residencia, fueron contabilizados por provincia de carga.<\/p>\n<p>Se incluyen 13 casos existentes en las Islas Malvinas seg\u00fan informaci\u00f3n de prensa (debido a la ocupaci\u00f3n ilegal del Reino Unido, Gran Breta\u00f1a e Irlanda del Norte no es posible contar con informaci\u00f3n propia sobre el impacto del COVID -19 en esa parte del territorio argentino).<\/p>\n<p>Fuente: DIB<\/p>\n","protected":false},"excerpt":{"rendered":"<p>De los fallecidos registrados hoy, 64 eran pacientes con residencia en la provincia de Buenos&#8230;<\/p>\n","protected":false},"author":1,"featured_media":110169,"comment_status":"closed","ping_status":"closed","sticky":false,"template":"","format":"standard","meta":{"content-type":""},"categories":[71,39],"tags":[],"nelio_content":{"isAutoShareEnabled":false,"autoShareEndMode":"default","automationSources":{"useContentSentences":true,"useSocialTemplates":true,"useCustomSentences":false,"customSentences":[]},"followers":[1],"suggestedReferences":[],"includedReferences":[],"efiUrl":"","efiAlt":"","highlights":[]},"yoast_head":"<!-- This site is optimized with the Yoast SEO plugin v20.7 - https:\/\/yoast.com\/wordpress\/plugins\/seo\/ -->\n<title>D\u00eda tr\u00e1gico: 75 muertos por coronavirus y 2.632 nuevos positivos en el pa\u00eds -<\/title>\n<meta name=\"robots\" content=\"index, follow, max-snippet:-1, max-image-preview:large, max-video-preview:-1\" \/>\n<link rel=\"canonical\" href=\"https:\/\/experienciadevida.com.ar\/portalurbano\/dia-tragico-75-muertos-por-coronavirus-y-2-632-nuevos-positivos-en-el-pais\/\" \/>\n<meta property=\"og:locale\" content=\"es_ES\" \/>\n<meta property=\"og:type\" content=\"article\" \/>\n<meta property=\"og:title\" content=\"D\u00eda tr\u00e1gico: 75 muertos por coronavirus y 2.632 nuevos positivos en el pa\u00eds -\" \/>\n<meta property=\"og:description\" content=\"De los fallecidos registrados hoy, 64 eran pacientes con residencia en la provincia de Buenos...\" \/>\n<meta property=\"og:url\" content=\"https:\/\/experienciadevida.com.ar\/portalurbano\/dia-tragico-75-muertos-por-coronavirus-y-2-632-nuevos-positivos-en-el-pais\/\" \/>\n<meta property=\"article:publisher\" content=\"https:\/\/www.facebook.com\/Portal-Urbano-171542830093757\/\" \/>\n<meta property=\"article:published_time\" content=\"2020-07-06T23:35:51+00:00\" \/>\n<meta property=\"article:modified_time\" content=\"2020-07-06T23:36:08+00:00\" \/>\n<meta property=\"og:image\" content=\"https:\/\/experienciadevida.com.ar\/portalurbano\/wp-content\/uploads\/2020\/05\/CORONAVIRUS.jpg\" \/>\n\t<meta property=\"og:image:width\" content=\"696\" \/>\n\t<meta property=\"og:image:height\" content=\"447\" \/>\n\t<meta property=\"og:image:type\" content=\"image\/jpeg\" \/>\n<meta name=\"author\" content=\"admpu17wp\" \/>\n<meta name=\"twitter:card\" content=\"summary_large_image\" \/>\n<meta name=\"twitter:creator\" content=\"@portalurbanook\" \/>\n<meta name=\"twitter:site\" content=\"@portalurbanook\" \/>\n<meta name=\"twitter:label1\" content=\"Escrito por\" \/>\n\t<meta name=\"twitter:data1\" content=\"admpu17wp\" \/>\n\t<meta name=\"twitter:label2\" content=\"Tiempo de lectura\" \/>\n\t<meta name=\"twitter:data2\" content=\"3 minutos\" \/>\n<script type=\"application\/ld+json\" class=\"yoast-schema-graph\">{\"@context\":\"https:\/\/schema.org\",\"@graph\":[{\"@type\":\"Article\",\"@id\":\"https:\/\/experienciadevida.com.ar\/portalurbano\/dia-tragico-75-muertos-por-coronavirus-y-2-632-nuevos-positivos-en-el-pais\/#article\",\"isPartOf\":{\"@id\":\"https:\/\/experienciadevida.com.ar\/portalurbano\/dia-tragico-75-muertos-por-coronavirus-y-2-632-nuevos-positivos-en-el-pais\/\"},\"author\":{\"name\":\"admpu17wp\",\"@id\":\"https:\/\/experienciadevida.com.ar\/portalurbano\/#\/schema\/person\/02dd326b1c4b056e9cc972486934a3a7\"},\"headline\":\"D\u00eda tr\u00e1gico: 75 muertos por coronavirus y 2.632 nuevos positivos en el pa\u00eds\",\"datePublished\":\"2020-07-06T23:35:51+00:00\",\"dateModified\":\"2020-07-06T23:36:08+00:00\",\"mainEntityOfPage\":{\"@id\":\"https:\/\/experienciadevida.com.ar\/portalurbano\/dia-tragico-75-muertos-por-coronavirus-y-2-632-nuevos-positivos-en-el-pais\/\"},\"wordCount\":580,\"publisher\":{\"@id\":\"https:\/\/experienciadevida.com.ar\/portalurbano\/#organization\"},\"articleSection\":[\"Coronavirus\",\"Naci\u00f3n\"],\"inLanguage\":\"es\"},{\"@type\":\"WebPage\",\"@id\":\"https:\/\/experienciadevida.com.ar\/portalurbano\/dia-tragico-75-muertos-por-coronavirus-y-2-632-nuevos-positivos-en-el-pais\/\",\"url\":\"https:\/\/experienciadevida.com.ar\/portalurbano\/dia-tragico-75-muertos-por-coronavirus-y-2-632-nuevos-positivos-en-el-pais\/\",\"name\":\"D\u00eda tr\u00e1gico: 75 muertos por coronavirus y 2.632 nuevos positivos en el pa\u00eds -\",\"isPartOf\":{\"@id\":\"https:\/\/experienciadevida.com.ar\/portalurbano\/#website\"},\"datePublished\":\"2020-07-06T23:35:51+00:00\",\"dateModified\":\"2020-07-06T23:36:08+00:00\",\"breadcrumb\":{\"@id\":\"https:\/\/experienciadevida.com.ar\/portalurbano\/dia-tragico-75-muertos-por-coronavirus-y-2-632-nuevos-positivos-en-el-pais\/#breadcrumb\"},\"inLanguage\":\"es\",\"potentialAction\":[{\"@type\":\"ReadAction\",\"target\":[\"https:\/\/experienciadevida.com.ar\/portalurbano\/dia-tragico-75-muertos-por-coronavirus-y-2-632-nuevos-positivos-en-el-pais\/\"]}]},{\"@type\":\"BreadcrumbList\",\"@id\":\"https:\/\/experienciadevida.com.ar\/portalurbano\/dia-tragico-75-muertos-por-coronavirus-y-2-632-nuevos-positivos-en-el-pais\/#breadcrumb\",\"itemListElement\":[{\"@type\":\"ListItem\",\"position\":1,\"name\":\"Portada\",\"item\":\"https:\/\/experienciadevida.com.ar\/portalurbano\/\"},{\"@type\":\"ListItem\",\"position\":2,\"name\":\"D\u00eda tr\u00e1gico: 75 muertos por coronavirus y 2.632 nuevos positivos en el pa\u00eds\"}]},{\"@type\":\"WebSite\",\"@id\":\"https:\/\/experienciadevida.com.ar\/portalurbano\/#website\",\"url\":\"https:\/\/experienciadevida.com.ar\/portalurbano\/\",\"name\":\"\",\"description\":\"\",\"publisher\":{\"@id\":\"https:\/\/experienciadevida.com.ar\/portalurbano\/#organization\"},\"potentialAction\":[{\"@type\":\"SearchAction\",\"target\":{\"@type\":\"EntryPoint\",\"urlTemplate\":\"https:\/\/experienciadevida.com.ar\/portalurbano\/?s={search_term_string}\"},\"query-input\":\"required name=search_term_string\"}],\"inLanguage\":\"es\"},{\"@type\":\"Organization\",\"@id\":\"https:\/\/experienciadevida.com.ar\/portalurbano\/#organization\",\"name\":\"Portal Urbano\",\"url\":\"https:\/\/experienciadevida.com.ar\/portalurbano\/\",\"logo\":{\"@type\":\"ImageObject\",\"inLanguage\":\"es\",\"@id\":\"https:\/\/experienciadevida.com.ar\/portalurbano\/#\/schema\/logo\/image\/\",\"url\":\"https:\/\/experienciadevida.com.ar\/portalurbano\/wp-content\/uploads\/2019\/09\/Logo-Original.png\",\"contentUrl\":\"https:\/\/experienciadevida.com.ar\/portalurbano\/wp-content\/uploads\/2019\/09\/Logo-Original.png\",\"width\":2236,\"height\":1216,\"caption\":\"Portal Urbano\"},\"image\":{\"@id\":\"https:\/\/experienciadevida.com.ar\/portalurbano\/#\/schema\/logo\/image\/\"},\"sameAs\":[\"https:\/\/www.facebook.com\/Portal-Urbano-171542830093757\/\",\"https:\/\/twitter.com\/portalurbanook\",\"https:\/\/www.instagram.com\/_portalurbano\/\",\"https:\/\/www.youtube.com\/channel\/UCXhagIfszH8KxFiOok79zbA?view_as=subscriber\"]},{\"@type\":\"Person\",\"@id\":\"https:\/\/experienciadevida.com.ar\/portalurbano\/#\/schema\/person\/02dd326b1c4b056e9cc972486934a3a7\",\"name\":\"admpu17wp\",\"image\":{\"@type\":\"ImageObject\",\"inLanguage\":\"es\",\"@id\":\"https:\/\/experienciadevida.com.ar\/portalurbano\/#\/schema\/person\/image\/\",\"url\":\"https:\/\/secure.gravatar.com\/avatar\/830d4c57adaae6630765e449a6908047?s=96&d=mm&r=g\",\"contentUrl\":\"https:\/\/secure.gravatar.com\/avatar\/830d4c57adaae6630765e449a6908047?s=96&d=mm&r=g\",\"caption\":\"admpu17wp\"}}]}<\/script>\n<!-- \/ Yoast SEO plugin. -->","yoast_head_json":{"title":"D\u00eda tr\u00e1gico: 75 muertos por coronavirus y 2.632 nuevos positivos en el pa\u00eds -","robots":{"index":"index","follow":"follow","max-snippet":"max-snippet:-1","max-image-preview":"max-image-preview:large","max-video-preview":"max-video-preview:-1"},"canonical":"https:\/\/experienciadevida.com.ar\/portalurbano\/dia-tragico-75-muertos-por-coronavirus-y-2-632-nuevos-positivos-en-el-pais\/","og_locale":"es_ES","og_type":"article","og_title":"D\u00eda tr\u00e1gico: 75 muertos por coronavirus y 2.632 nuevos positivos en el pa\u00eds -","og_description":"De los fallecidos registrados hoy, 64 eran pacientes con residencia en la provincia de Buenos...","og_url":"https:\/\/experienciadevida.com.ar\/portalurbano\/dia-tragico-75-muertos-por-coronavirus-y-2-632-nuevos-positivos-en-el-pais\/","article_publisher":"https:\/\/www.facebook.com\/Portal-Urbano-171542830093757\/","article_published_time":"2020-07-06T23:35:51+00:00","article_modified_time":"2020-07-06T23:36:08+00:00","og_image":[{"width":696,"height":447,"url":"https:\/\/experienciadevida.com.ar\/portalurbano\/wp-content\/uploads\/2020\/05\/CORONAVIRUS.jpg","type":"image\/jpeg"}],"author":"admpu17wp","twitter_card":"summary_large_image","twitter_creator":"@portalurbanook","twitter_site":"@portalurbanook","twitter_misc":{"Escrito por":"admpu17wp","Tiempo de lectura":"3 minutos"},"schema":{"@context":"https:\/\/schema.org","@graph":[{"@type":"Article","@id":"https:\/\/experienciadevida.com.ar\/portalurbano\/dia-tragico-75-muertos-por-coronavirus-y-2-632-nuevos-positivos-en-el-pais\/#article","isPartOf":{"@id":"https:\/\/experienciadevida.com.ar\/portalurbano\/dia-tragico-75-muertos-por-coronavirus-y-2-632-nuevos-positivos-en-el-pais\/"},"author":{"name":"admpu17wp","@id":"https:\/\/experienciadevida.com.ar\/portalurbano\/#\/schema\/person\/02dd326b1c4b056e9cc972486934a3a7"},"headline":"D\u00eda tr\u00e1gico: 75 muertos por coronavirus y 2.632 nuevos positivos en el pa\u00eds","datePublished":"2020-07-06T23:35:51+00:00","dateModified":"2020-07-06T23:36:08+00:00","mainEntityOfPage":{"@id":"https:\/\/experienciadevida.com.ar\/portalurbano\/dia-tragico-75-muertos-por-coronavirus-y-2-632-nuevos-positivos-en-el-pais\/"},"wordCount":580,"publisher":{"@id":"https:\/\/experienciadevida.com.ar\/portalurbano\/#organization"},"articleSection":["Coronavirus","Naci\u00f3n"],"inLanguage":"es"},{"@type":"WebPage","@id":"https:\/\/experienciadevida.com.ar\/portalurbano\/dia-tragico-75-muertos-por-coronavirus-y-2-632-nuevos-positivos-en-el-pais\/","url":"https:\/\/experienciadevida.com.ar\/portalurbano\/dia-tragico-75-muertos-por-coronavirus-y-2-632-nuevos-positivos-en-el-pais\/","name":"D\u00eda tr\u00e1gico: 75 muertos por coronavirus y 2.632 nuevos positivos en el pa\u00eds -","isPartOf":{"@id":"https:\/\/experienciadevida.com.ar\/portalurbano\/#website"},"datePublished":"2020-07-06T23:35:51+00:00","dateModified":"2020-07-06T23:36:08+00:00","breadcrumb":{"@id":"https:\/\/experienciadevida.com.ar\/portalurbano\/dia-tragico-75-muertos-por-coronavirus-y-2-632-nuevos-positivos-en-el-pais\/#breadcrumb"},"inLanguage":"es","potentialAction":[{"@type":"ReadAction","target":["https:\/\/experienciadevida.com.ar\/portalurbano\/dia-tragico-75-muertos-por-coronavirus-y-2-632-nuevos-positivos-en-el-pais\/"]}]},{"@type":"BreadcrumbList","@id":"https:\/\/experienciadevida.com.ar\/portalurbano\/dia-tragico-75-muertos-por-coronavirus-y-2-632-nuevos-positivos-en-el-pais\/#breadcrumb","itemListElement":[{"@type":"ListItem","position":1,"name":"Portada","item":"https:\/\/experienciadevida.com.ar\/portalurbano\/"},{"@type":"ListItem","position":2,"name":"D\u00eda tr\u00e1gico: 75 muertos por coronavirus y 2.632 nuevos positivos en el pa\u00eds"}]},{"@type":"WebSite","@id":"https:\/\/experienciadevida.com.ar\/portalurbano\/#website","url":"https:\/\/experienciadevida.com.ar\/portalurbano\/","name":"","description":"","publisher":{"@id":"https:\/\/experienciadevida.com.ar\/portalurbano\/#organization"},"potentialAction":[{"@type":"SearchAction","target":{"@type":"EntryPoint","urlTemplate":"https:\/\/experienciadevida.com.ar\/portalurbano\/?s={search_term_string}"},"query-input":"required name=search_term_string"}],"inLanguage":"es"},{"@type":"Organization","@id":"https:\/\/experienciadevida.com.ar\/portalurbano\/#organization","name":"Portal Urbano","url":"https:\/\/experienciadevida.com.ar\/portalurbano\/","logo":{"@type":"ImageObject","inLanguage":"es","@id":"https:\/\/experienciadevida.com.ar\/portalurbano\/#\/schema\/logo\/image\/","url":"https:\/\/experienciadevida.com.ar\/portalurbano\/wp-content\/uploads\/2019\/09\/Logo-Original.png","contentUrl":"https:\/\/experienciadevida.com.ar\/portalurbano\/wp-content\/uploads\/2019\/09\/Logo-Original.png","width":2236,"height":1216,"caption":"Portal Urbano"},"image":{"@id":"https:\/\/experienciadevida.com.ar\/portalurbano\/#\/schema\/logo\/image\/"},"sameAs":["https:\/\/www.facebook.com\/Portal-Urbano-171542830093757\/","https:\/\/twitter.com\/portalurbanook","https:\/\/www.instagram.com\/_portalurbano\/","https:\/\/www.youtube.com\/channel\/UCXhagIfszH8KxFiOok79zbA?view_as=subscriber"]},{"@type":"Person","@id":"https:\/\/experienciadevida.com.ar\/portalurbano\/#\/schema\/person\/02dd326b1c4b056e9cc972486934a3a7","name":"admpu17wp","image":{"@type":"ImageObject","inLanguage":"es","@id":"https:\/\/experienciadevida.com.ar\/portalurbano\/#\/schema\/person\/image\/","url":"https:\/\/secure.gravatar.com\/avatar\/830d4c57adaae6630765e449a6908047?s=96&d=mm&r=g","contentUrl":"https:\/\/secure.gravatar.com\/avatar\/830d4c57adaae6630765e449a6908047?s=96&d=mm&r=g","caption":"admpu17wp"}}]}},"featured_image_urls":{"full":["https:\/\/experienciadevida.com.ar\/portalurbano\/wp-content\/uploads\/2020\/05\/CORONAVIRUS.jpg",696,447,false],"thumbnail":["https:\/\/experienciadevida.com.ar\/portalurbano\/wp-content\/uploads\/2020\/05\/CORONAVIRUS-150x150.jpg",150,150,true],"medium":["https:\/\/experienciadevida.com.ar\/portalurbano\/wp-content\/uploads\/2020\/05\/CORONAVIRUS-300x193.jpg",300,193,true],"medium_large":["https:\/\/experienciadevida.com.ar\/portalurbano\/wp-content\/uploads\/2020\/05\/CORONAVIRUS.jpg",640,411,false],"large":["https:\/\/experienciadevida.com.ar\/portalurbano\/wp-content\/uploads\/2020\/05\/CORONAVIRUS.jpg",640,411,false],"ug_big":["https:\/\/experienciadevida.com.ar\/portalurbano\/wp-content\/uploads\/2020\/05\/CORONAVIRUS.jpg",696,447,false],"1536x1536":["https:\/\/experienciadevida.com.ar\/portalurbano\/wp-content\/uploads\/2020\/05\/CORONAVIRUS.jpg",696,447,false],"2048x2048":["https:\/\/experienciadevida.com.ar\/portalurbano\/wp-content\/uploads\/2020\/05\/CORONAVIRUS.jpg",696,447,false],"newsever-slider-full":["https:\/\/experienciadevida.com.ar\/portalurbano\/wp-content\/uploads\/2020\/05\/CORONAVIRUS.jpg",696,447,false],"newsever-featured":["https:\/\/experienciadevida.com.ar\/portalurbano\/wp-content\/uploads\/2020\/05\/CORONAVIRUS.jpg",696,447,false],"newsever-medium":["https:\/\/experienciadevida.com.ar\/portalurbano\/wp-content\/uploads\/2020\/05\/CORONAVIRUS.jpg",696,447,false],"web-stories-poster-portrait":["https:\/\/experienciadevida.com.ar\/portalurbano\/wp-content\/uploads\/2020\/05\/CORONAVIRUS.jpg",640,411,false],"web-stories-publisher-logo":["https:\/\/experienciadevida.com.ar\/portalurbano\/wp-content\/uploads\/2020\/05\/CORONAVIRUS.jpg",96,62,false],"web-stories-thumbnail":["https:\/\/experienciadevida.com.ar\/portalurbano\/wp-content\/uploads\/2020\/05\/CORONAVIRUS.jpg",150,96,false]},"author_info":{"display_name":"admpu17wp","author_link":"https:\/\/experienciadevida.com.ar\/portalurbano\/author\/admpu17wp\/"},"category_info":"<a href=\"https:\/\/experienciadevida.com.ar\/portalurbano\/category\/nacion\/coronavirus\/\" rel=\"category tag\">Coronavirus<\/a> <a href=\"https:\/\/experienciadevida.com.ar\/portalurbano\/category\/nacion\/\" rel=\"category tag\">Naci\u00f3n<\/a>","tag_info":"Naci\u00f3n","comment_count":"0","amp_enabled":true,"_links":{"self":[{"href":"https:\/\/experienciadevida.com.ar\/portalurbano\/wp-json\/wp\/v2\/posts\/114115"}],"collection":[{"href":"https:\/\/experienciadevida.com.ar\/portalurbano\/wp-json\/wp\/v2\/posts"}],"about":[{"href":"https:\/\/experienciadevida.com.ar\/portalurbano\/wp-json\/wp\/v2\/types\/post"}],"author":[{"embeddable":true,"href":"https:\/\/experienciadevida.com.ar\/portalurbano\/wp-json\/wp\/v2\/users\/1"}],"replies":[{"embeddable":true,"href":"https:\/\/experienciadevida.com.ar\/portalurbano\/wp-json\/wp\/v2\/comments?post=114115"}],"version-history":[{"count":1,"href":"https:\/\/experienciadevida.com.ar\/portalurbano\/wp-json\/wp\/v2\/posts\/114115\/revisions"}],"predecessor-version":[{"id":114116,"href":"https:\/\/experienciadevida.com.ar\/portalurbano\/wp-json\/wp\/v2\/posts\/114115\/revisions\/114116"}],"wp:featuredmedia":[{"embeddable":true,"href":"https:\/\/experienciadevida.com.ar\/portalurbano\/wp-json\/wp\/v2\/media\/110169"}],"wp:attachment":[{"href":"https:\/\/experienciadevida.com.ar\/portalurbano\/wp-json\/wp\/v2\/media?parent=114115"}],"wp:term":[{"taxonomy":"category","embeddable":true,"href":"https:\/\/experienciadevida.com.ar\/portalurbano\/wp-json\/wp\/v2\/categories?post=114115"},{"taxonomy":"post_tag","embeddable":true,"href":"https:\/\/experienciadevida.com.ar\/portalurbano\/wp-json\/wp\/v2\/tags?post=114115"}],"curies":[{"name":"wp","href":"https:\/\/api.w.org\/{rel}","templated":true}]}}