{"id":114040,"date":"2020-07-06T10:48:46","date_gmt":"2020-07-06T13:48:46","guid":{"rendered":"https:\/\/experienciadevida.com.ar\/portalurbano\/?p=114040"},"modified":"2020-07-06T10:49:09","modified_gmt":"2020-07-06T13:49:09","slug":"anses-suspendio-el-pago-de-dos-cuotas-en-creditos-para-jubilados","status":"publish","type":"post","link":"https:\/\/experienciadevida.com.ar\/portalurbano\/anses-suspendio-el-pago-de-dos-cuotas-en-creditos-para-jubilados\/","title":{"rendered":"Anses suspendi\u00f3 el pago de dos cuotas en cr\u00e9ditos para jubilados"},"content":{"rendered":"<p>Se trata de las correspondientes a los meses de julio y agosto. Para AUH y Asignaciones Familiares, la postergaci\u00f3n depende de algunos factores.<\/p>\n<p>La Administraci\u00f3n Nacional de la Seguridad Social (Anses) suspendi\u00f3 el pago de las cuotas para los cr\u00e9ditos vigentes por los meses de julio y agosto de 2020 de su programa de financiamiento para jubilados y pensionados, a trav\u00e9s de la Resoluci\u00f3n 2\/2020 publicada este lunes en el Bolet\u00edn Oficial.<\/p>\n<p>La norma, que forma parte de las medidas dictadas para paliar el impacto econ\u00f3mico de la pandemia de coronavirus, estableci\u00f3 adem\u00e1s que los beneficiarios alcanzados por esta medida no podr\u00e1n solicitar el otorgamiento de nuevos pr\u00e9stamos del Programa Cr\u00e9ditos Anses.<\/p>\n<p>A su vez, indic\u00f3 que, en los cr\u00e9ditos otorgados a titulares de Asignaci\u00f3n Universal por Hijo (AUH) y Asignaciones Familiares (SUAF), la suspensi\u00f3n de cuotas depender\u00e1 de que el menor por el cual se percibe la prestaci\u00f3n no alcance durante ese lapso los 18 a\u00f1os, salvo en el caso de personas con discapacidad.<\/p>\n<p>El organismo record\u00f3 tambi\u00e9n que el cobro de este beneficio se establece hasta la mayor\u00eda de edad, en cuyo supuesto no se aplicar\u00e1 el descuento, aun si se ha otorgado con la inclusi\u00f3n de otros hijos menores de edad.<\/p>\n<p>La resoluci\u00f3n tambi\u00e9n determin\u00f3 que la suspensi\u00f3n del cobro de las cuotas de julio y agosto quedar\u00e1 sujeta a la fecha de vencimiento del beneficio que perciben los titulares de prestaci\u00f3n por Invalidez.<\/p>\n<p>Por \u00faltimo, la medida exceptu\u00f3 del l\u00edmite de edad m\u00e1xima para acceder a los cr\u00e9ditos que se considera para los beneficiarios a la fecha de finalizaci\u00f3n del pago de los mismos, a los tomadores que se encuentren alcanzados por la suspensi\u00f3n del cobro de cuotas, seg\u00fan sean titulares de prestaciones del Sistema Integrado Previsional Argentino (SIPA), Prestaciones No Contributivas (PNC) de Vejez, Invalidez y Madres de m\u00e1s de Siete Hijos, y Pensi\u00f3n Universal al Adulto Mayor (PUAM).<\/p>\n","protected":false},"excerpt":{"rendered":"<p>Se trata de las correspondientes a los meses de julio y agosto. Para AUH y&#8230;<\/p>\n","protected":false},"author":1,"featured_media":94069,"comment_status":"closed","ping_status":"closed","sticky":false,"template":"","format":"standard","meta":{"content-type":""},"categories":[39],"tags":[],"nelio_content":{"isAutoShareEnabled":false,"autoShareEndMode":"default","automationSources":{"useContentSentences":true,"useSocialTemplates":true,"useCustomSentences":false,"customSentences":[]},"followers":[1],"suggestedReferences":[],"includedReferences":[],"efiUrl":"","efiAlt":"","highlights":[]},"yoast_head":"<!-- This site is optimized with the Yoast SEO plugin v20.7 - https:\/\/yoast.com\/wordpress\/plugins\/seo\/ -->\n<title>Anses suspendi\u00f3 el pago de dos cuotas en cr\u00e9ditos para jubilados -<\/title>\n<meta name=\"robots\" content=\"index, follow, max-snippet:-1, max-image-preview:large, max-video-preview:-1\" \/>\n<link rel=\"canonical\" href=\"https:\/\/experienciadevida.com.ar\/portalurbano\/anses-suspendio-el-pago-de-dos-cuotas-en-creditos-para-jubilados\/\" \/>\n<meta property=\"og:locale\" content=\"es_ES\" \/>\n<meta property=\"og:type\" content=\"article\" \/>\n<meta property=\"og:title\" content=\"Anses suspendi\u00f3 el pago de dos cuotas en cr\u00e9ditos para jubilados -\" \/>\n<meta property=\"og:description\" content=\"Se trata de las correspondientes a los meses de julio y agosto. Para AUH y...\" \/>\n<meta property=\"og:url\" content=\"https:\/\/experienciadevida.com.ar\/portalurbano\/anses-suspendio-el-pago-de-dos-cuotas-en-creditos-para-jubilados\/\" \/>\n<meta property=\"article:publisher\" content=\"https:\/\/www.facebook.com\/Portal-Urbano-171542830093757\/\" \/>\n<meta property=\"article:published_time\" content=\"2020-07-06T13:48:46+00:00\" \/>\n<meta property=\"article:modified_time\" content=\"2020-07-06T13:49:09+00:00\" \/>\n<meta property=\"og:image\" content=\"https:\/\/experienciadevida.com.ar\/portalurbano\/wp-content\/uploads\/2019\/11\/ANSES-e1583620378791.jpg\" \/>\n\t<meta property=\"og:image:width\" content=\"800\" \/>\n\t<meta property=\"og:image:height\" content=\"481\" \/>\n\t<meta property=\"og:image:type\" content=\"image\/jpeg\" \/>\n<meta name=\"author\" content=\"admpu17wp\" \/>\n<meta name=\"twitter:card\" content=\"summary_large_image\" \/>\n<meta name=\"twitter:creator\" content=\"@portalurbanook\" \/>\n<meta name=\"twitter:site\" content=\"@portalurbanook\" \/>\n<meta name=\"twitter:label1\" content=\"Escrito por\" \/>\n\t<meta name=\"twitter:data1\" content=\"admpu17wp\" \/>\n\t<meta name=\"twitter:label2\" content=\"Tiempo de lectura\" \/>\n\t<meta name=\"twitter:data2\" content=\"2 minutos\" \/>\n<script type=\"application\/ld+json\" class=\"yoast-schema-graph\">{\"@context\":\"https:\/\/schema.org\",\"@graph\":[{\"@type\":\"Article\",\"@id\":\"https:\/\/experienciadevida.com.ar\/portalurbano\/anses-suspendio-el-pago-de-dos-cuotas-en-creditos-para-jubilados\/#article\",\"isPartOf\":{\"@id\":\"https:\/\/experienciadevida.com.ar\/portalurbano\/anses-suspendio-el-pago-de-dos-cuotas-en-creditos-para-jubilados\/\"},\"author\":{\"name\":\"admpu17wp\",\"@id\":\"https:\/\/experienciadevida.com.ar\/portalurbano\/#\/schema\/person\/02dd326b1c4b056e9cc972486934a3a7\"},\"headline\":\"Anses suspendi\u00f3 el pago de dos cuotas en cr\u00e9ditos para jubilados\",\"datePublished\":\"2020-07-06T13:48:46+00:00\",\"dateModified\":\"2020-07-06T13:49:09+00:00\",\"mainEntityOfPage\":{\"@id\":\"https:\/\/experienciadevida.com.ar\/portalurbano\/anses-suspendio-el-pago-de-dos-cuotas-en-creditos-para-jubilados\/\"},\"wordCount\":354,\"publisher\":{\"@id\":\"https:\/\/experienciadevida.com.ar\/portalurbano\/#organization\"},\"articleSection\":[\"Naci\u00f3n\"],\"inLanguage\":\"es\"},{\"@type\":\"WebPage\",\"@id\":\"https:\/\/experienciadevida.com.ar\/portalurbano\/anses-suspendio-el-pago-de-dos-cuotas-en-creditos-para-jubilados\/\",\"url\":\"https:\/\/experienciadevida.com.ar\/portalurbano\/anses-suspendio-el-pago-de-dos-cuotas-en-creditos-para-jubilados\/\",\"name\":\"Anses suspendi\u00f3 el pago de dos cuotas en cr\u00e9ditos para jubilados -\",\"isPartOf\":{\"@id\":\"https:\/\/experienciadevida.com.ar\/portalurbano\/#website\"},\"datePublished\":\"2020-07-06T13:48:46+00:00\",\"dateModified\":\"2020-07-06T13:49:09+00:00\",\"breadcrumb\":{\"@id\":\"https:\/\/experienciadevida.com.ar\/portalurbano\/anses-suspendio-el-pago-de-dos-cuotas-en-creditos-para-jubilados\/#breadcrumb\"},\"inLanguage\":\"es\",\"potentialAction\":[{\"@type\":\"ReadAction\",\"target\":[\"https:\/\/experienciadevida.com.ar\/portalurbano\/anses-suspendio-el-pago-de-dos-cuotas-en-creditos-para-jubilados\/\"]}]},{\"@type\":\"BreadcrumbList\",\"@id\":\"https:\/\/experienciadevida.com.ar\/portalurbano\/anses-suspendio-el-pago-de-dos-cuotas-en-creditos-para-jubilados\/#breadcrumb\",\"itemListElement\":[{\"@type\":\"ListItem\",\"position\":1,\"name\":\"Portada\",\"item\":\"https:\/\/experienciadevida.com.ar\/portalurbano\/\"},{\"@type\":\"ListItem\",\"position\":2,\"name\":\"Anses suspendi\u00f3 el pago de dos cuotas en cr\u00e9ditos para jubilados\"}]},{\"@type\":\"WebSite\",\"@id\":\"https:\/\/experienciadevida.com.ar\/portalurbano\/#website\",\"url\":\"https:\/\/experienciadevida.com.ar\/portalurbano\/\",\"name\":\"\",\"description\":\"\",\"publisher\":{\"@id\":\"https:\/\/experienciadevida.com.ar\/portalurbano\/#organization\"},\"potentialAction\":[{\"@type\":\"SearchAction\",\"target\":{\"@type\":\"EntryPoint\",\"urlTemplate\":\"https:\/\/experienciadevida.com.ar\/portalurbano\/?s={search_term_string}\"},\"query-input\":\"required name=search_term_string\"}],\"inLanguage\":\"es\"},{\"@type\":\"Organization\",\"@id\":\"https:\/\/experienciadevida.com.ar\/portalurbano\/#organization\",\"name\":\"Portal Urbano\",\"url\":\"https:\/\/experienciadevida.com.ar\/portalurbano\/\",\"logo\":{\"@type\":\"ImageObject\",\"inLanguage\":\"es\",\"@id\":\"https:\/\/experienciadevida.com.ar\/portalurbano\/#\/schema\/logo\/image\/\",\"url\":\"https:\/\/experienciadevida.com.ar\/portalurbano\/wp-content\/uploads\/2019\/09\/Logo-Original.png\",\"contentUrl\":\"https:\/\/experienciadevida.com.ar\/portalurbano\/wp-content\/uploads\/2019\/09\/Logo-Original.png\",\"width\":2236,\"height\":1216,\"caption\":\"Portal Urbano\"},\"image\":{\"@id\":\"https:\/\/experienciadevida.com.ar\/portalurbano\/#\/schema\/logo\/image\/\"},\"sameAs\":[\"https:\/\/www.facebook.com\/Portal-Urbano-171542830093757\/\",\"https:\/\/twitter.com\/portalurbanook\",\"https:\/\/www.instagram.com\/_portalurbano\/\",\"https:\/\/www.youtube.com\/channel\/UCXhagIfszH8KxFiOok79zbA?view_as=subscriber\"]},{\"@type\":\"Person\",\"@id\":\"https:\/\/experienciadevida.com.ar\/portalurbano\/#\/schema\/person\/02dd326b1c4b056e9cc972486934a3a7\",\"name\":\"admpu17wp\",\"image\":{\"@type\":\"ImageObject\",\"inLanguage\":\"es\",\"@id\":\"https:\/\/experienciadevida.com.ar\/portalurbano\/#\/schema\/person\/image\/\",\"url\":\"https:\/\/secure.gravatar.com\/avatar\/830d4c57adaae6630765e449a6908047?s=96&d=mm&r=g\",\"contentUrl\":\"https:\/\/secure.gravatar.com\/avatar\/830d4c57adaae6630765e449a6908047?s=96&d=mm&r=g\",\"caption\":\"admpu17wp\"}}]}<\/script>\n<!-- \/ Yoast SEO plugin. -->","yoast_head_json":{"title":"Anses suspendi\u00f3 el pago de dos cuotas en cr\u00e9ditos para jubilados -","robots":{"index":"index","follow":"follow","max-snippet":"max-snippet:-1","max-image-preview":"max-image-preview:large","max-video-preview":"max-video-preview:-1"},"canonical":"https:\/\/experienciadevida.com.ar\/portalurbano\/anses-suspendio-el-pago-de-dos-cuotas-en-creditos-para-jubilados\/","og_locale":"es_ES","og_type":"article","og_title":"Anses suspendi\u00f3 el pago de dos cuotas en cr\u00e9ditos para jubilados -","og_description":"Se trata de las correspondientes a los meses de julio y agosto. Para AUH y...","og_url":"https:\/\/experienciadevida.com.ar\/portalurbano\/anses-suspendio-el-pago-de-dos-cuotas-en-creditos-para-jubilados\/","article_publisher":"https:\/\/www.facebook.com\/Portal-Urbano-171542830093757\/","article_published_time":"2020-07-06T13:48:46+00:00","article_modified_time":"2020-07-06T13:49:09+00:00","og_image":[{"width":800,"height":481,"url":"https:\/\/experienciadevida.com.ar\/portalurbano\/wp-content\/uploads\/2019\/11\/ANSES-e1583620378791.jpg","type":"image\/jpeg"}],"author":"admpu17wp","twitter_card":"summary_large_image","twitter_creator":"@portalurbanook","twitter_site":"@portalurbanook","twitter_misc":{"Escrito por":"admpu17wp","Tiempo de lectura":"2 minutos"},"schema":{"@context":"https:\/\/schema.org","@graph":[{"@type":"Article","@id":"https:\/\/experienciadevida.com.ar\/portalurbano\/anses-suspendio-el-pago-de-dos-cuotas-en-creditos-para-jubilados\/#article","isPartOf":{"@id":"https:\/\/experienciadevida.com.ar\/portalurbano\/anses-suspendio-el-pago-de-dos-cuotas-en-creditos-para-jubilados\/"},"author":{"name":"admpu17wp","@id":"https:\/\/experienciadevida.com.ar\/portalurbano\/#\/schema\/person\/02dd326b1c4b056e9cc972486934a3a7"},"headline":"Anses suspendi\u00f3 el pago de dos cuotas en cr\u00e9ditos para jubilados","datePublished":"2020-07-06T13:48:46+00:00","dateModified":"2020-07-06T13:49:09+00:00","mainEntityOfPage":{"@id":"https:\/\/experienciadevida.com.ar\/portalurbano\/anses-suspendio-el-pago-de-dos-cuotas-en-creditos-para-jubilados\/"},"wordCount":354,"publisher":{"@id":"https:\/\/experienciadevida.com.ar\/portalurbano\/#organization"},"articleSection":["Naci\u00f3n"],"inLanguage":"es"},{"@type":"WebPage","@id":"https:\/\/experienciadevida.com.ar\/portalurbano\/anses-suspendio-el-pago-de-dos-cuotas-en-creditos-para-jubilados\/","url":"https:\/\/experienciadevida.com.ar\/portalurbano\/anses-suspendio-el-pago-de-dos-cuotas-en-creditos-para-jubilados\/","name":"Anses suspendi\u00f3 el pago de dos cuotas en cr\u00e9ditos para jubilados -","isPartOf":{"@id":"https:\/\/experienciadevida.com.ar\/portalurbano\/#website"},"datePublished":"2020-07-06T13:48:46+00:00","dateModified":"2020-07-06T13:49:09+00:00","breadcrumb":{"@id":"https:\/\/experienciadevida.com.ar\/portalurbano\/anses-suspendio-el-pago-de-dos-cuotas-en-creditos-para-jubilados\/#breadcrumb"},"inLanguage":"es","potentialAction":[{"@type":"ReadAction","target":["https:\/\/experienciadevida.com.ar\/portalurbano\/anses-suspendio-el-pago-de-dos-cuotas-en-creditos-para-jubilados\/"]}]},{"@type":"BreadcrumbList","@id":"https:\/\/experienciadevida.com.ar\/portalurbano\/anses-suspendio-el-pago-de-dos-cuotas-en-creditos-para-jubilados\/#breadcrumb","itemListElement":[{"@type":"ListItem","position":1,"name":"Portada","item":"https:\/\/experienciadevida.com.ar\/portalurbano\/"},{"@type":"ListItem","position":2,"name":"Anses suspendi\u00f3 el pago de dos cuotas en cr\u00e9ditos para jubilados"}]},{"@type":"WebSite","@id":"https:\/\/experienciadevida.com.ar\/portalurbano\/#website","url":"https:\/\/experienciadevida.com.ar\/portalurbano\/","name":"","description":"","publisher":{"@id":"https:\/\/experienciadevida.com.ar\/portalurbano\/#organization"},"potentialAction":[{"@type":"SearchAction","target":{"@type":"EntryPoint","urlTemplate":"https:\/\/experienciadevida.com.ar\/portalurbano\/?s={search_term_string}"},"query-input":"required name=search_term_string"}],"inLanguage":"es"},{"@type":"Organization","@id":"https:\/\/experienciadevida.com.ar\/portalurbano\/#organization","name":"Portal Urbano","url":"https:\/\/experienciadevida.com.ar\/portalurbano\/","logo":{"@type":"ImageObject","inLanguage":"es","@id":"https:\/\/experienciadevida.com.ar\/portalurbano\/#\/schema\/logo\/image\/","url":"https:\/\/experienciadevida.com.ar\/portalurbano\/wp-content\/uploads\/2019\/09\/Logo-Original.png","contentUrl":"https:\/\/experienciadevida.com.ar\/portalurbano\/wp-content\/uploads\/2019\/09\/Logo-Original.png","width":2236,"height":1216,"caption":"Portal Urbano"},"image":{"@id":"https:\/\/experienciadevida.com.ar\/portalurbano\/#\/schema\/logo\/image\/"},"sameAs":["https:\/\/www.facebook.com\/Portal-Urbano-171542830093757\/","https:\/\/twitter.com\/portalurbanook","https:\/\/www.instagram.com\/_portalurbano\/","https:\/\/www.youtube.com\/channel\/UCXhagIfszH8KxFiOok79zbA?view_as=subscriber"]},{"@type":"Person","@id":"https:\/\/experienciadevida.com.ar\/portalurbano\/#\/schema\/person\/02dd326b1c4b056e9cc972486934a3a7","name":"admpu17wp","image":{"@type":"ImageObject","inLanguage":"es","@id":"https:\/\/experienciadevida.com.ar\/portalurbano\/#\/schema\/person\/image\/","url":"https:\/\/secure.gravatar.com\/avatar\/830d4c57adaae6630765e449a6908047?s=96&d=mm&r=g","contentUrl":"https:\/\/secure.gravatar.com\/avatar\/830d4c57adaae6630765e449a6908047?s=96&d=mm&r=g","caption":"admpu17wp"}}]}},"featured_image_urls":{"full":["https:\/\/experienciadevida.com.ar\/portalurbano\/wp-content\/uploads\/2019\/11\/ANSES-e1583620378791.jpg",800,481,false],"thumbnail":["https:\/\/experienciadevida.com.ar\/portalurbano\/wp-content\/uploads\/2019\/11\/ANSES-150x150.jpg",150,150,true],"medium":["https:\/\/experienciadevida.com.ar\/portalurbano\/wp-content\/uploads\/2019\/11\/ANSES-300x180.jpg",300,180,true],"medium_large":["https:\/\/experienciadevida.com.ar\/portalurbano\/wp-content\/uploads\/2019\/11\/ANSES-768x461.jpg",640,384,true],"large":["https:\/\/experienciadevida.com.ar\/portalurbano\/wp-content\/uploads\/2019\/11\/ANSES-1024x615.jpg",640,384,true],"ug_big":["https:\/\/experienciadevida.com.ar\/portalurbano\/wp-content\/uploads\/2019\/11\/ANSES-768x461.jpg",768,461,true],"1536x1536":["https:\/\/experienciadevida.com.ar\/portalurbano\/wp-content\/uploads\/2019\/11\/ANSES-e1583620378791.jpg",800,481,false],"2048x2048":["https:\/\/experienciadevida.com.ar\/portalurbano\/wp-content\/uploads\/2019\/11\/ANSES-e1583620378791.jpg",800,481,false],"newsever-slider-full":["https:\/\/experienciadevida.com.ar\/portalurbano\/wp-content\/uploads\/2019\/11\/ANSES-e1583620378791.jpg",800,481,false],"newsever-featured":["https:\/\/experienciadevida.com.ar\/portalurbano\/wp-content\/uploads\/2019\/11\/ANSES-e1583620378791.jpg",800,481,false],"newsever-medium":["https:\/\/experienciadevida.com.ar\/portalurbano\/wp-content\/uploads\/2019\/11\/ANSES-e1583620378791.jpg",720,433,false],"web-stories-poster-portrait":["https:\/\/experienciadevida.com.ar\/portalurbano\/wp-content\/uploads\/2019\/11\/ANSES-e1583620378791.jpg",640,385,false],"web-stories-publisher-logo":["https:\/\/experienciadevida.com.ar\/portalurbano\/wp-content\/uploads\/2019\/11\/ANSES-e1583620378791.jpg",96,58,false],"web-stories-thumbnail":["https:\/\/experienciadevida.com.ar\/portalurbano\/wp-content\/uploads\/2019\/11\/ANSES-e1583620378791.jpg",150,90,false]},"author_info":{"display_name":"admpu17wp","author_link":"https:\/\/experienciadevida.com.ar\/portalurbano\/author\/admpu17wp\/"},"category_info":"<a href=\"https:\/\/experienciadevida.com.ar\/portalurbano\/category\/nacion\/\" rel=\"category tag\">Naci\u00f3n<\/a>","tag_info":"Naci\u00f3n","comment_count":"0","amp_enabled":true,"_links":{"self":[{"href":"https:\/\/experienciadevida.com.ar\/portalurbano\/wp-json\/wp\/v2\/posts\/114040"}],"collection":[{"href":"https:\/\/experienciadevida.com.ar\/portalurbano\/wp-json\/wp\/v2\/posts"}],"about":[{"href":"https:\/\/experienciadevida.com.ar\/portalurbano\/wp-json\/wp\/v2\/types\/post"}],"author":[{"embeddable":true,"href":"https:\/\/experienciadevida.com.ar\/portalurbano\/wp-json\/wp\/v2\/users\/1"}],"replies":[{"embeddable":true,"href":"https:\/\/experienciadevida.com.ar\/portalurbano\/wp-json\/wp\/v2\/comments?post=114040"}],"version-history":[{"count":2,"href":"https:\/\/experienciadevida.com.ar\/portalurbano\/wp-json\/wp\/v2\/posts\/114040\/revisions"}],"predecessor-version":[{"id":114042,"href":"https:\/\/experienciadevida.com.ar\/portalurbano\/wp-json\/wp\/v2\/posts\/114040\/revisions\/114042"}],"wp:featuredmedia":[{"embeddable":true,"href":"https:\/\/experienciadevida.com.ar\/portalurbano\/wp-json\/wp\/v2\/media\/94069"}],"wp:attachment":[{"href":"https:\/\/experienciadevida.com.ar\/portalurbano\/wp-json\/wp\/v2\/media?parent=114040"}],"wp:term":[{"taxonomy":"category","embeddable":true,"href":"https:\/\/experienciadevida.com.ar\/portalurbano\/wp-json\/wp\/v2\/categories?post=114040"},{"taxonomy":"post_tag","embeddable":true,"href":"https:\/\/experienciadevida.com.ar\/portalurbano\/wp-json\/wp\/v2\/tags?post=114040"}],"curies":[{"name":"wp","href":"https:\/\/api.w.org\/{rel}","templated":true}]}}