{"id":114018,"date":"2020-07-05T19:52:23","date_gmt":"2020-07-05T22:52:23","guid":{"rendered":"https:\/\/experienciadevida.com.ar\/portalurbano\/?p=114018"},"modified":"2020-07-05T19:53:27","modified_gmt":"2020-07-05T22:53:27","slug":"covid-19-en-el-pais-confirman-2-439-nuevos-casos-y-26-muertes","status":"publish","type":"post","link":"https:\/\/experienciadevida.com.ar\/portalurbano\/covid-19-en-el-pais-confirman-2-439-nuevos-casos-y-26-muertes\/","title":{"rendered":"Covid-19 en el pa\u00eds: confirman 2.439 nuevos casos y 26 muertes"},"content":{"rendered":"<p>Los infectados desde el inicio de la pandemia ya suman 77.815. De esa cifra, murieron 1.507 en total.<\/p>\n<p>De acuerdo al \u00faltimo parte del Ministerio de Salud de la Naci\u00f3n fueron confirmados 2.439 nuevos casos de coronavirus en el pa\u00eds, y la pandemia ya alcanza los 77.815 contagios desde su inicio. De esa cifra, 1.507 personas murieron, ya que en las \u00faltimas horas se produjeron 26 decesos.<\/p>\n<p>De acuerdo al registro de casos de las \u00faltimas 24 horas, la provincia de Buenos Aires tuvo 1.564 diagn\u00f3sticos, m\u00e1s que la Ciudad de Buenos Aires que confirm\u00f3 767.<\/p>\n<p>\u201cDel total de esos casos, 1.072 (1,4%) son importados, 27.239 (35%) son contactos estrechos de casos confirmados, 36.235 (46,6%) son casos de circulaci\u00f3n comunitaria y el resto se encuentra en investigaci\u00f3n epidemiol\u00f3gica\u201d, especific\u00f3 la cartera sanitaria.<\/p>\n<p>De acuerdo a los informes oficiales ofrecidos hoy por el ministerio de Salud, se registraron 26 nuevas muertes. Se trata de 16 hombres, ocho de 69, 77, 81, 82, 78, 79 y 65 a\u00f1os y uno de quien no se confirm\u00f3 edad, residentes en la provincia de Buenos Aires; seis de 87, 60, 84, 61, 71 y 82 a\u00f1os, residentes en la Ciudad de Buenos Aires (CABA); dos de 70 y 73 a\u00f1os, residentes en la provincia de Neuqu\u00e9n; y 10 mujeres, cuatro de 80, 88, 70 y 78 a\u00f1os, residentes en la provincia de Buenos Aires; cuatro de 89, 91, 69 y 82 a\u00f1os, residentes en la Ciudad de Buenos Aires (CABA); una de 82 a\u00f1os, residente en la provincia de R\u00edo Negro; y una de 67 a\u00f1os, oriunda de Neuqu\u00e9n. Al momento la cantidad de personas fallecidas es 1.507.<\/p>\n<p>La mayor\u00eda de los positivos siguen circunscriptos a la provincia de Buenos Aires y a CABA, donde se diagnosticaron 2.331 casos en las \u00faltimas 24 horas. El total acumulado detectado en el \u00c1rea Metropolitana de Buenos Aires desde el inicio de la pandemia es de 71.259 contagios, siendo la zona de mayor circulaci\u00f3n del coronavirus.<\/p>\n<p>Detalle por distrito<br \/>\nBuenos Aires 1564 | 39.974<\/p>\n<p>Ciudad de Buenos Aires 767 | 31.285<\/p>\n<p>Catamarca 0 | 6<\/p>\n<p>Chaco 47 | 2.309<\/p>\n<p>Chubut 6 | 154<\/p>\n<p>C\u00f3rdoba 14 | 702<\/p>\n<p>Corrientes 1 | 119<\/p>\n<p>Entre R\u00edos 6 | 329<\/p>\n<p>Formosa 0 | 75<\/p>\n<p>Jujuy 1 | 163<\/p>\n<p>La Pampa 0 | 7<\/p>\n<p>La Rioja 6 | 102<\/p>\n<p>Mendoza 7 | 195<\/p>\n<p>Misiones 0 | 40<\/p>\n<p>Neuqu\u00e9n 9 | 560<\/p>\n<p>R\u00edo Negro 3 | 965<\/p>\n<p>Salta 2 | 59<\/p>\n<p>San Juan 0 | 8<\/p>\n<p>San Luis 0 | 12<\/p>\n<p>Santa Cruz 0 | 51<\/p>\n<p>Santa Fe 3 | 437<\/p>\n<p>Santiago del Estero 0 | 25<\/p>\n<p>Tierra del Fuego** 0 | 153<\/p>\n<p>Tucum\u00e1n 3 | 85<\/p>\n<p>*Aquellos casos confirmados que no est\u00e1n notificados por residencia, fueron contabilizados por provincia de carga.<\/p>\n<p>**Se incluyen 13 casos existentes en las Islas Malvinas seg\u00fan informaci\u00f3n de prensa, debido a la ocupaci\u00f3n ilegal del Reino Unido, Gran Breta\u00f1a e Irlanda del Norte no es posible contar con informaci\u00f3n propia sobre el impacto del Covid-19 en esa parte del territorio argentino.<\/p>\n","protected":false},"excerpt":{"rendered":"<p>Los infectados desde el inicio de la pandemia ya suman 77.815. De esa cifra, murieron&#8230;<\/p>\n","protected":false},"author":1,"featured_media":105802,"comment_status":"closed","ping_status":"closed","sticky":false,"template":"","format":"standard","meta":{"content-type":""},"categories":[71,39],"tags":[],"nelio_content":{"isAutoShareEnabled":false,"autoShareEndMode":"default","automationSources":{"useContentSentences":true,"useSocialTemplates":true,"useCustomSentences":false,"customSentences":[]},"followers":[1],"suggestedReferences":[],"includedReferences":[],"efiUrl":"","efiAlt":"","highlights":[]},"yoast_head":"<!-- This site is optimized with the Yoast SEO plugin v20.7 - https:\/\/yoast.com\/wordpress\/plugins\/seo\/ -->\n<title>Covid-19 en el pa\u00eds: confirman 2.439 nuevos casos y 26 muertes -<\/title>\n<meta name=\"robots\" content=\"index, follow, max-snippet:-1, max-image-preview:large, max-video-preview:-1\" \/>\n<link rel=\"canonical\" href=\"https:\/\/experienciadevida.com.ar\/portalurbano\/covid-19-en-el-pais-confirman-2-439-nuevos-casos-y-26-muertes\/\" \/>\n<meta property=\"og:locale\" content=\"es_ES\" \/>\n<meta property=\"og:type\" content=\"article\" \/>\n<meta property=\"og:title\" content=\"Covid-19 en el pa\u00eds: confirman 2.439 nuevos casos y 26 muertes -\" \/>\n<meta property=\"og:description\" content=\"Los infectados desde el inicio de la pandemia ya suman 77.815. De esa cifra, murieron...\" \/>\n<meta property=\"og:url\" content=\"https:\/\/experienciadevida.com.ar\/portalurbano\/covid-19-en-el-pais-confirman-2-439-nuevos-casos-y-26-muertes\/\" \/>\n<meta property=\"article:publisher\" content=\"https:\/\/www.facebook.com\/Portal-Urbano-171542830093757\/\" \/>\n<meta property=\"article:published_time\" content=\"2020-07-05T22:52:23+00:00\" \/>\n<meta property=\"article:modified_time\" content=\"2020-07-05T22:53:27+00:00\" \/>\n<meta property=\"og:image\" content=\"https:\/\/experienciadevida.com.ar\/portalurbano\/wp-content\/uploads\/2020\/03\/CORONAVIRUS-10.jpg\" \/>\n\t<meta property=\"og:image:width\" content=\"1140\" \/>\n\t<meta property=\"og:image:height\" content=\"622\" \/>\n\t<meta property=\"og:image:type\" content=\"image\/jpeg\" \/>\n<meta name=\"author\" content=\"admpu17wp\" \/>\n<meta name=\"twitter:card\" content=\"summary_large_image\" \/>\n<meta name=\"twitter:creator\" content=\"@portalurbanook\" \/>\n<meta name=\"twitter:site\" content=\"@portalurbanook\" \/>\n<meta name=\"twitter:label1\" content=\"Escrito por\" \/>\n\t<meta name=\"twitter:data1\" content=\"admpu17wp\" \/>\n\t<meta name=\"twitter:label2\" content=\"Tiempo de lectura\" \/>\n\t<meta name=\"twitter:data2\" content=\"2 minutos\" \/>\n<script type=\"application\/ld+json\" class=\"yoast-schema-graph\">{\"@context\":\"https:\/\/schema.org\",\"@graph\":[{\"@type\":\"Article\",\"@id\":\"https:\/\/experienciadevida.com.ar\/portalurbano\/covid-19-en-el-pais-confirman-2-439-nuevos-casos-y-26-muertes\/#article\",\"isPartOf\":{\"@id\":\"https:\/\/experienciadevida.com.ar\/portalurbano\/covid-19-en-el-pais-confirman-2-439-nuevos-casos-y-26-muertes\/\"},\"author\":{\"name\":\"admpu17wp\",\"@id\":\"https:\/\/experienciadevida.com.ar\/portalurbano\/#\/schema\/person\/02dd326b1c4b056e9cc972486934a3a7\"},\"headline\":\"Covid-19 en el pa\u00eds: confirman 2.439 nuevos casos y 26 muertes\",\"datePublished\":\"2020-07-05T22:52:23+00:00\",\"dateModified\":\"2020-07-05T22:53:27+00:00\",\"mainEntityOfPage\":{\"@id\":\"https:\/\/experienciadevida.com.ar\/portalurbano\/covid-19-en-el-pais-confirman-2-439-nuevos-casos-y-26-muertes\/\"},\"wordCount\":423,\"publisher\":{\"@id\":\"https:\/\/experienciadevida.com.ar\/portalurbano\/#organization\"},\"articleSection\":[\"Coronavirus\",\"Naci\u00f3n\"],\"inLanguage\":\"es\"},{\"@type\":\"WebPage\",\"@id\":\"https:\/\/experienciadevida.com.ar\/portalurbano\/covid-19-en-el-pais-confirman-2-439-nuevos-casos-y-26-muertes\/\",\"url\":\"https:\/\/experienciadevida.com.ar\/portalurbano\/covid-19-en-el-pais-confirman-2-439-nuevos-casos-y-26-muertes\/\",\"name\":\"Covid-19 en el pa\u00eds: confirman 2.439 nuevos casos y 26 muertes -\",\"isPartOf\":{\"@id\":\"https:\/\/experienciadevida.com.ar\/portalurbano\/#website\"},\"datePublished\":\"2020-07-05T22:52:23+00:00\",\"dateModified\":\"2020-07-05T22:53:27+00:00\",\"breadcrumb\":{\"@id\":\"https:\/\/experienciadevida.com.ar\/portalurbano\/covid-19-en-el-pais-confirman-2-439-nuevos-casos-y-26-muertes\/#breadcrumb\"},\"inLanguage\":\"es\",\"potentialAction\":[{\"@type\":\"ReadAction\",\"target\":[\"https:\/\/experienciadevida.com.ar\/portalurbano\/covid-19-en-el-pais-confirman-2-439-nuevos-casos-y-26-muertes\/\"]}]},{\"@type\":\"BreadcrumbList\",\"@id\":\"https:\/\/experienciadevida.com.ar\/portalurbano\/covid-19-en-el-pais-confirman-2-439-nuevos-casos-y-26-muertes\/#breadcrumb\",\"itemListElement\":[{\"@type\":\"ListItem\",\"position\":1,\"name\":\"Portada\",\"item\":\"https:\/\/experienciadevida.com.ar\/portalurbano\/\"},{\"@type\":\"ListItem\",\"position\":2,\"name\":\"Covid-19 en el pa\u00eds: confirman 2.439 nuevos casos y 26 muertes\"}]},{\"@type\":\"WebSite\",\"@id\":\"https:\/\/experienciadevida.com.ar\/portalurbano\/#website\",\"url\":\"https:\/\/experienciadevida.com.ar\/portalurbano\/\",\"name\":\"\",\"description\":\"\",\"publisher\":{\"@id\":\"https:\/\/experienciadevida.com.ar\/portalurbano\/#organization\"},\"potentialAction\":[{\"@type\":\"SearchAction\",\"target\":{\"@type\":\"EntryPoint\",\"urlTemplate\":\"https:\/\/experienciadevida.com.ar\/portalurbano\/?s={search_term_string}\"},\"query-input\":\"required name=search_term_string\"}],\"inLanguage\":\"es\"},{\"@type\":\"Organization\",\"@id\":\"https:\/\/experienciadevida.com.ar\/portalurbano\/#organization\",\"name\":\"Portal Urbano\",\"url\":\"https:\/\/experienciadevida.com.ar\/portalurbano\/\",\"logo\":{\"@type\":\"ImageObject\",\"inLanguage\":\"es\",\"@id\":\"https:\/\/experienciadevida.com.ar\/portalurbano\/#\/schema\/logo\/image\/\",\"url\":\"https:\/\/experienciadevida.com.ar\/portalurbano\/wp-content\/uploads\/2019\/09\/Logo-Original.png\",\"contentUrl\":\"https:\/\/experienciadevida.com.ar\/portalurbano\/wp-content\/uploads\/2019\/09\/Logo-Original.png\",\"width\":2236,\"height\":1216,\"caption\":\"Portal Urbano\"},\"image\":{\"@id\":\"https:\/\/experienciadevida.com.ar\/portalurbano\/#\/schema\/logo\/image\/\"},\"sameAs\":[\"https:\/\/www.facebook.com\/Portal-Urbano-171542830093757\/\",\"https:\/\/twitter.com\/portalurbanook\",\"https:\/\/www.instagram.com\/_portalurbano\/\",\"https:\/\/www.youtube.com\/channel\/UCXhagIfszH8KxFiOok79zbA?view_as=subscriber\"]},{\"@type\":\"Person\",\"@id\":\"https:\/\/experienciadevida.com.ar\/portalurbano\/#\/schema\/person\/02dd326b1c4b056e9cc972486934a3a7\",\"name\":\"admpu17wp\",\"image\":{\"@type\":\"ImageObject\",\"inLanguage\":\"es\",\"@id\":\"https:\/\/experienciadevida.com.ar\/portalurbano\/#\/schema\/person\/image\/\",\"url\":\"https:\/\/secure.gravatar.com\/avatar\/830d4c57adaae6630765e449a6908047?s=96&d=mm&r=g\",\"contentUrl\":\"https:\/\/secure.gravatar.com\/avatar\/830d4c57adaae6630765e449a6908047?s=96&d=mm&r=g\",\"caption\":\"admpu17wp\"}}]}<\/script>\n<!-- \/ Yoast SEO plugin. -->","yoast_head_json":{"title":"Covid-19 en el pa\u00eds: confirman 2.439 nuevos casos y 26 muertes -","robots":{"index":"index","follow":"follow","max-snippet":"max-snippet:-1","max-image-preview":"max-image-preview:large","max-video-preview":"max-video-preview:-1"},"canonical":"https:\/\/experienciadevida.com.ar\/portalurbano\/covid-19-en-el-pais-confirman-2-439-nuevos-casos-y-26-muertes\/","og_locale":"es_ES","og_type":"article","og_title":"Covid-19 en el pa\u00eds: confirman 2.439 nuevos casos y 26 muertes -","og_description":"Los infectados desde el inicio de la pandemia ya suman 77.815. De esa cifra, murieron...","og_url":"https:\/\/experienciadevida.com.ar\/portalurbano\/covid-19-en-el-pais-confirman-2-439-nuevos-casos-y-26-muertes\/","article_publisher":"https:\/\/www.facebook.com\/Portal-Urbano-171542830093757\/","article_published_time":"2020-07-05T22:52:23+00:00","article_modified_time":"2020-07-05T22:53:27+00:00","og_image":[{"width":1140,"height":622,"url":"https:\/\/experienciadevida.com.ar\/portalurbano\/wp-content\/uploads\/2020\/03\/CORONAVIRUS-10.jpg","type":"image\/jpeg"}],"author":"admpu17wp","twitter_card":"summary_large_image","twitter_creator":"@portalurbanook","twitter_site":"@portalurbanook","twitter_misc":{"Escrito por":"admpu17wp","Tiempo de lectura":"2 minutos"},"schema":{"@context":"https:\/\/schema.org","@graph":[{"@type":"Article","@id":"https:\/\/experienciadevida.com.ar\/portalurbano\/covid-19-en-el-pais-confirman-2-439-nuevos-casos-y-26-muertes\/#article","isPartOf":{"@id":"https:\/\/experienciadevida.com.ar\/portalurbano\/covid-19-en-el-pais-confirman-2-439-nuevos-casos-y-26-muertes\/"},"author":{"name":"admpu17wp","@id":"https:\/\/experienciadevida.com.ar\/portalurbano\/#\/schema\/person\/02dd326b1c4b056e9cc972486934a3a7"},"headline":"Covid-19 en el pa\u00eds: confirman 2.439 nuevos casos y 26 muertes","datePublished":"2020-07-05T22:52:23+00:00","dateModified":"2020-07-05T22:53:27+00:00","mainEntityOfPage":{"@id":"https:\/\/experienciadevida.com.ar\/portalurbano\/covid-19-en-el-pais-confirman-2-439-nuevos-casos-y-26-muertes\/"},"wordCount":423,"publisher":{"@id":"https:\/\/experienciadevida.com.ar\/portalurbano\/#organization"},"articleSection":["Coronavirus","Naci\u00f3n"],"inLanguage":"es"},{"@type":"WebPage","@id":"https:\/\/experienciadevida.com.ar\/portalurbano\/covid-19-en-el-pais-confirman-2-439-nuevos-casos-y-26-muertes\/","url":"https:\/\/experienciadevida.com.ar\/portalurbano\/covid-19-en-el-pais-confirman-2-439-nuevos-casos-y-26-muertes\/","name":"Covid-19 en el pa\u00eds: confirman 2.439 nuevos casos y 26 muertes -","isPartOf":{"@id":"https:\/\/experienciadevida.com.ar\/portalurbano\/#website"},"datePublished":"2020-07-05T22:52:23+00:00","dateModified":"2020-07-05T22:53:27+00:00","breadcrumb":{"@id":"https:\/\/experienciadevida.com.ar\/portalurbano\/covid-19-en-el-pais-confirman-2-439-nuevos-casos-y-26-muertes\/#breadcrumb"},"inLanguage":"es","potentialAction":[{"@type":"ReadAction","target":["https:\/\/experienciadevida.com.ar\/portalurbano\/covid-19-en-el-pais-confirman-2-439-nuevos-casos-y-26-muertes\/"]}]},{"@type":"BreadcrumbList","@id":"https:\/\/experienciadevida.com.ar\/portalurbano\/covid-19-en-el-pais-confirman-2-439-nuevos-casos-y-26-muertes\/#breadcrumb","itemListElement":[{"@type":"ListItem","position":1,"name":"Portada","item":"https:\/\/experienciadevida.com.ar\/portalurbano\/"},{"@type":"ListItem","position":2,"name":"Covid-19 en el pa\u00eds: confirman 2.439 nuevos casos y 26 muertes"}]},{"@type":"WebSite","@id":"https:\/\/experienciadevida.com.ar\/portalurbano\/#website","url":"https:\/\/experienciadevida.com.ar\/portalurbano\/","name":"","description":"","publisher":{"@id":"https:\/\/experienciadevida.com.ar\/portalurbano\/#organization"},"potentialAction":[{"@type":"SearchAction","target":{"@type":"EntryPoint","urlTemplate":"https:\/\/experienciadevida.com.ar\/portalurbano\/?s={search_term_string}"},"query-input":"required name=search_term_string"}],"inLanguage":"es"},{"@type":"Organization","@id":"https:\/\/experienciadevida.com.ar\/portalurbano\/#organization","name":"Portal Urbano","url":"https:\/\/experienciadevida.com.ar\/portalurbano\/","logo":{"@type":"ImageObject","inLanguage":"es","@id":"https:\/\/experienciadevida.com.ar\/portalurbano\/#\/schema\/logo\/image\/","url":"https:\/\/experienciadevida.com.ar\/portalurbano\/wp-content\/uploads\/2019\/09\/Logo-Original.png","contentUrl":"https:\/\/experienciadevida.com.ar\/portalurbano\/wp-content\/uploads\/2019\/09\/Logo-Original.png","width":2236,"height":1216,"caption":"Portal Urbano"},"image":{"@id":"https:\/\/experienciadevida.com.ar\/portalurbano\/#\/schema\/logo\/image\/"},"sameAs":["https:\/\/www.facebook.com\/Portal-Urbano-171542830093757\/","https:\/\/twitter.com\/portalurbanook","https:\/\/www.instagram.com\/_portalurbano\/","https:\/\/www.youtube.com\/channel\/UCXhagIfszH8KxFiOok79zbA?view_as=subscriber"]},{"@type":"Person","@id":"https:\/\/experienciadevida.com.ar\/portalurbano\/#\/schema\/person\/02dd326b1c4b056e9cc972486934a3a7","name":"admpu17wp","image":{"@type":"ImageObject","inLanguage":"es","@id":"https:\/\/experienciadevida.com.ar\/portalurbano\/#\/schema\/person\/image\/","url":"https:\/\/secure.gravatar.com\/avatar\/830d4c57adaae6630765e449a6908047?s=96&d=mm&r=g","contentUrl":"https:\/\/secure.gravatar.com\/avatar\/830d4c57adaae6630765e449a6908047?s=96&d=mm&r=g","caption":"admpu17wp"}}]}},"featured_image_urls":{"full":["https:\/\/experienciadevida.com.ar\/portalurbano\/wp-content\/uploads\/2020\/03\/CORONAVIRUS-10.jpg",1140,622,false],"thumbnail":["https:\/\/experienciadevida.com.ar\/portalurbano\/wp-content\/uploads\/2020\/03\/CORONAVIRUS-10-150x150.jpg",150,150,true],"medium":["https:\/\/experienciadevida.com.ar\/portalurbano\/wp-content\/uploads\/2020\/03\/CORONAVIRUS-10-300x164.jpg",300,164,true],"medium_large":["https:\/\/experienciadevida.com.ar\/portalurbano\/wp-content\/uploads\/2020\/03\/CORONAVIRUS-10-768x419.jpg",640,349,true],"large":["https:\/\/experienciadevida.com.ar\/portalurbano\/wp-content\/uploads\/2020\/03\/CORONAVIRUS-10-1024x559.jpg",640,349,true],"ug_big":["https:\/\/experienciadevida.com.ar\/portalurbano\/wp-content\/uploads\/2020\/03\/CORONAVIRUS-10-768x419.jpg",768,419,true],"1536x1536":["https:\/\/experienciadevida.com.ar\/portalurbano\/wp-content\/uploads\/2020\/03\/CORONAVIRUS-10.jpg",1140,622,false],"2048x2048":["https:\/\/experienciadevida.com.ar\/portalurbano\/wp-content\/uploads\/2020\/03\/CORONAVIRUS-10.jpg",1140,622,false],"newsever-slider-full":["https:\/\/experienciadevida.com.ar\/portalurbano\/wp-content\/uploads\/2020\/03\/CORONAVIRUS-10.jpg",1140,622,false],"newsever-featured":["https:\/\/experienciadevida.com.ar\/portalurbano\/wp-content\/uploads\/2020\/03\/CORONAVIRUS-10.jpg",1024,559,false],"newsever-medium":["https:\/\/experienciadevida.com.ar\/portalurbano\/wp-content\/uploads\/2020\/03\/CORONAVIRUS-10.jpg",720,393,false],"web-stories-poster-portrait":["https:\/\/experienciadevida.com.ar\/portalurbano\/wp-content\/uploads\/2020\/03\/CORONAVIRUS-10.jpg",640,349,false],"web-stories-publisher-logo":["https:\/\/experienciadevida.com.ar\/portalurbano\/wp-content\/uploads\/2020\/03\/CORONAVIRUS-10.jpg",96,52,false],"web-stories-thumbnail":["https:\/\/experienciadevida.com.ar\/portalurbano\/wp-content\/uploads\/2020\/03\/CORONAVIRUS-10.jpg",150,82,false]},"author_info":{"display_name":"admpu17wp","author_link":"https:\/\/experienciadevida.com.ar\/portalurbano\/author\/admpu17wp\/"},"category_info":"<a href=\"https:\/\/experienciadevida.com.ar\/portalurbano\/category\/nacion\/coronavirus\/\" rel=\"category tag\">Coronavirus<\/a> <a href=\"https:\/\/experienciadevida.com.ar\/portalurbano\/category\/nacion\/\" rel=\"category tag\">Naci\u00f3n<\/a>","tag_info":"Naci\u00f3n","comment_count":"0","amp_enabled":true,"_links":{"self":[{"href":"https:\/\/experienciadevida.com.ar\/portalurbano\/wp-json\/wp\/v2\/posts\/114018"}],"collection":[{"href":"https:\/\/experienciadevida.com.ar\/portalurbano\/wp-json\/wp\/v2\/posts"}],"about":[{"href":"https:\/\/experienciadevida.com.ar\/portalurbano\/wp-json\/wp\/v2\/types\/post"}],"author":[{"embeddable":true,"href":"https:\/\/experienciadevida.com.ar\/portalurbano\/wp-json\/wp\/v2\/users\/1"}],"replies":[{"embeddable":true,"href":"https:\/\/experienciadevida.com.ar\/portalurbano\/wp-json\/wp\/v2\/comments?post=114018"}],"version-history":[{"count":1,"href":"https:\/\/experienciadevida.com.ar\/portalurbano\/wp-json\/wp\/v2\/posts\/114018\/revisions"}],"predecessor-version":[{"id":114019,"href":"https:\/\/experienciadevida.com.ar\/portalurbano\/wp-json\/wp\/v2\/posts\/114018\/revisions\/114019"}],"wp:featuredmedia":[{"embeddable":true,"href":"https:\/\/experienciadevida.com.ar\/portalurbano\/wp-json\/wp\/v2\/media\/105802"}],"wp:attachment":[{"href":"https:\/\/experienciadevida.com.ar\/portalurbano\/wp-json\/wp\/v2\/media?parent=114018"}],"wp:term":[{"taxonomy":"category","embeddable":true,"href":"https:\/\/experienciadevida.com.ar\/portalurbano\/wp-json\/wp\/v2\/categories?post=114018"},{"taxonomy":"post_tag","embeddable":true,"href":"https:\/\/experienciadevida.com.ar\/portalurbano\/wp-json\/wp\/v2\/tags?post=114018"}],"curies":[{"name":"wp","href":"https:\/\/api.w.org\/{rel}","templated":true}]}}