{"id":113967,"date":"2020-07-04T21:28:37","date_gmt":"2020-07-05T00:28:37","guid":{"rendered":"https:\/\/experienciadevida.com.ar\/portalurbano\/?p=113967"},"modified":"2020-07-04T21:29:03","modified_gmt":"2020-07-05T00:29:03","slug":"confirmaron-2590-nuevos-casos-y-44-muertos-en-las-ultimas-24-horas","status":"publish","type":"post","link":"https:\/\/experienciadevida.com.ar\/portalurbano\/confirmaron-2590-nuevos-casos-y-44-muertos-en-las-ultimas-24-horas\/","title":{"rendered":"Confirmaron 2590 nuevos casos y 44 muertos en las \u00faltimas 24 horas"},"content":{"rendered":"<p>El Ministerio de Salud anunci\u00f3 que en las \u00faltimas 24 horas se registraron 2.590 nuevos casos de coronavirus, que elevaron el total de diagn\u00f3sticos positivos en la Argentina a 75.376. El reporte vespertino tambi\u00e9n confirm\u00f3 28 v\u00edctimas fatales, que se suman a las otras 16 comunicadas por la ma\u00f1ana para dar un total de 44 muertos.<\/p>\n<p>La cartera de salud inform\u00f3 que los fallecidos son 10 hombres, 4 de 68, 85, 66 y 70 a\u00f1os, residentes en la provincia de Buenos Aires; 3 de 82, 75 y 84 a\u00f1os, residentes en la Ciudad de Buenos Aires (CABA); dos de 63 y 64 a\u00f1os, residentes en la provincia de Chaco; uno de 76 a\u00f1os, residente en la provincia de Santa F\u00e9; y 18 mujeres, 12 de 60, 90, 92, 54, 88, 80, 83, 84, 74, 75, 85 y 76 a\u00f1os, residentes en la provincia de Buenos Aires; 5 de 85, 94, 74, 83 y 71 a\u00f1os, residentes en la Ciudad de Buenos Aires (CABA); y una de 33 a\u00f1os, residente en la provincia de Chaco.<\/p>\n<p>Por otro lado, el ministerio que dirige Gin\u00e9s Gonz\u00e1lez Garc\u00eda detall\u00f3 c\u00f3mo sigue la ocupaci\u00f3n de camas en todo el pa\u00eds, con 637 personas internadas en unidades de terapia intensiva. El porcentaje de ocupaci\u00f3n total de camas en la Naci\u00f3n se ubica en el 51,5%, en tanto que en AMBA es levemente superior: 57,7%.<\/p>\n<p>La secretaria de Acceso a la Salud, Carla Vizzotti, indic\u00f3 durante la conferencia de prensa matutina: \u201cAyer culmin\u00f3 la tercera etapa de estudios de anticuerpos de personas que circulan en medios de transporte p\u00fablico en el \u00e1rea metropolitana. Se realizaron 405 en la terminal de trenes de Once y hubo 11 positivos. Si lo comparamos con abril y mayo, cuando se realizaron 2.610 test con 10 positivos, lo que daba un 2,5% de positividad, vemos que hoy se quintuplic\u00f3\u201d.<\/p>\n<p>Por otra parte, se inform\u00f3 que las personas internadas en Unidades de Terapia Intensiva (UTI) ya son 637, y que el 93% de se encuentran en sanatorios y hospitales de la ciudad y la provincia de Buenos Aires.<\/p>\n<p>Ayer se procesaron 8951 nuevos tests y desde el inicio del brote se realizaron 390.382 pruebas diagn\u00f3sticas para esta enfermedad, lo que equivale a 8603 muestras por mill\u00f3n de habitantes.<\/p>\n<p>Fuente: DIB<\/p>\n","protected":false},"excerpt":{"rendered":"<p>El Ministerio de Salud anunci\u00f3 que en las \u00faltimas 24 horas se registraron 2.590 nuevos&#8230;<\/p>\n","protected":false},"author":1,"featured_media":0,"comment_status":"closed","ping_status":"closed","sticky":false,"template":"","format":"standard","meta":{"content-type":""},"categories":[71,39],"tags":[],"nelio_content":{"isAutoShareEnabled":false,"autoShareEndMode":"default","automationSources":{"useContentSentences":true,"useSocialTemplates":true,"useCustomSentences":false,"customSentences":[]},"followers":[1],"suggestedReferences":[],"includedReferences":[],"efiUrl":"","efiAlt":"","highlights":[]},"yoast_head":"<!-- This site is optimized with the Yoast SEO plugin v20.7 - https:\/\/yoast.com\/wordpress\/plugins\/seo\/ -->\n<title>Confirmaron 2590 nuevos casos y 44 muertos en las \u00faltimas 24 horas -<\/title>\n<meta name=\"robots\" content=\"index, follow, max-snippet:-1, max-image-preview:large, max-video-preview:-1\" \/>\n<link rel=\"canonical\" href=\"https:\/\/experienciadevida.com.ar\/portalurbano\/confirmaron-2590-nuevos-casos-y-44-muertos-en-las-ultimas-24-horas\/\" \/>\n<meta property=\"og:locale\" content=\"es_ES\" \/>\n<meta property=\"og:type\" content=\"article\" \/>\n<meta property=\"og:title\" content=\"Confirmaron 2590 nuevos casos y 44 muertos en las \u00faltimas 24 horas -\" \/>\n<meta property=\"og:description\" content=\"El Ministerio de Salud anunci\u00f3 que en las \u00faltimas 24 horas se registraron 2.590 nuevos...\" \/>\n<meta property=\"og:url\" content=\"https:\/\/experienciadevida.com.ar\/portalurbano\/confirmaron-2590-nuevos-casos-y-44-muertos-en-las-ultimas-24-horas\/\" \/>\n<meta property=\"article:publisher\" content=\"https:\/\/www.facebook.com\/Portal-Urbano-171542830093757\/\" \/>\n<meta property=\"article:published_time\" content=\"2020-07-05T00:28:37+00:00\" \/>\n<meta property=\"article:modified_time\" content=\"2020-07-05T00:29:03+00:00\" \/>\n<meta name=\"author\" content=\"admpu17wp\" \/>\n<meta name=\"twitter:card\" content=\"summary_large_image\" \/>\n<meta name=\"twitter:creator\" content=\"@portalurbanook\" \/>\n<meta name=\"twitter:site\" content=\"@portalurbanook\" \/>\n<meta name=\"twitter:label1\" content=\"Escrito por\" \/>\n\t<meta name=\"twitter:data1\" content=\"admpu17wp\" \/>\n\t<meta name=\"twitter:label2\" content=\"Tiempo de lectura\" \/>\n\t<meta name=\"twitter:data2\" content=\"2 minutos\" \/>\n<script type=\"application\/ld+json\" class=\"yoast-schema-graph\">{\"@context\":\"https:\/\/schema.org\",\"@graph\":[{\"@type\":\"Article\",\"@id\":\"https:\/\/experienciadevida.com.ar\/portalurbano\/confirmaron-2590-nuevos-casos-y-44-muertos-en-las-ultimas-24-horas\/#article\",\"isPartOf\":{\"@id\":\"https:\/\/experienciadevida.com.ar\/portalurbano\/confirmaron-2590-nuevos-casos-y-44-muertos-en-las-ultimas-24-horas\/\"},\"author\":{\"name\":\"admpu17wp\",\"@id\":\"https:\/\/experienciadevida.com.ar\/portalurbano\/#\/schema\/person\/02dd326b1c4b056e9cc972486934a3a7\"},\"headline\":\"Confirmaron 2590 nuevos casos y 44 muertos en las \u00faltimas 24 horas\",\"datePublished\":\"2020-07-05T00:28:37+00:00\",\"dateModified\":\"2020-07-05T00:29:03+00:00\",\"mainEntityOfPage\":{\"@id\":\"https:\/\/experienciadevida.com.ar\/portalurbano\/confirmaron-2590-nuevos-casos-y-44-muertos-en-las-ultimas-24-horas\/\"},\"wordCount\":355,\"publisher\":{\"@id\":\"https:\/\/experienciadevida.com.ar\/portalurbano\/#organization\"},\"articleSection\":[\"Coronavirus\",\"Naci\u00f3n\"],\"inLanguage\":\"es\"},{\"@type\":\"WebPage\",\"@id\":\"https:\/\/experienciadevida.com.ar\/portalurbano\/confirmaron-2590-nuevos-casos-y-44-muertos-en-las-ultimas-24-horas\/\",\"url\":\"https:\/\/experienciadevida.com.ar\/portalurbano\/confirmaron-2590-nuevos-casos-y-44-muertos-en-las-ultimas-24-horas\/\",\"name\":\"Confirmaron 2590 nuevos casos y 44 muertos en las \u00faltimas 24 horas -\",\"isPartOf\":{\"@id\":\"https:\/\/experienciadevida.com.ar\/portalurbano\/#website\"},\"datePublished\":\"2020-07-05T00:28:37+00:00\",\"dateModified\":\"2020-07-05T00:29:03+00:00\",\"breadcrumb\":{\"@id\":\"https:\/\/experienciadevida.com.ar\/portalurbano\/confirmaron-2590-nuevos-casos-y-44-muertos-en-las-ultimas-24-horas\/#breadcrumb\"},\"inLanguage\":\"es\",\"potentialAction\":[{\"@type\":\"ReadAction\",\"target\":[\"https:\/\/experienciadevida.com.ar\/portalurbano\/confirmaron-2590-nuevos-casos-y-44-muertos-en-las-ultimas-24-horas\/\"]}]},{\"@type\":\"BreadcrumbList\",\"@id\":\"https:\/\/experienciadevida.com.ar\/portalurbano\/confirmaron-2590-nuevos-casos-y-44-muertos-en-las-ultimas-24-horas\/#breadcrumb\",\"itemListElement\":[{\"@type\":\"ListItem\",\"position\":1,\"name\":\"Portada\",\"item\":\"https:\/\/experienciadevida.com.ar\/portalurbano\/\"},{\"@type\":\"ListItem\",\"position\":2,\"name\":\"Confirmaron 2590 nuevos casos y 44 muertos en las \u00faltimas 24 horas\"}]},{\"@type\":\"WebSite\",\"@id\":\"https:\/\/experienciadevida.com.ar\/portalurbano\/#website\",\"url\":\"https:\/\/experienciadevida.com.ar\/portalurbano\/\",\"name\":\"\",\"description\":\"\",\"publisher\":{\"@id\":\"https:\/\/experienciadevida.com.ar\/portalurbano\/#organization\"},\"potentialAction\":[{\"@type\":\"SearchAction\",\"target\":{\"@type\":\"EntryPoint\",\"urlTemplate\":\"https:\/\/experienciadevida.com.ar\/portalurbano\/?s={search_term_string}\"},\"query-input\":\"required name=search_term_string\"}],\"inLanguage\":\"es\"},{\"@type\":\"Organization\",\"@id\":\"https:\/\/experienciadevida.com.ar\/portalurbano\/#organization\",\"name\":\"Portal Urbano\",\"url\":\"https:\/\/experienciadevida.com.ar\/portalurbano\/\",\"logo\":{\"@type\":\"ImageObject\",\"inLanguage\":\"es\",\"@id\":\"https:\/\/experienciadevida.com.ar\/portalurbano\/#\/schema\/logo\/image\/\",\"url\":\"https:\/\/experienciadevida.com.ar\/portalurbano\/wp-content\/uploads\/2019\/09\/Logo-Original.png\",\"contentUrl\":\"https:\/\/experienciadevida.com.ar\/portalurbano\/wp-content\/uploads\/2019\/09\/Logo-Original.png\",\"width\":2236,\"height\":1216,\"caption\":\"Portal Urbano\"},\"image\":{\"@id\":\"https:\/\/experienciadevida.com.ar\/portalurbano\/#\/schema\/logo\/image\/\"},\"sameAs\":[\"https:\/\/www.facebook.com\/Portal-Urbano-171542830093757\/\",\"https:\/\/twitter.com\/portalurbanook\",\"https:\/\/www.instagram.com\/_portalurbano\/\",\"https:\/\/www.youtube.com\/channel\/UCXhagIfszH8KxFiOok79zbA?view_as=subscriber\"]},{\"@type\":\"Person\",\"@id\":\"https:\/\/experienciadevida.com.ar\/portalurbano\/#\/schema\/person\/02dd326b1c4b056e9cc972486934a3a7\",\"name\":\"admpu17wp\",\"image\":{\"@type\":\"ImageObject\",\"inLanguage\":\"es\",\"@id\":\"https:\/\/experienciadevida.com.ar\/portalurbano\/#\/schema\/person\/image\/\",\"url\":\"https:\/\/secure.gravatar.com\/avatar\/830d4c57adaae6630765e449a6908047?s=96&d=mm&r=g\",\"contentUrl\":\"https:\/\/secure.gravatar.com\/avatar\/830d4c57adaae6630765e449a6908047?s=96&d=mm&r=g\",\"caption\":\"admpu17wp\"}}]}<\/script>\n<!-- \/ Yoast SEO plugin. -->","yoast_head_json":{"title":"Confirmaron 2590 nuevos casos y 44 muertos en las \u00faltimas 24 horas -","robots":{"index":"index","follow":"follow","max-snippet":"max-snippet:-1","max-image-preview":"max-image-preview:large","max-video-preview":"max-video-preview:-1"},"canonical":"https:\/\/experienciadevida.com.ar\/portalurbano\/confirmaron-2590-nuevos-casos-y-44-muertos-en-las-ultimas-24-horas\/","og_locale":"es_ES","og_type":"article","og_title":"Confirmaron 2590 nuevos casos y 44 muertos en las \u00faltimas 24 horas -","og_description":"El Ministerio de Salud anunci\u00f3 que en las \u00faltimas 24 horas se registraron 2.590 nuevos...","og_url":"https:\/\/experienciadevida.com.ar\/portalurbano\/confirmaron-2590-nuevos-casos-y-44-muertos-en-las-ultimas-24-horas\/","article_publisher":"https:\/\/www.facebook.com\/Portal-Urbano-171542830093757\/","article_published_time":"2020-07-05T00:28:37+00:00","article_modified_time":"2020-07-05T00:29:03+00:00","author":"admpu17wp","twitter_card":"summary_large_image","twitter_creator":"@portalurbanook","twitter_site":"@portalurbanook","twitter_misc":{"Escrito por":"admpu17wp","Tiempo de lectura":"2 minutos"},"schema":{"@context":"https:\/\/schema.org","@graph":[{"@type":"Article","@id":"https:\/\/experienciadevida.com.ar\/portalurbano\/confirmaron-2590-nuevos-casos-y-44-muertos-en-las-ultimas-24-horas\/#article","isPartOf":{"@id":"https:\/\/experienciadevida.com.ar\/portalurbano\/confirmaron-2590-nuevos-casos-y-44-muertos-en-las-ultimas-24-horas\/"},"author":{"name":"admpu17wp","@id":"https:\/\/experienciadevida.com.ar\/portalurbano\/#\/schema\/person\/02dd326b1c4b056e9cc972486934a3a7"},"headline":"Confirmaron 2590 nuevos casos y 44 muertos en las \u00faltimas 24 horas","datePublished":"2020-07-05T00:28:37+00:00","dateModified":"2020-07-05T00:29:03+00:00","mainEntityOfPage":{"@id":"https:\/\/experienciadevida.com.ar\/portalurbano\/confirmaron-2590-nuevos-casos-y-44-muertos-en-las-ultimas-24-horas\/"},"wordCount":355,"publisher":{"@id":"https:\/\/experienciadevida.com.ar\/portalurbano\/#organization"},"articleSection":["Coronavirus","Naci\u00f3n"],"inLanguage":"es"},{"@type":"WebPage","@id":"https:\/\/experienciadevida.com.ar\/portalurbano\/confirmaron-2590-nuevos-casos-y-44-muertos-en-las-ultimas-24-horas\/","url":"https:\/\/experienciadevida.com.ar\/portalurbano\/confirmaron-2590-nuevos-casos-y-44-muertos-en-las-ultimas-24-horas\/","name":"Confirmaron 2590 nuevos casos y 44 muertos en las \u00faltimas 24 horas -","isPartOf":{"@id":"https:\/\/experienciadevida.com.ar\/portalurbano\/#website"},"datePublished":"2020-07-05T00:28:37+00:00","dateModified":"2020-07-05T00:29:03+00:00","breadcrumb":{"@id":"https:\/\/experienciadevida.com.ar\/portalurbano\/confirmaron-2590-nuevos-casos-y-44-muertos-en-las-ultimas-24-horas\/#breadcrumb"},"inLanguage":"es","potentialAction":[{"@type":"ReadAction","target":["https:\/\/experienciadevida.com.ar\/portalurbano\/confirmaron-2590-nuevos-casos-y-44-muertos-en-las-ultimas-24-horas\/"]}]},{"@type":"BreadcrumbList","@id":"https:\/\/experienciadevida.com.ar\/portalurbano\/confirmaron-2590-nuevos-casos-y-44-muertos-en-las-ultimas-24-horas\/#breadcrumb","itemListElement":[{"@type":"ListItem","position":1,"name":"Portada","item":"https:\/\/experienciadevida.com.ar\/portalurbano\/"},{"@type":"ListItem","position":2,"name":"Confirmaron 2590 nuevos casos y 44 muertos en las \u00faltimas 24 horas"}]},{"@type":"WebSite","@id":"https:\/\/experienciadevida.com.ar\/portalurbano\/#website","url":"https:\/\/experienciadevida.com.ar\/portalurbano\/","name":"","description":"","publisher":{"@id":"https:\/\/experienciadevida.com.ar\/portalurbano\/#organization"},"potentialAction":[{"@type":"SearchAction","target":{"@type":"EntryPoint","urlTemplate":"https:\/\/experienciadevida.com.ar\/portalurbano\/?s={search_term_string}"},"query-input":"required name=search_term_string"}],"inLanguage":"es"},{"@type":"Organization","@id":"https:\/\/experienciadevida.com.ar\/portalurbano\/#organization","name":"Portal Urbano","url":"https:\/\/experienciadevida.com.ar\/portalurbano\/","logo":{"@type":"ImageObject","inLanguage":"es","@id":"https:\/\/experienciadevida.com.ar\/portalurbano\/#\/schema\/logo\/image\/","url":"https:\/\/experienciadevida.com.ar\/portalurbano\/wp-content\/uploads\/2019\/09\/Logo-Original.png","contentUrl":"https:\/\/experienciadevida.com.ar\/portalurbano\/wp-content\/uploads\/2019\/09\/Logo-Original.png","width":2236,"height":1216,"caption":"Portal Urbano"},"image":{"@id":"https:\/\/experienciadevida.com.ar\/portalurbano\/#\/schema\/logo\/image\/"},"sameAs":["https:\/\/www.facebook.com\/Portal-Urbano-171542830093757\/","https:\/\/twitter.com\/portalurbanook","https:\/\/www.instagram.com\/_portalurbano\/","https:\/\/www.youtube.com\/channel\/UCXhagIfszH8KxFiOok79zbA?view_as=subscriber"]},{"@type":"Person","@id":"https:\/\/experienciadevida.com.ar\/portalurbano\/#\/schema\/person\/02dd326b1c4b056e9cc972486934a3a7","name":"admpu17wp","image":{"@type":"ImageObject","inLanguage":"es","@id":"https:\/\/experienciadevida.com.ar\/portalurbano\/#\/schema\/person\/image\/","url":"https:\/\/secure.gravatar.com\/avatar\/830d4c57adaae6630765e449a6908047?s=96&d=mm&r=g","contentUrl":"https:\/\/secure.gravatar.com\/avatar\/830d4c57adaae6630765e449a6908047?s=96&d=mm&r=g","caption":"admpu17wp"}}]}},"featured_image_urls":{"full":"","thumbnail":"","medium":"","medium_large":"","large":"","ug_big":"","1536x1536":"","2048x2048":"","newsever-slider-full":"","newsever-featured":"","newsever-medium":"","web-stories-poster-portrait":"","web-stories-publisher-logo":"","web-stories-thumbnail":""},"author_info":{"display_name":"admpu17wp","author_link":"https:\/\/experienciadevida.com.ar\/portalurbano\/author\/admpu17wp\/"},"category_info":"<a href=\"https:\/\/experienciadevida.com.ar\/portalurbano\/category\/nacion\/coronavirus\/\" rel=\"category tag\">Coronavirus<\/a> <a href=\"https:\/\/experienciadevida.com.ar\/portalurbano\/category\/nacion\/\" rel=\"category tag\">Naci\u00f3n<\/a>","tag_info":"Naci\u00f3n","comment_count":"0","amp_enabled":true,"_links":{"self":[{"href":"https:\/\/experienciadevida.com.ar\/portalurbano\/wp-json\/wp\/v2\/posts\/113967"}],"collection":[{"href":"https:\/\/experienciadevida.com.ar\/portalurbano\/wp-json\/wp\/v2\/posts"}],"about":[{"href":"https:\/\/experienciadevida.com.ar\/portalurbano\/wp-json\/wp\/v2\/types\/post"}],"author":[{"embeddable":true,"href":"https:\/\/experienciadevida.com.ar\/portalurbano\/wp-json\/wp\/v2\/users\/1"}],"replies":[{"embeddable":true,"href":"https:\/\/experienciadevida.com.ar\/portalurbano\/wp-json\/wp\/v2\/comments?post=113967"}],"version-history":[{"count":1,"href":"https:\/\/experienciadevida.com.ar\/portalurbano\/wp-json\/wp\/v2\/posts\/113967\/revisions"}],"predecessor-version":[{"id":113968,"href":"https:\/\/experienciadevida.com.ar\/portalurbano\/wp-json\/wp\/v2\/posts\/113967\/revisions\/113968"}],"wp:attachment":[{"href":"https:\/\/experienciadevida.com.ar\/portalurbano\/wp-json\/wp\/v2\/media?parent=113967"}],"wp:term":[{"taxonomy":"category","embeddable":true,"href":"https:\/\/experienciadevida.com.ar\/portalurbano\/wp-json\/wp\/v2\/categories?post=113967"},{"taxonomy":"post_tag","embeddable":true,"href":"https:\/\/experienciadevida.com.ar\/portalurbano\/wp-json\/wp\/v2\/tags?post=113967"}],"curies":[{"name":"wp","href":"https:\/\/api.w.org\/{rel}","templated":true}]}}