{"id":113946,"date":"2020-07-05T08:42:17","date_gmt":"2020-07-05T11:42:17","guid":{"rendered":"https:\/\/experienciadevida.com.ar\/portalurbano\/?p=113946"},"modified":"2020-07-05T08:42:17","modified_gmt":"2020-07-05T11:42:17","slug":"columna-coronavirus-discriminacion-y-debate-politico","status":"publish","type":"post","link":"https:\/\/experienciadevida.com.ar\/portalurbano\/columna-coronavirus-discriminacion-y-debate-politico\/","title":{"rendered":"Columna: \u201cCoronavirus, discriminaci\u00f3n y debate pol\u00edtico\u201d"},"content":{"rendered":"<p><strong>Coronavirus<\/strong><\/p>\n<p>La semana en Olavarr\u00eda comenz\u00f3 con una leve mejor\u00eda en el aumento de casos, y as\u00ed se mantuvo hasta el ultimo parte de este s\u00e1bado donde no se registraron casos positivos.<\/p>\n<p><img decoding=\"async\" class=\"aligncenter wp-image-113965 size-full\" src=\"https:\/\/experienciadevida.com.ar\/portalurbano\/wp-content\/uploads\/2020\/07\/Grafico_semana.jpg\" alt=\"\" width=\"756\" height=\"483\" srcset=\"https:\/\/experienciadevida.com.ar\/portalurbano\/wp-content\/uploads\/2020\/07\/Grafico_semana.jpg 756w, https:\/\/experienciadevida.com.ar\/portalurbano\/wp-content\/uploads\/2020\/07\/Grafico_semana-300x192.jpg 300w\" sizes=\"(max-width: 756px) 100vw, 756px\" \/><\/p>\n<p><b>Discriminaci\u00f3n<\/b><strong> a vecinos en varias localidades cercanas a Olavarr\u00eda<\/strong><\/p>\n<p>Varios temas resonaron esta semana, uno de ellos fue la discriminaci\u00f3n que viven los Olavarrienses al ingresar a\u00a0 ciudades vecinas, motivo por el cual el Intendente de nuestra ciudad, acudi\u00f3 a la Suprema Corte de la Justicia, denunciando actos discriminatorios contra los ciudadanos.<\/p>\n<blockquote class=\"wp-embedded-content\" data-secret=\"Q0OM5Yv5ti\"><p><a href=\"https:\/\/experienciadevida.com.ar\/portalurbano\/el-intendente-acudio-a-la-corte-por-los-municipios-que-no-dejan-ingresar-a-olavarrienses\/\">El Intendente acudi\u00f3 a la Corte por los Municipios que no dejan ingresar a Olavarrienses<\/a><\/p><\/blockquote>\n<p><iframe class=\"wp-embedded-content\" sandbox=\"allow-scripts\" security=\"restricted\" style=\"position: absolute; clip: rect(1px, 1px, 1px, 1px);\" title=\"\u00abEl Intendente acudi\u00f3 a la Corte por los Municipios que no dejan ingresar a Olavarrienses\u00bb \u2014 \" src=\"https:\/\/experienciadevida.com.ar\/portalurbano\/el-intendente-acudio-a-la-corte-por-los-municipios-que-no-dejan-ingresar-a-olavarrienses\/embed\/#?secret=A2ER1XZcTY#?secret=Q0OM5Yv5ti\" data-secret=\"Q0OM5Yv5ti\" width=\"600\" height=\"338\" frameborder=\"0\" marginwidth=\"0\" marginheight=\"0\" scrolling=\"no\"><\/iframe><\/p>\n<p>En algunos lugares, como Tandil entre otros, los Olavarrienses tienen que hacer 14 d\u00edas de cuarentena, as\u00ed lo expresaba el director de control urbano vehicular, Walter Villarruel\u00a0 <em>\u201c<strong>tendr\u00e1n que hacer cuarentena como si viniesen del AMBA\u201d<\/strong><\/em>, esto llev\u00f3 a idas y vueltas entre los alcaldes vecinos y el intendente local, pero finalmente en algunos lugares los Olavarrienses pueden ingresar, previo completar una declaraciones jurada.<\/p>\n<blockquote class=\"wp-embedded-content\" data-secret=\"SRL1L4Ya2H\"><p><a href=\"https:\/\/experienciadevida.com.ar\/portalurbano\/tandil-los-olavarrienses-tendran-que-hacer-cuarentena-como-si-viniesen-de-amba\/\">Tandil &#8220;los Olavarrienses tendr\u00e1n que hacer cuarentena como si viniesen de AMBA&#8221;<\/a><\/p><\/blockquote>\n<p><iframe class=\"wp-embedded-content\" sandbox=\"allow-scripts\" security=\"restricted\" style=\"position: absolute; clip: rect(1px, 1px, 1px, 1px);\" title=\"\u00abTandil &#8220;los Olavarrienses tendr\u00e1n que hacer cuarentena como si viniesen de AMBA&#8221;\u00bb \u2014 \" src=\"https:\/\/experienciadevida.com.ar\/portalurbano\/tandil-los-olavarrienses-tendran-que-hacer-cuarentena-como-si-viniesen-de-amba\/embed\/#?secret=yQgbURlLo1#?secret=SRL1L4Ya2H\" data-secret=\"SRL1L4Ya2H\" width=\"600\" height=\"338\" frameborder=\"0\" marginwidth=\"0\" marginheight=\"0\" scrolling=\"no\"><\/iframe><\/p>\n<p><b>Rendici\u00f3n de Cuentas, violencia de genero y 7 horas de debate\u00a0<\/b><\/p>\n<p>Frases y momentos fuertes se vivieron esta semana, como la sesi\u00f3n trunca con sabor amargo que dej\u00f3 la sesi\u00f3n del jueves en el concejo Deliberante donde se debatir\u00eda la rendici\u00f3n de cuentas 2019, y la discusi\u00f3n entre el Jefe Comunal y la concejal Celeste Arouxet, donde le respondi\u00f3 <strong>\u00bfarreglas todo llorando vos?<\/strong><\/p>\n<blockquote class=\"wp-embedded-content\" data-secret=\"bt1M91xgRu\"><p><a href=\"https:\/\/experienciadevida.com.ar\/portalurbano\/trabajadoras-de-medios-de-comunicacion-repudian-los-dichos-de-galli\/\">Trabajadoras de medios de comunicaci\u00f3n repudian los dichos de Galli<\/a><\/p><\/blockquote>\n<p><iframe class=\"wp-embedded-content\" sandbox=\"allow-scripts\" security=\"restricted\" style=\"position: absolute; clip: rect(1px, 1px, 1px, 1px);\" title=\"\u00abTrabajadoras de medios de comunicaci\u00f3n repudian los dichos de Galli\u00bb \u2014 \" src=\"https:\/\/experienciadevida.com.ar\/portalurbano\/trabajadoras-de-medios-de-comunicacion-repudian-los-dichos-de-galli\/embed\/#?secret=XVt8fPc22F#?secret=bt1M91xgRu\" data-secret=\"bt1M91xgRu\" width=\"600\" height=\"338\" frameborder=\"0\" marginwidth=\"0\" marginheight=\"0\" scrolling=\"no\"><\/iframe><\/p>\n<blockquote class=\"wp-embedded-content\" data-secret=\"xldQP2cs1Y\"><p><a href=\"https:\/\/experienciadevida.com.ar\/portalurbano\/concejales-del-frente-de-todos-se-solidarizan-con-celeste-arouxet\/\">Concejales del Frente de todos se solidarizan con Celeste Arouxet<\/a><\/p><\/blockquote>\n<p><iframe class=\"wp-embedded-content\" sandbox=\"allow-scripts\" security=\"restricted\" style=\"position: absolute; clip: rect(1px, 1px, 1px, 1px);\" title=\"\u00abConcejales del Frente de todos se solidarizan con Celeste Arouxet\u00bb \u2014 \" src=\"https:\/\/experienciadevida.com.ar\/portalurbano\/concejales-del-frente-de-todos-se-solidarizan-con-celeste-arouxet\/embed\/#?secret=Np7gzUsAC2#?secret=xldQP2cs1Y\" data-secret=\"xldQP2cs1Y\" width=\"600\" height=\"338\" frameborder=\"0\" marginwidth=\"0\" marginheight=\"0\" scrolling=\"no\"><\/iframe><\/p>\n<p>La concejal hizo p\u00fablica la \u201cdenuncia\u201d en la sesi\u00f3n, donde expres\u00f3 entre llantos, la discusi\u00f3n que hab\u00eda mantenido con el Intendente tras conocerse su voto en contra de la rendici\u00f3n de cuentas. Ese mismo d\u00eda el Intendente dijo una frase desafortunada catalogando <strong>\u201cde moda\u201d<\/strong> a la violencia de g\u00e9nero, lucha que vienen realizando desde hace a\u00f1os las mujeres.<\/p>\n<p>Diferentes organizaciones vinculadas a la lucha contra la violencia machista, defendieron a la concejal y repudiaron los dichos del Jefe Comunal, quien se retract\u00f3 en un mensaje a trav\u00e9s de sus redes sociales.<\/p>\n<blockquote class=\"twitter-tweet\">\n<p dir=\"ltr\" lang=\"es\">Esta convicci\u00f3n que como sociedad tenemos, no puede banalizarse, ni sacarse de contexto. Una causa tan sensible como la violencia de g\u00e9nero se us\u00f3 para encuadrar una discusi\u00f3n pol\u00edtica privada, y es una falta de respeto hacia las v\u00edctimas reales que hoy son miles en nuestro pa\u00eds.<\/p>\n<p>\u2014 Ezequiel Galli (@ezequielgalli) <a href=\"https:\/\/twitter.com\/ezequielgalli\/status\/1279176667689295872?ref_src=twsrc%5Etfw\">July 3, 2020<\/a><\/p><\/blockquote>\n<p><script async src=\"https:\/\/platform.twitter.com\/widgets.js\" charset=\"utf-8\"><\/script><\/p>\n<p>Finalmente, en el d\u00eda de ayer, se realiz\u00f3 la sesi\u00f3n del HCD donde se debati\u00f3 tras 7 hs, logrando el oficialismo aprobar la rendici\u00f3n de cuentas 2019, que fue empatada en 10 votos y termin\u00f3 desempatando el Presidente<strong> Bruno Cenizo<\/strong>, quien hizo uso de su voto doble dando aprobada por mayor\u00eda la rendici\u00f3n de cuentas.<\/p>\n<p>El edil <strong>Germ\u00e1n Aramburu<\/strong> expreso que durante este tiempo de debate <strong>\u201cno\u00a0 hab\u00edan podido explicar d\u00f3nde estaban los 354 millones de pesos\u201d,<\/strong> por su parte <strong>Juan Sanchez<\/strong> pidi\u00f3 que no vote <strong>Juan Mujica<\/strong> por su doble condici\u00f3n ( concejal y funcionario del ejecutivo).<\/p>\n<p>El presupuesto se aprob\u00f3 con los votos de los concejales\u00a0 Mujica,Salerno,Gonzalez, Amespil, Sanchez, Cenizo, Marinangeli, Endere y Cecilia Krivochen.<\/p>\n<p>Por la negativa rechazaron Landivar,Aramburu,Sanchez,Creimer,De Bellis,Garcia,Santellan, Rodriguez, Almada y Arouxet<\/p>\n<p><strong>Cecilia Krivochen<\/strong> hab\u00eda dicho en la semana \u201ces muy triste que mujeres impidan la participaci\u00f3n pol\u00edtica de otras mujeres. Duele escuchar los pobres argumentos de quienes levantan la bandera del feminismo y la paridad de g\u00e9nero en la ciudad, cuando en realidad qued\u00f3 demostrado que lo \u00fanico que les importaba era que esta sesi\u00f3n no se realice\u201d.<\/p>\n<p>\u201cEs sano para la democracia que se conozcan los nombres de las mujeres que se llenan la boca hablando de g\u00e9nero e impidiendo la asunci\u00f3n de Laura Sequeira. &#8220;<em><strong>In\u00e9s Creimer, Celeste Arouxet, Alicia Almada, Victoria De Bellis <\/strong><\/em><em><strong>y Mercedes Land\u00edvar fueron quienes levantaron la mano al realizar este atropello\u201d<\/strong><\/em>, a\u00f1adi\u00f3 Cecilia Krivochen.<\/p>\n<p>Asimismo, la concejal dijo que <em>\u201cla oposici\u00f3n mostr\u00f3 sus cartas. El caso m\u00e1s notorio fue el de <strong>Celeste Arouxet<\/strong>, quien no s\u00f3lo no iba a acompa\u00f1ar la rendici\u00f3n de cuentas sino tambi\u00e9n se prest\u00f3 al juego de la oposici\u00f3n para llevar adelante su prop\u00f3sito\u201d.<\/em><\/p>\n<p>Finalmente, <strong>Krivochen<\/strong> expres\u00f3:<em> \u201cal hablar de g\u00e9nero el kirchnerismo tiene una doble vara. Apoyaron fervientemente la inclusi\u00f3n de <strong>Liliana Schwindt<\/strong> en la C\u00e1mara de Diputados de la Naci\u00f3n y ahora no dejan asumir una concejal\u201d.<\/em><\/p>\n<p>La presidenta de la comisi\u00f3n de genero expreso <strong>Alicia Almada<\/strong>\u00a0 \u00ab<em>este es el momento oportuno para retomar un tema que se vivi\u00f3 en la ciudad, que surgi\u00f3 de una situaci\u00f3n lamentable que se vivi\u00f3 en este recinto en la \u00faltima sesi\u00f3n, que tiene que ver con lo sucedido con la concejal Arouxet. La comisi\u00f3n de g\u00e9nero ayer, consensuamos un documento, en repudio a los dichos del Intendente, que fue votado por la mayor\u00eda pero no por dos concejales\u00bb.<\/em><\/p>\n<p><em>\u00abNo vinimos en la \u00faltima sesi\u00f3n a hablar sobre las internas del bloque oficialista, vinimos a debatir la rendici\u00f3n de cuentas, sucede que la sesi\u00f3n comienza con las palabras de la concejal Arouxet, con su llanto posterior. La comisi\u00f3n de g\u00e9nero lleg\u00f3 para contribuir a la formaci\u00f3n de todos los concejales que la integran y dar tratamiento a todos los expedientes de la tem\u00e1tica\u00bb.<\/em><\/p>\n<p>Por otro lado, dijo \u00ab<em>no las hubiera dicho si no hubiese observado el silencio c\u00f3mplice del resto del bloque, de sus compa\u00f1eras mujeres, la falta de empat\u00eda ante las l\u00e1grimas de una compa\u00f1era lo que es peor a\u00fan decir\u00a0 que est\u00e1 brindando un triste espect\u00e1culo. Cuando lloramos las mujeres hemos venido sufriendo una serie de ataques psicol\u00f3gicos, emocionales, violentos que no son otra cosa que violencia de g\u00e9nero, la violencia que denunci\u00f3 en el despacho del Intendente tras una discusi\u00f3n, y fue invitada a retirarse del bloque\u00bb.<\/em><\/p>\n<p>Ante los dichos del Intendente dijo <strong>\u00ab<\/strong><em><strong>ahora est\u00e1 de moda estas cuestiones de g\u00e9nero, que lejos de aclarar oscureci\u00f3\u00a0 y bastante, porque estamos transitando una emergencia de g\u00e9nero. Ayer el Intendente ofendi\u00f3 definitivamente a todas las mujeres de Olavarr\u00eda, luego se retract\u00f3, es poco cre\u00edble la disculpa pero debemos acept\u00e1rsela\u00bb<\/strong>.<\/em><\/p>\n<p>Tambi\u00e9n en este sentido se expreso la concejal de Cuidemos Olavarr\u00eda <strong>Victoria de Bellis<\/strong>&#8221;\u00a0\u201cl<em>a mala administraci\u00f3n del Intendente Ezequiel Galli, con un d\u00e9ficit hist\u00f3rico de las finanzas municipales del 10%, tendr\u00e1 consecuencias directas en el futuro de cientos y cientos de olavarrienses en los pr\u00f3ximos meses<\/em>\u201d y agreg\u00f3: \u201c<em>el estado econ\u00f3mico y financiero de la Municipalidad de Olavarr\u00eda, provoca que el estado municipal no sea capaz de solucionar los problemas de vecinos, comerciantes y empresarios frente a un crisis econ\u00f3mica sin precedentes que dejar\u00e1 la pandemia del Coronavirus\u201d.<\/em><\/p>\n<p>\u201c<em>Hoy, con este d\u00e9ficit, la Municipalidad de Olavarr\u00eda dej\u00f3 de ser la soluci\u00f3n de los problemas de los vecinos para convertirse en un problema para los vecinos\u201d<\/em>,<\/p>\n<p>Concluy\u00f3 diciendo: \u00ab<em>lamentablemente en el an\u00e1lisis de la Rendici\u00f3n de Cuentas 2019 vemos como la mala administraci\u00f3n de Ezequiel Galli no s\u00f3lo no cuid\u00f3 los recursos municipales el a\u00f1o pasado sino que adem\u00e1s inhabilit\u00f3 cualquier soluci\u00f3n a los problemas econ\u00f3micos que comenzar\u00e1n a surgir en Olavarr\u00eda\u201d.<\/em><\/p>\n<p>Por Redacci\u00f3n <em><strong>Portal Urbano<\/strong><\/em><\/p>\n","protected":false},"excerpt":{"rendered":"<p>Coronavirus La semana en Olavarr\u00eda comenz\u00f3 con una leve mejor\u00eda en el aumento de casos,&#8230;<\/p>\n","protected":false},"author":1,"featured_media":113964,"comment_status":"closed","ping_status":"closed","sticky":false,"template":"","format":"standard","meta":{"content-type":""},"categories":[27,51],"tags":[],"nelio_content":{"isAutoShareEnabled":false,"autoShareEndMode":"default","automationSources":{"useContentSentences":true,"useSocialTemplates":true,"useCustomSentences":false,"customSentences":[]},"followers":[1],"suggestedReferences":[],"includedReferences":[],"efiUrl":"","efiAlt":"","highlights":[]},"yoast_head":"<!-- This site is optimized with the Yoast SEO plugin v20.7 - https:\/\/yoast.com\/wordpress\/plugins\/seo\/ -->\n<title>Columna: \u201cCoronavirus, discriminaci\u00f3n y debate pol\u00edtico\u201d -<\/title>\n<meta name=\"robots\" content=\"index, follow, max-snippet:-1, max-image-preview:large, max-video-preview:-1\" \/>\n<link rel=\"canonical\" href=\"https:\/\/experienciadevida.com.ar\/portalurbano\/columna-coronavirus-discriminacion-y-debate-politico\/\" \/>\n<meta property=\"og:locale\" content=\"es_ES\" \/>\n<meta property=\"og:type\" content=\"article\" \/>\n<meta property=\"og:title\" content=\"Columna: \u201cCoronavirus, discriminaci\u00f3n y debate pol\u00edtico\u201d -\" \/>\n<meta property=\"og:description\" content=\"Coronavirus La semana en Olavarr\u00eda comenz\u00f3 con una leve mejor\u00eda en el aumento de casos,...\" \/>\n<meta property=\"og:url\" content=\"https:\/\/experienciadevida.com.ar\/portalurbano\/columna-coronavirus-discriminacion-y-debate-politico\/\" \/>\n<meta property=\"article:publisher\" content=\"https:\/\/www.facebook.com\/Portal-Urbano-171542830093757\/\" \/>\n<meta property=\"article:published_time\" content=\"2020-07-05T11:42:17+00:00\" \/>\n<meta property=\"og:image\" content=\"https:\/\/experienciadevida.com.ar\/portalurbano\/wp-content\/uploads\/2020\/07\/Flyer_columna-e1593908121325.jpg\" \/>\n\t<meta property=\"og:image:width\" content=\"750\" \/>\n\t<meta property=\"og:image:height\" content=\"323\" \/>\n\t<meta property=\"og:image:type\" content=\"image\/jpeg\" \/>\n<meta name=\"author\" content=\"admpu17wp\" \/>\n<meta name=\"twitter:card\" content=\"summary_large_image\" \/>\n<meta name=\"twitter:creator\" content=\"@portalurbanook\" \/>\n<meta name=\"twitter:site\" content=\"@portalurbanook\" \/>\n<meta name=\"twitter:label1\" content=\"Escrito por\" \/>\n\t<meta name=\"twitter:data1\" content=\"admpu17wp\" \/>\n\t<meta name=\"twitter:label2\" content=\"Tiempo de lectura\" \/>\n\t<meta name=\"twitter:data2\" content=\"6 minutos\" \/>\n<script type=\"application\/ld+json\" class=\"yoast-schema-graph\">{\"@context\":\"https:\/\/schema.org\",\"@graph\":[{\"@type\":\"Article\",\"@id\":\"https:\/\/experienciadevida.com.ar\/portalurbano\/columna-coronavirus-discriminacion-y-debate-politico\/#article\",\"isPartOf\":{\"@id\":\"https:\/\/experienciadevida.com.ar\/portalurbano\/columna-coronavirus-discriminacion-y-debate-politico\/\"},\"author\":{\"name\":\"admpu17wp\",\"@id\":\"https:\/\/experienciadevida.com.ar\/portalurbano\/#\/schema\/person\/02dd326b1c4b056e9cc972486934a3a7\"},\"headline\":\"Columna: \u201cCoronavirus, discriminaci\u00f3n y debate pol\u00edtico\u201d\",\"datePublished\":\"2020-07-05T11:42:17+00:00\",\"dateModified\":\"2020-07-05T11:42:17+00:00\",\"mainEntityOfPage\":{\"@id\":\"https:\/\/experienciadevida.com.ar\/portalurbano\/columna-coronavirus-discriminacion-y-debate-politico\/\"},\"wordCount\":1254,\"publisher\":{\"@id\":\"https:\/\/experienciadevida.com.ar\/portalurbano\/#organization\"},\"articleSection\":[\"Ciudad\",\"Destacadas\"],\"inLanguage\":\"es\"},{\"@type\":\"WebPage\",\"@id\":\"https:\/\/experienciadevida.com.ar\/portalurbano\/columna-coronavirus-discriminacion-y-debate-politico\/\",\"url\":\"https:\/\/experienciadevida.com.ar\/portalurbano\/columna-coronavirus-discriminacion-y-debate-politico\/\",\"name\":\"Columna: \u201cCoronavirus, discriminaci\u00f3n y debate pol\u00edtico\u201d -\",\"isPartOf\":{\"@id\":\"https:\/\/experienciadevida.com.ar\/portalurbano\/#website\"},\"datePublished\":\"2020-07-05T11:42:17+00:00\",\"dateModified\":\"2020-07-05T11:42:17+00:00\",\"breadcrumb\":{\"@id\":\"https:\/\/experienciadevida.com.ar\/portalurbano\/columna-coronavirus-discriminacion-y-debate-politico\/#breadcrumb\"},\"inLanguage\":\"es\",\"potentialAction\":[{\"@type\":\"ReadAction\",\"target\":[\"https:\/\/experienciadevida.com.ar\/portalurbano\/columna-coronavirus-discriminacion-y-debate-politico\/\"]}]},{\"@type\":\"BreadcrumbList\",\"@id\":\"https:\/\/experienciadevida.com.ar\/portalurbano\/columna-coronavirus-discriminacion-y-debate-politico\/#breadcrumb\",\"itemListElement\":[{\"@type\":\"ListItem\",\"position\":1,\"name\":\"Portada\",\"item\":\"https:\/\/experienciadevida.com.ar\/portalurbano\/\"},{\"@type\":\"ListItem\",\"position\":2,\"name\":\"Columna: \u201cCoronavirus, discriminaci\u00f3n y debate pol\u00edtico\u201d\"}]},{\"@type\":\"WebSite\",\"@id\":\"https:\/\/experienciadevida.com.ar\/portalurbano\/#website\",\"url\":\"https:\/\/experienciadevida.com.ar\/portalurbano\/\",\"name\":\"\",\"description\":\"\",\"publisher\":{\"@id\":\"https:\/\/experienciadevida.com.ar\/portalurbano\/#organization\"},\"potentialAction\":[{\"@type\":\"SearchAction\",\"target\":{\"@type\":\"EntryPoint\",\"urlTemplate\":\"https:\/\/experienciadevida.com.ar\/portalurbano\/?s={search_term_string}\"},\"query-input\":\"required name=search_term_string\"}],\"inLanguage\":\"es\"},{\"@type\":\"Organization\",\"@id\":\"https:\/\/experienciadevida.com.ar\/portalurbano\/#organization\",\"name\":\"Portal Urbano\",\"url\":\"https:\/\/experienciadevida.com.ar\/portalurbano\/\",\"logo\":{\"@type\":\"ImageObject\",\"inLanguage\":\"es\",\"@id\":\"https:\/\/experienciadevida.com.ar\/portalurbano\/#\/schema\/logo\/image\/\",\"url\":\"https:\/\/experienciadevida.com.ar\/portalurbano\/wp-content\/uploads\/2019\/09\/Logo-Original.png\",\"contentUrl\":\"https:\/\/experienciadevida.com.ar\/portalurbano\/wp-content\/uploads\/2019\/09\/Logo-Original.png\",\"width\":2236,\"height\":1216,\"caption\":\"Portal Urbano\"},\"image\":{\"@id\":\"https:\/\/experienciadevida.com.ar\/portalurbano\/#\/schema\/logo\/image\/\"},\"sameAs\":[\"https:\/\/www.facebook.com\/Portal-Urbano-171542830093757\/\",\"https:\/\/twitter.com\/portalurbanook\",\"https:\/\/www.instagram.com\/_portalurbano\/\",\"https:\/\/www.youtube.com\/channel\/UCXhagIfszH8KxFiOok79zbA?view_as=subscriber\"]},{\"@type\":\"Person\",\"@id\":\"https:\/\/experienciadevida.com.ar\/portalurbano\/#\/schema\/person\/02dd326b1c4b056e9cc972486934a3a7\",\"name\":\"admpu17wp\",\"image\":{\"@type\":\"ImageObject\",\"inLanguage\":\"es\",\"@id\":\"https:\/\/experienciadevida.com.ar\/portalurbano\/#\/schema\/person\/image\/\",\"url\":\"https:\/\/secure.gravatar.com\/avatar\/830d4c57adaae6630765e449a6908047?s=96&d=mm&r=g\",\"contentUrl\":\"https:\/\/secure.gravatar.com\/avatar\/830d4c57adaae6630765e449a6908047?s=96&d=mm&r=g\",\"caption\":\"admpu17wp\"}}]}<\/script>\n<!-- \/ Yoast SEO plugin. -->","yoast_head_json":{"title":"Columna: \u201cCoronavirus, discriminaci\u00f3n y debate pol\u00edtico\u201d -","robots":{"index":"index","follow":"follow","max-snippet":"max-snippet:-1","max-image-preview":"max-image-preview:large","max-video-preview":"max-video-preview:-1"},"canonical":"https:\/\/experienciadevida.com.ar\/portalurbano\/columna-coronavirus-discriminacion-y-debate-politico\/","og_locale":"es_ES","og_type":"article","og_title":"Columna: \u201cCoronavirus, discriminaci\u00f3n y debate pol\u00edtico\u201d -","og_description":"Coronavirus La semana en Olavarr\u00eda comenz\u00f3 con una leve mejor\u00eda en el aumento de casos,...","og_url":"https:\/\/experienciadevida.com.ar\/portalurbano\/columna-coronavirus-discriminacion-y-debate-politico\/","article_publisher":"https:\/\/www.facebook.com\/Portal-Urbano-171542830093757\/","article_published_time":"2020-07-05T11:42:17+00:00","og_image":[{"width":750,"height":323,"url":"https:\/\/experienciadevida.com.ar\/portalurbano\/wp-content\/uploads\/2020\/07\/Flyer_columna-e1593908121325.jpg","type":"image\/jpeg"}],"author":"admpu17wp","twitter_card":"summary_large_image","twitter_creator":"@portalurbanook","twitter_site":"@portalurbanook","twitter_misc":{"Escrito por":"admpu17wp","Tiempo de lectura":"6 minutos"},"schema":{"@context":"https:\/\/schema.org","@graph":[{"@type":"Article","@id":"https:\/\/experienciadevida.com.ar\/portalurbano\/columna-coronavirus-discriminacion-y-debate-politico\/#article","isPartOf":{"@id":"https:\/\/experienciadevida.com.ar\/portalurbano\/columna-coronavirus-discriminacion-y-debate-politico\/"},"author":{"name":"admpu17wp","@id":"https:\/\/experienciadevida.com.ar\/portalurbano\/#\/schema\/person\/02dd326b1c4b056e9cc972486934a3a7"},"headline":"Columna: \u201cCoronavirus, discriminaci\u00f3n y debate pol\u00edtico\u201d","datePublished":"2020-07-05T11:42:17+00:00","dateModified":"2020-07-05T11:42:17+00:00","mainEntityOfPage":{"@id":"https:\/\/experienciadevida.com.ar\/portalurbano\/columna-coronavirus-discriminacion-y-debate-politico\/"},"wordCount":1254,"publisher":{"@id":"https:\/\/experienciadevida.com.ar\/portalurbano\/#organization"},"articleSection":["Ciudad","Destacadas"],"inLanguage":"es"},{"@type":"WebPage","@id":"https:\/\/experienciadevida.com.ar\/portalurbano\/columna-coronavirus-discriminacion-y-debate-politico\/","url":"https:\/\/experienciadevida.com.ar\/portalurbano\/columna-coronavirus-discriminacion-y-debate-politico\/","name":"Columna: \u201cCoronavirus, discriminaci\u00f3n y debate pol\u00edtico\u201d -","isPartOf":{"@id":"https:\/\/experienciadevida.com.ar\/portalurbano\/#website"},"datePublished":"2020-07-05T11:42:17+00:00","dateModified":"2020-07-05T11:42:17+00:00","breadcrumb":{"@id":"https:\/\/experienciadevida.com.ar\/portalurbano\/columna-coronavirus-discriminacion-y-debate-politico\/#breadcrumb"},"inLanguage":"es","potentialAction":[{"@type":"ReadAction","target":["https:\/\/experienciadevida.com.ar\/portalurbano\/columna-coronavirus-discriminacion-y-debate-politico\/"]}]},{"@type":"BreadcrumbList","@id":"https:\/\/experienciadevida.com.ar\/portalurbano\/columna-coronavirus-discriminacion-y-debate-politico\/#breadcrumb","itemListElement":[{"@type":"ListItem","position":1,"name":"Portada","item":"https:\/\/experienciadevida.com.ar\/portalurbano\/"},{"@type":"ListItem","position":2,"name":"Columna: \u201cCoronavirus, discriminaci\u00f3n y debate pol\u00edtico\u201d"}]},{"@type":"WebSite","@id":"https:\/\/experienciadevida.com.ar\/portalurbano\/#website","url":"https:\/\/experienciadevida.com.ar\/portalurbano\/","name":"","description":"","publisher":{"@id":"https:\/\/experienciadevida.com.ar\/portalurbano\/#organization"},"potentialAction":[{"@type":"SearchAction","target":{"@type":"EntryPoint","urlTemplate":"https:\/\/experienciadevida.com.ar\/portalurbano\/?s={search_term_string}"},"query-input":"required name=search_term_string"}],"inLanguage":"es"},{"@type":"Organization","@id":"https:\/\/experienciadevida.com.ar\/portalurbano\/#organization","name":"Portal Urbano","url":"https:\/\/experienciadevida.com.ar\/portalurbano\/","logo":{"@type":"ImageObject","inLanguage":"es","@id":"https:\/\/experienciadevida.com.ar\/portalurbano\/#\/schema\/logo\/image\/","url":"https:\/\/experienciadevida.com.ar\/portalurbano\/wp-content\/uploads\/2019\/09\/Logo-Original.png","contentUrl":"https:\/\/experienciadevida.com.ar\/portalurbano\/wp-content\/uploads\/2019\/09\/Logo-Original.png","width":2236,"height":1216,"caption":"Portal Urbano"},"image":{"@id":"https:\/\/experienciadevida.com.ar\/portalurbano\/#\/schema\/logo\/image\/"},"sameAs":["https:\/\/www.facebook.com\/Portal-Urbano-171542830093757\/","https:\/\/twitter.com\/portalurbanook","https:\/\/www.instagram.com\/_portalurbano\/","https:\/\/www.youtube.com\/channel\/UCXhagIfszH8KxFiOok79zbA?view_as=subscriber"]},{"@type":"Person","@id":"https:\/\/experienciadevida.com.ar\/portalurbano\/#\/schema\/person\/02dd326b1c4b056e9cc972486934a3a7","name":"admpu17wp","image":{"@type":"ImageObject","inLanguage":"es","@id":"https:\/\/experienciadevida.com.ar\/portalurbano\/#\/schema\/person\/image\/","url":"https:\/\/secure.gravatar.com\/avatar\/830d4c57adaae6630765e449a6908047?s=96&d=mm&r=g","contentUrl":"https:\/\/secure.gravatar.com\/avatar\/830d4c57adaae6630765e449a6908047?s=96&d=mm&r=g","caption":"admpu17wp"}}]}},"featured_image_urls":{"full":["https:\/\/experienciadevida.com.ar\/portalurbano\/wp-content\/uploads\/2020\/07\/Flyer_columna-e1593908121325.jpg",750,323,false],"thumbnail":["https:\/\/experienciadevida.com.ar\/portalurbano\/wp-content\/uploads\/2020\/07\/Flyer_columna-150x150.jpg",150,150,true],"medium":["https:\/\/experienciadevida.com.ar\/portalurbano\/wp-content\/uploads\/2020\/07\/Flyer_columna-300x129.jpg",300,129,true],"medium_large":["https:\/\/experienciadevida.com.ar\/portalurbano\/wp-content\/uploads\/2020\/07\/Flyer_columna-768x331.jpg",640,276,true],"large":["https:\/\/experienciadevida.com.ar\/portalurbano\/wp-content\/uploads\/2020\/07\/Flyer_columna-1024x441.jpg",640,276,true],"ug_big":["https:\/\/experienciadevida.com.ar\/portalurbano\/wp-content\/uploads\/2020\/07\/Flyer_columna-768x331.jpg",768,331,true],"1536x1536":["https:\/\/experienciadevida.com.ar\/portalurbano\/wp-content\/uploads\/2020\/07\/Flyer_columna-e1593908121325.jpg",750,323,false],"2048x2048":["https:\/\/experienciadevida.com.ar\/portalurbano\/wp-content\/uploads\/2020\/07\/Flyer_columna-e1593908121325.jpg",750,323,false],"newsever-slider-full":["https:\/\/experienciadevida.com.ar\/portalurbano\/wp-content\/uploads\/2020\/07\/Flyer_columna-e1593908121325.jpg",750,323,false],"newsever-featured":["https:\/\/experienciadevida.com.ar\/portalurbano\/wp-content\/uploads\/2020\/07\/Flyer_columna-e1593908121325.jpg",750,323,false],"newsever-medium":["https:\/\/experienciadevida.com.ar\/portalurbano\/wp-content\/uploads\/2020\/07\/Flyer_columna-e1593908121325.jpg",720,310,false],"web-stories-poster-portrait":["https:\/\/experienciadevida.com.ar\/portalurbano\/wp-content\/uploads\/2020\/07\/Flyer_columna-e1593908121325.jpg",640,276,false],"web-stories-publisher-logo":["https:\/\/experienciadevida.com.ar\/portalurbano\/wp-content\/uploads\/2020\/07\/Flyer_columna-e1593908121325.jpg",96,41,false],"web-stories-thumbnail":["https:\/\/experienciadevida.com.ar\/portalurbano\/wp-content\/uploads\/2020\/07\/Flyer_columna-e1593908121325.jpg",150,65,false]},"author_info":{"display_name":"admpu17wp","author_link":"https:\/\/experienciadevida.com.ar\/portalurbano\/author\/admpu17wp\/"},"category_info":"<a href=\"https:\/\/experienciadevida.com.ar\/portalurbano\/category\/ciudad\/\" rel=\"category tag\">Ciudad<\/a> <a href=\"https:\/\/experienciadevida.com.ar\/portalurbano\/category\/destacadas\/\" rel=\"category tag\">Destacadas<\/a>","tag_info":"Destacadas","comment_count":"0","amp_enabled":true,"_links":{"self":[{"href":"https:\/\/experienciadevida.com.ar\/portalurbano\/wp-json\/wp\/v2\/posts\/113946"}],"collection":[{"href":"https:\/\/experienciadevida.com.ar\/portalurbano\/wp-json\/wp\/v2\/posts"}],"about":[{"href":"https:\/\/experienciadevida.com.ar\/portalurbano\/wp-json\/wp\/v2\/types\/post"}],"author":[{"embeddable":true,"href":"https:\/\/experienciadevida.com.ar\/portalurbano\/wp-json\/wp\/v2\/users\/1"}],"replies":[{"embeddable":true,"href":"https:\/\/experienciadevida.com.ar\/portalurbano\/wp-json\/wp\/v2\/comments?post=113946"}],"version-history":[{"count":19,"href":"https:\/\/experienciadevida.com.ar\/portalurbano\/wp-json\/wp\/v2\/posts\/113946\/revisions"}],"predecessor-version":[{"id":113974,"href":"https:\/\/experienciadevida.com.ar\/portalurbano\/wp-json\/wp\/v2\/posts\/113946\/revisions\/113974"}],"wp:featuredmedia":[{"embeddable":true,"href":"https:\/\/experienciadevida.com.ar\/portalurbano\/wp-json\/wp\/v2\/media\/113964"}],"wp:attachment":[{"href":"https:\/\/experienciadevida.com.ar\/portalurbano\/wp-json\/wp\/v2\/media?parent=113946"}],"wp:term":[{"taxonomy":"category","embeddable":true,"href":"https:\/\/experienciadevida.com.ar\/portalurbano\/wp-json\/wp\/v2\/categories?post=113946"},{"taxonomy":"post_tag","embeddable":true,"href":"https:\/\/experienciadevida.com.ar\/portalurbano\/wp-json\/wp\/v2\/tags?post=113946"}],"curies":[{"name":"wp","href":"https:\/\/api.w.org\/{rel}","templated":true}]}}