{"id":113921,"date":"2020-07-04T14:52:12","date_gmt":"2020-07-04T17:52:12","guid":{"rendered":"https:\/\/experienciadevida.com.ar\/portalurbano\/?p=113921"},"modified":"2020-07-04T14:53:09","modified_gmt":"2020-07-04T17:53:09","slug":"encontraron-asesinado-a-fabian-gutierrez-exsecretario-de-cristina-kirchner","status":"publish","type":"post","link":"https:\/\/experienciadevida.com.ar\/portalurbano\/encontraron-asesinado-a-fabian-gutierrez-exsecretario-de-cristina-kirchner\/","title":{"rendered":"Encontraron asesinado a Fabi\u00e1n Guti\u00e9rrez, exsecretario de Cristina Kirchner"},"content":{"rendered":"<p>El empresario fue hallado muerto en El Calafate despu\u00e9s de que tres de los detenidos por su desaparici\u00f3n confesaran el crimen.<\/p>\n<p>El empresario Fabi\u00e1n Guti\u00e9rrez, exsecretario de N\u00e9stor y Cristina Kirchner, fue encontrado muerto esta ma\u00f1ana por la Polic\u00eda de Santa Cruz en una vivienda de El Calafate, luego de que tres de los detenidos por el caso de su desaparici\u00f3n confesaran ante la Justicia que lo hab\u00edan asesinado.<\/p>\n<p>El cuerpo fue encontrado golpeado y con un corte en el cuello, seg\u00fan precisaron fuentes de la investigaci\u00f3n, que recibieron ayer al mediod\u00eda la denuncia por la desaparici\u00f3n.<\/p>\n<p>Operativos<br \/>\nDurante la madrugada se hab\u00edan realizado varios allanamientos en los que se detuvo a tres j\u00f3venes de entre 20 y 25 a\u00f1os que confesaron el crimen al declarar ante el juez de instrucci\u00f3n Carlos Narvarte y dieron precisiones sobre el lugar donde se encontraba el cuerpo.<\/p>\n<p>Tras la denuncia por la desaparici\u00f3n, la Polic\u00eda de la provincia -junto al ministro de Seguridad provincial Lisandro de la Torre- realizaron anoche un operativo en el \u00faltimo domicilio de Guti\u00e9rrez, ubicado en Perkins y padre Alberto D\u2019Agostini de la villa tur\u00edstica.<\/p>\n<p>Seg\u00fan explic\u00f3 el juez Narvate en declaraciones a la prensa local, en ese domicilio se encontraron \u201cindicios y manchas de sangre, con lo cual posiblemente pudo haber un hecho de violencia\u201d.<\/p>\n<p>Luego de ese operativo y de las declaraciones de un testigo, se produjo la detenci\u00f3n de 3 j\u00f3venes de entre 20 y 25 a\u00f1os.<\/p>\n<p>\u201cTodos los detenidos declararon ante el juez y confesaron que hab\u00edan ingresado a la casa de Guti\u00e9rrez, y lo atacaron a golpes mientras le exig\u00edan la entrega de dinero y del n\u00famero de sus claves bancarias\u201d, se\u00f1alaron fuentes policiales a la agencia estatal T\u00e9lam.<\/p>\n<p>El \u00faltimo arrepentido<br \/>\nEl ahora empresario hab\u00eda sido procesado por el juez federal Claudio Bonadio en noviembre del a\u00f1o pasado, sin prisi\u00f3n preventiva, como supuesto coautor del delito de lavado de dinero en el marco de un expediente vinculado con la denominada \u201ccausa de los cuadernos\u201d.<\/p>\n<p>Aunque dijo no haber visto el contenido de los bolsos que los Kirchner mov\u00edan desde Buenos Aires al sur, los detalles de la confesi\u00f3n de Fabi\u00e1n Guti\u00e9rrez le alcanzaron en su momento al exsecretario de Cristina Kirchner para convertirse en el \u00faltimo \u201carrepentido\u201d de la causa.<\/p>\n<p>En su declaraci\u00f3n, adem\u00e1s del movimiento de los bolsos, el exsecretario cont\u00f3 cu\u00e1nto dinero gastaba CFK en compras cuando sal\u00eda en viajes oficiales, c\u00f3mo termin\u00f3 renunciando porque la expresidenta lo increp\u00f3 por haber ido al ba\u00f1o y por qu\u00e9 el exministro de Planificaci\u00f3n Julio De Vido \u201cla odiaba\u201d.<\/p>\n<p>Tambi\u00e9n detall\u00f3 c\u00f3mo eran las reuniones de la recaudaci\u00f3n al final de cada d\u00eda, cuando los exfuncionarios llegaban con sus bolsos o mochilas para entregarlos a N\u00e9stor Kirchner, y reflot\u00f3 las sospechas de las b\u00f3vedas que hab\u00eda en las casas del entonces matrimonio presidencial.<\/p>\n<p>Fuente: DIB<\/p>\n","protected":false},"excerpt":{"rendered":"<p>El empresario fue hallado muerto en El Calafate despu\u00e9s de que tres de los detenidos&#8230;<\/p>\n","protected":false},"author":1,"featured_media":113922,"comment_status":"closed","ping_status":"closed","sticky":false,"template":"","format":"standard","meta":{"content-type":""},"categories":[39],"tags":[],"nelio_content":{"isAutoShareEnabled":false,"autoShareEndMode":"default","automationSources":{"useContentSentences":true,"useSocialTemplates":true,"useCustomSentences":false,"customSentences":[]},"followers":[1],"suggestedReferences":[],"includedReferences":[],"efiUrl":"","efiAlt":"","highlights":[]},"yoast_head":"<!-- This site is optimized with the Yoast SEO plugin v20.7 - https:\/\/yoast.com\/wordpress\/plugins\/seo\/ -->\n<title>Encontraron asesinado a Fabi\u00e1n Guti\u00e9rrez, exsecretario de Cristina Kirchner -<\/title>\n<meta name=\"robots\" content=\"index, follow, max-snippet:-1, max-image-preview:large, max-video-preview:-1\" \/>\n<link rel=\"canonical\" href=\"https:\/\/experienciadevida.com.ar\/portalurbano\/encontraron-asesinado-a-fabian-gutierrez-exsecretario-de-cristina-kirchner\/\" \/>\n<meta property=\"og:locale\" content=\"es_ES\" \/>\n<meta property=\"og:type\" content=\"article\" \/>\n<meta property=\"og:title\" content=\"Encontraron asesinado a Fabi\u00e1n Guti\u00e9rrez, exsecretario de Cristina Kirchner -\" \/>\n<meta property=\"og:description\" content=\"El empresario fue hallado muerto en El Calafate despu\u00e9s de que tres de los detenidos...\" \/>\n<meta property=\"og:url\" content=\"https:\/\/experienciadevida.com.ar\/portalurbano\/encontraron-asesinado-a-fabian-gutierrez-exsecretario-de-cristina-kirchner\/\" \/>\n<meta property=\"article:publisher\" content=\"https:\/\/www.facebook.com\/Portal-Urbano-171542830093757\/\" \/>\n<meta property=\"article:published_time\" content=\"2020-07-04T17:52:12+00:00\" \/>\n<meta property=\"article:modified_time\" content=\"2020-07-04T17:53:09+00:00\" \/>\n<meta property=\"og:image\" content=\"https:\/\/experienciadevida.com.ar\/portalurbano\/wp-content\/uploads\/2020\/07\/SANTACRUZ-e1593885105321.jpg\" \/>\n\t<meta property=\"og:image:width\" content=\"765\" \/>\n\t<meta property=\"og:image:height\" content=\"466\" \/>\n\t<meta property=\"og:image:type\" content=\"image\/jpeg\" \/>\n<meta name=\"author\" content=\"admpu17wp\" \/>\n<meta name=\"twitter:card\" content=\"summary_large_image\" \/>\n<meta name=\"twitter:creator\" content=\"@portalurbanook\" \/>\n<meta name=\"twitter:site\" content=\"@portalurbanook\" \/>\n<meta name=\"twitter:label1\" content=\"Escrito por\" \/>\n\t<meta name=\"twitter:data1\" content=\"admpu17wp\" \/>\n\t<meta name=\"twitter:label2\" content=\"Tiempo de lectura\" \/>\n\t<meta name=\"twitter:data2\" content=\"3 minutos\" \/>\n<script type=\"application\/ld+json\" class=\"yoast-schema-graph\">{\"@context\":\"https:\/\/schema.org\",\"@graph\":[{\"@type\":\"Article\",\"@id\":\"https:\/\/experienciadevida.com.ar\/portalurbano\/encontraron-asesinado-a-fabian-gutierrez-exsecretario-de-cristina-kirchner\/#article\",\"isPartOf\":{\"@id\":\"https:\/\/experienciadevida.com.ar\/portalurbano\/encontraron-asesinado-a-fabian-gutierrez-exsecretario-de-cristina-kirchner\/\"},\"author\":{\"name\":\"admpu17wp\",\"@id\":\"https:\/\/experienciadevida.com.ar\/portalurbano\/#\/schema\/person\/02dd326b1c4b056e9cc972486934a3a7\"},\"headline\":\"Encontraron asesinado a Fabi\u00e1n Guti\u00e9rrez, exsecretario de Cristina Kirchner\",\"datePublished\":\"2020-07-04T17:52:12+00:00\",\"dateModified\":\"2020-07-04T17:53:09+00:00\",\"mainEntityOfPage\":{\"@id\":\"https:\/\/experienciadevida.com.ar\/portalurbano\/encontraron-asesinado-a-fabian-gutierrez-exsecretario-de-cristina-kirchner\/\"},\"wordCount\":530,\"publisher\":{\"@id\":\"https:\/\/experienciadevida.com.ar\/portalurbano\/#organization\"},\"articleSection\":[\"Naci\u00f3n\"],\"inLanguage\":\"es\"},{\"@type\":\"WebPage\",\"@id\":\"https:\/\/experienciadevida.com.ar\/portalurbano\/encontraron-asesinado-a-fabian-gutierrez-exsecretario-de-cristina-kirchner\/\",\"url\":\"https:\/\/experienciadevida.com.ar\/portalurbano\/encontraron-asesinado-a-fabian-gutierrez-exsecretario-de-cristina-kirchner\/\",\"name\":\"Encontraron asesinado a Fabi\u00e1n Guti\u00e9rrez, exsecretario de Cristina Kirchner -\",\"isPartOf\":{\"@id\":\"https:\/\/experienciadevida.com.ar\/portalurbano\/#website\"},\"datePublished\":\"2020-07-04T17:52:12+00:00\",\"dateModified\":\"2020-07-04T17:53:09+00:00\",\"breadcrumb\":{\"@id\":\"https:\/\/experienciadevida.com.ar\/portalurbano\/encontraron-asesinado-a-fabian-gutierrez-exsecretario-de-cristina-kirchner\/#breadcrumb\"},\"inLanguage\":\"es\",\"potentialAction\":[{\"@type\":\"ReadAction\",\"target\":[\"https:\/\/experienciadevida.com.ar\/portalurbano\/encontraron-asesinado-a-fabian-gutierrez-exsecretario-de-cristina-kirchner\/\"]}]},{\"@type\":\"BreadcrumbList\",\"@id\":\"https:\/\/experienciadevida.com.ar\/portalurbano\/encontraron-asesinado-a-fabian-gutierrez-exsecretario-de-cristina-kirchner\/#breadcrumb\",\"itemListElement\":[{\"@type\":\"ListItem\",\"position\":1,\"name\":\"Portada\",\"item\":\"https:\/\/experienciadevida.com.ar\/portalurbano\/\"},{\"@type\":\"ListItem\",\"position\":2,\"name\":\"Encontraron asesinado a Fabi\u00e1n Guti\u00e9rrez, exsecretario de Cristina Kirchner\"}]},{\"@type\":\"WebSite\",\"@id\":\"https:\/\/experienciadevida.com.ar\/portalurbano\/#website\",\"url\":\"https:\/\/experienciadevida.com.ar\/portalurbano\/\",\"name\":\"\",\"description\":\"\",\"publisher\":{\"@id\":\"https:\/\/experienciadevida.com.ar\/portalurbano\/#organization\"},\"potentialAction\":[{\"@type\":\"SearchAction\",\"target\":{\"@type\":\"EntryPoint\",\"urlTemplate\":\"https:\/\/experienciadevida.com.ar\/portalurbano\/?s={search_term_string}\"},\"query-input\":\"required name=search_term_string\"}],\"inLanguage\":\"es\"},{\"@type\":\"Organization\",\"@id\":\"https:\/\/experienciadevida.com.ar\/portalurbano\/#organization\",\"name\":\"Portal Urbano\",\"url\":\"https:\/\/experienciadevida.com.ar\/portalurbano\/\",\"logo\":{\"@type\":\"ImageObject\",\"inLanguage\":\"es\",\"@id\":\"https:\/\/experienciadevida.com.ar\/portalurbano\/#\/schema\/logo\/image\/\",\"url\":\"https:\/\/experienciadevida.com.ar\/portalurbano\/wp-content\/uploads\/2019\/09\/Logo-Original.png\",\"contentUrl\":\"https:\/\/experienciadevida.com.ar\/portalurbano\/wp-content\/uploads\/2019\/09\/Logo-Original.png\",\"width\":2236,\"height\":1216,\"caption\":\"Portal Urbano\"},\"image\":{\"@id\":\"https:\/\/experienciadevida.com.ar\/portalurbano\/#\/schema\/logo\/image\/\"},\"sameAs\":[\"https:\/\/www.facebook.com\/Portal-Urbano-171542830093757\/\",\"https:\/\/twitter.com\/portalurbanook\",\"https:\/\/www.instagram.com\/_portalurbano\/\",\"https:\/\/www.youtube.com\/channel\/UCXhagIfszH8KxFiOok79zbA?view_as=subscriber\"]},{\"@type\":\"Person\",\"@id\":\"https:\/\/experienciadevida.com.ar\/portalurbano\/#\/schema\/person\/02dd326b1c4b056e9cc972486934a3a7\",\"name\":\"admpu17wp\",\"image\":{\"@type\":\"ImageObject\",\"inLanguage\":\"es\",\"@id\":\"https:\/\/experienciadevida.com.ar\/portalurbano\/#\/schema\/person\/image\/\",\"url\":\"https:\/\/secure.gravatar.com\/avatar\/830d4c57adaae6630765e449a6908047?s=96&d=mm&r=g\",\"contentUrl\":\"https:\/\/secure.gravatar.com\/avatar\/830d4c57adaae6630765e449a6908047?s=96&d=mm&r=g\",\"caption\":\"admpu17wp\"}}]}<\/script>\n<!-- \/ Yoast SEO plugin. -->","yoast_head_json":{"title":"Encontraron asesinado a Fabi\u00e1n Guti\u00e9rrez, exsecretario de Cristina Kirchner -","robots":{"index":"index","follow":"follow","max-snippet":"max-snippet:-1","max-image-preview":"max-image-preview:large","max-video-preview":"max-video-preview:-1"},"canonical":"https:\/\/experienciadevida.com.ar\/portalurbano\/encontraron-asesinado-a-fabian-gutierrez-exsecretario-de-cristina-kirchner\/","og_locale":"es_ES","og_type":"article","og_title":"Encontraron asesinado a Fabi\u00e1n Guti\u00e9rrez, exsecretario de Cristina Kirchner -","og_description":"El empresario fue hallado muerto en El Calafate despu\u00e9s de que tres de los detenidos...","og_url":"https:\/\/experienciadevida.com.ar\/portalurbano\/encontraron-asesinado-a-fabian-gutierrez-exsecretario-de-cristina-kirchner\/","article_publisher":"https:\/\/www.facebook.com\/Portal-Urbano-171542830093757\/","article_published_time":"2020-07-04T17:52:12+00:00","article_modified_time":"2020-07-04T17:53:09+00:00","og_image":[{"width":765,"height":466,"url":"https:\/\/experienciadevida.com.ar\/portalurbano\/wp-content\/uploads\/2020\/07\/SANTACRUZ-e1593885105321.jpg","type":"image\/jpeg"}],"author":"admpu17wp","twitter_card":"summary_large_image","twitter_creator":"@portalurbanook","twitter_site":"@portalurbanook","twitter_misc":{"Escrito por":"admpu17wp","Tiempo de lectura":"3 minutos"},"schema":{"@context":"https:\/\/schema.org","@graph":[{"@type":"Article","@id":"https:\/\/experienciadevida.com.ar\/portalurbano\/encontraron-asesinado-a-fabian-gutierrez-exsecretario-de-cristina-kirchner\/#article","isPartOf":{"@id":"https:\/\/experienciadevida.com.ar\/portalurbano\/encontraron-asesinado-a-fabian-gutierrez-exsecretario-de-cristina-kirchner\/"},"author":{"name":"admpu17wp","@id":"https:\/\/experienciadevida.com.ar\/portalurbano\/#\/schema\/person\/02dd326b1c4b056e9cc972486934a3a7"},"headline":"Encontraron asesinado a Fabi\u00e1n Guti\u00e9rrez, exsecretario de Cristina Kirchner","datePublished":"2020-07-04T17:52:12+00:00","dateModified":"2020-07-04T17:53:09+00:00","mainEntityOfPage":{"@id":"https:\/\/experienciadevida.com.ar\/portalurbano\/encontraron-asesinado-a-fabian-gutierrez-exsecretario-de-cristina-kirchner\/"},"wordCount":530,"publisher":{"@id":"https:\/\/experienciadevida.com.ar\/portalurbano\/#organization"},"articleSection":["Naci\u00f3n"],"inLanguage":"es"},{"@type":"WebPage","@id":"https:\/\/experienciadevida.com.ar\/portalurbano\/encontraron-asesinado-a-fabian-gutierrez-exsecretario-de-cristina-kirchner\/","url":"https:\/\/experienciadevida.com.ar\/portalurbano\/encontraron-asesinado-a-fabian-gutierrez-exsecretario-de-cristina-kirchner\/","name":"Encontraron asesinado a Fabi\u00e1n Guti\u00e9rrez, exsecretario de Cristina Kirchner -","isPartOf":{"@id":"https:\/\/experienciadevida.com.ar\/portalurbano\/#website"},"datePublished":"2020-07-04T17:52:12+00:00","dateModified":"2020-07-04T17:53:09+00:00","breadcrumb":{"@id":"https:\/\/experienciadevida.com.ar\/portalurbano\/encontraron-asesinado-a-fabian-gutierrez-exsecretario-de-cristina-kirchner\/#breadcrumb"},"inLanguage":"es","potentialAction":[{"@type":"ReadAction","target":["https:\/\/experienciadevida.com.ar\/portalurbano\/encontraron-asesinado-a-fabian-gutierrez-exsecretario-de-cristina-kirchner\/"]}]},{"@type":"BreadcrumbList","@id":"https:\/\/experienciadevida.com.ar\/portalurbano\/encontraron-asesinado-a-fabian-gutierrez-exsecretario-de-cristina-kirchner\/#breadcrumb","itemListElement":[{"@type":"ListItem","position":1,"name":"Portada","item":"https:\/\/experienciadevida.com.ar\/portalurbano\/"},{"@type":"ListItem","position":2,"name":"Encontraron asesinado a Fabi\u00e1n Guti\u00e9rrez, exsecretario de Cristina Kirchner"}]},{"@type":"WebSite","@id":"https:\/\/experienciadevida.com.ar\/portalurbano\/#website","url":"https:\/\/experienciadevida.com.ar\/portalurbano\/","name":"","description":"","publisher":{"@id":"https:\/\/experienciadevida.com.ar\/portalurbano\/#organization"},"potentialAction":[{"@type":"SearchAction","target":{"@type":"EntryPoint","urlTemplate":"https:\/\/experienciadevida.com.ar\/portalurbano\/?s={search_term_string}"},"query-input":"required name=search_term_string"}],"inLanguage":"es"},{"@type":"Organization","@id":"https:\/\/experienciadevida.com.ar\/portalurbano\/#organization","name":"Portal Urbano","url":"https:\/\/experienciadevida.com.ar\/portalurbano\/","logo":{"@type":"ImageObject","inLanguage":"es","@id":"https:\/\/experienciadevida.com.ar\/portalurbano\/#\/schema\/logo\/image\/","url":"https:\/\/experienciadevida.com.ar\/portalurbano\/wp-content\/uploads\/2019\/09\/Logo-Original.png","contentUrl":"https:\/\/experienciadevida.com.ar\/portalurbano\/wp-content\/uploads\/2019\/09\/Logo-Original.png","width":2236,"height":1216,"caption":"Portal Urbano"},"image":{"@id":"https:\/\/experienciadevida.com.ar\/portalurbano\/#\/schema\/logo\/image\/"},"sameAs":["https:\/\/www.facebook.com\/Portal-Urbano-171542830093757\/","https:\/\/twitter.com\/portalurbanook","https:\/\/www.instagram.com\/_portalurbano\/","https:\/\/www.youtube.com\/channel\/UCXhagIfszH8KxFiOok79zbA?view_as=subscriber"]},{"@type":"Person","@id":"https:\/\/experienciadevida.com.ar\/portalurbano\/#\/schema\/person\/02dd326b1c4b056e9cc972486934a3a7","name":"admpu17wp","image":{"@type":"ImageObject","inLanguage":"es","@id":"https:\/\/experienciadevida.com.ar\/portalurbano\/#\/schema\/person\/image\/","url":"https:\/\/secure.gravatar.com\/avatar\/830d4c57adaae6630765e449a6908047?s=96&d=mm&r=g","contentUrl":"https:\/\/secure.gravatar.com\/avatar\/830d4c57adaae6630765e449a6908047?s=96&d=mm&r=g","caption":"admpu17wp"}}]}},"featured_image_urls":{"full":["https:\/\/experienciadevida.com.ar\/portalurbano\/wp-content\/uploads\/2020\/07\/SANTACRUZ-e1593885105321.jpg",765,466,false],"thumbnail":["https:\/\/experienciadevida.com.ar\/portalurbano\/wp-content\/uploads\/2020\/07\/SANTACRUZ-150x150.jpg",150,150,true],"medium":["https:\/\/experienciadevida.com.ar\/portalurbano\/wp-content\/uploads\/2020\/07\/SANTACRUZ-300x183.jpg",300,183,true],"medium_large":["https:\/\/experienciadevida.com.ar\/portalurbano\/wp-content\/uploads\/2020\/07\/SANTACRUZ-768x468.jpg",640,390,true],"large":["https:\/\/experienciadevida.com.ar\/portalurbano\/wp-content\/uploads\/2020\/07\/SANTACRUZ-1024x624.jpg",640,390,true],"ug_big":["https:\/\/experienciadevida.com.ar\/portalurbano\/wp-content\/uploads\/2020\/07\/SANTACRUZ-768x468.jpg",768,468,true],"1536x1536":["https:\/\/experienciadevida.com.ar\/portalurbano\/wp-content\/uploads\/2020\/07\/SANTACRUZ-e1593885105321.jpg",765,466,false],"2048x2048":["https:\/\/experienciadevida.com.ar\/portalurbano\/wp-content\/uploads\/2020\/07\/SANTACRUZ-e1593885105321.jpg",765,466,false],"newsever-slider-full":["https:\/\/experienciadevida.com.ar\/portalurbano\/wp-content\/uploads\/2020\/07\/SANTACRUZ-e1593885105321.jpg",765,466,false],"newsever-featured":["https:\/\/experienciadevida.com.ar\/portalurbano\/wp-content\/uploads\/2020\/07\/SANTACRUZ-e1593885105321.jpg",765,466,false],"newsever-medium":["https:\/\/experienciadevida.com.ar\/portalurbano\/wp-content\/uploads\/2020\/07\/SANTACRUZ-e1593885105321.jpg",720,439,false],"web-stories-poster-portrait":["https:\/\/experienciadevida.com.ar\/portalurbano\/wp-content\/uploads\/2020\/07\/SANTACRUZ-e1593885105321.jpg",640,390,false],"web-stories-publisher-logo":["https:\/\/experienciadevida.com.ar\/portalurbano\/wp-content\/uploads\/2020\/07\/SANTACRUZ-e1593885105321.jpg",96,58,false],"web-stories-thumbnail":["https:\/\/experienciadevida.com.ar\/portalurbano\/wp-content\/uploads\/2020\/07\/SANTACRUZ-e1593885105321.jpg",150,91,false]},"author_info":{"display_name":"admpu17wp","author_link":"https:\/\/experienciadevida.com.ar\/portalurbano\/author\/admpu17wp\/"},"category_info":"<a href=\"https:\/\/experienciadevida.com.ar\/portalurbano\/category\/nacion\/\" rel=\"category tag\">Naci\u00f3n<\/a>","tag_info":"Naci\u00f3n","comment_count":"0","amp_enabled":true,"_links":{"self":[{"href":"https:\/\/experienciadevida.com.ar\/portalurbano\/wp-json\/wp\/v2\/posts\/113921"}],"collection":[{"href":"https:\/\/experienciadevida.com.ar\/portalurbano\/wp-json\/wp\/v2\/posts"}],"about":[{"href":"https:\/\/experienciadevida.com.ar\/portalurbano\/wp-json\/wp\/v2\/types\/post"}],"author":[{"embeddable":true,"href":"https:\/\/experienciadevida.com.ar\/portalurbano\/wp-json\/wp\/v2\/users\/1"}],"replies":[{"embeddable":true,"href":"https:\/\/experienciadevida.com.ar\/portalurbano\/wp-json\/wp\/v2\/comments?post=113921"}],"version-history":[{"count":1,"href":"https:\/\/experienciadevida.com.ar\/portalurbano\/wp-json\/wp\/v2\/posts\/113921\/revisions"}],"predecessor-version":[{"id":113923,"href":"https:\/\/experienciadevida.com.ar\/portalurbano\/wp-json\/wp\/v2\/posts\/113921\/revisions\/113923"}],"wp:featuredmedia":[{"embeddable":true,"href":"https:\/\/experienciadevida.com.ar\/portalurbano\/wp-json\/wp\/v2\/media\/113922"}],"wp:attachment":[{"href":"https:\/\/experienciadevida.com.ar\/portalurbano\/wp-json\/wp\/v2\/media?parent=113921"}],"wp:term":[{"taxonomy":"category","embeddable":true,"href":"https:\/\/experienciadevida.com.ar\/portalurbano\/wp-json\/wp\/v2\/categories?post=113921"},{"taxonomy":"post_tag","embeddable":true,"href":"https:\/\/experienciadevida.com.ar\/portalurbano\/wp-json\/wp\/v2\/tags?post=113921"}],"curies":[{"name":"wp","href":"https:\/\/api.w.org\/{rel}","templated":true}]}}