{"id":113913,"date":"2020-07-04T12:21:13","date_gmt":"2020-07-04T15:21:13","guid":{"rendered":"https:\/\/experienciadevida.com.ar\/portalurbano\/?p=113913"},"modified":"2020-07-04T12:21:55","modified_gmt":"2020-07-04T15:21:55","slug":"con-16-nuevos-fallecimientos-suman-1-453-los-muertos-por-coronavirus-en-argentina","status":"publish","type":"post","link":"https:\/\/experienciadevida.com.ar\/portalurbano\/con-16-nuevos-fallecimientos-suman-1-453-los-muertos-por-coronavirus-en-argentina\/","title":{"rendered":"Con 16 nuevos fallecimientos, suman 1.453 los muertos por coronavirus en Argentina"},"content":{"rendered":"<p>Hay 45.403 pacientes infectados de los que 637 se hallan en terapia intensiva.<\/p>\n<p>El Ministerio de Salud inform\u00f3 este s\u00e1bado 16 nuevos fallecimientos por coronavirus en el pa\u00eds, lo que elev\u00f3 a 1.453 la cifra de muertos desde marzo pasado, mientras que de los 45.403 pacientes con infecci\u00f3n activa, 637 se encuentran internados en unidades de terapia intensiva, 165 m\u00e1s que hace una semana.<\/p>\n<p>Al encabezar el reporte diario matutino que emite la autoridad sanitaria para dar cuenta de la situaci\u00f3n epidemiol\u00f3gica, la secretaria de Acceso a la Salud, Carla Vizzotti, se\u00f1al\u00f3 que el 93% de las personas atendidas en unidades de cuidados cr\u00edticos se encuentran en sanatorios de la Ciudad y la provincia de Buenos Aires.<\/p>\n<p>El \u00edndice que mide la cantidad de infectados detectados sobre los test realizados fue ayer del 38% promedio nacional, con una positividad de 41,7% en la Ciudad, 45% en regi\u00f3n Metropolitana de la provincia de Buenos Aires, y 18,3% en el resto del pa\u00eds.<\/p>\n<p>\u201cAyer culmin\u00f3 la tercera etapa de estudios de anticuerpos de personas que circulan en medios de transporte p\u00fablico; se realizaron 405 en la terminal de trenes de Once y hubo 11 positivos. Si lo comparamos con abril y mayo cuando se realizaron 2.610 test con 10 positivos, lo que daba un 2,5% de positividad, vemos que hoy se quintuplic\u00f3 desde el otro testeo\u201d, explic\u00f3 Vizzotti.<\/p>\n<p>Por otra parte, la funcionaria confirm\u00f3 que este s\u00e1bado un contingente viajar\u00e1 a Chaco, con dos expertos asistentes del ministerio de Salud y del Presidente para ver el avance del trabajo de epidemiolog\u00eda y el control de los casos de Covid-19.<\/p>\n<p>Cifras en mano:<\/p>\n<p>Desde el \u00faltimo reporte emitido ayer, se registraron 16 nuevas muertes: 10 hombres, seis de 67, 76, 73, 82, 76 y 48 a\u00f1os residentes en la provincia de Buenos Aires; tres de 73, 61 y 82 a\u00f1os de la ciudad de Buenos Aires; uno de 72 a\u00f1os de Neuqu\u00e9n; y seis mujeres, cuatro de 85, 56, 88 y 75 a\u00f1os de la provincia de Buenos Aires y dos de 97 y 90 a\u00f1os de Ciudad.<\/p>\n<p>Ayer fueron realizadas 8.951 nuevas muestras y desde el inicio del brote se realizaron 390.382 pruebas diagn\u00f3sticas para esta enfermedad, lo que equivale a 8.603 muestras por mill\u00f3n de habitantes.<\/p>\n<p>El n\u00famero de casos descartados hasta ayer es de 250.545 (por laboratorio y por criterio cl\u00ednico (epidemiol\u00f3gico) y las principales franjas etarias afectadas de los casos registrados corresponden a personas de entre 20 y 59 a\u00f1os, siendo la edad promedio de 36 a\u00f1os.<\/p>\n<p>Fuente: DIB<\/p>\n","protected":false},"excerpt":{"rendered":"<p>Hay 45.403 pacientes infectados de los que 637 se hallan en terapia intensiva. El Ministerio&#8230;<\/p>\n","protected":false},"author":1,"featured_media":113446,"comment_status":"closed","ping_status":"closed","sticky":false,"template":"","format":"standard","meta":{"content-type":""},"categories":[71,39],"tags":[],"nelio_content":{"isAutoShareEnabled":false,"autoShareEndMode":"default","automationSources":{"useContentSentences":true,"useSocialTemplates":true,"useCustomSentences":false,"customSentences":[]},"followers":[1],"suggestedReferences":[],"includedReferences":[],"efiUrl":"","efiAlt":"","highlights":[]},"yoast_head":"<!-- This site is optimized with the Yoast SEO plugin v20.7 - https:\/\/yoast.com\/wordpress\/plugins\/seo\/ -->\n<title>Con 16 nuevos fallecimientos, suman 1.453 los muertos por coronavirus en Argentina -<\/title>\n<meta name=\"robots\" content=\"index, follow, max-snippet:-1, max-image-preview:large, max-video-preview:-1\" \/>\n<link rel=\"canonical\" href=\"https:\/\/experienciadevida.com.ar\/portalurbano\/con-16-nuevos-fallecimientos-suman-1-453-los-muertos-por-coronavirus-en-argentina\/\" \/>\n<meta property=\"og:locale\" content=\"es_ES\" \/>\n<meta property=\"og:type\" content=\"article\" \/>\n<meta property=\"og:title\" content=\"Con 16 nuevos fallecimientos, suman 1.453 los muertos por coronavirus en Argentina -\" \/>\n<meta property=\"og:description\" content=\"Hay 45.403 pacientes infectados de los que 637 se hallan en terapia intensiva. El Ministerio...\" \/>\n<meta property=\"og:url\" content=\"https:\/\/experienciadevida.com.ar\/portalurbano\/con-16-nuevos-fallecimientos-suman-1-453-los-muertos-por-coronavirus-en-argentina\/\" \/>\n<meta property=\"article:publisher\" content=\"https:\/\/www.facebook.com\/Portal-Urbano-171542830093757\/\" \/>\n<meta property=\"article:published_time\" content=\"2020-07-04T15:21:13+00:00\" \/>\n<meta property=\"article:modified_time\" content=\"2020-07-04T15:21:55+00:00\" \/>\n<meta property=\"og:image\" content=\"https:\/\/experienciadevida.com.ar\/portalurbano\/wp-content\/uploads\/2020\/06\/CORONAVIRUSHOSPITAL.jpg\" \/>\n\t<meta property=\"og:image:width\" content=\"696\" \/>\n\t<meta property=\"og:image:height\" content=\"464\" \/>\n\t<meta property=\"og:image:type\" content=\"image\/jpeg\" \/>\n<meta name=\"author\" content=\"admpu17wp\" \/>\n<meta name=\"twitter:card\" content=\"summary_large_image\" \/>\n<meta name=\"twitter:creator\" content=\"@portalurbanook\" \/>\n<meta name=\"twitter:site\" content=\"@portalurbanook\" \/>\n<meta name=\"twitter:label1\" content=\"Escrito por\" \/>\n\t<meta name=\"twitter:data1\" content=\"admpu17wp\" \/>\n\t<meta name=\"twitter:label2\" content=\"Tiempo de lectura\" \/>\n\t<meta name=\"twitter:data2\" content=\"2 minutos\" \/>\n<script type=\"application\/ld+json\" class=\"yoast-schema-graph\">{\"@context\":\"https:\/\/schema.org\",\"@graph\":[{\"@type\":\"Article\",\"@id\":\"https:\/\/experienciadevida.com.ar\/portalurbano\/con-16-nuevos-fallecimientos-suman-1-453-los-muertos-por-coronavirus-en-argentina\/#article\",\"isPartOf\":{\"@id\":\"https:\/\/experienciadevida.com.ar\/portalurbano\/con-16-nuevos-fallecimientos-suman-1-453-los-muertos-por-coronavirus-en-argentina\/\"},\"author\":{\"name\":\"admpu17wp\",\"@id\":\"https:\/\/experienciadevida.com.ar\/portalurbano\/#\/schema\/person\/02dd326b1c4b056e9cc972486934a3a7\"},\"headline\":\"Con 16 nuevos fallecimientos, suman 1.453 los muertos por coronavirus en Argentina\",\"datePublished\":\"2020-07-04T15:21:13+00:00\",\"dateModified\":\"2020-07-04T15:21:55+00:00\",\"mainEntityOfPage\":{\"@id\":\"https:\/\/experienciadevida.com.ar\/portalurbano\/con-16-nuevos-fallecimientos-suman-1-453-los-muertos-por-coronavirus-en-argentina\/\"},\"wordCount\":414,\"publisher\":{\"@id\":\"https:\/\/experienciadevida.com.ar\/portalurbano\/#organization\"},\"articleSection\":[\"Coronavirus\",\"Naci\u00f3n\"],\"inLanguage\":\"es\"},{\"@type\":\"WebPage\",\"@id\":\"https:\/\/experienciadevida.com.ar\/portalurbano\/con-16-nuevos-fallecimientos-suman-1-453-los-muertos-por-coronavirus-en-argentina\/\",\"url\":\"https:\/\/experienciadevida.com.ar\/portalurbano\/con-16-nuevos-fallecimientos-suman-1-453-los-muertos-por-coronavirus-en-argentina\/\",\"name\":\"Con 16 nuevos fallecimientos, suman 1.453 los muertos por coronavirus en Argentina -\",\"isPartOf\":{\"@id\":\"https:\/\/experienciadevida.com.ar\/portalurbano\/#website\"},\"datePublished\":\"2020-07-04T15:21:13+00:00\",\"dateModified\":\"2020-07-04T15:21:55+00:00\",\"breadcrumb\":{\"@id\":\"https:\/\/experienciadevida.com.ar\/portalurbano\/con-16-nuevos-fallecimientos-suman-1-453-los-muertos-por-coronavirus-en-argentina\/#breadcrumb\"},\"inLanguage\":\"es\",\"potentialAction\":[{\"@type\":\"ReadAction\",\"target\":[\"https:\/\/experienciadevida.com.ar\/portalurbano\/con-16-nuevos-fallecimientos-suman-1-453-los-muertos-por-coronavirus-en-argentina\/\"]}]},{\"@type\":\"BreadcrumbList\",\"@id\":\"https:\/\/experienciadevida.com.ar\/portalurbano\/con-16-nuevos-fallecimientos-suman-1-453-los-muertos-por-coronavirus-en-argentina\/#breadcrumb\",\"itemListElement\":[{\"@type\":\"ListItem\",\"position\":1,\"name\":\"Portada\",\"item\":\"https:\/\/experienciadevida.com.ar\/portalurbano\/\"},{\"@type\":\"ListItem\",\"position\":2,\"name\":\"Con 16 nuevos fallecimientos, suman 1.453 los muertos por coronavirus en Argentina\"}]},{\"@type\":\"WebSite\",\"@id\":\"https:\/\/experienciadevida.com.ar\/portalurbano\/#website\",\"url\":\"https:\/\/experienciadevida.com.ar\/portalurbano\/\",\"name\":\"\",\"description\":\"\",\"publisher\":{\"@id\":\"https:\/\/experienciadevida.com.ar\/portalurbano\/#organization\"},\"potentialAction\":[{\"@type\":\"SearchAction\",\"target\":{\"@type\":\"EntryPoint\",\"urlTemplate\":\"https:\/\/experienciadevida.com.ar\/portalurbano\/?s={search_term_string}\"},\"query-input\":\"required name=search_term_string\"}],\"inLanguage\":\"es\"},{\"@type\":\"Organization\",\"@id\":\"https:\/\/experienciadevida.com.ar\/portalurbano\/#organization\",\"name\":\"Portal Urbano\",\"url\":\"https:\/\/experienciadevida.com.ar\/portalurbano\/\",\"logo\":{\"@type\":\"ImageObject\",\"inLanguage\":\"es\",\"@id\":\"https:\/\/experienciadevida.com.ar\/portalurbano\/#\/schema\/logo\/image\/\",\"url\":\"https:\/\/experienciadevida.com.ar\/portalurbano\/wp-content\/uploads\/2019\/09\/Logo-Original.png\",\"contentUrl\":\"https:\/\/experienciadevida.com.ar\/portalurbano\/wp-content\/uploads\/2019\/09\/Logo-Original.png\",\"width\":2236,\"height\":1216,\"caption\":\"Portal Urbano\"},\"image\":{\"@id\":\"https:\/\/experienciadevida.com.ar\/portalurbano\/#\/schema\/logo\/image\/\"},\"sameAs\":[\"https:\/\/www.facebook.com\/Portal-Urbano-171542830093757\/\",\"https:\/\/twitter.com\/portalurbanook\",\"https:\/\/www.instagram.com\/_portalurbano\/\",\"https:\/\/www.youtube.com\/channel\/UCXhagIfszH8KxFiOok79zbA?view_as=subscriber\"]},{\"@type\":\"Person\",\"@id\":\"https:\/\/experienciadevida.com.ar\/portalurbano\/#\/schema\/person\/02dd326b1c4b056e9cc972486934a3a7\",\"name\":\"admpu17wp\",\"image\":{\"@type\":\"ImageObject\",\"inLanguage\":\"es\",\"@id\":\"https:\/\/experienciadevida.com.ar\/portalurbano\/#\/schema\/person\/image\/\",\"url\":\"https:\/\/secure.gravatar.com\/avatar\/830d4c57adaae6630765e449a6908047?s=96&d=mm&r=g\",\"contentUrl\":\"https:\/\/secure.gravatar.com\/avatar\/830d4c57adaae6630765e449a6908047?s=96&d=mm&r=g\",\"caption\":\"admpu17wp\"}}]}<\/script>\n<!-- \/ Yoast SEO plugin. -->","yoast_head_json":{"title":"Con 16 nuevos fallecimientos, suman 1.453 los muertos por coronavirus en Argentina -","robots":{"index":"index","follow":"follow","max-snippet":"max-snippet:-1","max-image-preview":"max-image-preview:large","max-video-preview":"max-video-preview:-1"},"canonical":"https:\/\/experienciadevida.com.ar\/portalurbano\/con-16-nuevos-fallecimientos-suman-1-453-los-muertos-por-coronavirus-en-argentina\/","og_locale":"es_ES","og_type":"article","og_title":"Con 16 nuevos fallecimientos, suman 1.453 los muertos por coronavirus en Argentina -","og_description":"Hay 45.403 pacientes infectados de los que 637 se hallan en terapia intensiva. El Ministerio...","og_url":"https:\/\/experienciadevida.com.ar\/portalurbano\/con-16-nuevos-fallecimientos-suman-1-453-los-muertos-por-coronavirus-en-argentina\/","article_publisher":"https:\/\/www.facebook.com\/Portal-Urbano-171542830093757\/","article_published_time":"2020-07-04T15:21:13+00:00","article_modified_time":"2020-07-04T15:21:55+00:00","og_image":[{"width":696,"height":464,"url":"https:\/\/experienciadevida.com.ar\/portalurbano\/wp-content\/uploads\/2020\/06\/CORONAVIRUSHOSPITAL.jpg","type":"image\/jpeg"}],"author":"admpu17wp","twitter_card":"summary_large_image","twitter_creator":"@portalurbanook","twitter_site":"@portalurbanook","twitter_misc":{"Escrito por":"admpu17wp","Tiempo de lectura":"2 minutos"},"schema":{"@context":"https:\/\/schema.org","@graph":[{"@type":"Article","@id":"https:\/\/experienciadevida.com.ar\/portalurbano\/con-16-nuevos-fallecimientos-suman-1-453-los-muertos-por-coronavirus-en-argentina\/#article","isPartOf":{"@id":"https:\/\/experienciadevida.com.ar\/portalurbano\/con-16-nuevos-fallecimientos-suman-1-453-los-muertos-por-coronavirus-en-argentina\/"},"author":{"name":"admpu17wp","@id":"https:\/\/experienciadevida.com.ar\/portalurbano\/#\/schema\/person\/02dd326b1c4b056e9cc972486934a3a7"},"headline":"Con 16 nuevos fallecimientos, suman 1.453 los muertos por coronavirus en Argentina","datePublished":"2020-07-04T15:21:13+00:00","dateModified":"2020-07-04T15:21:55+00:00","mainEntityOfPage":{"@id":"https:\/\/experienciadevida.com.ar\/portalurbano\/con-16-nuevos-fallecimientos-suman-1-453-los-muertos-por-coronavirus-en-argentina\/"},"wordCount":414,"publisher":{"@id":"https:\/\/experienciadevida.com.ar\/portalurbano\/#organization"},"articleSection":["Coronavirus","Naci\u00f3n"],"inLanguage":"es"},{"@type":"WebPage","@id":"https:\/\/experienciadevida.com.ar\/portalurbano\/con-16-nuevos-fallecimientos-suman-1-453-los-muertos-por-coronavirus-en-argentina\/","url":"https:\/\/experienciadevida.com.ar\/portalurbano\/con-16-nuevos-fallecimientos-suman-1-453-los-muertos-por-coronavirus-en-argentina\/","name":"Con 16 nuevos fallecimientos, suman 1.453 los muertos por coronavirus en Argentina -","isPartOf":{"@id":"https:\/\/experienciadevida.com.ar\/portalurbano\/#website"},"datePublished":"2020-07-04T15:21:13+00:00","dateModified":"2020-07-04T15:21:55+00:00","breadcrumb":{"@id":"https:\/\/experienciadevida.com.ar\/portalurbano\/con-16-nuevos-fallecimientos-suman-1-453-los-muertos-por-coronavirus-en-argentina\/#breadcrumb"},"inLanguage":"es","potentialAction":[{"@type":"ReadAction","target":["https:\/\/experienciadevida.com.ar\/portalurbano\/con-16-nuevos-fallecimientos-suman-1-453-los-muertos-por-coronavirus-en-argentina\/"]}]},{"@type":"BreadcrumbList","@id":"https:\/\/experienciadevida.com.ar\/portalurbano\/con-16-nuevos-fallecimientos-suman-1-453-los-muertos-por-coronavirus-en-argentina\/#breadcrumb","itemListElement":[{"@type":"ListItem","position":1,"name":"Portada","item":"https:\/\/experienciadevida.com.ar\/portalurbano\/"},{"@type":"ListItem","position":2,"name":"Con 16 nuevos fallecimientos, suman 1.453 los muertos por coronavirus en Argentina"}]},{"@type":"WebSite","@id":"https:\/\/experienciadevida.com.ar\/portalurbano\/#website","url":"https:\/\/experienciadevida.com.ar\/portalurbano\/","name":"","description":"","publisher":{"@id":"https:\/\/experienciadevida.com.ar\/portalurbano\/#organization"},"potentialAction":[{"@type":"SearchAction","target":{"@type":"EntryPoint","urlTemplate":"https:\/\/experienciadevida.com.ar\/portalurbano\/?s={search_term_string}"},"query-input":"required name=search_term_string"}],"inLanguage":"es"},{"@type":"Organization","@id":"https:\/\/experienciadevida.com.ar\/portalurbano\/#organization","name":"Portal Urbano","url":"https:\/\/experienciadevida.com.ar\/portalurbano\/","logo":{"@type":"ImageObject","inLanguage":"es","@id":"https:\/\/experienciadevida.com.ar\/portalurbano\/#\/schema\/logo\/image\/","url":"https:\/\/experienciadevida.com.ar\/portalurbano\/wp-content\/uploads\/2019\/09\/Logo-Original.png","contentUrl":"https:\/\/experienciadevida.com.ar\/portalurbano\/wp-content\/uploads\/2019\/09\/Logo-Original.png","width":2236,"height":1216,"caption":"Portal Urbano"},"image":{"@id":"https:\/\/experienciadevida.com.ar\/portalurbano\/#\/schema\/logo\/image\/"},"sameAs":["https:\/\/www.facebook.com\/Portal-Urbano-171542830093757\/","https:\/\/twitter.com\/portalurbanook","https:\/\/www.instagram.com\/_portalurbano\/","https:\/\/www.youtube.com\/channel\/UCXhagIfszH8KxFiOok79zbA?view_as=subscriber"]},{"@type":"Person","@id":"https:\/\/experienciadevida.com.ar\/portalurbano\/#\/schema\/person\/02dd326b1c4b056e9cc972486934a3a7","name":"admpu17wp","image":{"@type":"ImageObject","inLanguage":"es","@id":"https:\/\/experienciadevida.com.ar\/portalurbano\/#\/schema\/person\/image\/","url":"https:\/\/secure.gravatar.com\/avatar\/830d4c57adaae6630765e449a6908047?s=96&d=mm&r=g","contentUrl":"https:\/\/secure.gravatar.com\/avatar\/830d4c57adaae6630765e449a6908047?s=96&d=mm&r=g","caption":"admpu17wp"}}]}},"featured_image_urls":{"full":["https:\/\/experienciadevida.com.ar\/portalurbano\/wp-content\/uploads\/2020\/06\/CORONAVIRUSHOSPITAL.jpg",696,464,false],"thumbnail":["https:\/\/experienciadevida.com.ar\/portalurbano\/wp-content\/uploads\/2020\/06\/CORONAVIRUSHOSPITAL-150x150.jpg",150,150,true],"medium":["https:\/\/experienciadevida.com.ar\/portalurbano\/wp-content\/uploads\/2020\/06\/CORONAVIRUSHOSPITAL-300x200.jpg",300,200,true],"medium_large":["https:\/\/experienciadevida.com.ar\/portalurbano\/wp-content\/uploads\/2020\/06\/CORONAVIRUSHOSPITAL.jpg",640,427,false],"large":["https:\/\/experienciadevida.com.ar\/portalurbano\/wp-content\/uploads\/2020\/06\/CORONAVIRUSHOSPITAL.jpg",640,427,false],"ug_big":["https:\/\/experienciadevida.com.ar\/portalurbano\/wp-content\/uploads\/2020\/06\/CORONAVIRUSHOSPITAL.jpg",696,464,false],"1536x1536":["https:\/\/experienciadevida.com.ar\/portalurbano\/wp-content\/uploads\/2020\/06\/CORONAVIRUSHOSPITAL.jpg",696,464,false],"2048x2048":["https:\/\/experienciadevida.com.ar\/portalurbano\/wp-content\/uploads\/2020\/06\/CORONAVIRUSHOSPITAL.jpg",696,464,false],"newsever-slider-full":["https:\/\/experienciadevida.com.ar\/portalurbano\/wp-content\/uploads\/2020\/06\/CORONAVIRUSHOSPITAL.jpg",696,464,false],"newsever-featured":["https:\/\/experienciadevida.com.ar\/portalurbano\/wp-content\/uploads\/2020\/06\/CORONAVIRUSHOSPITAL.jpg",696,464,false],"newsever-medium":["https:\/\/experienciadevida.com.ar\/portalurbano\/wp-content\/uploads\/2020\/06\/CORONAVIRUSHOSPITAL.jpg",696,464,false],"web-stories-poster-portrait":["https:\/\/experienciadevida.com.ar\/portalurbano\/wp-content\/uploads\/2020\/06\/CORONAVIRUSHOSPITAL.jpg",640,427,false],"web-stories-publisher-logo":["https:\/\/experienciadevida.com.ar\/portalurbano\/wp-content\/uploads\/2020\/06\/CORONAVIRUSHOSPITAL.jpg",96,64,false],"web-stories-thumbnail":["https:\/\/experienciadevida.com.ar\/portalurbano\/wp-content\/uploads\/2020\/06\/CORONAVIRUSHOSPITAL.jpg",150,100,false]},"author_info":{"display_name":"admpu17wp","author_link":"https:\/\/experienciadevida.com.ar\/portalurbano\/author\/admpu17wp\/"},"category_info":"<a href=\"https:\/\/experienciadevida.com.ar\/portalurbano\/category\/nacion\/coronavirus\/\" rel=\"category tag\">Coronavirus<\/a> <a href=\"https:\/\/experienciadevida.com.ar\/portalurbano\/category\/nacion\/\" rel=\"category tag\">Naci\u00f3n<\/a>","tag_info":"Naci\u00f3n","comment_count":"0","amp_enabled":true,"_links":{"self":[{"href":"https:\/\/experienciadevida.com.ar\/portalurbano\/wp-json\/wp\/v2\/posts\/113913"}],"collection":[{"href":"https:\/\/experienciadevida.com.ar\/portalurbano\/wp-json\/wp\/v2\/posts"}],"about":[{"href":"https:\/\/experienciadevida.com.ar\/portalurbano\/wp-json\/wp\/v2\/types\/post"}],"author":[{"embeddable":true,"href":"https:\/\/experienciadevida.com.ar\/portalurbano\/wp-json\/wp\/v2\/users\/1"}],"replies":[{"embeddable":true,"href":"https:\/\/experienciadevida.com.ar\/portalurbano\/wp-json\/wp\/v2\/comments?post=113913"}],"version-history":[{"count":2,"href":"https:\/\/experienciadevida.com.ar\/portalurbano\/wp-json\/wp\/v2\/posts\/113913\/revisions"}],"predecessor-version":[{"id":113915,"href":"https:\/\/experienciadevida.com.ar\/portalurbano\/wp-json\/wp\/v2\/posts\/113913\/revisions\/113915"}],"wp:featuredmedia":[{"embeddable":true,"href":"https:\/\/experienciadevida.com.ar\/portalurbano\/wp-json\/wp\/v2\/media\/113446"}],"wp:attachment":[{"href":"https:\/\/experienciadevida.com.ar\/portalurbano\/wp-json\/wp\/v2\/media?parent=113913"}],"wp:term":[{"taxonomy":"category","embeddable":true,"href":"https:\/\/experienciadevida.com.ar\/portalurbano\/wp-json\/wp\/v2\/categories?post=113913"},{"taxonomy":"post_tag","embeddable":true,"href":"https:\/\/experienciadevida.com.ar\/portalurbano\/wp-json\/wp\/v2\/tags?post=113913"}],"curies":[{"name":"wp","href":"https:\/\/api.w.org\/{rel}","templated":true}]}}