{"id":113888,"date":"2020-07-04T11:12:12","date_gmt":"2020-07-04T14:12:12","guid":{"rendered":"https:\/\/experienciadevida.com.ar\/portalurbano\/?p=113888"},"modified":"2020-07-04T11:13:20","modified_gmt":"2020-07-04T14:13:20","slug":"con-exposiciones-de-los-concejales-comenzo-el-debate-de-la-rendicion-de-cuentas-2019","status":"publish","type":"post","link":"https:\/\/experienciadevida.com.ar\/portalurbano\/con-exposiciones-de-los-concejales-comenzo-el-debate-de-la-rendicion-de-cuentas-2019\/","title":{"rendered":"Con exposiciones de los concejales comenz\u00f3 el debate de la rendici\u00f3n de cuentas 2019"},"content":{"rendered":"<p>Este s\u00e1bado\u00a0 a las 10 hs en el recinto de la Sociedad Espa\u00f1ola comenz\u00f3 el debate por la rendici\u00f3n de cuentas 2019, encontr\u00e1ndose con Licencia M\u00e9dica el concejal Mart\u00edn Lastape, todos los concejales estaban presentes en el recinto.<\/p>\n<p>El primero en hablar fue el edil Juan S\u00e1nchez &#8220;<em>en primer lugar solicitar a toda la poblaci\u00f3n de Olavarr\u00eda, una sincera disculpa por el bochornoso espect\u00e1culo que tuvo que presenciar hasta el punto en que ordenaron el corte de la transmisi\u00f3n, y luego por los distintos medios de difusi\u00f3n que gracias a un pedido de este bloque, pudieron estar trabajando y transmitir lo que rest\u00f3 de esa bochornosa sesi\u00f3n&#8221;.<\/em><\/p>\n<p>A su vez expres\u00f3 &#8220;<em>indudablemente la responsabilidad de lo que ocurre en el Concejo Deliberante recae en la cabeza de su presidente, que no se puede soslayar que fue votado para representarnos a todos los concejales, m\u00e1s all\u00e1 de su pertenencia pol\u00edtica, y de su rol como concejal. Tiene poderes y responsabilidades, tiene poderes extraordinarios&#8221;.<\/em><\/p>\n<p><em>&#8220;Ese rol lleva consigo tambi\u00e9n las responsabilidades,\u00a0 \u00a0a tal punto que la ley org\u00e1nica cuando habla de las condiciones del Presidente, no pone en cabeza la posibilidad ni siquiera de que se retire, porque es el que convoca. No solamente dej\u00f3 desamparado al equipo t\u00e9cnico, al resto de los concejales sino que dej\u00f3 en funciones al Secretario situaciones que no le corresponde ordenando el corte de una transmisi\u00f3n&#8221;.<\/em><\/p>\n<p>Por otro lado, Alicia Almada dijo &#8220;<em>nuestro interbloque a considerado que es el momento oportuno para retomar un tema que tuvo alcance provincial y nacional, tiene que ver con lo sucedido con la concejal Arouxet, como presidente de la comisi\u00f3n de g\u00e9nero, ayer consensuamos un documento pero no fue aprobado por dos ediles&#8221;.<\/em><\/p>\n<p>Por \u00faltimo coment\u00f3 &#8220;<em>es muy triste la poca empat\u00eda que hay de los compa\u00f1eros&#8221;.\u00a0<\/em><\/p>\n","protected":false},"excerpt":{"rendered":"<p>Este s\u00e1bado\u00a0 a las 10 hs en el recinto de la Sociedad Espa\u00f1ola comenz\u00f3 el&#8230;<\/p>\n","protected":false},"author":1,"featured_media":113889,"comment_status":"closed","ping_status":"closed","sticky":false,"template":"","format":"standard","meta":{"content-type":""},"categories":[51,43],"tags":[],"nelio_content":{"isAutoShareEnabled":false,"autoShareEndMode":"default","automationSources":{"useContentSentences":true,"useSocialTemplates":true,"useCustomSentences":false,"customSentences":[]},"followers":[1],"suggestedReferences":[],"includedReferences":[],"efiUrl":"","efiAlt":"","highlights":[]},"yoast_head":"<!-- This site is optimized with the Yoast SEO plugin v20.7 - https:\/\/yoast.com\/wordpress\/plugins\/seo\/ -->\n<title>Con exposiciones de los concejales comenz\u00f3 el debate de la rendici\u00f3n de cuentas 2019 -<\/title>\n<meta name=\"robots\" content=\"index, follow, max-snippet:-1, max-image-preview:large, max-video-preview:-1\" \/>\n<link rel=\"canonical\" href=\"https:\/\/experienciadevida.com.ar\/portalurbano\/con-exposiciones-de-los-concejales-comenzo-el-debate-de-la-rendicion-de-cuentas-2019\/\" \/>\n<meta property=\"og:locale\" content=\"es_ES\" \/>\n<meta property=\"og:type\" content=\"article\" \/>\n<meta property=\"og:title\" content=\"Con exposiciones de los concejales comenz\u00f3 el debate de la rendici\u00f3n de cuentas 2019 -\" \/>\n<meta property=\"og:description\" content=\"Este s\u00e1bado\u00a0 a las 10 hs en el recinto de la Sociedad Espa\u00f1ola comenz\u00f3 el...\" \/>\n<meta property=\"og:url\" content=\"https:\/\/experienciadevida.com.ar\/portalurbano\/con-exposiciones-de-los-concejales-comenzo-el-debate-de-la-rendicion-de-cuentas-2019\/\" \/>\n<meta property=\"article:publisher\" content=\"https:\/\/www.facebook.com\/Portal-Urbano-171542830093757\/\" \/>\n<meta property=\"article:published_time\" content=\"2020-07-04T14:12:12+00:00\" \/>\n<meta property=\"article:modified_time\" content=\"2020-07-04T14:13:20+00:00\" \/>\n<meta property=\"og:image\" content=\"https:\/\/experienciadevida.com.ar\/portalurbano\/wp-content\/uploads\/2020\/07\/SESIONESPECIAL.png\" \/>\n\t<meta property=\"og:image:width\" content=\"834\" \/>\n\t<meta property=\"og:image:height\" content=\"385\" \/>\n\t<meta property=\"og:image:type\" content=\"image\/png\" \/>\n<meta name=\"author\" content=\"admpu17wp\" \/>\n<meta name=\"twitter:card\" content=\"summary_large_image\" \/>\n<meta name=\"twitter:creator\" content=\"@portalurbanook\" \/>\n<meta name=\"twitter:site\" content=\"@portalurbanook\" \/>\n<meta name=\"twitter:label1\" content=\"Escrito por\" \/>\n\t<meta name=\"twitter:data1\" content=\"admpu17wp\" \/>\n\t<meta name=\"twitter:label2\" content=\"Tiempo de lectura\" \/>\n\t<meta name=\"twitter:data2\" content=\"2 minutos\" \/>\n<script type=\"application\/ld+json\" class=\"yoast-schema-graph\">{\"@context\":\"https:\/\/schema.org\",\"@graph\":[{\"@type\":\"Article\",\"@id\":\"https:\/\/experienciadevida.com.ar\/portalurbano\/con-exposiciones-de-los-concejales-comenzo-el-debate-de-la-rendicion-de-cuentas-2019\/#article\",\"isPartOf\":{\"@id\":\"https:\/\/experienciadevida.com.ar\/portalurbano\/con-exposiciones-de-los-concejales-comenzo-el-debate-de-la-rendicion-de-cuentas-2019\/\"},\"author\":{\"name\":\"admpu17wp\",\"@id\":\"https:\/\/experienciadevida.com.ar\/portalurbano\/#\/schema\/person\/02dd326b1c4b056e9cc972486934a3a7\"},\"headline\":\"Con exposiciones de los concejales comenz\u00f3 el debate de la rendici\u00f3n de cuentas 2019\",\"datePublished\":\"2020-07-04T14:12:12+00:00\",\"dateModified\":\"2020-07-04T14:13:20+00:00\",\"mainEntityOfPage\":{\"@id\":\"https:\/\/experienciadevida.com.ar\/portalurbano\/con-exposiciones-de-los-concejales-comenzo-el-debate-de-la-rendicion-de-cuentas-2019\/\"},\"wordCount\":332,\"publisher\":{\"@id\":\"https:\/\/experienciadevida.com.ar\/portalurbano\/#organization\"},\"articleSection\":[\"Destacadas\",\"Pol\u00edtica\"],\"inLanguage\":\"es\"},{\"@type\":\"WebPage\",\"@id\":\"https:\/\/experienciadevida.com.ar\/portalurbano\/con-exposiciones-de-los-concejales-comenzo-el-debate-de-la-rendicion-de-cuentas-2019\/\",\"url\":\"https:\/\/experienciadevida.com.ar\/portalurbano\/con-exposiciones-de-los-concejales-comenzo-el-debate-de-la-rendicion-de-cuentas-2019\/\",\"name\":\"Con exposiciones de los concejales comenz\u00f3 el debate de la rendici\u00f3n de cuentas 2019 -\",\"isPartOf\":{\"@id\":\"https:\/\/experienciadevida.com.ar\/portalurbano\/#website\"},\"datePublished\":\"2020-07-04T14:12:12+00:00\",\"dateModified\":\"2020-07-04T14:13:20+00:00\",\"breadcrumb\":{\"@id\":\"https:\/\/experienciadevida.com.ar\/portalurbano\/con-exposiciones-de-los-concejales-comenzo-el-debate-de-la-rendicion-de-cuentas-2019\/#breadcrumb\"},\"inLanguage\":\"es\",\"potentialAction\":[{\"@type\":\"ReadAction\",\"target\":[\"https:\/\/experienciadevida.com.ar\/portalurbano\/con-exposiciones-de-los-concejales-comenzo-el-debate-de-la-rendicion-de-cuentas-2019\/\"]}]},{\"@type\":\"BreadcrumbList\",\"@id\":\"https:\/\/experienciadevida.com.ar\/portalurbano\/con-exposiciones-de-los-concejales-comenzo-el-debate-de-la-rendicion-de-cuentas-2019\/#breadcrumb\",\"itemListElement\":[{\"@type\":\"ListItem\",\"position\":1,\"name\":\"Portada\",\"item\":\"https:\/\/experienciadevida.com.ar\/portalurbano\/\"},{\"@type\":\"ListItem\",\"position\":2,\"name\":\"Con exposiciones de los concejales comenz\u00f3 el debate de la rendici\u00f3n de cuentas 2019\"}]},{\"@type\":\"WebSite\",\"@id\":\"https:\/\/experienciadevida.com.ar\/portalurbano\/#website\",\"url\":\"https:\/\/experienciadevida.com.ar\/portalurbano\/\",\"name\":\"\",\"description\":\"\",\"publisher\":{\"@id\":\"https:\/\/experienciadevida.com.ar\/portalurbano\/#organization\"},\"potentialAction\":[{\"@type\":\"SearchAction\",\"target\":{\"@type\":\"EntryPoint\",\"urlTemplate\":\"https:\/\/experienciadevida.com.ar\/portalurbano\/?s={search_term_string}\"},\"query-input\":\"required name=search_term_string\"}],\"inLanguage\":\"es\"},{\"@type\":\"Organization\",\"@id\":\"https:\/\/experienciadevida.com.ar\/portalurbano\/#organization\",\"name\":\"Portal Urbano\",\"url\":\"https:\/\/experienciadevida.com.ar\/portalurbano\/\",\"logo\":{\"@type\":\"ImageObject\",\"inLanguage\":\"es\",\"@id\":\"https:\/\/experienciadevida.com.ar\/portalurbano\/#\/schema\/logo\/image\/\",\"url\":\"https:\/\/experienciadevida.com.ar\/portalurbano\/wp-content\/uploads\/2019\/09\/Logo-Original.png\",\"contentUrl\":\"https:\/\/experienciadevida.com.ar\/portalurbano\/wp-content\/uploads\/2019\/09\/Logo-Original.png\",\"width\":2236,\"height\":1216,\"caption\":\"Portal Urbano\"},\"image\":{\"@id\":\"https:\/\/experienciadevida.com.ar\/portalurbano\/#\/schema\/logo\/image\/\"},\"sameAs\":[\"https:\/\/www.facebook.com\/Portal-Urbano-171542830093757\/\",\"https:\/\/twitter.com\/portalurbanook\",\"https:\/\/www.instagram.com\/_portalurbano\/\",\"https:\/\/www.youtube.com\/channel\/UCXhagIfszH8KxFiOok79zbA?view_as=subscriber\"]},{\"@type\":\"Person\",\"@id\":\"https:\/\/experienciadevida.com.ar\/portalurbano\/#\/schema\/person\/02dd326b1c4b056e9cc972486934a3a7\",\"name\":\"admpu17wp\",\"image\":{\"@type\":\"ImageObject\",\"inLanguage\":\"es\",\"@id\":\"https:\/\/experienciadevida.com.ar\/portalurbano\/#\/schema\/person\/image\/\",\"url\":\"https:\/\/secure.gravatar.com\/avatar\/830d4c57adaae6630765e449a6908047?s=96&d=mm&r=g\",\"contentUrl\":\"https:\/\/secure.gravatar.com\/avatar\/830d4c57adaae6630765e449a6908047?s=96&d=mm&r=g\",\"caption\":\"admpu17wp\"}}]}<\/script>\n<!-- \/ Yoast SEO plugin. -->","yoast_head_json":{"title":"Con exposiciones de los concejales comenz\u00f3 el debate de la rendici\u00f3n de cuentas 2019 -","robots":{"index":"index","follow":"follow","max-snippet":"max-snippet:-1","max-image-preview":"max-image-preview:large","max-video-preview":"max-video-preview:-1"},"canonical":"https:\/\/experienciadevida.com.ar\/portalurbano\/con-exposiciones-de-los-concejales-comenzo-el-debate-de-la-rendicion-de-cuentas-2019\/","og_locale":"es_ES","og_type":"article","og_title":"Con exposiciones de los concejales comenz\u00f3 el debate de la rendici\u00f3n de cuentas 2019 -","og_description":"Este s\u00e1bado\u00a0 a las 10 hs en el recinto de la Sociedad Espa\u00f1ola comenz\u00f3 el...","og_url":"https:\/\/experienciadevida.com.ar\/portalurbano\/con-exposiciones-de-los-concejales-comenzo-el-debate-de-la-rendicion-de-cuentas-2019\/","article_publisher":"https:\/\/www.facebook.com\/Portal-Urbano-171542830093757\/","article_published_time":"2020-07-04T14:12:12+00:00","article_modified_time":"2020-07-04T14:13:20+00:00","og_image":[{"width":834,"height":385,"url":"https:\/\/experienciadevida.com.ar\/portalurbano\/wp-content\/uploads\/2020\/07\/SESIONESPECIAL.png","type":"image\/png"}],"author":"admpu17wp","twitter_card":"summary_large_image","twitter_creator":"@portalurbanook","twitter_site":"@portalurbanook","twitter_misc":{"Escrito por":"admpu17wp","Tiempo de lectura":"2 minutos"},"schema":{"@context":"https:\/\/schema.org","@graph":[{"@type":"Article","@id":"https:\/\/experienciadevida.com.ar\/portalurbano\/con-exposiciones-de-los-concejales-comenzo-el-debate-de-la-rendicion-de-cuentas-2019\/#article","isPartOf":{"@id":"https:\/\/experienciadevida.com.ar\/portalurbano\/con-exposiciones-de-los-concejales-comenzo-el-debate-de-la-rendicion-de-cuentas-2019\/"},"author":{"name":"admpu17wp","@id":"https:\/\/experienciadevida.com.ar\/portalurbano\/#\/schema\/person\/02dd326b1c4b056e9cc972486934a3a7"},"headline":"Con exposiciones de los concejales comenz\u00f3 el debate de la rendici\u00f3n de cuentas 2019","datePublished":"2020-07-04T14:12:12+00:00","dateModified":"2020-07-04T14:13:20+00:00","mainEntityOfPage":{"@id":"https:\/\/experienciadevida.com.ar\/portalurbano\/con-exposiciones-de-los-concejales-comenzo-el-debate-de-la-rendicion-de-cuentas-2019\/"},"wordCount":332,"publisher":{"@id":"https:\/\/experienciadevida.com.ar\/portalurbano\/#organization"},"articleSection":["Destacadas","Pol\u00edtica"],"inLanguage":"es"},{"@type":"WebPage","@id":"https:\/\/experienciadevida.com.ar\/portalurbano\/con-exposiciones-de-los-concejales-comenzo-el-debate-de-la-rendicion-de-cuentas-2019\/","url":"https:\/\/experienciadevida.com.ar\/portalurbano\/con-exposiciones-de-los-concejales-comenzo-el-debate-de-la-rendicion-de-cuentas-2019\/","name":"Con exposiciones de los concejales comenz\u00f3 el debate de la rendici\u00f3n de cuentas 2019 -","isPartOf":{"@id":"https:\/\/experienciadevida.com.ar\/portalurbano\/#website"},"datePublished":"2020-07-04T14:12:12+00:00","dateModified":"2020-07-04T14:13:20+00:00","breadcrumb":{"@id":"https:\/\/experienciadevida.com.ar\/portalurbano\/con-exposiciones-de-los-concejales-comenzo-el-debate-de-la-rendicion-de-cuentas-2019\/#breadcrumb"},"inLanguage":"es","potentialAction":[{"@type":"ReadAction","target":["https:\/\/experienciadevida.com.ar\/portalurbano\/con-exposiciones-de-los-concejales-comenzo-el-debate-de-la-rendicion-de-cuentas-2019\/"]}]},{"@type":"BreadcrumbList","@id":"https:\/\/experienciadevida.com.ar\/portalurbano\/con-exposiciones-de-los-concejales-comenzo-el-debate-de-la-rendicion-de-cuentas-2019\/#breadcrumb","itemListElement":[{"@type":"ListItem","position":1,"name":"Portada","item":"https:\/\/experienciadevida.com.ar\/portalurbano\/"},{"@type":"ListItem","position":2,"name":"Con exposiciones de los concejales comenz\u00f3 el debate de la rendici\u00f3n de cuentas 2019"}]},{"@type":"WebSite","@id":"https:\/\/experienciadevida.com.ar\/portalurbano\/#website","url":"https:\/\/experienciadevida.com.ar\/portalurbano\/","name":"","description":"","publisher":{"@id":"https:\/\/experienciadevida.com.ar\/portalurbano\/#organization"},"potentialAction":[{"@type":"SearchAction","target":{"@type":"EntryPoint","urlTemplate":"https:\/\/experienciadevida.com.ar\/portalurbano\/?s={search_term_string}"},"query-input":"required name=search_term_string"}],"inLanguage":"es"},{"@type":"Organization","@id":"https:\/\/experienciadevida.com.ar\/portalurbano\/#organization","name":"Portal Urbano","url":"https:\/\/experienciadevida.com.ar\/portalurbano\/","logo":{"@type":"ImageObject","inLanguage":"es","@id":"https:\/\/experienciadevida.com.ar\/portalurbano\/#\/schema\/logo\/image\/","url":"https:\/\/experienciadevida.com.ar\/portalurbano\/wp-content\/uploads\/2019\/09\/Logo-Original.png","contentUrl":"https:\/\/experienciadevida.com.ar\/portalurbano\/wp-content\/uploads\/2019\/09\/Logo-Original.png","width":2236,"height":1216,"caption":"Portal Urbano"},"image":{"@id":"https:\/\/experienciadevida.com.ar\/portalurbano\/#\/schema\/logo\/image\/"},"sameAs":["https:\/\/www.facebook.com\/Portal-Urbano-171542830093757\/","https:\/\/twitter.com\/portalurbanook","https:\/\/www.instagram.com\/_portalurbano\/","https:\/\/www.youtube.com\/channel\/UCXhagIfszH8KxFiOok79zbA?view_as=subscriber"]},{"@type":"Person","@id":"https:\/\/experienciadevida.com.ar\/portalurbano\/#\/schema\/person\/02dd326b1c4b056e9cc972486934a3a7","name":"admpu17wp","image":{"@type":"ImageObject","inLanguage":"es","@id":"https:\/\/experienciadevida.com.ar\/portalurbano\/#\/schema\/person\/image\/","url":"https:\/\/secure.gravatar.com\/avatar\/830d4c57adaae6630765e449a6908047?s=96&d=mm&r=g","contentUrl":"https:\/\/secure.gravatar.com\/avatar\/830d4c57adaae6630765e449a6908047?s=96&d=mm&r=g","caption":"admpu17wp"}}]}},"featured_image_urls":{"full":["https:\/\/experienciadevida.com.ar\/portalurbano\/wp-content\/uploads\/2020\/07\/SESIONESPECIAL.png",834,385,false],"thumbnail":["https:\/\/experienciadevida.com.ar\/portalurbano\/wp-content\/uploads\/2020\/07\/SESIONESPECIAL-150x150.png",150,150,true],"medium":["https:\/\/experienciadevida.com.ar\/portalurbano\/wp-content\/uploads\/2020\/07\/SESIONESPECIAL-300x138.png",300,138,true],"medium_large":["https:\/\/experienciadevida.com.ar\/portalurbano\/wp-content\/uploads\/2020\/07\/SESIONESPECIAL-768x355.png",640,296,true],"large":["https:\/\/experienciadevida.com.ar\/portalurbano\/wp-content\/uploads\/2020\/07\/SESIONESPECIAL.png",640,295,false],"ug_big":["https:\/\/experienciadevida.com.ar\/portalurbano\/wp-content\/uploads\/2020\/07\/SESIONESPECIAL-768x355.png",768,355,true],"1536x1536":["https:\/\/experienciadevida.com.ar\/portalurbano\/wp-content\/uploads\/2020\/07\/SESIONESPECIAL.png",834,385,false],"2048x2048":["https:\/\/experienciadevida.com.ar\/portalurbano\/wp-content\/uploads\/2020\/07\/SESIONESPECIAL.png",834,385,false],"newsever-slider-full":["https:\/\/experienciadevida.com.ar\/portalurbano\/wp-content\/uploads\/2020\/07\/SESIONESPECIAL.png",834,385,false],"newsever-featured":["https:\/\/experienciadevida.com.ar\/portalurbano\/wp-content\/uploads\/2020\/07\/SESIONESPECIAL.png",834,385,false],"newsever-medium":["https:\/\/experienciadevida.com.ar\/portalurbano\/wp-content\/uploads\/2020\/07\/SESIONESPECIAL.png",720,332,false],"web-stories-poster-portrait":["https:\/\/experienciadevida.com.ar\/portalurbano\/wp-content\/uploads\/2020\/07\/SESIONESPECIAL.png",640,295,false],"web-stories-publisher-logo":["https:\/\/experienciadevida.com.ar\/portalurbano\/wp-content\/uploads\/2020\/07\/SESIONESPECIAL.png",96,44,false],"web-stories-thumbnail":["https:\/\/experienciadevida.com.ar\/portalurbano\/wp-content\/uploads\/2020\/07\/SESIONESPECIAL.png",150,69,false]},"author_info":{"display_name":"admpu17wp","author_link":"https:\/\/experienciadevida.com.ar\/portalurbano\/author\/admpu17wp\/"},"category_info":"<a href=\"https:\/\/experienciadevida.com.ar\/portalurbano\/category\/destacadas\/\" rel=\"category tag\">Destacadas<\/a> <a href=\"https:\/\/experienciadevida.com.ar\/portalurbano\/category\/politica\/\" rel=\"category tag\">Pol\u00edtica<\/a>","tag_info":"Pol\u00edtica","comment_count":"0","amp_enabled":true,"_links":{"self":[{"href":"https:\/\/experienciadevida.com.ar\/portalurbano\/wp-json\/wp\/v2\/posts\/113888"}],"collection":[{"href":"https:\/\/experienciadevida.com.ar\/portalurbano\/wp-json\/wp\/v2\/posts"}],"about":[{"href":"https:\/\/experienciadevida.com.ar\/portalurbano\/wp-json\/wp\/v2\/types\/post"}],"author":[{"embeddable":true,"href":"https:\/\/experienciadevida.com.ar\/portalurbano\/wp-json\/wp\/v2\/users\/1"}],"replies":[{"embeddable":true,"href":"https:\/\/experienciadevida.com.ar\/portalurbano\/wp-json\/wp\/v2\/comments?post=113888"}],"version-history":[{"count":3,"href":"https:\/\/experienciadevida.com.ar\/portalurbano\/wp-json\/wp\/v2\/posts\/113888\/revisions"}],"predecessor-version":[{"id":113892,"href":"https:\/\/experienciadevida.com.ar\/portalurbano\/wp-json\/wp\/v2\/posts\/113888\/revisions\/113892"}],"wp:featuredmedia":[{"embeddable":true,"href":"https:\/\/experienciadevida.com.ar\/portalurbano\/wp-json\/wp\/v2\/media\/113889"}],"wp:attachment":[{"href":"https:\/\/experienciadevida.com.ar\/portalurbano\/wp-json\/wp\/v2\/media?parent=113888"}],"wp:term":[{"taxonomy":"category","embeddable":true,"href":"https:\/\/experienciadevida.com.ar\/portalurbano\/wp-json\/wp\/v2\/categories?post=113888"},{"taxonomy":"post_tag","embeddable":true,"href":"https:\/\/experienciadevida.com.ar\/portalurbano\/wp-json\/wp\/v2\/tags?post=113888"}],"curies":[{"name":"wp","href":"https:\/\/api.w.org\/{rel}","templated":true}]}}