{"id":113860,"date":"2020-07-03T16:58:37","date_gmt":"2020-07-03T19:58:37","guid":{"rendered":"https:\/\/experienciadevida.com.ar\/portalurbano\/?p=113860"},"modified":"2020-07-03T16:59:05","modified_gmt":"2020-07-03T19:59:05","slug":"trabajadoras-de-medios-de-comunicacion-repudian-los-dichos-de-galli","status":"publish","type":"post","link":"https:\/\/experienciadevida.com.ar\/portalurbano\/trabajadoras-de-medios-de-comunicacion-repudian-los-dichos-de-galli\/","title":{"rendered":"Trabajadoras de medios de comunicaci\u00f3n repudian los dichos de Galli"},"content":{"rendered":"<p>Las trabajadoras de medios de comunicaci\u00f3n y afines de Olavarr\u00eda alertamos sobre las declaraciones del Intendente Ezequiel Galli respecto de la violencia de g\u00e9nero.<\/p>\n<hr \/>\n<p><strong>Comunicado:\u00a0<\/strong><\/p>\n<p>En la ma\u00f1ana del viernes, consultado en una entrevista radial sobre una discusi\u00f3n que tuvo con una concejala de su espacio pol\u00edtico, neg\u00f3 haberla maltratado y lanz\u00f3: \u201cHoy, est\u00e1 de moda acusar a los hombres de violentos\u201d.<\/p>\n<p>Sin pretender hacer consideraciones respecto de ese episodio puntual advertimos que esta expresi\u00f3n da cuenta de su profunda ignorancia y desconocimiento del proceso hist\u00f3rico que se est\u00e1 viviendo en el mundo gracias a la lucha de las mujeres y disidencias, quienes hemos acompa\u00f1ado infinidad de denuncias por violencias de distinta \u00edndole.<\/p>\n<p>Catalogar las denuncias contra la violencia machista como \u201cmoda\u201d es una manera de desacreditar a las mujeres y desconocer realidades angustiantes que nos afectan individual y colectivamente.<\/p>\n<p>Dicha expresi\u00f3n adquiere mayor gravedad al ser formulada por un Intendente, que al ocupar un rol central del Estado, deber\u00eda promover la erradicaci\u00f3n de la violencia de g\u00e9nero en todas sus formas.<\/p>\n<p>Por declaraciones como estas es que reiteramos el pedido urgente de la aplicaci\u00f3n de la Ley Micaela en todos los niveles gubernamentales, empezando por los l\u00edderes pol\u00edticos.<\/p>\n<p>La infinidad de denuncias que se han concretado en los \u00faltimos a\u00f1os lejos est\u00e1n de parecerse a una moda. Tienen que ver con un proceso de reconocimiento y empoderamiento frente a la dominaci\u00f3n que intentan imponernos sistem\u00e1ticamente<\/p>\n<p>No vamos a permitir que nos sigan silenciado.<\/p>\n","protected":false},"excerpt":{"rendered":"<p>Las trabajadoras de medios de comunicaci\u00f3n y afines de Olavarr\u00eda alertamos sobre las declaraciones del&#8230;<\/p>\n","protected":false},"author":1,"featured_media":108827,"comment_status":"closed","ping_status":"closed","sticky":false,"template":"","format":"standard","meta":{"content-type":""},"categories":[27],"tags":[],"nelio_content":{"isAutoShareEnabled":false,"autoShareEndMode":"default","automationSources":{"useContentSentences":true,"useSocialTemplates":true,"useCustomSentences":false,"customSentences":[]},"followers":[1],"suggestedReferences":[],"includedReferences":[],"efiUrl":"","efiAlt":"","highlights":[]},"yoast_head":"<!-- This site is optimized with the Yoast SEO plugin v20.7 - https:\/\/yoast.com\/wordpress\/plugins\/seo\/ -->\n<title>Trabajadoras de medios de comunicaci\u00f3n repudian los dichos de Galli -<\/title>\n<meta name=\"robots\" content=\"index, follow, max-snippet:-1, max-image-preview:large, max-video-preview:-1\" \/>\n<link rel=\"canonical\" href=\"https:\/\/experienciadevida.com.ar\/portalurbano\/trabajadoras-de-medios-de-comunicacion-repudian-los-dichos-de-galli\/\" \/>\n<meta property=\"og:locale\" content=\"es_ES\" \/>\n<meta property=\"og:type\" content=\"article\" \/>\n<meta property=\"og:title\" content=\"Trabajadoras de medios de comunicaci\u00f3n repudian los dichos de Galli -\" \/>\n<meta property=\"og:description\" content=\"Las trabajadoras de medios de comunicaci\u00f3n y afines de Olavarr\u00eda alertamos sobre las declaraciones del...\" \/>\n<meta property=\"og:url\" content=\"https:\/\/experienciadevida.com.ar\/portalurbano\/trabajadoras-de-medios-de-comunicacion-repudian-los-dichos-de-galli\/\" \/>\n<meta property=\"article:publisher\" content=\"https:\/\/www.facebook.com\/Portal-Urbano-171542830093757\/\" \/>\n<meta property=\"article:published_time\" content=\"2020-07-03T19:58:37+00:00\" \/>\n<meta property=\"article:modified_time\" content=\"2020-07-03T19:59:05+00:00\" \/>\n<meta property=\"og:image\" content=\"https:\/\/experienciadevida.com.ar\/portalurbano\/wp-content\/uploads\/2020\/05\/Ezequiel-Galli-1024x683-1-e1588896178313.jpg\" \/>\n\t<meta property=\"og:image:width\" content=\"800\" \/>\n\t<meta property=\"og:image:height\" content=\"534\" \/>\n\t<meta property=\"og:image:type\" content=\"image\/jpeg\" \/>\n<meta name=\"author\" content=\"admpu17wp\" \/>\n<meta name=\"twitter:card\" content=\"summary_large_image\" \/>\n<meta name=\"twitter:creator\" content=\"@portalurbanook\" \/>\n<meta name=\"twitter:site\" content=\"@portalurbanook\" \/>\n<meta name=\"twitter:label1\" content=\"Escrito por\" \/>\n\t<meta name=\"twitter:data1\" content=\"admpu17wp\" \/>\n\t<meta name=\"twitter:label2\" content=\"Tiempo de lectura\" \/>\n\t<meta name=\"twitter:data2\" content=\"1 minuto\" \/>\n<script type=\"application\/ld+json\" class=\"yoast-schema-graph\">{\"@context\":\"https:\/\/schema.org\",\"@graph\":[{\"@type\":\"Article\",\"@id\":\"https:\/\/experienciadevida.com.ar\/portalurbano\/trabajadoras-de-medios-de-comunicacion-repudian-los-dichos-de-galli\/#article\",\"isPartOf\":{\"@id\":\"https:\/\/experienciadevida.com.ar\/portalurbano\/trabajadoras-de-medios-de-comunicacion-repudian-los-dichos-de-galli\/\"},\"author\":{\"name\":\"admpu17wp\",\"@id\":\"https:\/\/experienciadevida.com.ar\/portalurbano\/#\/schema\/person\/02dd326b1c4b056e9cc972486934a3a7\"},\"headline\":\"Trabajadoras de medios de comunicaci\u00f3n repudian los dichos de Galli\",\"datePublished\":\"2020-07-03T19:58:37+00:00\",\"dateModified\":\"2020-07-03T19:59:05+00:00\",\"mainEntityOfPage\":{\"@id\":\"https:\/\/experienciadevida.com.ar\/portalurbano\/trabajadoras-de-medios-de-comunicacion-repudian-los-dichos-de-galli\/\"},\"wordCount\":275,\"publisher\":{\"@id\":\"https:\/\/experienciadevida.com.ar\/portalurbano\/#organization\"},\"articleSection\":[\"Ciudad\"],\"inLanguage\":\"es\"},{\"@type\":\"WebPage\",\"@id\":\"https:\/\/experienciadevida.com.ar\/portalurbano\/trabajadoras-de-medios-de-comunicacion-repudian-los-dichos-de-galli\/\",\"url\":\"https:\/\/experienciadevida.com.ar\/portalurbano\/trabajadoras-de-medios-de-comunicacion-repudian-los-dichos-de-galli\/\",\"name\":\"Trabajadoras de medios de comunicaci\u00f3n repudian los dichos de Galli -\",\"isPartOf\":{\"@id\":\"https:\/\/experienciadevida.com.ar\/portalurbano\/#website\"},\"datePublished\":\"2020-07-03T19:58:37+00:00\",\"dateModified\":\"2020-07-03T19:59:05+00:00\",\"breadcrumb\":{\"@id\":\"https:\/\/experienciadevida.com.ar\/portalurbano\/trabajadoras-de-medios-de-comunicacion-repudian-los-dichos-de-galli\/#breadcrumb\"},\"inLanguage\":\"es\",\"potentialAction\":[{\"@type\":\"ReadAction\",\"target\":[\"https:\/\/experienciadevida.com.ar\/portalurbano\/trabajadoras-de-medios-de-comunicacion-repudian-los-dichos-de-galli\/\"]}]},{\"@type\":\"BreadcrumbList\",\"@id\":\"https:\/\/experienciadevida.com.ar\/portalurbano\/trabajadoras-de-medios-de-comunicacion-repudian-los-dichos-de-galli\/#breadcrumb\",\"itemListElement\":[{\"@type\":\"ListItem\",\"position\":1,\"name\":\"Portada\",\"item\":\"https:\/\/experienciadevida.com.ar\/portalurbano\/\"},{\"@type\":\"ListItem\",\"position\":2,\"name\":\"Trabajadoras de medios de comunicaci\u00f3n repudian los dichos de Galli\"}]},{\"@type\":\"WebSite\",\"@id\":\"https:\/\/experienciadevida.com.ar\/portalurbano\/#website\",\"url\":\"https:\/\/experienciadevida.com.ar\/portalurbano\/\",\"name\":\"\",\"description\":\"\",\"publisher\":{\"@id\":\"https:\/\/experienciadevida.com.ar\/portalurbano\/#organization\"},\"potentialAction\":[{\"@type\":\"SearchAction\",\"target\":{\"@type\":\"EntryPoint\",\"urlTemplate\":\"https:\/\/experienciadevida.com.ar\/portalurbano\/?s={search_term_string}\"},\"query-input\":\"required name=search_term_string\"}],\"inLanguage\":\"es\"},{\"@type\":\"Organization\",\"@id\":\"https:\/\/experienciadevida.com.ar\/portalurbano\/#organization\",\"name\":\"Portal Urbano\",\"url\":\"https:\/\/experienciadevida.com.ar\/portalurbano\/\",\"logo\":{\"@type\":\"ImageObject\",\"inLanguage\":\"es\",\"@id\":\"https:\/\/experienciadevida.com.ar\/portalurbano\/#\/schema\/logo\/image\/\",\"url\":\"https:\/\/experienciadevida.com.ar\/portalurbano\/wp-content\/uploads\/2019\/09\/Logo-Original.png\",\"contentUrl\":\"https:\/\/experienciadevida.com.ar\/portalurbano\/wp-content\/uploads\/2019\/09\/Logo-Original.png\",\"width\":2236,\"height\":1216,\"caption\":\"Portal Urbano\"},\"image\":{\"@id\":\"https:\/\/experienciadevida.com.ar\/portalurbano\/#\/schema\/logo\/image\/\"},\"sameAs\":[\"https:\/\/www.facebook.com\/Portal-Urbano-171542830093757\/\",\"https:\/\/twitter.com\/portalurbanook\",\"https:\/\/www.instagram.com\/_portalurbano\/\",\"https:\/\/www.youtube.com\/channel\/UCXhagIfszH8KxFiOok79zbA?view_as=subscriber\"]},{\"@type\":\"Person\",\"@id\":\"https:\/\/experienciadevida.com.ar\/portalurbano\/#\/schema\/person\/02dd326b1c4b056e9cc972486934a3a7\",\"name\":\"admpu17wp\",\"image\":{\"@type\":\"ImageObject\",\"inLanguage\":\"es\",\"@id\":\"https:\/\/experienciadevida.com.ar\/portalurbano\/#\/schema\/person\/image\/\",\"url\":\"https:\/\/secure.gravatar.com\/avatar\/830d4c57adaae6630765e449a6908047?s=96&d=mm&r=g\",\"contentUrl\":\"https:\/\/secure.gravatar.com\/avatar\/830d4c57adaae6630765e449a6908047?s=96&d=mm&r=g\",\"caption\":\"admpu17wp\"}}]}<\/script>\n<!-- \/ Yoast SEO plugin. -->","yoast_head_json":{"title":"Trabajadoras de medios de comunicaci\u00f3n repudian los dichos de Galli -","robots":{"index":"index","follow":"follow","max-snippet":"max-snippet:-1","max-image-preview":"max-image-preview:large","max-video-preview":"max-video-preview:-1"},"canonical":"https:\/\/experienciadevida.com.ar\/portalurbano\/trabajadoras-de-medios-de-comunicacion-repudian-los-dichos-de-galli\/","og_locale":"es_ES","og_type":"article","og_title":"Trabajadoras de medios de comunicaci\u00f3n repudian los dichos de Galli -","og_description":"Las trabajadoras de medios de comunicaci\u00f3n y afines de Olavarr\u00eda alertamos sobre las declaraciones del...","og_url":"https:\/\/experienciadevida.com.ar\/portalurbano\/trabajadoras-de-medios-de-comunicacion-repudian-los-dichos-de-galli\/","article_publisher":"https:\/\/www.facebook.com\/Portal-Urbano-171542830093757\/","article_published_time":"2020-07-03T19:58:37+00:00","article_modified_time":"2020-07-03T19:59:05+00:00","og_image":[{"width":800,"height":534,"url":"https:\/\/experienciadevida.com.ar\/portalurbano\/wp-content\/uploads\/2020\/05\/Ezequiel-Galli-1024x683-1-e1588896178313.jpg","type":"image\/jpeg"}],"author":"admpu17wp","twitter_card":"summary_large_image","twitter_creator":"@portalurbanook","twitter_site":"@portalurbanook","twitter_misc":{"Escrito por":"admpu17wp","Tiempo de lectura":"1 minuto"},"schema":{"@context":"https:\/\/schema.org","@graph":[{"@type":"Article","@id":"https:\/\/experienciadevida.com.ar\/portalurbano\/trabajadoras-de-medios-de-comunicacion-repudian-los-dichos-de-galli\/#article","isPartOf":{"@id":"https:\/\/experienciadevida.com.ar\/portalurbano\/trabajadoras-de-medios-de-comunicacion-repudian-los-dichos-de-galli\/"},"author":{"name":"admpu17wp","@id":"https:\/\/experienciadevida.com.ar\/portalurbano\/#\/schema\/person\/02dd326b1c4b056e9cc972486934a3a7"},"headline":"Trabajadoras de medios de comunicaci\u00f3n repudian los dichos de Galli","datePublished":"2020-07-03T19:58:37+00:00","dateModified":"2020-07-03T19:59:05+00:00","mainEntityOfPage":{"@id":"https:\/\/experienciadevida.com.ar\/portalurbano\/trabajadoras-de-medios-de-comunicacion-repudian-los-dichos-de-galli\/"},"wordCount":275,"publisher":{"@id":"https:\/\/experienciadevida.com.ar\/portalurbano\/#organization"},"articleSection":["Ciudad"],"inLanguage":"es"},{"@type":"WebPage","@id":"https:\/\/experienciadevida.com.ar\/portalurbano\/trabajadoras-de-medios-de-comunicacion-repudian-los-dichos-de-galli\/","url":"https:\/\/experienciadevida.com.ar\/portalurbano\/trabajadoras-de-medios-de-comunicacion-repudian-los-dichos-de-galli\/","name":"Trabajadoras de medios de comunicaci\u00f3n repudian los dichos de Galli -","isPartOf":{"@id":"https:\/\/experienciadevida.com.ar\/portalurbano\/#website"},"datePublished":"2020-07-03T19:58:37+00:00","dateModified":"2020-07-03T19:59:05+00:00","breadcrumb":{"@id":"https:\/\/experienciadevida.com.ar\/portalurbano\/trabajadoras-de-medios-de-comunicacion-repudian-los-dichos-de-galli\/#breadcrumb"},"inLanguage":"es","potentialAction":[{"@type":"ReadAction","target":["https:\/\/experienciadevida.com.ar\/portalurbano\/trabajadoras-de-medios-de-comunicacion-repudian-los-dichos-de-galli\/"]}]},{"@type":"BreadcrumbList","@id":"https:\/\/experienciadevida.com.ar\/portalurbano\/trabajadoras-de-medios-de-comunicacion-repudian-los-dichos-de-galli\/#breadcrumb","itemListElement":[{"@type":"ListItem","position":1,"name":"Portada","item":"https:\/\/experienciadevida.com.ar\/portalurbano\/"},{"@type":"ListItem","position":2,"name":"Trabajadoras de medios de comunicaci\u00f3n repudian los dichos de Galli"}]},{"@type":"WebSite","@id":"https:\/\/experienciadevida.com.ar\/portalurbano\/#website","url":"https:\/\/experienciadevida.com.ar\/portalurbano\/","name":"","description":"","publisher":{"@id":"https:\/\/experienciadevida.com.ar\/portalurbano\/#organization"},"potentialAction":[{"@type":"SearchAction","target":{"@type":"EntryPoint","urlTemplate":"https:\/\/experienciadevida.com.ar\/portalurbano\/?s={search_term_string}"},"query-input":"required name=search_term_string"}],"inLanguage":"es"},{"@type":"Organization","@id":"https:\/\/experienciadevida.com.ar\/portalurbano\/#organization","name":"Portal Urbano","url":"https:\/\/experienciadevida.com.ar\/portalurbano\/","logo":{"@type":"ImageObject","inLanguage":"es","@id":"https:\/\/experienciadevida.com.ar\/portalurbano\/#\/schema\/logo\/image\/","url":"https:\/\/experienciadevida.com.ar\/portalurbano\/wp-content\/uploads\/2019\/09\/Logo-Original.png","contentUrl":"https:\/\/experienciadevida.com.ar\/portalurbano\/wp-content\/uploads\/2019\/09\/Logo-Original.png","width":2236,"height":1216,"caption":"Portal Urbano"},"image":{"@id":"https:\/\/experienciadevida.com.ar\/portalurbano\/#\/schema\/logo\/image\/"},"sameAs":["https:\/\/www.facebook.com\/Portal-Urbano-171542830093757\/","https:\/\/twitter.com\/portalurbanook","https:\/\/www.instagram.com\/_portalurbano\/","https:\/\/www.youtube.com\/channel\/UCXhagIfszH8KxFiOok79zbA?view_as=subscriber"]},{"@type":"Person","@id":"https:\/\/experienciadevida.com.ar\/portalurbano\/#\/schema\/person\/02dd326b1c4b056e9cc972486934a3a7","name":"admpu17wp","image":{"@type":"ImageObject","inLanguage":"es","@id":"https:\/\/experienciadevida.com.ar\/portalurbano\/#\/schema\/person\/image\/","url":"https:\/\/secure.gravatar.com\/avatar\/830d4c57adaae6630765e449a6908047?s=96&d=mm&r=g","contentUrl":"https:\/\/secure.gravatar.com\/avatar\/830d4c57adaae6630765e449a6908047?s=96&d=mm&r=g","caption":"admpu17wp"}}]}},"featured_image_urls":{"full":["https:\/\/experienciadevida.com.ar\/portalurbano\/wp-content\/uploads\/2020\/05\/Ezequiel-Galli-1024x683-1-e1588896178313.jpg",800,534,false],"thumbnail":["https:\/\/experienciadevida.com.ar\/portalurbano\/wp-content\/uploads\/2020\/05\/Ezequiel-Galli-1024x683-1-150x150.jpg",150,150,true],"medium":["https:\/\/experienciadevida.com.ar\/portalurbano\/wp-content\/uploads\/2020\/05\/Ezequiel-Galli-1024x683-1-300x200.jpg",300,200,true],"medium_large":["https:\/\/experienciadevida.com.ar\/portalurbano\/wp-content\/uploads\/2020\/05\/Ezequiel-Galli-1024x683-1-768x512.jpg",640,427,true],"large":["https:\/\/experienciadevida.com.ar\/portalurbano\/wp-content\/uploads\/2020\/05\/Ezequiel-Galli-1024x683-1-e1588896178313.jpg",640,427,false],"ug_big":["https:\/\/experienciadevida.com.ar\/portalurbano\/wp-content\/uploads\/2020\/05\/Ezequiel-Galli-1024x683-1-768x512.jpg",768,512,true],"1536x1536":["https:\/\/experienciadevida.com.ar\/portalurbano\/wp-content\/uploads\/2020\/05\/Ezequiel-Galli-1024x683-1-e1588896178313.jpg",800,534,false],"2048x2048":["https:\/\/experienciadevida.com.ar\/portalurbano\/wp-content\/uploads\/2020\/05\/Ezequiel-Galli-1024x683-1-e1588896178313.jpg",800,534,false],"newsever-slider-full":["https:\/\/experienciadevida.com.ar\/portalurbano\/wp-content\/uploads\/2020\/05\/Ezequiel-Galli-1024x683-1-e1588896178313.jpg",800,534,false],"newsever-featured":["https:\/\/experienciadevida.com.ar\/portalurbano\/wp-content\/uploads\/2020\/05\/Ezequiel-Galli-1024x683-1-e1588896178313.jpg",800,534,false],"newsever-medium":["https:\/\/experienciadevida.com.ar\/portalurbano\/wp-content\/uploads\/2020\/05\/Ezequiel-Galli-1024x683-1-e1588896178313.jpg",712,475,false],"web-stories-poster-portrait":["https:\/\/experienciadevida.com.ar\/portalurbano\/wp-content\/uploads\/2020\/05\/Ezequiel-Galli-1024x683-1-e1588896178313.jpg",640,427,false],"web-stories-publisher-logo":["https:\/\/experienciadevida.com.ar\/portalurbano\/wp-content\/uploads\/2020\/05\/Ezequiel-Galli-1024x683-1-e1588896178313.jpg",96,64,false],"web-stories-thumbnail":["https:\/\/experienciadevida.com.ar\/portalurbano\/wp-content\/uploads\/2020\/05\/Ezequiel-Galli-1024x683-1-e1588896178313.jpg",150,100,false]},"author_info":{"display_name":"admpu17wp","author_link":"https:\/\/experienciadevida.com.ar\/portalurbano\/author\/admpu17wp\/"},"category_info":"<a href=\"https:\/\/experienciadevida.com.ar\/portalurbano\/category\/ciudad\/\" rel=\"category tag\">Ciudad<\/a>","tag_info":"Ciudad","comment_count":"0","amp_enabled":true,"_links":{"self":[{"href":"https:\/\/experienciadevida.com.ar\/portalurbano\/wp-json\/wp\/v2\/posts\/113860"}],"collection":[{"href":"https:\/\/experienciadevida.com.ar\/portalurbano\/wp-json\/wp\/v2\/posts"}],"about":[{"href":"https:\/\/experienciadevida.com.ar\/portalurbano\/wp-json\/wp\/v2\/types\/post"}],"author":[{"embeddable":true,"href":"https:\/\/experienciadevida.com.ar\/portalurbano\/wp-json\/wp\/v2\/users\/1"}],"replies":[{"embeddable":true,"href":"https:\/\/experienciadevida.com.ar\/portalurbano\/wp-json\/wp\/v2\/comments?post=113860"}],"version-history":[{"count":1,"href":"https:\/\/experienciadevida.com.ar\/portalurbano\/wp-json\/wp\/v2\/posts\/113860\/revisions"}],"predecessor-version":[{"id":113861,"href":"https:\/\/experienciadevida.com.ar\/portalurbano\/wp-json\/wp\/v2\/posts\/113860\/revisions\/113861"}],"wp:featuredmedia":[{"embeddable":true,"href":"https:\/\/experienciadevida.com.ar\/portalurbano\/wp-json\/wp\/v2\/media\/108827"}],"wp:attachment":[{"href":"https:\/\/experienciadevida.com.ar\/portalurbano\/wp-json\/wp\/v2\/media?parent=113860"}],"wp:term":[{"taxonomy":"category","embeddable":true,"href":"https:\/\/experienciadevida.com.ar\/portalurbano\/wp-json\/wp\/v2\/categories?post=113860"},{"taxonomy":"post_tag","embeddable":true,"href":"https:\/\/experienciadevida.com.ar\/portalurbano\/wp-json\/wp\/v2\/tags?post=113860"}],"curies":[{"name":"wp","href":"https:\/\/api.w.org\/{rel}","templated":true}]}}