{"id":113858,"date":"2020-07-03T16:23:25","date_gmt":"2020-07-03T19:23:25","guid":{"rendered":"https:\/\/experienciadevida.com.ar\/portalurbano\/?p=113858"},"modified":"2020-07-03T16:24:20","modified_gmt":"2020-07-03T19:24:20","slug":"tarjeta-alimentar-cuando-sera-la-carga-de-julio-bajo-la-nueva-modalidad-de-pago","status":"publish","type":"post","link":"https:\/\/experienciadevida.com.ar\/portalurbano\/tarjeta-alimentar-cuando-sera-la-carga-de-julio-bajo-la-nueva-modalidad-de-pago\/","title":{"rendered":"Tarjeta Alimentar: cuando ser\u00e1 la carga de julio bajo la nueva modalidad de pago"},"content":{"rendered":"<p>El saldo mensual que asigna el Gobierno ya no se acredita semanalmente y en partes como hasta el mes pasado.<\/p>\n<p>La Tarjeta Alimentar que implement\u00f3 el Gobierno nacional y que fue creada a fines del a\u00f1o pasado cambi\u00f3 la modalidad de pago que hasta ahora ven\u00eda siendo semanal.<\/p>\n<p>Este mes la acreditaci\u00f3n volver\u00e1 a hacerse en un \u00fanico pago por el monto total del mes, en lugar de hacerlo por partes y en cuatro viernes sucesivos. \u201cEn julio, a quienes poseen la tarjeta en forma f\u00edsica el monto total mensual se va acreditar el tercer viernes del mes, volviendo al cronograma establecido cuando se puso en marcha el plan\u201d, dijeron voceros de Desarrollo Social. Es decir que la asignaci\u00f3n estar\u00e1 disponible el viernes 17 de julio pr\u00f3ximo.<\/p>\n<p>En el caso de aquellos beneficiarios que no cuentan con la tarjeta y cobran la asignaci\u00f3n en sus cuentas bancarias, todav\u00eda no hay fecha para el pago. \u201cPara quienes se les acredite a trav\u00e9s de la Asignaci\u00f3n Universal por Hijo (AUH), en el transcurso de la pr\u00f3xima semana se va a informar el calendario de pago\u201d, dijeron.<\/p>\n<p>La herramienta del programa del Ministerio de Desarrollo Social que asigna un monto mensual de dinero a familias beneficiarias de la Asignaci\u00f3n Universal por Hijo (AUH) con ni\u00f1os menores 6 a\u00f1os con el fin de reforzar la capacidad de adquirir alimentos orientados a mejorar la nutrici\u00f3n a edades tempranas, no hizo hoy desembolsos para sus beneficiarios.<\/p>\n<p>El esquema, que acredita el beneficio en tarjetas pl\u00e1sticas y que s\u00f3lo se puede utilizar para la compra de alimentos y bebidas, volvi\u00f3 a organizarse como un \u00fanico pago mensual luego de que durante la cuarentena el monto total fuera distribuido en varios desembolsos semanales.<\/p>\n<p>La tarjeta Alimentar est\u00e1 destinada a madres y padres con hijos o hijas de hasta 6 a\u00f1os de edad que reciben la AUH; embarazadas a partir de los tres meses que cobran la Asignaci\u00f3n por Embarazo; y personas con discapacidad que reciben la AUH. Establece un monto de $ 4000 para quienes tienen un hijo y de $ 6000 para quienes tengan dos o m\u00e1s hijos. La misma permite comprar todo tipo de alimentos.<\/p>\n<p>Fue creada a fines del a\u00f1o pasado como una iniciativa destinada a mejorar la capacidad de adquirir alimentos por parte de ni\u00f1os peque\u00f1os ya alcanzados por la AUH. El pl\u00e1stico, que s\u00f3lo se puede utilizar para adquirir ciertos productos -por ejemplo, no sirve para pagar bebidas alcoh\u00f3licas- y no para hacerse del dinero en efectivo fue puesto en marcha a principios de este a\u00f1o.<\/p>\n<p>Fuente: DIB<\/p>\n","protected":false},"excerpt":{"rendered":"<p>El saldo mensual que asigna el Gobierno ya no se acredita semanalmente y en partes&#8230;<\/p>\n","protected":false},"author":1,"featured_media":104320,"comment_status":"closed","ping_status":"closed","sticky":false,"template":"","format":"standard","meta":{"content-type":""},"categories":[39],"tags":[],"nelio_content":{"isAutoShareEnabled":false,"autoShareEndMode":"default","automationSources":{"useContentSentences":true,"useSocialTemplates":true,"useCustomSentences":false,"customSentences":[]},"followers":[1],"suggestedReferences":[],"includedReferences":[],"efiUrl":"","efiAlt":"","highlights":[]},"yoast_head":"<!-- This site is optimized with the Yoast SEO plugin v20.7 - https:\/\/yoast.com\/wordpress\/plugins\/seo\/ -->\n<title>Tarjeta Alimentar: cuando ser\u00e1 la carga de julio bajo la nueva modalidad de pago -<\/title>\n<meta name=\"robots\" content=\"index, follow, max-snippet:-1, max-image-preview:large, max-video-preview:-1\" \/>\n<link rel=\"canonical\" href=\"https:\/\/experienciadevida.com.ar\/portalurbano\/tarjeta-alimentar-cuando-sera-la-carga-de-julio-bajo-la-nueva-modalidad-de-pago\/\" \/>\n<meta property=\"og:locale\" content=\"es_ES\" \/>\n<meta property=\"og:type\" content=\"article\" \/>\n<meta property=\"og:title\" content=\"Tarjeta Alimentar: cuando ser\u00e1 la carga de julio bajo la nueva modalidad de pago -\" \/>\n<meta property=\"og:description\" content=\"El saldo mensual que asigna el Gobierno ya no se acredita semanalmente y en partes...\" \/>\n<meta property=\"og:url\" content=\"https:\/\/experienciadevida.com.ar\/portalurbano\/tarjeta-alimentar-cuando-sera-la-carga-de-julio-bajo-la-nueva-modalidad-de-pago\/\" \/>\n<meta property=\"article:publisher\" content=\"https:\/\/www.facebook.com\/Portal-Urbano-171542830093757\/\" \/>\n<meta property=\"article:published_time\" content=\"2020-07-03T19:23:25+00:00\" \/>\n<meta property=\"article:modified_time\" content=\"2020-07-03T19:24:20+00:00\" \/>\n<meta property=\"og:image\" content=\"https:\/\/experienciadevida.com.ar\/portalurbano\/wp-content\/uploads\/2020\/03\/TARJETAALIMENTAR.jpeg\" \/>\n\t<meta property=\"og:image:width\" content=\"848\" \/>\n\t<meta property=\"og:image:height\" content=\"477\" \/>\n\t<meta property=\"og:image:type\" content=\"image\/jpeg\" \/>\n<meta name=\"author\" content=\"admpu17wp\" \/>\n<meta name=\"twitter:card\" content=\"summary_large_image\" \/>\n<meta name=\"twitter:creator\" content=\"@portalurbanook\" \/>\n<meta name=\"twitter:site\" content=\"@portalurbanook\" \/>\n<meta name=\"twitter:label1\" content=\"Escrito por\" \/>\n\t<meta name=\"twitter:data1\" content=\"admpu17wp\" \/>\n\t<meta name=\"twitter:label2\" content=\"Tiempo de lectura\" \/>\n\t<meta name=\"twitter:data2\" content=\"2 minutos\" \/>\n<script type=\"application\/ld+json\" class=\"yoast-schema-graph\">{\"@context\":\"https:\/\/schema.org\",\"@graph\":[{\"@type\":\"Article\",\"@id\":\"https:\/\/experienciadevida.com.ar\/portalurbano\/tarjeta-alimentar-cuando-sera-la-carga-de-julio-bajo-la-nueva-modalidad-de-pago\/#article\",\"isPartOf\":{\"@id\":\"https:\/\/experienciadevida.com.ar\/portalurbano\/tarjeta-alimentar-cuando-sera-la-carga-de-julio-bajo-la-nueva-modalidad-de-pago\/\"},\"author\":{\"name\":\"admpu17wp\",\"@id\":\"https:\/\/experienciadevida.com.ar\/portalurbano\/#\/schema\/person\/02dd326b1c4b056e9cc972486934a3a7\"},\"headline\":\"Tarjeta Alimentar: cuando ser\u00e1 la carga de julio bajo la nueva modalidad de pago\",\"datePublished\":\"2020-07-03T19:23:25+00:00\",\"dateModified\":\"2020-07-03T19:24:20+00:00\",\"mainEntityOfPage\":{\"@id\":\"https:\/\/experienciadevida.com.ar\/portalurbano\/tarjeta-alimentar-cuando-sera-la-carga-de-julio-bajo-la-nueva-modalidad-de-pago\/\"},\"wordCount\":459,\"publisher\":{\"@id\":\"https:\/\/experienciadevida.com.ar\/portalurbano\/#organization\"},\"articleSection\":[\"Naci\u00f3n\"],\"inLanguage\":\"es\"},{\"@type\":\"WebPage\",\"@id\":\"https:\/\/experienciadevida.com.ar\/portalurbano\/tarjeta-alimentar-cuando-sera-la-carga-de-julio-bajo-la-nueva-modalidad-de-pago\/\",\"url\":\"https:\/\/experienciadevida.com.ar\/portalurbano\/tarjeta-alimentar-cuando-sera-la-carga-de-julio-bajo-la-nueva-modalidad-de-pago\/\",\"name\":\"Tarjeta Alimentar: cuando ser\u00e1 la carga de julio bajo la nueva modalidad de pago -\",\"isPartOf\":{\"@id\":\"https:\/\/experienciadevida.com.ar\/portalurbano\/#website\"},\"datePublished\":\"2020-07-03T19:23:25+00:00\",\"dateModified\":\"2020-07-03T19:24:20+00:00\",\"breadcrumb\":{\"@id\":\"https:\/\/experienciadevida.com.ar\/portalurbano\/tarjeta-alimentar-cuando-sera-la-carga-de-julio-bajo-la-nueva-modalidad-de-pago\/#breadcrumb\"},\"inLanguage\":\"es\",\"potentialAction\":[{\"@type\":\"ReadAction\",\"target\":[\"https:\/\/experienciadevida.com.ar\/portalurbano\/tarjeta-alimentar-cuando-sera-la-carga-de-julio-bajo-la-nueva-modalidad-de-pago\/\"]}]},{\"@type\":\"BreadcrumbList\",\"@id\":\"https:\/\/experienciadevida.com.ar\/portalurbano\/tarjeta-alimentar-cuando-sera-la-carga-de-julio-bajo-la-nueva-modalidad-de-pago\/#breadcrumb\",\"itemListElement\":[{\"@type\":\"ListItem\",\"position\":1,\"name\":\"Portada\",\"item\":\"https:\/\/experienciadevida.com.ar\/portalurbano\/\"},{\"@type\":\"ListItem\",\"position\":2,\"name\":\"Tarjeta Alimentar: cuando ser\u00e1 la carga de julio bajo la nueva modalidad de pago\"}]},{\"@type\":\"WebSite\",\"@id\":\"https:\/\/experienciadevida.com.ar\/portalurbano\/#website\",\"url\":\"https:\/\/experienciadevida.com.ar\/portalurbano\/\",\"name\":\"\",\"description\":\"\",\"publisher\":{\"@id\":\"https:\/\/experienciadevida.com.ar\/portalurbano\/#organization\"},\"potentialAction\":[{\"@type\":\"SearchAction\",\"target\":{\"@type\":\"EntryPoint\",\"urlTemplate\":\"https:\/\/experienciadevida.com.ar\/portalurbano\/?s={search_term_string}\"},\"query-input\":\"required name=search_term_string\"}],\"inLanguage\":\"es\"},{\"@type\":\"Organization\",\"@id\":\"https:\/\/experienciadevida.com.ar\/portalurbano\/#organization\",\"name\":\"Portal Urbano\",\"url\":\"https:\/\/experienciadevida.com.ar\/portalurbano\/\",\"logo\":{\"@type\":\"ImageObject\",\"inLanguage\":\"es\",\"@id\":\"https:\/\/experienciadevida.com.ar\/portalurbano\/#\/schema\/logo\/image\/\",\"url\":\"https:\/\/experienciadevida.com.ar\/portalurbano\/wp-content\/uploads\/2019\/09\/Logo-Original.png\",\"contentUrl\":\"https:\/\/experienciadevida.com.ar\/portalurbano\/wp-content\/uploads\/2019\/09\/Logo-Original.png\",\"width\":2236,\"height\":1216,\"caption\":\"Portal Urbano\"},\"image\":{\"@id\":\"https:\/\/experienciadevida.com.ar\/portalurbano\/#\/schema\/logo\/image\/\"},\"sameAs\":[\"https:\/\/www.facebook.com\/Portal-Urbano-171542830093757\/\",\"https:\/\/twitter.com\/portalurbanook\",\"https:\/\/www.instagram.com\/_portalurbano\/\",\"https:\/\/www.youtube.com\/channel\/UCXhagIfszH8KxFiOok79zbA?view_as=subscriber\"]},{\"@type\":\"Person\",\"@id\":\"https:\/\/experienciadevida.com.ar\/portalurbano\/#\/schema\/person\/02dd326b1c4b056e9cc972486934a3a7\",\"name\":\"admpu17wp\",\"image\":{\"@type\":\"ImageObject\",\"inLanguage\":\"es\",\"@id\":\"https:\/\/experienciadevida.com.ar\/portalurbano\/#\/schema\/person\/image\/\",\"url\":\"https:\/\/secure.gravatar.com\/avatar\/830d4c57adaae6630765e449a6908047?s=96&d=mm&r=g\",\"contentUrl\":\"https:\/\/secure.gravatar.com\/avatar\/830d4c57adaae6630765e449a6908047?s=96&d=mm&r=g\",\"caption\":\"admpu17wp\"}}]}<\/script>\n<!-- \/ Yoast SEO plugin. -->","yoast_head_json":{"title":"Tarjeta Alimentar: cuando ser\u00e1 la carga de julio bajo la nueva modalidad de pago -","robots":{"index":"index","follow":"follow","max-snippet":"max-snippet:-1","max-image-preview":"max-image-preview:large","max-video-preview":"max-video-preview:-1"},"canonical":"https:\/\/experienciadevida.com.ar\/portalurbano\/tarjeta-alimentar-cuando-sera-la-carga-de-julio-bajo-la-nueva-modalidad-de-pago\/","og_locale":"es_ES","og_type":"article","og_title":"Tarjeta Alimentar: cuando ser\u00e1 la carga de julio bajo la nueva modalidad de pago -","og_description":"El saldo mensual que asigna el Gobierno ya no se acredita semanalmente y en partes...","og_url":"https:\/\/experienciadevida.com.ar\/portalurbano\/tarjeta-alimentar-cuando-sera-la-carga-de-julio-bajo-la-nueva-modalidad-de-pago\/","article_publisher":"https:\/\/www.facebook.com\/Portal-Urbano-171542830093757\/","article_published_time":"2020-07-03T19:23:25+00:00","article_modified_time":"2020-07-03T19:24:20+00:00","og_image":[{"width":848,"height":477,"url":"https:\/\/experienciadevida.com.ar\/portalurbano\/wp-content\/uploads\/2020\/03\/TARJETAALIMENTAR.jpeg","type":"image\/jpeg"}],"author":"admpu17wp","twitter_card":"summary_large_image","twitter_creator":"@portalurbanook","twitter_site":"@portalurbanook","twitter_misc":{"Escrito por":"admpu17wp","Tiempo de lectura":"2 minutos"},"schema":{"@context":"https:\/\/schema.org","@graph":[{"@type":"Article","@id":"https:\/\/experienciadevida.com.ar\/portalurbano\/tarjeta-alimentar-cuando-sera-la-carga-de-julio-bajo-la-nueva-modalidad-de-pago\/#article","isPartOf":{"@id":"https:\/\/experienciadevida.com.ar\/portalurbano\/tarjeta-alimentar-cuando-sera-la-carga-de-julio-bajo-la-nueva-modalidad-de-pago\/"},"author":{"name":"admpu17wp","@id":"https:\/\/experienciadevida.com.ar\/portalurbano\/#\/schema\/person\/02dd326b1c4b056e9cc972486934a3a7"},"headline":"Tarjeta Alimentar: cuando ser\u00e1 la carga de julio bajo la nueva modalidad de pago","datePublished":"2020-07-03T19:23:25+00:00","dateModified":"2020-07-03T19:24:20+00:00","mainEntityOfPage":{"@id":"https:\/\/experienciadevida.com.ar\/portalurbano\/tarjeta-alimentar-cuando-sera-la-carga-de-julio-bajo-la-nueva-modalidad-de-pago\/"},"wordCount":459,"publisher":{"@id":"https:\/\/experienciadevida.com.ar\/portalurbano\/#organization"},"articleSection":["Naci\u00f3n"],"inLanguage":"es"},{"@type":"WebPage","@id":"https:\/\/experienciadevida.com.ar\/portalurbano\/tarjeta-alimentar-cuando-sera-la-carga-de-julio-bajo-la-nueva-modalidad-de-pago\/","url":"https:\/\/experienciadevida.com.ar\/portalurbano\/tarjeta-alimentar-cuando-sera-la-carga-de-julio-bajo-la-nueva-modalidad-de-pago\/","name":"Tarjeta Alimentar: cuando ser\u00e1 la carga de julio bajo la nueva modalidad de pago -","isPartOf":{"@id":"https:\/\/experienciadevida.com.ar\/portalurbano\/#website"},"datePublished":"2020-07-03T19:23:25+00:00","dateModified":"2020-07-03T19:24:20+00:00","breadcrumb":{"@id":"https:\/\/experienciadevida.com.ar\/portalurbano\/tarjeta-alimentar-cuando-sera-la-carga-de-julio-bajo-la-nueva-modalidad-de-pago\/#breadcrumb"},"inLanguage":"es","potentialAction":[{"@type":"ReadAction","target":["https:\/\/experienciadevida.com.ar\/portalurbano\/tarjeta-alimentar-cuando-sera-la-carga-de-julio-bajo-la-nueva-modalidad-de-pago\/"]}]},{"@type":"BreadcrumbList","@id":"https:\/\/experienciadevida.com.ar\/portalurbano\/tarjeta-alimentar-cuando-sera-la-carga-de-julio-bajo-la-nueva-modalidad-de-pago\/#breadcrumb","itemListElement":[{"@type":"ListItem","position":1,"name":"Portada","item":"https:\/\/experienciadevida.com.ar\/portalurbano\/"},{"@type":"ListItem","position":2,"name":"Tarjeta Alimentar: cuando ser\u00e1 la carga de julio bajo la nueva modalidad de pago"}]},{"@type":"WebSite","@id":"https:\/\/experienciadevida.com.ar\/portalurbano\/#website","url":"https:\/\/experienciadevida.com.ar\/portalurbano\/","name":"","description":"","publisher":{"@id":"https:\/\/experienciadevida.com.ar\/portalurbano\/#organization"},"potentialAction":[{"@type":"SearchAction","target":{"@type":"EntryPoint","urlTemplate":"https:\/\/experienciadevida.com.ar\/portalurbano\/?s={search_term_string}"},"query-input":"required name=search_term_string"}],"inLanguage":"es"},{"@type":"Organization","@id":"https:\/\/experienciadevida.com.ar\/portalurbano\/#organization","name":"Portal Urbano","url":"https:\/\/experienciadevida.com.ar\/portalurbano\/","logo":{"@type":"ImageObject","inLanguage":"es","@id":"https:\/\/experienciadevida.com.ar\/portalurbano\/#\/schema\/logo\/image\/","url":"https:\/\/experienciadevida.com.ar\/portalurbano\/wp-content\/uploads\/2019\/09\/Logo-Original.png","contentUrl":"https:\/\/experienciadevida.com.ar\/portalurbano\/wp-content\/uploads\/2019\/09\/Logo-Original.png","width":2236,"height":1216,"caption":"Portal Urbano"},"image":{"@id":"https:\/\/experienciadevida.com.ar\/portalurbano\/#\/schema\/logo\/image\/"},"sameAs":["https:\/\/www.facebook.com\/Portal-Urbano-171542830093757\/","https:\/\/twitter.com\/portalurbanook","https:\/\/www.instagram.com\/_portalurbano\/","https:\/\/www.youtube.com\/channel\/UCXhagIfszH8KxFiOok79zbA?view_as=subscriber"]},{"@type":"Person","@id":"https:\/\/experienciadevida.com.ar\/portalurbano\/#\/schema\/person\/02dd326b1c4b056e9cc972486934a3a7","name":"admpu17wp","image":{"@type":"ImageObject","inLanguage":"es","@id":"https:\/\/experienciadevida.com.ar\/portalurbano\/#\/schema\/person\/image\/","url":"https:\/\/secure.gravatar.com\/avatar\/830d4c57adaae6630765e449a6908047?s=96&d=mm&r=g","contentUrl":"https:\/\/secure.gravatar.com\/avatar\/830d4c57adaae6630765e449a6908047?s=96&d=mm&r=g","caption":"admpu17wp"}}]}},"featured_image_urls":{"full":["https:\/\/experienciadevida.com.ar\/portalurbano\/wp-content\/uploads\/2020\/03\/TARJETAALIMENTAR.jpeg",848,477,false],"thumbnail":["https:\/\/experienciadevida.com.ar\/portalurbano\/wp-content\/uploads\/2020\/03\/TARJETAALIMENTAR-150x150.jpeg",150,150,true],"medium":["https:\/\/experienciadevida.com.ar\/portalurbano\/wp-content\/uploads\/2020\/03\/TARJETAALIMENTAR-300x169.jpeg",300,169,true],"medium_large":["https:\/\/experienciadevida.com.ar\/portalurbano\/wp-content\/uploads\/2020\/03\/TARJETAALIMENTAR-768x432.jpeg",640,360,true],"large":["https:\/\/experienciadevida.com.ar\/portalurbano\/wp-content\/uploads\/2020\/03\/TARJETAALIMENTAR.jpeg",640,360,false],"ug_big":["https:\/\/experienciadevida.com.ar\/portalurbano\/wp-content\/uploads\/2020\/03\/TARJETAALIMENTAR-768x432.jpeg",768,432,true],"1536x1536":["https:\/\/experienciadevida.com.ar\/portalurbano\/wp-content\/uploads\/2020\/03\/TARJETAALIMENTAR.jpeg",848,477,false],"2048x2048":["https:\/\/experienciadevida.com.ar\/portalurbano\/wp-content\/uploads\/2020\/03\/TARJETAALIMENTAR.jpeg",848,477,false],"newsever-slider-full":["https:\/\/experienciadevida.com.ar\/portalurbano\/wp-content\/uploads\/2020\/03\/TARJETAALIMENTAR.jpeg",848,477,false],"newsever-featured":["https:\/\/experienciadevida.com.ar\/portalurbano\/wp-content\/uploads\/2020\/03\/TARJETAALIMENTAR.jpeg",848,477,false],"newsever-medium":["https:\/\/experienciadevida.com.ar\/portalurbano\/wp-content\/uploads\/2020\/03\/TARJETAALIMENTAR.jpeg",720,405,false],"web-stories-poster-portrait":["https:\/\/experienciadevida.com.ar\/portalurbano\/wp-content\/uploads\/2020\/03\/TARJETAALIMENTAR.jpeg",640,360,false],"web-stories-publisher-logo":["https:\/\/experienciadevida.com.ar\/portalurbano\/wp-content\/uploads\/2020\/03\/TARJETAALIMENTAR.jpeg",96,54,false],"web-stories-thumbnail":["https:\/\/experienciadevida.com.ar\/portalurbano\/wp-content\/uploads\/2020\/03\/TARJETAALIMENTAR.jpeg",150,84,false]},"author_info":{"display_name":"admpu17wp","author_link":"https:\/\/experienciadevida.com.ar\/portalurbano\/author\/admpu17wp\/"},"category_info":"<a href=\"https:\/\/experienciadevida.com.ar\/portalurbano\/category\/nacion\/\" rel=\"category tag\">Naci\u00f3n<\/a>","tag_info":"Naci\u00f3n","comment_count":"0","amp_enabled":true,"_links":{"self":[{"href":"https:\/\/experienciadevida.com.ar\/portalurbano\/wp-json\/wp\/v2\/posts\/113858"}],"collection":[{"href":"https:\/\/experienciadevida.com.ar\/portalurbano\/wp-json\/wp\/v2\/posts"}],"about":[{"href":"https:\/\/experienciadevida.com.ar\/portalurbano\/wp-json\/wp\/v2\/types\/post"}],"author":[{"embeddable":true,"href":"https:\/\/experienciadevida.com.ar\/portalurbano\/wp-json\/wp\/v2\/users\/1"}],"replies":[{"embeddable":true,"href":"https:\/\/experienciadevida.com.ar\/portalurbano\/wp-json\/wp\/v2\/comments?post=113858"}],"version-history":[{"count":1,"href":"https:\/\/experienciadevida.com.ar\/portalurbano\/wp-json\/wp\/v2\/posts\/113858\/revisions"}],"predecessor-version":[{"id":113859,"href":"https:\/\/experienciadevida.com.ar\/portalurbano\/wp-json\/wp\/v2\/posts\/113858\/revisions\/113859"}],"wp:featuredmedia":[{"embeddable":true,"href":"https:\/\/experienciadevida.com.ar\/portalurbano\/wp-json\/wp\/v2\/media\/104320"}],"wp:attachment":[{"href":"https:\/\/experienciadevida.com.ar\/portalurbano\/wp-json\/wp\/v2\/media?parent=113858"}],"wp:term":[{"taxonomy":"category","embeddable":true,"href":"https:\/\/experienciadevida.com.ar\/portalurbano\/wp-json\/wp\/v2\/categories?post=113858"},{"taxonomy":"post_tag","embeddable":true,"href":"https:\/\/experienciadevida.com.ar\/portalurbano\/wp-json\/wp\/v2\/tags?post=113858"}],"curies":[{"name":"wp","href":"https:\/\/api.w.org\/{rel}","templated":true}]}}