{"id":113827,"date":"2020-07-03T14:12:04","date_gmt":"2020-07-03T17:12:04","guid":{"rendered":"https:\/\/experienciadevida.com.ar\/portalurbano\/?p=113827"},"modified":"2020-07-03T14:12:31","modified_gmt":"2020-07-03T17:12:31","slug":"el-frente-ni-una-menos-repudia-los-actos-que-obstaculizan-la-rendicion-de-cuentas","status":"publish","type":"post","link":"https:\/\/experienciadevida.com.ar\/portalurbano\/el-frente-ni-una-menos-repudia-los-actos-que-obstaculizan-la-rendicion-de-cuentas\/","title":{"rendered":"El Frente ni una menos repudia los actos que obstaculizan la rendici\u00f3n de cuentas"},"content":{"rendered":"<p>A ra\u00edz del conflicto ocurrido en el d\u00eda de ayer en el que se suspendi\u00f3 la sesi\u00f3n del HCD tras no poder tratarse la rendici\u00f3n de cuentas 2019 el Frente ni una menos repudi\u00f3 los actos que obstaculizan la rendici\u00f3n de cuentas que tiene que efectuar el Poder Ejecutivo municipal en el Honorable Concejo Deliberante.<\/p>\n<p>Expresaron &#8220;<em>sabemos que existe un d\u00e9ficit de 354 millones de pesos en el erario p\u00fablico y la ciudadan\u00eda tiene derecho a conocer en detalle c\u00f3mo se administran desde el municipio los fondos estatales. Particularmente desde nuestra organizaci\u00f3n queremos saber c\u00f3mo se ejecut\u00f3 el presupuesto en el a\u00f1o 2019, y observar el cumplimiento de la ordenanza 3910\/15, por la que se destina una partida a la atenci\u00f3n integral de la violencia contra las mujeres, familiar y de g\u00e9nero&#8221;.<\/em><\/p>\n<p>Por \u00faltimo &#8220;<em>expresamos nuestra solidaridad con la concejala Celeste Arouxet, quien en una reuni\u00f3n con el Intendente Ezequiel Galli vivi\u00f3 una clara situaci\u00f3n de violencia pol\u00edtica, en relaci\u00f3n a su condici\u00f3n de g\u00e9nero, al ser interpelada por el posicionamiento que decidi\u00f3 adoptar en la reuni\u00f3n que finalmente hoy no se realiz\u00f3 porque el bloque de Juntos por el Cambio no brind\u00f3 quorum y abandon\u00f3 el recinto&#8221;.<\/em><\/p>\n<p>As\u00ed como tambi\u00e9n exigen respeto a los posicionamientos pol\u00edticos de las mujeres, y que quienes representan en los poderes p\u00fablicos act\u00faen de acuerdo al enfoque de derechos y con perspectiva de g\u00e9nero.<\/p>\n","protected":false},"excerpt":{"rendered":"<p>A ra\u00edz del conflicto ocurrido en el d\u00eda de ayer en el que se suspendi\u00f3&#8230;<\/p>\n","protected":false},"author":1,"featured_media":113715,"comment_status":"closed","ping_status":"closed","sticky":false,"template":"","format":"standard","meta":{"content-type":""},"categories":[27,51],"tags":[],"nelio_content":{"isAutoShareEnabled":false,"autoShareEndMode":"default","automationSources":{"useContentSentences":true,"useSocialTemplates":true,"useCustomSentences":false,"customSentences":[]},"followers":[1],"suggestedReferences":[],"includedReferences":[],"efiUrl":"","efiAlt":"","highlights":[]},"yoast_head":"<!-- This site is optimized with the Yoast SEO plugin v20.7 - https:\/\/yoast.com\/wordpress\/plugins\/seo\/ -->\n<title>El Frente ni una menos repudia los actos que obstaculizan la rendici\u00f3n de cuentas -<\/title>\n<meta name=\"robots\" content=\"index, follow, max-snippet:-1, max-image-preview:large, max-video-preview:-1\" \/>\n<link rel=\"canonical\" href=\"https:\/\/experienciadevida.com.ar\/portalurbano\/el-frente-ni-una-menos-repudia-los-actos-que-obstaculizan-la-rendicion-de-cuentas\/\" \/>\n<meta property=\"og:locale\" content=\"es_ES\" \/>\n<meta property=\"og:type\" content=\"article\" \/>\n<meta property=\"og:title\" content=\"El Frente ni una menos repudia los actos que obstaculizan la rendici\u00f3n de cuentas -\" \/>\n<meta property=\"og:description\" content=\"A ra\u00edz del conflicto ocurrido en el d\u00eda de ayer en el que se suspendi\u00f3...\" \/>\n<meta property=\"og:url\" content=\"https:\/\/experienciadevida.com.ar\/portalurbano\/el-frente-ni-una-menos-repudia-los-actos-que-obstaculizan-la-rendicion-de-cuentas\/\" \/>\n<meta property=\"article:publisher\" content=\"https:\/\/www.facebook.com\/Portal-Urbano-171542830093757\/\" \/>\n<meta property=\"article:published_time\" content=\"2020-07-03T17:12:04+00:00\" \/>\n<meta property=\"article:modified_time\" content=\"2020-07-03T17:12:31+00:00\" \/>\n<meta property=\"og:image\" content=\"https:\/\/experienciadevida.com.ar\/portalurbano\/wp-content\/uploads\/2020\/07\/RENDICIONDECUENTASHCD.png\" \/>\n\t<meta property=\"og:image:width\" content=\"843\" \/>\n\t<meta property=\"og:image:height\" content=\"463\" \/>\n\t<meta property=\"og:image:type\" content=\"image\/png\" \/>\n<meta name=\"author\" content=\"admpu17wp\" \/>\n<meta name=\"twitter:card\" content=\"summary_large_image\" \/>\n<meta name=\"twitter:creator\" content=\"@portalurbanook\" \/>\n<meta name=\"twitter:site\" content=\"@portalurbanook\" \/>\n<meta name=\"twitter:label1\" content=\"Escrito por\" \/>\n\t<meta name=\"twitter:data1\" content=\"admpu17wp\" \/>\n\t<meta name=\"twitter:label2\" content=\"Tiempo de lectura\" \/>\n\t<meta name=\"twitter:data2\" content=\"1 minuto\" \/>\n<script type=\"application\/ld+json\" class=\"yoast-schema-graph\">{\"@context\":\"https:\/\/schema.org\",\"@graph\":[{\"@type\":\"Article\",\"@id\":\"https:\/\/experienciadevida.com.ar\/portalurbano\/el-frente-ni-una-menos-repudia-los-actos-que-obstaculizan-la-rendicion-de-cuentas\/#article\",\"isPartOf\":{\"@id\":\"https:\/\/experienciadevida.com.ar\/portalurbano\/el-frente-ni-una-menos-repudia-los-actos-que-obstaculizan-la-rendicion-de-cuentas\/\"},\"author\":{\"name\":\"admpu17wp\",\"@id\":\"https:\/\/experienciadevida.com.ar\/portalurbano\/#\/schema\/person\/02dd326b1c4b056e9cc972486934a3a7\"},\"headline\":\"El Frente ni una menos repudia los actos que obstaculizan la rendici\u00f3n de cuentas\",\"datePublished\":\"2020-07-03T17:12:04+00:00\",\"dateModified\":\"2020-07-03T17:12:31+00:00\",\"mainEntityOfPage\":{\"@id\":\"https:\/\/experienciadevida.com.ar\/portalurbano\/el-frente-ni-una-menos-repudia-los-actos-que-obstaculizan-la-rendicion-de-cuentas\/\"},\"wordCount\":267,\"publisher\":{\"@id\":\"https:\/\/experienciadevida.com.ar\/portalurbano\/#organization\"},\"articleSection\":[\"Ciudad\",\"Destacadas\"],\"inLanguage\":\"es\"},{\"@type\":\"WebPage\",\"@id\":\"https:\/\/experienciadevida.com.ar\/portalurbano\/el-frente-ni-una-menos-repudia-los-actos-que-obstaculizan-la-rendicion-de-cuentas\/\",\"url\":\"https:\/\/experienciadevida.com.ar\/portalurbano\/el-frente-ni-una-menos-repudia-los-actos-que-obstaculizan-la-rendicion-de-cuentas\/\",\"name\":\"El Frente ni una menos repudia los actos que obstaculizan la rendici\u00f3n de cuentas -\",\"isPartOf\":{\"@id\":\"https:\/\/experienciadevida.com.ar\/portalurbano\/#website\"},\"datePublished\":\"2020-07-03T17:12:04+00:00\",\"dateModified\":\"2020-07-03T17:12:31+00:00\",\"breadcrumb\":{\"@id\":\"https:\/\/experienciadevida.com.ar\/portalurbano\/el-frente-ni-una-menos-repudia-los-actos-que-obstaculizan-la-rendicion-de-cuentas\/#breadcrumb\"},\"inLanguage\":\"es\",\"potentialAction\":[{\"@type\":\"ReadAction\",\"target\":[\"https:\/\/experienciadevida.com.ar\/portalurbano\/el-frente-ni-una-menos-repudia-los-actos-que-obstaculizan-la-rendicion-de-cuentas\/\"]}]},{\"@type\":\"BreadcrumbList\",\"@id\":\"https:\/\/experienciadevida.com.ar\/portalurbano\/el-frente-ni-una-menos-repudia-los-actos-que-obstaculizan-la-rendicion-de-cuentas\/#breadcrumb\",\"itemListElement\":[{\"@type\":\"ListItem\",\"position\":1,\"name\":\"Portada\",\"item\":\"https:\/\/experienciadevida.com.ar\/portalurbano\/\"},{\"@type\":\"ListItem\",\"position\":2,\"name\":\"El Frente ni una menos repudia los actos que obstaculizan la rendici\u00f3n de cuentas\"}]},{\"@type\":\"WebSite\",\"@id\":\"https:\/\/experienciadevida.com.ar\/portalurbano\/#website\",\"url\":\"https:\/\/experienciadevida.com.ar\/portalurbano\/\",\"name\":\"\",\"description\":\"\",\"publisher\":{\"@id\":\"https:\/\/experienciadevida.com.ar\/portalurbano\/#organization\"},\"potentialAction\":[{\"@type\":\"SearchAction\",\"target\":{\"@type\":\"EntryPoint\",\"urlTemplate\":\"https:\/\/experienciadevida.com.ar\/portalurbano\/?s={search_term_string}\"},\"query-input\":\"required name=search_term_string\"}],\"inLanguage\":\"es\"},{\"@type\":\"Organization\",\"@id\":\"https:\/\/experienciadevida.com.ar\/portalurbano\/#organization\",\"name\":\"Portal Urbano\",\"url\":\"https:\/\/experienciadevida.com.ar\/portalurbano\/\",\"logo\":{\"@type\":\"ImageObject\",\"inLanguage\":\"es\",\"@id\":\"https:\/\/experienciadevida.com.ar\/portalurbano\/#\/schema\/logo\/image\/\",\"url\":\"https:\/\/experienciadevida.com.ar\/portalurbano\/wp-content\/uploads\/2019\/09\/Logo-Original.png\",\"contentUrl\":\"https:\/\/experienciadevida.com.ar\/portalurbano\/wp-content\/uploads\/2019\/09\/Logo-Original.png\",\"width\":2236,\"height\":1216,\"caption\":\"Portal Urbano\"},\"image\":{\"@id\":\"https:\/\/experienciadevida.com.ar\/portalurbano\/#\/schema\/logo\/image\/\"},\"sameAs\":[\"https:\/\/www.facebook.com\/Portal-Urbano-171542830093757\/\",\"https:\/\/twitter.com\/portalurbanook\",\"https:\/\/www.instagram.com\/_portalurbano\/\",\"https:\/\/www.youtube.com\/channel\/UCXhagIfszH8KxFiOok79zbA?view_as=subscriber\"]},{\"@type\":\"Person\",\"@id\":\"https:\/\/experienciadevida.com.ar\/portalurbano\/#\/schema\/person\/02dd326b1c4b056e9cc972486934a3a7\",\"name\":\"admpu17wp\",\"image\":{\"@type\":\"ImageObject\",\"inLanguage\":\"es\",\"@id\":\"https:\/\/experienciadevida.com.ar\/portalurbano\/#\/schema\/person\/image\/\",\"url\":\"https:\/\/secure.gravatar.com\/avatar\/830d4c57adaae6630765e449a6908047?s=96&d=mm&r=g\",\"contentUrl\":\"https:\/\/secure.gravatar.com\/avatar\/830d4c57adaae6630765e449a6908047?s=96&d=mm&r=g\",\"caption\":\"admpu17wp\"}}]}<\/script>\n<!-- \/ Yoast SEO plugin. -->","yoast_head_json":{"title":"El Frente ni una menos repudia los actos que obstaculizan la rendici\u00f3n de cuentas -","robots":{"index":"index","follow":"follow","max-snippet":"max-snippet:-1","max-image-preview":"max-image-preview:large","max-video-preview":"max-video-preview:-1"},"canonical":"https:\/\/experienciadevida.com.ar\/portalurbano\/el-frente-ni-una-menos-repudia-los-actos-que-obstaculizan-la-rendicion-de-cuentas\/","og_locale":"es_ES","og_type":"article","og_title":"El Frente ni una menos repudia los actos que obstaculizan la rendici\u00f3n de cuentas -","og_description":"A ra\u00edz del conflicto ocurrido en el d\u00eda de ayer en el que se suspendi\u00f3...","og_url":"https:\/\/experienciadevida.com.ar\/portalurbano\/el-frente-ni-una-menos-repudia-los-actos-que-obstaculizan-la-rendicion-de-cuentas\/","article_publisher":"https:\/\/www.facebook.com\/Portal-Urbano-171542830093757\/","article_published_time":"2020-07-03T17:12:04+00:00","article_modified_time":"2020-07-03T17:12:31+00:00","og_image":[{"width":843,"height":463,"url":"https:\/\/experienciadevida.com.ar\/portalurbano\/wp-content\/uploads\/2020\/07\/RENDICIONDECUENTASHCD.png","type":"image\/png"}],"author":"admpu17wp","twitter_card":"summary_large_image","twitter_creator":"@portalurbanook","twitter_site":"@portalurbanook","twitter_misc":{"Escrito por":"admpu17wp","Tiempo de lectura":"1 minuto"},"schema":{"@context":"https:\/\/schema.org","@graph":[{"@type":"Article","@id":"https:\/\/experienciadevida.com.ar\/portalurbano\/el-frente-ni-una-menos-repudia-los-actos-que-obstaculizan-la-rendicion-de-cuentas\/#article","isPartOf":{"@id":"https:\/\/experienciadevida.com.ar\/portalurbano\/el-frente-ni-una-menos-repudia-los-actos-que-obstaculizan-la-rendicion-de-cuentas\/"},"author":{"name":"admpu17wp","@id":"https:\/\/experienciadevida.com.ar\/portalurbano\/#\/schema\/person\/02dd326b1c4b056e9cc972486934a3a7"},"headline":"El Frente ni una menos repudia los actos que obstaculizan la rendici\u00f3n de cuentas","datePublished":"2020-07-03T17:12:04+00:00","dateModified":"2020-07-03T17:12:31+00:00","mainEntityOfPage":{"@id":"https:\/\/experienciadevida.com.ar\/portalurbano\/el-frente-ni-una-menos-repudia-los-actos-que-obstaculizan-la-rendicion-de-cuentas\/"},"wordCount":267,"publisher":{"@id":"https:\/\/experienciadevida.com.ar\/portalurbano\/#organization"},"articleSection":["Ciudad","Destacadas"],"inLanguage":"es"},{"@type":"WebPage","@id":"https:\/\/experienciadevida.com.ar\/portalurbano\/el-frente-ni-una-menos-repudia-los-actos-que-obstaculizan-la-rendicion-de-cuentas\/","url":"https:\/\/experienciadevida.com.ar\/portalurbano\/el-frente-ni-una-menos-repudia-los-actos-que-obstaculizan-la-rendicion-de-cuentas\/","name":"El Frente ni una menos repudia los actos que obstaculizan la rendici\u00f3n de cuentas -","isPartOf":{"@id":"https:\/\/experienciadevida.com.ar\/portalurbano\/#website"},"datePublished":"2020-07-03T17:12:04+00:00","dateModified":"2020-07-03T17:12:31+00:00","breadcrumb":{"@id":"https:\/\/experienciadevida.com.ar\/portalurbano\/el-frente-ni-una-menos-repudia-los-actos-que-obstaculizan-la-rendicion-de-cuentas\/#breadcrumb"},"inLanguage":"es","potentialAction":[{"@type":"ReadAction","target":["https:\/\/experienciadevida.com.ar\/portalurbano\/el-frente-ni-una-menos-repudia-los-actos-que-obstaculizan-la-rendicion-de-cuentas\/"]}]},{"@type":"BreadcrumbList","@id":"https:\/\/experienciadevida.com.ar\/portalurbano\/el-frente-ni-una-menos-repudia-los-actos-que-obstaculizan-la-rendicion-de-cuentas\/#breadcrumb","itemListElement":[{"@type":"ListItem","position":1,"name":"Portada","item":"https:\/\/experienciadevida.com.ar\/portalurbano\/"},{"@type":"ListItem","position":2,"name":"El Frente ni una menos repudia los actos que obstaculizan la rendici\u00f3n de cuentas"}]},{"@type":"WebSite","@id":"https:\/\/experienciadevida.com.ar\/portalurbano\/#website","url":"https:\/\/experienciadevida.com.ar\/portalurbano\/","name":"","description":"","publisher":{"@id":"https:\/\/experienciadevida.com.ar\/portalurbano\/#organization"},"potentialAction":[{"@type":"SearchAction","target":{"@type":"EntryPoint","urlTemplate":"https:\/\/experienciadevida.com.ar\/portalurbano\/?s={search_term_string}"},"query-input":"required name=search_term_string"}],"inLanguage":"es"},{"@type":"Organization","@id":"https:\/\/experienciadevida.com.ar\/portalurbano\/#organization","name":"Portal Urbano","url":"https:\/\/experienciadevida.com.ar\/portalurbano\/","logo":{"@type":"ImageObject","inLanguage":"es","@id":"https:\/\/experienciadevida.com.ar\/portalurbano\/#\/schema\/logo\/image\/","url":"https:\/\/experienciadevida.com.ar\/portalurbano\/wp-content\/uploads\/2019\/09\/Logo-Original.png","contentUrl":"https:\/\/experienciadevida.com.ar\/portalurbano\/wp-content\/uploads\/2019\/09\/Logo-Original.png","width":2236,"height":1216,"caption":"Portal Urbano"},"image":{"@id":"https:\/\/experienciadevida.com.ar\/portalurbano\/#\/schema\/logo\/image\/"},"sameAs":["https:\/\/www.facebook.com\/Portal-Urbano-171542830093757\/","https:\/\/twitter.com\/portalurbanook","https:\/\/www.instagram.com\/_portalurbano\/","https:\/\/www.youtube.com\/channel\/UCXhagIfszH8KxFiOok79zbA?view_as=subscriber"]},{"@type":"Person","@id":"https:\/\/experienciadevida.com.ar\/portalurbano\/#\/schema\/person\/02dd326b1c4b056e9cc972486934a3a7","name":"admpu17wp","image":{"@type":"ImageObject","inLanguage":"es","@id":"https:\/\/experienciadevida.com.ar\/portalurbano\/#\/schema\/person\/image\/","url":"https:\/\/secure.gravatar.com\/avatar\/830d4c57adaae6630765e449a6908047?s=96&d=mm&r=g","contentUrl":"https:\/\/secure.gravatar.com\/avatar\/830d4c57adaae6630765e449a6908047?s=96&d=mm&r=g","caption":"admpu17wp"}}]}},"featured_image_urls":{"full":["https:\/\/experienciadevida.com.ar\/portalurbano\/wp-content\/uploads\/2020\/07\/RENDICIONDECUENTASHCD.png",843,463,false],"thumbnail":["https:\/\/experienciadevida.com.ar\/portalurbano\/wp-content\/uploads\/2020\/07\/RENDICIONDECUENTASHCD-150x150.png",150,150,true],"medium":["https:\/\/experienciadevida.com.ar\/portalurbano\/wp-content\/uploads\/2020\/07\/RENDICIONDECUENTASHCD-300x165.png",300,165,true],"medium_large":["https:\/\/experienciadevida.com.ar\/portalurbano\/wp-content\/uploads\/2020\/07\/RENDICIONDECUENTASHCD-768x422.png",640,352,true],"large":["https:\/\/experienciadevida.com.ar\/portalurbano\/wp-content\/uploads\/2020\/07\/RENDICIONDECUENTASHCD.png",640,352,false],"ug_big":["https:\/\/experienciadevida.com.ar\/portalurbano\/wp-content\/uploads\/2020\/07\/RENDICIONDECUENTASHCD-768x422.png",768,422,true],"1536x1536":["https:\/\/experienciadevida.com.ar\/portalurbano\/wp-content\/uploads\/2020\/07\/RENDICIONDECUENTASHCD.png",843,463,false],"2048x2048":["https:\/\/experienciadevida.com.ar\/portalurbano\/wp-content\/uploads\/2020\/07\/RENDICIONDECUENTASHCD.png",843,463,false],"newsever-slider-full":["https:\/\/experienciadevida.com.ar\/portalurbano\/wp-content\/uploads\/2020\/07\/RENDICIONDECUENTASHCD.png",843,463,false],"newsever-featured":["https:\/\/experienciadevida.com.ar\/portalurbano\/wp-content\/uploads\/2020\/07\/RENDICIONDECUENTASHCD.png",843,463,false],"newsever-medium":["https:\/\/experienciadevida.com.ar\/portalurbano\/wp-content\/uploads\/2020\/07\/RENDICIONDECUENTASHCD.png",720,395,false],"web-stories-poster-portrait":["https:\/\/experienciadevida.com.ar\/portalurbano\/wp-content\/uploads\/2020\/07\/RENDICIONDECUENTASHCD.png",640,352,false],"web-stories-publisher-logo":["https:\/\/experienciadevida.com.ar\/portalurbano\/wp-content\/uploads\/2020\/07\/RENDICIONDECUENTASHCD.png",96,53,false],"web-stories-thumbnail":["https:\/\/experienciadevida.com.ar\/portalurbano\/wp-content\/uploads\/2020\/07\/RENDICIONDECUENTASHCD.png",150,82,false]},"author_info":{"display_name":"admpu17wp","author_link":"https:\/\/experienciadevida.com.ar\/portalurbano\/author\/admpu17wp\/"},"category_info":"<a href=\"https:\/\/experienciadevida.com.ar\/portalurbano\/category\/ciudad\/\" rel=\"category tag\">Ciudad<\/a> <a href=\"https:\/\/experienciadevida.com.ar\/portalurbano\/category\/destacadas\/\" rel=\"category tag\">Destacadas<\/a>","tag_info":"Destacadas","comment_count":"0","amp_enabled":true,"_links":{"self":[{"href":"https:\/\/experienciadevida.com.ar\/portalurbano\/wp-json\/wp\/v2\/posts\/113827"}],"collection":[{"href":"https:\/\/experienciadevida.com.ar\/portalurbano\/wp-json\/wp\/v2\/posts"}],"about":[{"href":"https:\/\/experienciadevida.com.ar\/portalurbano\/wp-json\/wp\/v2\/types\/post"}],"author":[{"embeddable":true,"href":"https:\/\/experienciadevida.com.ar\/portalurbano\/wp-json\/wp\/v2\/users\/1"}],"replies":[{"embeddable":true,"href":"https:\/\/experienciadevida.com.ar\/portalurbano\/wp-json\/wp\/v2\/comments?post=113827"}],"version-history":[{"count":1,"href":"https:\/\/experienciadevida.com.ar\/portalurbano\/wp-json\/wp\/v2\/posts\/113827\/revisions"}],"predecessor-version":[{"id":113828,"href":"https:\/\/experienciadevida.com.ar\/portalurbano\/wp-json\/wp\/v2\/posts\/113827\/revisions\/113828"}],"wp:featuredmedia":[{"embeddable":true,"href":"https:\/\/experienciadevida.com.ar\/portalurbano\/wp-json\/wp\/v2\/media\/113715"}],"wp:attachment":[{"href":"https:\/\/experienciadevida.com.ar\/portalurbano\/wp-json\/wp\/v2\/media?parent=113827"}],"wp:term":[{"taxonomy":"category","embeddable":true,"href":"https:\/\/experienciadevida.com.ar\/portalurbano\/wp-json\/wp\/v2\/categories?post=113827"},{"taxonomy":"post_tag","embeddable":true,"href":"https:\/\/experienciadevida.com.ar\/portalurbano\/wp-json\/wp\/v2\/tags?post=113827"}],"curies":[{"name":"wp","href":"https:\/\/api.w.org\/{rel}","templated":true}]}}