{"id":113714,"date":"2020-07-02T10:06:02","date_gmt":"2020-07-02T13:06:02","guid":{"rendered":"https:\/\/experienciadevida.com.ar\/portalurbano\/?p=113714"},"modified":"2020-07-02T10:08:53","modified_gmt":"2020-07-02T13:08:53","slug":"comenzo-la-sesion-del-hcd-con-el-debate-de-la-rendicion-de-cuentas-2019","status":"publish","type":"post","link":"https:\/\/experienciadevida.com.ar\/portalurbano\/comenzo-la-sesion-del-hcd-con-el-debate-de-la-rendicion-de-cuentas-2019\/","title":{"rendered":"Comenz\u00f3 la sesi\u00f3n del HCD con el debate de la rendici\u00f3n de cuentas 2019"},"content":{"rendered":"<p>En la ma\u00f1ana de este jueves comenz\u00f3 una nueva sesi\u00f3n del HCD en el recinto de la Sociedad Espa\u00f1ola, donde tratar\u00e1n la rendici\u00f3n de cuentas del a\u00f1o 2019.<\/p>\n<p>El primero en hablar fue el Edil Juan S\u00e1nchez, &#8220;<em>es evidente\u00a0 que ha cometido el error, de nombrar como concejales a dos personas que todav\u00eda no son concejales hasta que el cuerpo lo determine ya que uno de esos expedientes se va a tratar. Hasta que no se convalide, la incorporaci\u00f3n de dos de los concejales, no est\u00e1n la totalidad de los concejales&#8221;.<\/em><\/p>\n<p>Por otro lado, dijo <em>&#8220;lamento discrepar con el an\u00e1lisis que hacen ya que todo concejal que est\u00e9 en uso de licencia y no tenga una licencia con t\u00e9rmino, principio y final no se puede incorporar autom\u00e1ticamente a concejo&#8221;.<\/em><\/p>\n<p>Adem\u00e1s habl\u00f3 Celeste Arouxet, de Juntos por el Cambio quien expres\u00f3 &#8220;<em>este lunes el concejal Lascano y yo nos presentamos e informamos que no ibamos a acompa\u00f1ar ni defender la rendici\u00f3n de cuentas, me cita el Intendente y le manifest\u00e9 sobre la manera en que \u00edbamos\u00a0 a seguir trabajando. El objetivo no era cambiar de voto pero si ver la manera de trabajar en un mismo espacio&#8221;.<\/em><\/p>\n<p>Por \u00faltimo &#8220;<em>Lascano no est\u00e1 reemplazo, nosotros mismos aceptamos que el error estaba. Juntos por el cambio no es Ezequiel Galli. Ser concejal no tiene que ser solamente levantar la mano, la obsecuencia no es lealtad&#8221;.\u00a0<\/em><\/p>\n<p>Adem\u00e1s brind\u00f3 una carta enviada por Lascano.<\/p>\n","protected":false},"excerpt":{"rendered":"<p>En la ma\u00f1ana de este jueves comenz\u00f3 una nueva sesi\u00f3n del HCD en el recinto&#8230;<\/p>\n","protected":false},"author":1,"featured_media":113715,"comment_status":"closed","ping_status":"closed","sticky":false,"template":"","format":"standard","meta":{"content-type":""},"categories":[51,43],"tags":[],"nelio_content":{"isAutoShareEnabled":false,"autoShareEndMode":"default","automationSources":{"useContentSentences":true,"useSocialTemplates":true,"useCustomSentences":false,"customSentences":[]},"followers":[1],"suggestedReferences":[],"includedReferences":[],"efiUrl":"","efiAlt":"","highlights":[]},"yoast_head":"<!-- This site is optimized with the Yoast SEO plugin v20.7 - https:\/\/yoast.com\/wordpress\/plugins\/seo\/ -->\n<title>Comenz\u00f3 la sesi\u00f3n del HCD con el debate de la rendici\u00f3n de cuentas 2019 -<\/title>\n<meta name=\"robots\" content=\"index, follow, max-snippet:-1, max-image-preview:large, max-video-preview:-1\" \/>\n<link rel=\"canonical\" href=\"https:\/\/experienciadevida.com.ar\/portalurbano\/comenzo-la-sesion-del-hcd-con-el-debate-de-la-rendicion-de-cuentas-2019\/\" \/>\n<meta property=\"og:locale\" content=\"es_ES\" \/>\n<meta property=\"og:type\" content=\"article\" \/>\n<meta property=\"og:title\" content=\"Comenz\u00f3 la sesi\u00f3n del HCD con el debate de la rendici\u00f3n de cuentas 2019 -\" \/>\n<meta property=\"og:description\" content=\"En la ma\u00f1ana de este jueves comenz\u00f3 una nueva sesi\u00f3n del HCD en el recinto...\" \/>\n<meta property=\"og:url\" content=\"https:\/\/experienciadevida.com.ar\/portalurbano\/comenzo-la-sesion-del-hcd-con-el-debate-de-la-rendicion-de-cuentas-2019\/\" \/>\n<meta property=\"article:publisher\" content=\"https:\/\/www.facebook.com\/Portal-Urbano-171542830093757\/\" \/>\n<meta property=\"article:published_time\" content=\"2020-07-02T13:06:02+00:00\" \/>\n<meta property=\"article:modified_time\" content=\"2020-07-02T13:08:53+00:00\" \/>\n<meta property=\"og:image\" content=\"https:\/\/experienciadevida.com.ar\/portalurbano\/wp-content\/uploads\/2020\/07\/RENDICIONDECUENTASHCD.png\" \/>\n\t<meta property=\"og:image:width\" content=\"843\" \/>\n\t<meta property=\"og:image:height\" content=\"463\" \/>\n\t<meta property=\"og:image:type\" content=\"image\/png\" \/>\n<meta name=\"author\" content=\"admpu17wp\" \/>\n<meta name=\"twitter:card\" content=\"summary_large_image\" \/>\n<meta name=\"twitter:creator\" content=\"@portalurbanook\" \/>\n<meta name=\"twitter:site\" content=\"@portalurbanook\" \/>\n<meta name=\"twitter:label1\" content=\"Escrito por\" \/>\n\t<meta name=\"twitter:data1\" content=\"admpu17wp\" \/>\n\t<meta name=\"twitter:label2\" content=\"Tiempo de lectura\" \/>\n\t<meta name=\"twitter:data2\" content=\"1 minuto\" \/>\n<script type=\"application\/ld+json\" class=\"yoast-schema-graph\">{\"@context\":\"https:\/\/schema.org\",\"@graph\":[{\"@type\":\"Article\",\"@id\":\"https:\/\/experienciadevida.com.ar\/portalurbano\/comenzo-la-sesion-del-hcd-con-el-debate-de-la-rendicion-de-cuentas-2019\/#article\",\"isPartOf\":{\"@id\":\"https:\/\/experienciadevida.com.ar\/portalurbano\/comenzo-la-sesion-del-hcd-con-el-debate-de-la-rendicion-de-cuentas-2019\/\"},\"author\":{\"name\":\"admpu17wp\",\"@id\":\"https:\/\/experienciadevida.com.ar\/portalurbano\/#\/schema\/person\/02dd326b1c4b056e9cc972486934a3a7\"},\"headline\":\"Comenz\u00f3 la sesi\u00f3n del HCD con el debate de la rendici\u00f3n de cuentas 2019\",\"datePublished\":\"2020-07-02T13:06:02+00:00\",\"dateModified\":\"2020-07-02T13:08:53+00:00\",\"mainEntityOfPage\":{\"@id\":\"https:\/\/experienciadevida.com.ar\/portalurbano\/comenzo-la-sesion-del-hcd-con-el-debate-de-la-rendicion-de-cuentas-2019\/\"},\"wordCount\":270,\"publisher\":{\"@id\":\"https:\/\/experienciadevida.com.ar\/portalurbano\/#organization\"},\"articleSection\":[\"Destacadas\",\"Pol\u00edtica\"],\"inLanguage\":\"es\"},{\"@type\":\"WebPage\",\"@id\":\"https:\/\/experienciadevida.com.ar\/portalurbano\/comenzo-la-sesion-del-hcd-con-el-debate-de-la-rendicion-de-cuentas-2019\/\",\"url\":\"https:\/\/experienciadevida.com.ar\/portalurbano\/comenzo-la-sesion-del-hcd-con-el-debate-de-la-rendicion-de-cuentas-2019\/\",\"name\":\"Comenz\u00f3 la sesi\u00f3n del HCD con el debate de la rendici\u00f3n de cuentas 2019 -\",\"isPartOf\":{\"@id\":\"https:\/\/experienciadevida.com.ar\/portalurbano\/#website\"},\"datePublished\":\"2020-07-02T13:06:02+00:00\",\"dateModified\":\"2020-07-02T13:08:53+00:00\",\"breadcrumb\":{\"@id\":\"https:\/\/experienciadevida.com.ar\/portalurbano\/comenzo-la-sesion-del-hcd-con-el-debate-de-la-rendicion-de-cuentas-2019\/#breadcrumb\"},\"inLanguage\":\"es\",\"potentialAction\":[{\"@type\":\"ReadAction\",\"target\":[\"https:\/\/experienciadevida.com.ar\/portalurbano\/comenzo-la-sesion-del-hcd-con-el-debate-de-la-rendicion-de-cuentas-2019\/\"]}]},{\"@type\":\"BreadcrumbList\",\"@id\":\"https:\/\/experienciadevida.com.ar\/portalurbano\/comenzo-la-sesion-del-hcd-con-el-debate-de-la-rendicion-de-cuentas-2019\/#breadcrumb\",\"itemListElement\":[{\"@type\":\"ListItem\",\"position\":1,\"name\":\"Portada\",\"item\":\"https:\/\/experienciadevida.com.ar\/portalurbano\/\"},{\"@type\":\"ListItem\",\"position\":2,\"name\":\"Comenz\u00f3 la sesi\u00f3n del HCD con el debate de la rendici\u00f3n de cuentas 2019\"}]},{\"@type\":\"WebSite\",\"@id\":\"https:\/\/experienciadevida.com.ar\/portalurbano\/#website\",\"url\":\"https:\/\/experienciadevida.com.ar\/portalurbano\/\",\"name\":\"\",\"description\":\"\",\"publisher\":{\"@id\":\"https:\/\/experienciadevida.com.ar\/portalurbano\/#organization\"},\"potentialAction\":[{\"@type\":\"SearchAction\",\"target\":{\"@type\":\"EntryPoint\",\"urlTemplate\":\"https:\/\/experienciadevida.com.ar\/portalurbano\/?s={search_term_string}\"},\"query-input\":\"required name=search_term_string\"}],\"inLanguage\":\"es\"},{\"@type\":\"Organization\",\"@id\":\"https:\/\/experienciadevida.com.ar\/portalurbano\/#organization\",\"name\":\"Portal Urbano\",\"url\":\"https:\/\/experienciadevida.com.ar\/portalurbano\/\",\"logo\":{\"@type\":\"ImageObject\",\"inLanguage\":\"es\",\"@id\":\"https:\/\/experienciadevida.com.ar\/portalurbano\/#\/schema\/logo\/image\/\",\"url\":\"https:\/\/experienciadevida.com.ar\/portalurbano\/wp-content\/uploads\/2019\/09\/Logo-Original.png\",\"contentUrl\":\"https:\/\/experienciadevida.com.ar\/portalurbano\/wp-content\/uploads\/2019\/09\/Logo-Original.png\",\"width\":2236,\"height\":1216,\"caption\":\"Portal Urbano\"},\"image\":{\"@id\":\"https:\/\/experienciadevida.com.ar\/portalurbano\/#\/schema\/logo\/image\/\"},\"sameAs\":[\"https:\/\/www.facebook.com\/Portal-Urbano-171542830093757\/\",\"https:\/\/twitter.com\/portalurbanook\",\"https:\/\/www.instagram.com\/_portalurbano\/\",\"https:\/\/www.youtube.com\/channel\/UCXhagIfszH8KxFiOok79zbA?view_as=subscriber\"]},{\"@type\":\"Person\",\"@id\":\"https:\/\/experienciadevida.com.ar\/portalurbano\/#\/schema\/person\/02dd326b1c4b056e9cc972486934a3a7\",\"name\":\"admpu17wp\",\"image\":{\"@type\":\"ImageObject\",\"inLanguage\":\"es\",\"@id\":\"https:\/\/experienciadevida.com.ar\/portalurbano\/#\/schema\/person\/image\/\",\"url\":\"https:\/\/secure.gravatar.com\/avatar\/830d4c57adaae6630765e449a6908047?s=96&d=mm&r=g\",\"contentUrl\":\"https:\/\/secure.gravatar.com\/avatar\/830d4c57adaae6630765e449a6908047?s=96&d=mm&r=g\",\"caption\":\"admpu17wp\"}}]}<\/script>\n<!-- \/ Yoast SEO plugin. -->","yoast_head_json":{"title":"Comenz\u00f3 la sesi\u00f3n del HCD con el debate de la rendici\u00f3n de cuentas 2019 -","robots":{"index":"index","follow":"follow","max-snippet":"max-snippet:-1","max-image-preview":"max-image-preview:large","max-video-preview":"max-video-preview:-1"},"canonical":"https:\/\/experienciadevida.com.ar\/portalurbano\/comenzo-la-sesion-del-hcd-con-el-debate-de-la-rendicion-de-cuentas-2019\/","og_locale":"es_ES","og_type":"article","og_title":"Comenz\u00f3 la sesi\u00f3n del HCD con el debate de la rendici\u00f3n de cuentas 2019 -","og_description":"En la ma\u00f1ana de este jueves comenz\u00f3 una nueva sesi\u00f3n del HCD en el recinto...","og_url":"https:\/\/experienciadevida.com.ar\/portalurbano\/comenzo-la-sesion-del-hcd-con-el-debate-de-la-rendicion-de-cuentas-2019\/","article_publisher":"https:\/\/www.facebook.com\/Portal-Urbano-171542830093757\/","article_published_time":"2020-07-02T13:06:02+00:00","article_modified_time":"2020-07-02T13:08:53+00:00","og_image":[{"width":843,"height":463,"url":"https:\/\/experienciadevida.com.ar\/portalurbano\/wp-content\/uploads\/2020\/07\/RENDICIONDECUENTASHCD.png","type":"image\/png"}],"author":"admpu17wp","twitter_card":"summary_large_image","twitter_creator":"@portalurbanook","twitter_site":"@portalurbanook","twitter_misc":{"Escrito por":"admpu17wp","Tiempo de lectura":"1 minuto"},"schema":{"@context":"https:\/\/schema.org","@graph":[{"@type":"Article","@id":"https:\/\/experienciadevida.com.ar\/portalurbano\/comenzo-la-sesion-del-hcd-con-el-debate-de-la-rendicion-de-cuentas-2019\/#article","isPartOf":{"@id":"https:\/\/experienciadevida.com.ar\/portalurbano\/comenzo-la-sesion-del-hcd-con-el-debate-de-la-rendicion-de-cuentas-2019\/"},"author":{"name":"admpu17wp","@id":"https:\/\/experienciadevida.com.ar\/portalurbano\/#\/schema\/person\/02dd326b1c4b056e9cc972486934a3a7"},"headline":"Comenz\u00f3 la sesi\u00f3n del HCD con el debate de la rendici\u00f3n de cuentas 2019","datePublished":"2020-07-02T13:06:02+00:00","dateModified":"2020-07-02T13:08:53+00:00","mainEntityOfPage":{"@id":"https:\/\/experienciadevida.com.ar\/portalurbano\/comenzo-la-sesion-del-hcd-con-el-debate-de-la-rendicion-de-cuentas-2019\/"},"wordCount":270,"publisher":{"@id":"https:\/\/experienciadevida.com.ar\/portalurbano\/#organization"},"articleSection":["Destacadas","Pol\u00edtica"],"inLanguage":"es"},{"@type":"WebPage","@id":"https:\/\/experienciadevida.com.ar\/portalurbano\/comenzo-la-sesion-del-hcd-con-el-debate-de-la-rendicion-de-cuentas-2019\/","url":"https:\/\/experienciadevida.com.ar\/portalurbano\/comenzo-la-sesion-del-hcd-con-el-debate-de-la-rendicion-de-cuentas-2019\/","name":"Comenz\u00f3 la sesi\u00f3n del HCD con el debate de la rendici\u00f3n de cuentas 2019 -","isPartOf":{"@id":"https:\/\/experienciadevida.com.ar\/portalurbano\/#website"},"datePublished":"2020-07-02T13:06:02+00:00","dateModified":"2020-07-02T13:08:53+00:00","breadcrumb":{"@id":"https:\/\/experienciadevida.com.ar\/portalurbano\/comenzo-la-sesion-del-hcd-con-el-debate-de-la-rendicion-de-cuentas-2019\/#breadcrumb"},"inLanguage":"es","potentialAction":[{"@type":"ReadAction","target":["https:\/\/experienciadevida.com.ar\/portalurbano\/comenzo-la-sesion-del-hcd-con-el-debate-de-la-rendicion-de-cuentas-2019\/"]}]},{"@type":"BreadcrumbList","@id":"https:\/\/experienciadevida.com.ar\/portalurbano\/comenzo-la-sesion-del-hcd-con-el-debate-de-la-rendicion-de-cuentas-2019\/#breadcrumb","itemListElement":[{"@type":"ListItem","position":1,"name":"Portada","item":"https:\/\/experienciadevida.com.ar\/portalurbano\/"},{"@type":"ListItem","position":2,"name":"Comenz\u00f3 la sesi\u00f3n del HCD con el debate de la rendici\u00f3n de cuentas 2019"}]},{"@type":"WebSite","@id":"https:\/\/experienciadevida.com.ar\/portalurbano\/#website","url":"https:\/\/experienciadevida.com.ar\/portalurbano\/","name":"","description":"","publisher":{"@id":"https:\/\/experienciadevida.com.ar\/portalurbano\/#organization"},"potentialAction":[{"@type":"SearchAction","target":{"@type":"EntryPoint","urlTemplate":"https:\/\/experienciadevida.com.ar\/portalurbano\/?s={search_term_string}"},"query-input":"required name=search_term_string"}],"inLanguage":"es"},{"@type":"Organization","@id":"https:\/\/experienciadevida.com.ar\/portalurbano\/#organization","name":"Portal Urbano","url":"https:\/\/experienciadevida.com.ar\/portalurbano\/","logo":{"@type":"ImageObject","inLanguage":"es","@id":"https:\/\/experienciadevida.com.ar\/portalurbano\/#\/schema\/logo\/image\/","url":"https:\/\/experienciadevida.com.ar\/portalurbano\/wp-content\/uploads\/2019\/09\/Logo-Original.png","contentUrl":"https:\/\/experienciadevida.com.ar\/portalurbano\/wp-content\/uploads\/2019\/09\/Logo-Original.png","width":2236,"height":1216,"caption":"Portal Urbano"},"image":{"@id":"https:\/\/experienciadevida.com.ar\/portalurbano\/#\/schema\/logo\/image\/"},"sameAs":["https:\/\/www.facebook.com\/Portal-Urbano-171542830093757\/","https:\/\/twitter.com\/portalurbanook","https:\/\/www.instagram.com\/_portalurbano\/","https:\/\/www.youtube.com\/channel\/UCXhagIfszH8KxFiOok79zbA?view_as=subscriber"]},{"@type":"Person","@id":"https:\/\/experienciadevida.com.ar\/portalurbano\/#\/schema\/person\/02dd326b1c4b056e9cc972486934a3a7","name":"admpu17wp","image":{"@type":"ImageObject","inLanguage":"es","@id":"https:\/\/experienciadevida.com.ar\/portalurbano\/#\/schema\/person\/image\/","url":"https:\/\/secure.gravatar.com\/avatar\/830d4c57adaae6630765e449a6908047?s=96&d=mm&r=g","contentUrl":"https:\/\/secure.gravatar.com\/avatar\/830d4c57adaae6630765e449a6908047?s=96&d=mm&r=g","caption":"admpu17wp"}}]}},"featured_image_urls":{"full":["https:\/\/experienciadevida.com.ar\/portalurbano\/wp-content\/uploads\/2020\/07\/RENDICIONDECUENTASHCD.png",843,463,false],"thumbnail":["https:\/\/experienciadevida.com.ar\/portalurbano\/wp-content\/uploads\/2020\/07\/RENDICIONDECUENTASHCD-150x150.png",150,150,true],"medium":["https:\/\/experienciadevida.com.ar\/portalurbano\/wp-content\/uploads\/2020\/07\/RENDICIONDECUENTASHCD-300x165.png",300,165,true],"medium_large":["https:\/\/experienciadevida.com.ar\/portalurbano\/wp-content\/uploads\/2020\/07\/RENDICIONDECUENTASHCD-768x422.png",640,352,true],"large":["https:\/\/experienciadevida.com.ar\/portalurbano\/wp-content\/uploads\/2020\/07\/RENDICIONDECUENTASHCD.png",640,352,false],"ug_big":["https:\/\/experienciadevida.com.ar\/portalurbano\/wp-content\/uploads\/2020\/07\/RENDICIONDECUENTASHCD-768x422.png",768,422,true],"1536x1536":["https:\/\/experienciadevida.com.ar\/portalurbano\/wp-content\/uploads\/2020\/07\/RENDICIONDECUENTASHCD.png",843,463,false],"2048x2048":["https:\/\/experienciadevida.com.ar\/portalurbano\/wp-content\/uploads\/2020\/07\/RENDICIONDECUENTASHCD.png",843,463,false],"newsever-slider-full":["https:\/\/experienciadevida.com.ar\/portalurbano\/wp-content\/uploads\/2020\/07\/RENDICIONDECUENTASHCD.png",843,463,false],"newsever-featured":["https:\/\/experienciadevida.com.ar\/portalurbano\/wp-content\/uploads\/2020\/07\/RENDICIONDECUENTASHCD.png",843,463,false],"newsever-medium":["https:\/\/experienciadevida.com.ar\/portalurbano\/wp-content\/uploads\/2020\/07\/RENDICIONDECUENTASHCD.png",720,395,false],"web-stories-poster-portrait":["https:\/\/experienciadevida.com.ar\/portalurbano\/wp-content\/uploads\/2020\/07\/RENDICIONDECUENTASHCD.png",640,352,false],"web-stories-publisher-logo":["https:\/\/experienciadevida.com.ar\/portalurbano\/wp-content\/uploads\/2020\/07\/RENDICIONDECUENTASHCD.png",96,53,false],"web-stories-thumbnail":["https:\/\/experienciadevida.com.ar\/portalurbano\/wp-content\/uploads\/2020\/07\/RENDICIONDECUENTASHCD.png",150,82,false]},"author_info":{"display_name":"admpu17wp","author_link":"https:\/\/experienciadevida.com.ar\/portalurbano\/author\/admpu17wp\/"},"category_info":"<a href=\"https:\/\/experienciadevida.com.ar\/portalurbano\/category\/destacadas\/\" rel=\"category tag\">Destacadas<\/a> <a href=\"https:\/\/experienciadevida.com.ar\/portalurbano\/category\/politica\/\" rel=\"category tag\">Pol\u00edtica<\/a>","tag_info":"Pol\u00edtica","comment_count":"0","amp_enabled":true,"_links":{"self":[{"href":"https:\/\/experienciadevida.com.ar\/portalurbano\/wp-json\/wp\/v2\/posts\/113714"}],"collection":[{"href":"https:\/\/experienciadevida.com.ar\/portalurbano\/wp-json\/wp\/v2\/posts"}],"about":[{"href":"https:\/\/experienciadevida.com.ar\/portalurbano\/wp-json\/wp\/v2\/types\/post"}],"author":[{"embeddable":true,"href":"https:\/\/experienciadevida.com.ar\/portalurbano\/wp-json\/wp\/v2\/users\/1"}],"replies":[{"embeddable":true,"href":"https:\/\/experienciadevida.com.ar\/portalurbano\/wp-json\/wp\/v2\/comments?post=113714"}],"version-history":[{"count":5,"href":"https:\/\/experienciadevida.com.ar\/portalurbano\/wp-json\/wp\/v2\/posts\/113714\/revisions"}],"predecessor-version":[{"id":113720,"href":"https:\/\/experienciadevida.com.ar\/portalurbano\/wp-json\/wp\/v2\/posts\/113714\/revisions\/113720"}],"wp:featuredmedia":[{"embeddable":true,"href":"https:\/\/experienciadevida.com.ar\/portalurbano\/wp-json\/wp\/v2\/media\/113715"}],"wp:attachment":[{"href":"https:\/\/experienciadevida.com.ar\/portalurbano\/wp-json\/wp\/v2\/media?parent=113714"}],"wp:term":[{"taxonomy":"category","embeddable":true,"href":"https:\/\/experienciadevida.com.ar\/portalurbano\/wp-json\/wp\/v2\/categories?post=113714"},{"taxonomy":"post_tag","embeddable":true,"href":"https:\/\/experienciadevida.com.ar\/portalurbano\/wp-json\/wp\/v2\/tags?post=113714"}],"curies":[{"name":"wp","href":"https:\/\/api.w.org\/{rel}","templated":true}]}}