{"id":113712,"date":"2020-07-01T21:22:36","date_gmt":"2020-07-02T00:22:36","guid":{"rendered":"https:\/\/experienciadevida.com.ar\/portalurbano\/?p=113712"},"modified":"2020-07-01T21:23:11","modified_gmt":"2020-07-02T00:23:11","slug":"coronavirus-2-667-casos-nuevos-y-44-fallecidos-y-la-enfermedad-no-cede-en-la-provincia","status":"publish","type":"post","link":"https:\/\/experienciadevida.com.ar\/portalurbano\/coronavirus-2-667-casos-nuevos-y-44-fallecidos-y-la-enfermedad-no-cede-en-la-provincia\/","title":{"rendered":"Coronavirus: 2.667 casos nuevos y 44 fallecidos, y la enfermedad no cede en la provincia"},"content":{"rendered":"<p>Buenos Aires registr\u00f3 1.671 contagiados y 27 v\u00edctimas fatales, y suma casi la mitad de los casos totales desde el inicio de la pandemia.<\/p>\n<p>Este mi\u00e9rcoles se registraron en el pa\u00eds 2.667 nuevos casos de coronavirus y en las \u00faltimas 24 horas se produjeron 44 muertes, seg\u00fan el reporte del ministerio de Salud de la Naci\u00f3n. En la provincia de Buenos Aires se dieron 1.671 contagios y 27 de las v\u00edctimas fatales del d\u00eda.<\/p>\n<p>Las autoridades sanitarias indicaron que con los datos de hoy el total de contagios asciende a 67.197 y las v\u00edctimas fatales a 1.351.<\/p>\n<p>Los n\u00fameros volvieron a acercarse a los niveles m\u00e1s altos registrados hasta ahora, tanto en nuevos contagios como en v\u00edctimas, luego de tres d\u00edas en los que los registros hab\u00edan mostrado una leve baja.<\/p>\n<p>Como viene ocurriendo en los \u00faltimos meses, la mayor\u00eda de los casos se registran en el \u00c1rea Metropolitana, aunque en las \u00faltimas semanas la presencia se hizo a\u00fan m\u00e1s pronunciada en la provincia de Buenos Aires. Seg\u00fan los datos de hoy, el 94% de los casos se reparten entre la Provincia y la Ciudad de Buenos Aires, pero en territorio bonaerense ya se duplican la cantidad de casos porte\u00f1os. Entre ambas jurisdicciones, en tanto, sostiene 61 mil del total de 67 mil afectados registrados desde el inicio de la pandemia.<\/p>\n<p>En tanto, hoy se registraron 44 nuevas muertes. Esta ma\u00f1ana se hab\u00edan reportado 3, mientras que el el informe vespertino Salud dio cuenta de otros 41 decesos. De ese total, 27 corresponden a la provincia de Buenos Aires (18 hombres y 9 mujeres), mientras que 13 se encuentran domiciliadas en Capital Federal. Tambi\u00e9n hubo casos fatales en Chaco (3) y La Rioja (1).<\/p>\n<p>Casos en pa\u00eds:<\/p>\n<p>De acuerdo al \u00faltimo reporte, tambi\u00e9n se registraron casos en Chaco (60), Jujuy (17), R\u00edo Negro (13), Neuqu\u00e9n (12), C\u00f3rdoba (11), Entre R\u00edos (9), Chubut ( 8), Mendoza (7), Formosa (4), Salta (2), Corrientes, La Rioja, Santa Fe y Santiago del Estero (1).<\/p>\n<p>Del total de casos registrado hasta el momento, 1.066 (1,6%) son importados, 24.124 (35,9%) son contactos estrechos de casos confirmados, 30.493 (45,4%) son casos de circulaci\u00f3n comunitaria y el resto se encuentra en investigaci\u00f3n epidemiol\u00f3gica.<\/p>\n<p>Fuente: DIB<\/p>\n","protected":false},"excerpt":{"rendered":"<p>Buenos Aires registr\u00f3 1.671 contagiados y 27 v\u00edctimas fatales, y suma casi la mitad de&#8230;<\/p>\n","protected":false},"author":1,"featured_media":113446,"comment_status":"closed","ping_status":"closed","sticky":false,"template":"","format":"standard","meta":{"content-type":""},"categories":[71,39],"tags":[],"nelio_content":{"isAutoShareEnabled":false,"autoShareEndMode":"default","automationSources":{"useContentSentences":true,"useSocialTemplates":true,"useCustomSentences":false,"customSentences":[]},"followers":[1],"suggestedReferences":[],"includedReferences":[],"efiUrl":"","efiAlt":"","highlights":[]},"yoast_head":"<!-- This site is optimized with the Yoast SEO plugin v20.7 - https:\/\/yoast.com\/wordpress\/plugins\/seo\/ -->\n<title>Coronavirus: 2.667 casos nuevos y 44 fallecidos, y la enfermedad no cede en la provincia -<\/title>\n<meta name=\"robots\" content=\"index, follow, max-snippet:-1, max-image-preview:large, max-video-preview:-1\" \/>\n<link rel=\"canonical\" href=\"https:\/\/experienciadevida.com.ar\/portalurbano\/coronavirus-2-667-casos-nuevos-y-44-fallecidos-y-la-enfermedad-no-cede-en-la-provincia\/\" \/>\n<meta property=\"og:locale\" content=\"es_ES\" \/>\n<meta property=\"og:type\" content=\"article\" \/>\n<meta property=\"og:title\" content=\"Coronavirus: 2.667 casos nuevos y 44 fallecidos, y la enfermedad no cede en la provincia -\" \/>\n<meta property=\"og:description\" content=\"Buenos Aires registr\u00f3 1.671 contagiados y 27 v\u00edctimas fatales, y suma casi la mitad de...\" \/>\n<meta property=\"og:url\" content=\"https:\/\/experienciadevida.com.ar\/portalurbano\/coronavirus-2-667-casos-nuevos-y-44-fallecidos-y-la-enfermedad-no-cede-en-la-provincia\/\" \/>\n<meta property=\"article:publisher\" content=\"https:\/\/www.facebook.com\/Portal-Urbano-171542830093757\/\" \/>\n<meta property=\"article:published_time\" content=\"2020-07-02T00:22:36+00:00\" \/>\n<meta property=\"article:modified_time\" content=\"2020-07-02T00:23:11+00:00\" \/>\n<meta property=\"og:image\" content=\"https:\/\/experienciadevida.com.ar\/portalurbano\/wp-content\/uploads\/2020\/06\/CORONAVIRUSHOSPITAL.jpg\" \/>\n\t<meta property=\"og:image:width\" content=\"696\" \/>\n\t<meta property=\"og:image:height\" content=\"464\" \/>\n\t<meta property=\"og:image:type\" content=\"image\/jpeg\" \/>\n<meta name=\"author\" content=\"admpu17wp\" \/>\n<meta name=\"twitter:card\" content=\"summary_large_image\" \/>\n<meta name=\"twitter:creator\" content=\"@portalurbanook\" \/>\n<meta name=\"twitter:site\" content=\"@portalurbanook\" \/>\n<meta name=\"twitter:label1\" content=\"Escrito por\" \/>\n\t<meta name=\"twitter:data1\" content=\"admpu17wp\" \/>\n\t<meta name=\"twitter:label2\" content=\"Tiempo de lectura\" \/>\n\t<meta name=\"twitter:data2\" content=\"2 minutos\" \/>\n<script type=\"application\/ld+json\" class=\"yoast-schema-graph\">{\"@context\":\"https:\/\/schema.org\",\"@graph\":[{\"@type\":\"Article\",\"@id\":\"https:\/\/experienciadevida.com.ar\/portalurbano\/coronavirus-2-667-casos-nuevos-y-44-fallecidos-y-la-enfermedad-no-cede-en-la-provincia\/#article\",\"isPartOf\":{\"@id\":\"https:\/\/experienciadevida.com.ar\/portalurbano\/coronavirus-2-667-casos-nuevos-y-44-fallecidos-y-la-enfermedad-no-cede-en-la-provincia\/\"},\"author\":{\"name\":\"admpu17wp\",\"@id\":\"https:\/\/experienciadevida.com.ar\/portalurbano\/#\/schema\/person\/02dd326b1c4b056e9cc972486934a3a7\"},\"headline\":\"Coronavirus: 2.667 casos nuevos y 44 fallecidos, y la enfermedad no cede en la provincia\",\"datePublished\":\"2020-07-02T00:22:36+00:00\",\"dateModified\":\"2020-07-02T00:23:11+00:00\",\"mainEntityOfPage\":{\"@id\":\"https:\/\/experienciadevida.com.ar\/portalurbano\/coronavirus-2-667-casos-nuevos-y-44-fallecidos-y-la-enfermedad-no-cede-en-la-provincia\/\"},\"wordCount\":371,\"publisher\":{\"@id\":\"https:\/\/experienciadevida.com.ar\/portalurbano\/#organization\"},\"articleSection\":[\"Coronavirus\",\"Naci\u00f3n\"],\"inLanguage\":\"es\"},{\"@type\":\"WebPage\",\"@id\":\"https:\/\/experienciadevida.com.ar\/portalurbano\/coronavirus-2-667-casos-nuevos-y-44-fallecidos-y-la-enfermedad-no-cede-en-la-provincia\/\",\"url\":\"https:\/\/experienciadevida.com.ar\/portalurbano\/coronavirus-2-667-casos-nuevos-y-44-fallecidos-y-la-enfermedad-no-cede-en-la-provincia\/\",\"name\":\"Coronavirus: 2.667 casos nuevos y 44 fallecidos, y la enfermedad no cede en la provincia -\",\"isPartOf\":{\"@id\":\"https:\/\/experienciadevida.com.ar\/portalurbano\/#website\"},\"datePublished\":\"2020-07-02T00:22:36+00:00\",\"dateModified\":\"2020-07-02T00:23:11+00:00\",\"breadcrumb\":{\"@id\":\"https:\/\/experienciadevida.com.ar\/portalurbano\/coronavirus-2-667-casos-nuevos-y-44-fallecidos-y-la-enfermedad-no-cede-en-la-provincia\/#breadcrumb\"},\"inLanguage\":\"es\",\"potentialAction\":[{\"@type\":\"ReadAction\",\"target\":[\"https:\/\/experienciadevida.com.ar\/portalurbano\/coronavirus-2-667-casos-nuevos-y-44-fallecidos-y-la-enfermedad-no-cede-en-la-provincia\/\"]}]},{\"@type\":\"BreadcrumbList\",\"@id\":\"https:\/\/experienciadevida.com.ar\/portalurbano\/coronavirus-2-667-casos-nuevos-y-44-fallecidos-y-la-enfermedad-no-cede-en-la-provincia\/#breadcrumb\",\"itemListElement\":[{\"@type\":\"ListItem\",\"position\":1,\"name\":\"Portada\",\"item\":\"https:\/\/experienciadevida.com.ar\/portalurbano\/\"},{\"@type\":\"ListItem\",\"position\":2,\"name\":\"Coronavirus: 2.667 casos nuevos y 44 fallecidos, y la enfermedad no cede en la provincia\"}]},{\"@type\":\"WebSite\",\"@id\":\"https:\/\/experienciadevida.com.ar\/portalurbano\/#website\",\"url\":\"https:\/\/experienciadevida.com.ar\/portalurbano\/\",\"name\":\"\",\"description\":\"\",\"publisher\":{\"@id\":\"https:\/\/experienciadevida.com.ar\/portalurbano\/#organization\"},\"potentialAction\":[{\"@type\":\"SearchAction\",\"target\":{\"@type\":\"EntryPoint\",\"urlTemplate\":\"https:\/\/experienciadevida.com.ar\/portalurbano\/?s={search_term_string}\"},\"query-input\":\"required name=search_term_string\"}],\"inLanguage\":\"es\"},{\"@type\":\"Organization\",\"@id\":\"https:\/\/experienciadevida.com.ar\/portalurbano\/#organization\",\"name\":\"Portal Urbano\",\"url\":\"https:\/\/experienciadevida.com.ar\/portalurbano\/\",\"logo\":{\"@type\":\"ImageObject\",\"inLanguage\":\"es\",\"@id\":\"https:\/\/experienciadevida.com.ar\/portalurbano\/#\/schema\/logo\/image\/\",\"url\":\"https:\/\/experienciadevida.com.ar\/portalurbano\/wp-content\/uploads\/2019\/09\/Logo-Original.png\",\"contentUrl\":\"https:\/\/experienciadevida.com.ar\/portalurbano\/wp-content\/uploads\/2019\/09\/Logo-Original.png\",\"width\":2236,\"height\":1216,\"caption\":\"Portal Urbano\"},\"image\":{\"@id\":\"https:\/\/experienciadevida.com.ar\/portalurbano\/#\/schema\/logo\/image\/\"},\"sameAs\":[\"https:\/\/www.facebook.com\/Portal-Urbano-171542830093757\/\",\"https:\/\/twitter.com\/portalurbanook\",\"https:\/\/www.instagram.com\/_portalurbano\/\",\"https:\/\/www.youtube.com\/channel\/UCXhagIfszH8KxFiOok79zbA?view_as=subscriber\"]},{\"@type\":\"Person\",\"@id\":\"https:\/\/experienciadevida.com.ar\/portalurbano\/#\/schema\/person\/02dd326b1c4b056e9cc972486934a3a7\",\"name\":\"admpu17wp\",\"image\":{\"@type\":\"ImageObject\",\"inLanguage\":\"es\",\"@id\":\"https:\/\/experienciadevida.com.ar\/portalurbano\/#\/schema\/person\/image\/\",\"url\":\"https:\/\/secure.gravatar.com\/avatar\/830d4c57adaae6630765e449a6908047?s=96&d=mm&r=g\",\"contentUrl\":\"https:\/\/secure.gravatar.com\/avatar\/830d4c57adaae6630765e449a6908047?s=96&d=mm&r=g\",\"caption\":\"admpu17wp\"}}]}<\/script>\n<!-- \/ Yoast SEO plugin. -->","yoast_head_json":{"title":"Coronavirus: 2.667 casos nuevos y 44 fallecidos, y la enfermedad no cede en la provincia -","robots":{"index":"index","follow":"follow","max-snippet":"max-snippet:-1","max-image-preview":"max-image-preview:large","max-video-preview":"max-video-preview:-1"},"canonical":"https:\/\/experienciadevida.com.ar\/portalurbano\/coronavirus-2-667-casos-nuevos-y-44-fallecidos-y-la-enfermedad-no-cede-en-la-provincia\/","og_locale":"es_ES","og_type":"article","og_title":"Coronavirus: 2.667 casos nuevos y 44 fallecidos, y la enfermedad no cede en la provincia -","og_description":"Buenos Aires registr\u00f3 1.671 contagiados y 27 v\u00edctimas fatales, y suma casi la mitad de...","og_url":"https:\/\/experienciadevida.com.ar\/portalurbano\/coronavirus-2-667-casos-nuevos-y-44-fallecidos-y-la-enfermedad-no-cede-en-la-provincia\/","article_publisher":"https:\/\/www.facebook.com\/Portal-Urbano-171542830093757\/","article_published_time":"2020-07-02T00:22:36+00:00","article_modified_time":"2020-07-02T00:23:11+00:00","og_image":[{"width":696,"height":464,"url":"https:\/\/experienciadevida.com.ar\/portalurbano\/wp-content\/uploads\/2020\/06\/CORONAVIRUSHOSPITAL.jpg","type":"image\/jpeg"}],"author":"admpu17wp","twitter_card":"summary_large_image","twitter_creator":"@portalurbanook","twitter_site":"@portalurbanook","twitter_misc":{"Escrito por":"admpu17wp","Tiempo de lectura":"2 minutos"},"schema":{"@context":"https:\/\/schema.org","@graph":[{"@type":"Article","@id":"https:\/\/experienciadevida.com.ar\/portalurbano\/coronavirus-2-667-casos-nuevos-y-44-fallecidos-y-la-enfermedad-no-cede-en-la-provincia\/#article","isPartOf":{"@id":"https:\/\/experienciadevida.com.ar\/portalurbano\/coronavirus-2-667-casos-nuevos-y-44-fallecidos-y-la-enfermedad-no-cede-en-la-provincia\/"},"author":{"name":"admpu17wp","@id":"https:\/\/experienciadevida.com.ar\/portalurbano\/#\/schema\/person\/02dd326b1c4b056e9cc972486934a3a7"},"headline":"Coronavirus: 2.667 casos nuevos y 44 fallecidos, y la enfermedad no cede en la provincia","datePublished":"2020-07-02T00:22:36+00:00","dateModified":"2020-07-02T00:23:11+00:00","mainEntityOfPage":{"@id":"https:\/\/experienciadevida.com.ar\/portalurbano\/coronavirus-2-667-casos-nuevos-y-44-fallecidos-y-la-enfermedad-no-cede-en-la-provincia\/"},"wordCount":371,"publisher":{"@id":"https:\/\/experienciadevida.com.ar\/portalurbano\/#organization"},"articleSection":["Coronavirus","Naci\u00f3n"],"inLanguage":"es"},{"@type":"WebPage","@id":"https:\/\/experienciadevida.com.ar\/portalurbano\/coronavirus-2-667-casos-nuevos-y-44-fallecidos-y-la-enfermedad-no-cede-en-la-provincia\/","url":"https:\/\/experienciadevida.com.ar\/portalurbano\/coronavirus-2-667-casos-nuevos-y-44-fallecidos-y-la-enfermedad-no-cede-en-la-provincia\/","name":"Coronavirus: 2.667 casos nuevos y 44 fallecidos, y la enfermedad no cede en la provincia -","isPartOf":{"@id":"https:\/\/experienciadevida.com.ar\/portalurbano\/#website"},"datePublished":"2020-07-02T00:22:36+00:00","dateModified":"2020-07-02T00:23:11+00:00","breadcrumb":{"@id":"https:\/\/experienciadevida.com.ar\/portalurbano\/coronavirus-2-667-casos-nuevos-y-44-fallecidos-y-la-enfermedad-no-cede-en-la-provincia\/#breadcrumb"},"inLanguage":"es","potentialAction":[{"@type":"ReadAction","target":["https:\/\/experienciadevida.com.ar\/portalurbano\/coronavirus-2-667-casos-nuevos-y-44-fallecidos-y-la-enfermedad-no-cede-en-la-provincia\/"]}]},{"@type":"BreadcrumbList","@id":"https:\/\/experienciadevida.com.ar\/portalurbano\/coronavirus-2-667-casos-nuevos-y-44-fallecidos-y-la-enfermedad-no-cede-en-la-provincia\/#breadcrumb","itemListElement":[{"@type":"ListItem","position":1,"name":"Portada","item":"https:\/\/experienciadevida.com.ar\/portalurbano\/"},{"@type":"ListItem","position":2,"name":"Coronavirus: 2.667 casos nuevos y 44 fallecidos, y la enfermedad no cede en la provincia"}]},{"@type":"WebSite","@id":"https:\/\/experienciadevida.com.ar\/portalurbano\/#website","url":"https:\/\/experienciadevida.com.ar\/portalurbano\/","name":"","description":"","publisher":{"@id":"https:\/\/experienciadevida.com.ar\/portalurbano\/#organization"},"potentialAction":[{"@type":"SearchAction","target":{"@type":"EntryPoint","urlTemplate":"https:\/\/experienciadevida.com.ar\/portalurbano\/?s={search_term_string}"},"query-input":"required name=search_term_string"}],"inLanguage":"es"},{"@type":"Organization","@id":"https:\/\/experienciadevida.com.ar\/portalurbano\/#organization","name":"Portal Urbano","url":"https:\/\/experienciadevida.com.ar\/portalurbano\/","logo":{"@type":"ImageObject","inLanguage":"es","@id":"https:\/\/experienciadevida.com.ar\/portalurbano\/#\/schema\/logo\/image\/","url":"https:\/\/experienciadevida.com.ar\/portalurbano\/wp-content\/uploads\/2019\/09\/Logo-Original.png","contentUrl":"https:\/\/experienciadevida.com.ar\/portalurbano\/wp-content\/uploads\/2019\/09\/Logo-Original.png","width":2236,"height":1216,"caption":"Portal Urbano"},"image":{"@id":"https:\/\/experienciadevida.com.ar\/portalurbano\/#\/schema\/logo\/image\/"},"sameAs":["https:\/\/www.facebook.com\/Portal-Urbano-171542830093757\/","https:\/\/twitter.com\/portalurbanook","https:\/\/www.instagram.com\/_portalurbano\/","https:\/\/www.youtube.com\/channel\/UCXhagIfszH8KxFiOok79zbA?view_as=subscriber"]},{"@type":"Person","@id":"https:\/\/experienciadevida.com.ar\/portalurbano\/#\/schema\/person\/02dd326b1c4b056e9cc972486934a3a7","name":"admpu17wp","image":{"@type":"ImageObject","inLanguage":"es","@id":"https:\/\/experienciadevida.com.ar\/portalurbano\/#\/schema\/person\/image\/","url":"https:\/\/secure.gravatar.com\/avatar\/830d4c57adaae6630765e449a6908047?s=96&d=mm&r=g","contentUrl":"https:\/\/secure.gravatar.com\/avatar\/830d4c57adaae6630765e449a6908047?s=96&d=mm&r=g","caption":"admpu17wp"}}]}},"featured_image_urls":{"full":["https:\/\/experienciadevida.com.ar\/portalurbano\/wp-content\/uploads\/2020\/06\/CORONAVIRUSHOSPITAL.jpg",696,464,false],"thumbnail":["https:\/\/experienciadevida.com.ar\/portalurbano\/wp-content\/uploads\/2020\/06\/CORONAVIRUSHOSPITAL-150x150.jpg",150,150,true],"medium":["https:\/\/experienciadevida.com.ar\/portalurbano\/wp-content\/uploads\/2020\/06\/CORONAVIRUSHOSPITAL-300x200.jpg",300,200,true],"medium_large":["https:\/\/experienciadevida.com.ar\/portalurbano\/wp-content\/uploads\/2020\/06\/CORONAVIRUSHOSPITAL.jpg",640,427,false],"large":["https:\/\/experienciadevida.com.ar\/portalurbano\/wp-content\/uploads\/2020\/06\/CORONAVIRUSHOSPITAL.jpg",640,427,false],"ug_big":["https:\/\/experienciadevida.com.ar\/portalurbano\/wp-content\/uploads\/2020\/06\/CORONAVIRUSHOSPITAL.jpg",696,464,false],"1536x1536":["https:\/\/experienciadevida.com.ar\/portalurbano\/wp-content\/uploads\/2020\/06\/CORONAVIRUSHOSPITAL.jpg",696,464,false],"2048x2048":["https:\/\/experienciadevida.com.ar\/portalurbano\/wp-content\/uploads\/2020\/06\/CORONAVIRUSHOSPITAL.jpg",696,464,false],"newsever-slider-full":["https:\/\/experienciadevida.com.ar\/portalurbano\/wp-content\/uploads\/2020\/06\/CORONAVIRUSHOSPITAL.jpg",696,464,false],"newsever-featured":["https:\/\/experienciadevida.com.ar\/portalurbano\/wp-content\/uploads\/2020\/06\/CORONAVIRUSHOSPITAL.jpg",696,464,false],"newsever-medium":["https:\/\/experienciadevida.com.ar\/portalurbano\/wp-content\/uploads\/2020\/06\/CORONAVIRUSHOSPITAL.jpg",696,464,false],"web-stories-poster-portrait":["https:\/\/experienciadevida.com.ar\/portalurbano\/wp-content\/uploads\/2020\/06\/CORONAVIRUSHOSPITAL.jpg",640,427,false],"web-stories-publisher-logo":["https:\/\/experienciadevida.com.ar\/portalurbano\/wp-content\/uploads\/2020\/06\/CORONAVIRUSHOSPITAL.jpg",96,64,false],"web-stories-thumbnail":["https:\/\/experienciadevida.com.ar\/portalurbano\/wp-content\/uploads\/2020\/06\/CORONAVIRUSHOSPITAL.jpg",150,100,false]},"author_info":{"display_name":"admpu17wp","author_link":"https:\/\/experienciadevida.com.ar\/portalurbano\/author\/admpu17wp\/"},"category_info":"<a href=\"https:\/\/experienciadevida.com.ar\/portalurbano\/category\/nacion\/coronavirus\/\" rel=\"category tag\">Coronavirus<\/a> <a href=\"https:\/\/experienciadevida.com.ar\/portalurbano\/category\/nacion\/\" rel=\"category tag\">Naci\u00f3n<\/a>","tag_info":"Naci\u00f3n","comment_count":"0","amp_enabled":true,"_links":{"self":[{"href":"https:\/\/experienciadevida.com.ar\/portalurbano\/wp-json\/wp\/v2\/posts\/113712"}],"collection":[{"href":"https:\/\/experienciadevida.com.ar\/portalurbano\/wp-json\/wp\/v2\/posts"}],"about":[{"href":"https:\/\/experienciadevida.com.ar\/portalurbano\/wp-json\/wp\/v2\/types\/post"}],"author":[{"embeddable":true,"href":"https:\/\/experienciadevida.com.ar\/portalurbano\/wp-json\/wp\/v2\/users\/1"}],"replies":[{"embeddable":true,"href":"https:\/\/experienciadevida.com.ar\/portalurbano\/wp-json\/wp\/v2\/comments?post=113712"}],"version-history":[{"count":1,"href":"https:\/\/experienciadevida.com.ar\/portalurbano\/wp-json\/wp\/v2\/posts\/113712\/revisions"}],"predecessor-version":[{"id":113713,"href":"https:\/\/experienciadevida.com.ar\/portalurbano\/wp-json\/wp\/v2\/posts\/113712\/revisions\/113713"}],"wp:featuredmedia":[{"embeddable":true,"href":"https:\/\/experienciadevida.com.ar\/portalurbano\/wp-json\/wp\/v2\/media\/113446"}],"wp:attachment":[{"href":"https:\/\/experienciadevida.com.ar\/portalurbano\/wp-json\/wp\/v2\/media?parent=113712"}],"wp:term":[{"taxonomy":"category","embeddable":true,"href":"https:\/\/experienciadevida.com.ar\/portalurbano\/wp-json\/wp\/v2\/categories?post=113712"},{"taxonomy":"post_tag","embeddable":true,"href":"https:\/\/experienciadevida.com.ar\/portalurbano\/wp-json\/wp\/v2\/tags?post=113712"}],"curies":[{"name":"wp","href":"https:\/\/api.w.org\/{rel}","templated":true}]}}