{"id":113663,"date":"2020-07-01T13:59:03","date_gmt":"2020-07-01T16:59:03","guid":{"rendered":"https:\/\/experienciadevida.com.ar\/portalurbano\/?p=113663"},"modified":"2020-07-01T13:59:33","modified_gmt":"2020-07-01T16:59:33","slug":"tandil-los-olavarrienses-tendran-que-hacer-cuarentena-como-si-viniesen-de-amba","status":"publish","type":"post","link":"https:\/\/experienciadevida.com.ar\/portalurbano\/tandil-los-olavarrienses-tendran-que-hacer-cuarentena-como-si-viniesen-de-amba\/","title":{"rendered":"Tandil &#8220;los Olavarrienses tendr\u00e1n que hacer cuarentena como si viniesen de AMBA&#8221;"},"content":{"rendered":"<p>As\u00ed lo dijo el director de control urbano vehicular, Walter Villarruel, e ironiz\u00f3 sobre las pertinentes artima\u00f1as que se detectan en los controles ruteros, con personas que pretenden ingresar a Tandil sin justificaci\u00f3n. De todos modos, destac\u00f3 que &#8220;se est\u00e1 trabajando bien&#8221; aunque advirti\u00f3 que &#8220;no tendr\u00eda personal para instalar un puesto m\u00e1s, estamos muy justos\u201d.<\/p>\n<p>\u201cEstamos con mucho trabajo y el clima fr\u00edo y lluvioso hace las jornadas a\u00fan m\u00e1s largas\u201d, reconoci\u00f3 el funcionario, aunque remarc\u00f3 que \u201cseguimos con los controles, de temperatura y documentaci\u00f3n. Desde que estamos en Fase 5 hay m\u00e1s tr\u00e1nsito en la ciudad, as\u00ed que el trabajo es mucho m\u00e1s que al principio; e incluso estamos m\u00e1s preocupados que al principio, porque sabemos la situaci\u00f3n de Buenos Aires y Conurbano, y tenemos mucha afluencia de gente de esos lugares\u201d.<\/p>\n<p><strong>En el caso de vecinos de Olavarr\u00eda que llegan a Tandil, record\u00f3 que \u201cal principio solo les hac\u00edamos una Declaraci\u00f3n Jurada, nada m\u00e1s, para tener los datos. Hoy, tienen que hacer cuarentena como si viniesen del AMBA\u201d.<\/strong><\/p>\n<p>Y en el caso de los comisionistas, \u201cque van a varias ciudades, estamos haciendo el trasbordo en el puesto, por ahora. Esperemos que pronto puedan desarrollar su tarea normalmente\u201d.<\/p>\n<p>\u201cEn el caso de personas que vengan de AMBA o lugares de circulaci\u00f3n de virus, les hacemos firmar un acta, que es una Declaraci\u00f3n Jurada, y tiene que hacer la cuarentena de 14 d\u00edas si llega a Tandil\u201d, indic\u00f3.<\/p>\n<p>De todos modos, aclar\u00f3 que \u201csi vienen a realizar una actividad en Tandil de un d\u00eda, el Secretario nos ha informado que los tenemos dejar pasar. Por ese d\u00eda pueden estar y luego retirarse a su ciudad de origen, aunque vengan de lugares de circulaci\u00f3n de virus. Se le pregunta si tiene s\u00edntomas, si ha hecho fiebre en los \u00faltimos d\u00edas, se le toma la temperatura y se lo deja entrar. Es m\u00e1s arriesgado, pero es el procedimiento que se nos ha informado\u201d.<\/p>\n<p>Villarruel admiti\u00f3 que a pesar de que pr\u00e1cticamente todos los ciudadanos del pa\u00eds conocen los alcances de las medidas restrictivas para desplazarse de un lugar a otro, siguen apareciendo personas que quieren entrar a Tandil sin justificaci\u00f3n.<\/p>\n<p>\u201cSi vienen y no pueden justificar entrada, no lo pueden hacer. Muchos se largan sin nada, sin tomar ning\u00fan recaudo. Entendemos que la Fase 5 es muy tentadora, porque ac\u00e1, si bien tenemos restricciones, estamos haciendo vida pr\u00e1cticamente normal. Desde que se anunci\u00f3 la Fase 5 en Tandil, se ha incrementado much\u00edsimo el cuidado de familiar enfermo. La din\u00e1mica del puesto te da esos par\u00e1metros. Sabemos que los argentinos no acatamos mucho las normas. Pero le pregunt\u00e1s en qu\u00e9 direcci\u00f3n est\u00e1 la persona enferma y no saben qu\u00e9 decir. Mucha gente tiene que volverse y otra est\u00e1 entrando\u201d, detall\u00f3.<\/p>\n<p>Tambi\u00e9n advirti\u00f3 el funcionario que \u201cmucha gente que ha entrado a la ciudad por tareas esenciales y vienen de zonas de circulaci\u00f3n, se alojan en alg\u00fan hospedaje, hacen los 14 d\u00edas de cuarentena y luego hacen su trabajo. De esa gente tenemos mucha ahora, que ya deben haber cumplido la cuarentena y est\u00e1n circulando en Tandil. Lo digo para que la gente no se preocupe, porque ahora s\u00ed es posible que encontremos gente de Buenos Aires, pero que ha cumplido los 14 d\u00edas. Al principio hab\u00eda casi 57 personas alojadas y van terminando progresivamente la cuarentena y seguramente ahora est\u00e1n haciendo sus actividades por las que han venido a Tandil\u201d.<\/p>\n<p>Respecto de las demoras que muchas veces se observan en los puestos de control, especialmente en La Vasconia, refiri\u00f3 que \u201cal haber m\u00e1s actividades, hay m\u00e1s circulaci\u00f3n. A la tarde, cuando todos vuelven a sus hogares, hay demora, pero el problema empieza jueves o viernes, despu\u00e9s no es tanta la cantidad de veh\u00edculos, aunque si unos 20 minutos tard\u00e1s. El viernes pasado, hab\u00eda 40 minutos de demora desde la rotonda al puesto sanitario, pero es un lugar de mucha afluencia y se juntan muchos veh\u00edculos ah\u00ed\u201d.<\/p>\n<p>Respecto de la posibilidad de ubicar alg\u00fan puesto sanitario m\u00e1s, para reforzar el control en rutas, Villarruel reconoci\u00f3 que \u201cno tendr\u00eda personal para cubrir un puesto m\u00e1s. Ser\u00eda imposible porque estamos muy justos\u201d.<\/p>\n<p>Fuente: ABChoy<\/p>\n","protected":false},"excerpt":{"rendered":"<p>As\u00ed lo dijo el director de control urbano vehicular, Walter Villarruel, e ironiz\u00f3 sobre las&#8230;<\/p>\n","protected":false},"author":1,"featured_media":113664,"comment_status":"closed","ping_status":"closed","sticky":false,"template":"","format":"standard","meta":{"content-type":""},"categories":[41],"tags":[],"nelio_content":{"isAutoShareEnabled":false,"autoShareEndMode":"default","automationSources":{"useContentSentences":true,"useSocialTemplates":true,"useCustomSentences":false,"customSentences":[]},"followers":[1],"suggestedReferences":[],"includedReferences":[],"efiUrl":"","efiAlt":"","highlights":[]},"yoast_head":"<!-- This site is optimized with the Yoast SEO plugin v20.7 - https:\/\/yoast.com\/wordpress\/plugins\/seo\/ -->\n<title>Tandil &quot;los Olavarrienses tendr\u00e1n que hacer cuarentena como si viniesen de AMBA&quot; -<\/title>\n<meta name=\"robots\" content=\"index, follow, max-snippet:-1, max-image-preview:large, max-video-preview:-1\" \/>\n<link rel=\"canonical\" href=\"https:\/\/experienciadevida.com.ar\/portalurbano\/tandil-los-olavarrienses-tendran-que-hacer-cuarentena-como-si-viniesen-de-amba\/\" \/>\n<meta property=\"og:locale\" content=\"es_ES\" \/>\n<meta property=\"og:type\" content=\"article\" \/>\n<meta property=\"og:title\" content=\"Tandil &quot;los Olavarrienses tendr\u00e1n que hacer cuarentena como si viniesen de AMBA&quot; -\" \/>\n<meta property=\"og:description\" content=\"As\u00ed lo dijo el director de control urbano vehicular, Walter Villarruel, e ironiz\u00f3 sobre las...\" \/>\n<meta property=\"og:url\" content=\"https:\/\/experienciadevida.com.ar\/portalurbano\/tandil-los-olavarrienses-tendran-que-hacer-cuarentena-como-si-viniesen-de-amba\/\" \/>\n<meta property=\"article:publisher\" content=\"https:\/\/www.facebook.com\/Portal-Urbano-171542830093757\/\" \/>\n<meta property=\"article:published_time\" content=\"2020-07-01T16:59:03+00:00\" \/>\n<meta property=\"article:modified_time\" content=\"2020-07-01T16:59:33+00:00\" \/>\n<meta property=\"og:image\" content=\"https:\/\/experienciadevida.com.ar\/portalurbano\/wp-content\/uploads\/2020\/07\/CONTROLES.jpg\" \/>\n\t<meta property=\"og:image:width\" content=\"800\" \/>\n\t<meta property=\"og:image:height\" content=\"530\" \/>\n\t<meta property=\"og:image:type\" content=\"image\/jpeg\" \/>\n<meta name=\"author\" content=\"admpu17wp\" \/>\n<meta name=\"twitter:card\" content=\"summary_large_image\" \/>\n<meta name=\"twitter:creator\" content=\"@portalurbanook\" \/>\n<meta name=\"twitter:site\" content=\"@portalurbanook\" \/>\n<meta name=\"twitter:label1\" content=\"Escrito por\" \/>\n\t<meta name=\"twitter:data1\" content=\"admpu17wp\" \/>\n\t<meta name=\"twitter:label2\" content=\"Tiempo de lectura\" \/>\n\t<meta name=\"twitter:data2\" content=\"4 minutos\" \/>\n<script type=\"application\/ld+json\" class=\"yoast-schema-graph\">{\"@context\":\"https:\/\/schema.org\",\"@graph\":[{\"@type\":\"Article\",\"@id\":\"https:\/\/experienciadevida.com.ar\/portalurbano\/tandil-los-olavarrienses-tendran-que-hacer-cuarentena-como-si-viniesen-de-amba\/#article\",\"isPartOf\":{\"@id\":\"https:\/\/experienciadevida.com.ar\/portalurbano\/tandil-los-olavarrienses-tendran-que-hacer-cuarentena-como-si-viniesen-de-amba\/\"},\"author\":{\"name\":\"admpu17wp\",\"@id\":\"https:\/\/experienciadevida.com.ar\/portalurbano\/#\/schema\/person\/02dd326b1c4b056e9cc972486934a3a7\"},\"headline\":\"Tandil &#8220;los Olavarrienses tendr\u00e1n que hacer cuarentena como si viniesen de AMBA&#8221;\",\"datePublished\":\"2020-07-01T16:59:03+00:00\",\"dateModified\":\"2020-07-01T16:59:33+00:00\",\"mainEntityOfPage\":{\"@id\":\"https:\/\/experienciadevida.com.ar\/portalurbano\/tandil-los-olavarrienses-tendran-que-hacer-cuarentena-como-si-viniesen-de-amba\/\"},\"wordCount\":750,\"publisher\":{\"@id\":\"https:\/\/experienciadevida.com.ar\/portalurbano\/#organization\"},\"articleSection\":[\"Regi\u00f3n\"],\"inLanguage\":\"es\"},{\"@type\":\"WebPage\",\"@id\":\"https:\/\/experienciadevida.com.ar\/portalurbano\/tandil-los-olavarrienses-tendran-que-hacer-cuarentena-como-si-viniesen-de-amba\/\",\"url\":\"https:\/\/experienciadevida.com.ar\/portalurbano\/tandil-los-olavarrienses-tendran-que-hacer-cuarentena-como-si-viniesen-de-amba\/\",\"name\":\"Tandil \\\"los Olavarrienses tendr\u00e1n que hacer cuarentena como si viniesen de AMBA\\\" -\",\"isPartOf\":{\"@id\":\"https:\/\/experienciadevida.com.ar\/portalurbano\/#website\"},\"datePublished\":\"2020-07-01T16:59:03+00:00\",\"dateModified\":\"2020-07-01T16:59:33+00:00\",\"breadcrumb\":{\"@id\":\"https:\/\/experienciadevida.com.ar\/portalurbano\/tandil-los-olavarrienses-tendran-que-hacer-cuarentena-como-si-viniesen-de-amba\/#breadcrumb\"},\"inLanguage\":\"es\",\"potentialAction\":[{\"@type\":\"ReadAction\",\"target\":[\"https:\/\/experienciadevida.com.ar\/portalurbano\/tandil-los-olavarrienses-tendran-que-hacer-cuarentena-como-si-viniesen-de-amba\/\"]}]},{\"@type\":\"BreadcrumbList\",\"@id\":\"https:\/\/experienciadevida.com.ar\/portalurbano\/tandil-los-olavarrienses-tendran-que-hacer-cuarentena-como-si-viniesen-de-amba\/#breadcrumb\",\"itemListElement\":[{\"@type\":\"ListItem\",\"position\":1,\"name\":\"Portada\",\"item\":\"https:\/\/experienciadevida.com.ar\/portalurbano\/\"},{\"@type\":\"ListItem\",\"position\":2,\"name\":\"Tandil \u00ablos Olavarrienses tendr\u00e1n que hacer cuarentena como si viniesen de AMBA\u00bb\"}]},{\"@type\":\"WebSite\",\"@id\":\"https:\/\/experienciadevida.com.ar\/portalurbano\/#website\",\"url\":\"https:\/\/experienciadevida.com.ar\/portalurbano\/\",\"name\":\"\",\"description\":\"\",\"publisher\":{\"@id\":\"https:\/\/experienciadevida.com.ar\/portalurbano\/#organization\"},\"potentialAction\":[{\"@type\":\"SearchAction\",\"target\":{\"@type\":\"EntryPoint\",\"urlTemplate\":\"https:\/\/experienciadevida.com.ar\/portalurbano\/?s={search_term_string}\"},\"query-input\":\"required name=search_term_string\"}],\"inLanguage\":\"es\"},{\"@type\":\"Organization\",\"@id\":\"https:\/\/experienciadevida.com.ar\/portalurbano\/#organization\",\"name\":\"Portal Urbano\",\"url\":\"https:\/\/experienciadevida.com.ar\/portalurbano\/\",\"logo\":{\"@type\":\"ImageObject\",\"inLanguage\":\"es\",\"@id\":\"https:\/\/experienciadevida.com.ar\/portalurbano\/#\/schema\/logo\/image\/\",\"url\":\"https:\/\/experienciadevida.com.ar\/portalurbano\/wp-content\/uploads\/2019\/09\/Logo-Original.png\",\"contentUrl\":\"https:\/\/experienciadevida.com.ar\/portalurbano\/wp-content\/uploads\/2019\/09\/Logo-Original.png\",\"width\":2236,\"height\":1216,\"caption\":\"Portal Urbano\"},\"image\":{\"@id\":\"https:\/\/experienciadevida.com.ar\/portalurbano\/#\/schema\/logo\/image\/\"},\"sameAs\":[\"https:\/\/www.facebook.com\/Portal-Urbano-171542830093757\/\",\"https:\/\/twitter.com\/portalurbanook\",\"https:\/\/www.instagram.com\/_portalurbano\/\",\"https:\/\/www.youtube.com\/channel\/UCXhagIfszH8KxFiOok79zbA?view_as=subscriber\"]},{\"@type\":\"Person\",\"@id\":\"https:\/\/experienciadevida.com.ar\/portalurbano\/#\/schema\/person\/02dd326b1c4b056e9cc972486934a3a7\",\"name\":\"admpu17wp\",\"image\":{\"@type\":\"ImageObject\",\"inLanguage\":\"es\",\"@id\":\"https:\/\/experienciadevida.com.ar\/portalurbano\/#\/schema\/person\/image\/\",\"url\":\"https:\/\/secure.gravatar.com\/avatar\/830d4c57adaae6630765e449a6908047?s=96&d=mm&r=g\",\"contentUrl\":\"https:\/\/secure.gravatar.com\/avatar\/830d4c57adaae6630765e449a6908047?s=96&d=mm&r=g\",\"caption\":\"admpu17wp\"}}]}<\/script>\n<!-- \/ Yoast SEO plugin. -->","yoast_head_json":{"title":"Tandil \"los Olavarrienses tendr\u00e1n que hacer cuarentena como si viniesen de AMBA\" -","robots":{"index":"index","follow":"follow","max-snippet":"max-snippet:-1","max-image-preview":"max-image-preview:large","max-video-preview":"max-video-preview:-1"},"canonical":"https:\/\/experienciadevida.com.ar\/portalurbano\/tandil-los-olavarrienses-tendran-que-hacer-cuarentena-como-si-viniesen-de-amba\/","og_locale":"es_ES","og_type":"article","og_title":"Tandil \"los Olavarrienses tendr\u00e1n que hacer cuarentena como si viniesen de AMBA\" -","og_description":"As\u00ed lo dijo el director de control urbano vehicular, Walter Villarruel, e ironiz\u00f3 sobre las...","og_url":"https:\/\/experienciadevida.com.ar\/portalurbano\/tandil-los-olavarrienses-tendran-que-hacer-cuarentena-como-si-viniesen-de-amba\/","article_publisher":"https:\/\/www.facebook.com\/Portal-Urbano-171542830093757\/","article_published_time":"2020-07-01T16:59:03+00:00","article_modified_time":"2020-07-01T16:59:33+00:00","og_image":[{"width":800,"height":530,"url":"https:\/\/experienciadevida.com.ar\/portalurbano\/wp-content\/uploads\/2020\/07\/CONTROLES.jpg","type":"image\/jpeg"}],"author":"admpu17wp","twitter_card":"summary_large_image","twitter_creator":"@portalurbanook","twitter_site":"@portalurbanook","twitter_misc":{"Escrito por":"admpu17wp","Tiempo de lectura":"4 minutos"},"schema":{"@context":"https:\/\/schema.org","@graph":[{"@type":"Article","@id":"https:\/\/experienciadevida.com.ar\/portalurbano\/tandil-los-olavarrienses-tendran-que-hacer-cuarentena-como-si-viniesen-de-amba\/#article","isPartOf":{"@id":"https:\/\/experienciadevida.com.ar\/portalurbano\/tandil-los-olavarrienses-tendran-que-hacer-cuarentena-como-si-viniesen-de-amba\/"},"author":{"name":"admpu17wp","@id":"https:\/\/experienciadevida.com.ar\/portalurbano\/#\/schema\/person\/02dd326b1c4b056e9cc972486934a3a7"},"headline":"Tandil &#8220;los Olavarrienses tendr\u00e1n que hacer cuarentena como si viniesen de AMBA&#8221;","datePublished":"2020-07-01T16:59:03+00:00","dateModified":"2020-07-01T16:59:33+00:00","mainEntityOfPage":{"@id":"https:\/\/experienciadevida.com.ar\/portalurbano\/tandil-los-olavarrienses-tendran-que-hacer-cuarentena-como-si-viniesen-de-amba\/"},"wordCount":750,"publisher":{"@id":"https:\/\/experienciadevida.com.ar\/portalurbano\/#organization"},"articleSection":["Regi\u00f3n"],"inLanguage":"es"},{"@type":"WebPage","@id":"https:\/\/experienciadevida.com.ar\/portalurbano\/tandil-los-olavarrienses-tendran-que-hacer-cuarentena-como-si-viniesen-de-amba\/","url":"https:\/\/experienciadevida.com.ar\/portalurbano\/tandil-los-olavarrienses-tendran-que-hacer-cuarentena-como-si-viniesen-de-amba\/","name":"Tandil \"los Olavarrienses tendr\u00e1n que hacer cuarentena como si viniesen de AMBA\" -","isPartOf":{"@id":"https:\/\/experienciadevida.com.ar\/portalurbano\/#website"},"datePublished":"2020-07-01T16:59:03+00:00","dateModified":"2020-07-01T16:59:33+00:00","breadcrumb":{"@id":"https:\/\/experienciadevida.com.ar\/portalurbano\/tandil-los-olavarrienses-tendran-que-hacer-cuarentena-como-si-viniesen-de-amba\/#breadcrumb"},"inLanguage":"es","potentialAction":[{"@type":"ReadAction","target":["https:\/\/experienciadevida.com.ar\/portalurbano\/tandil-los-olavarrienses-tendran-que-hacer-cuarentena-como-si-viniesen-de-amba\/"]}]},{"@type":"BreadcrumbList","@id":"https:\/\/experienciadevida.com.ar\/portalurbano\/tandil-los-olavarrienses-tendran-que-hacer-cuarentena-como-si-viniesen-de-amba\/#breadcrumb","itemListElement":[{"@type":"ListItem","position":1,"name":"Portada","item":"https:\/\/experienciadevida.com.ar\/portalurbano\/"},{"@type":"ListItem","position":2,"name":"Tandil \u00ablos Olavarrienses tendr\u00e1n que hacer cuarentena como si viniesen de AMBA\u00bb"}]},{"@type":"WebSite","@id":"https:\/\/experienciadevida.com.ar\/portalurbano\/#website","url":"https:\/\/experienciadevida.com.ar\/portalurbano\/","name":"","description":"","publisher":{"@id":"https:\/\/experienciadevida.com.ar\/portalurbano\/#organization"},"potentialAction":[{"@type":"SearchAction","target":{"@type":"EntryPoint","urlTemplate":"https:\/\/experienciadevida.com.ar\/portalurbano\/?s={search_term_string}"},"query-input":"required name=search_term_string"}],"inLanguage":"es"},{"@type":"Organization","@id":"https:\/\/experienciadevida.com.ar\/portalurbano\/#organization","name":"Portal Urbano","url":"https:\/\/experienciadevida.com.ar\/portalurbano\/","logo":{"@type":"ImageObject","inLanguage":"es","@id":"https:\/\/experienciadevida.com.ar\/portalurbano\/#\/schema\/logo\/image\/","url":"https:\/\/experienciadevida.com.ar\/portalurbano\/wp-content\/uploads\/2019\/09\/Logo-Original.png","contentUrl":"https:\/\/experienciadevida.com.ar\/portalurbano\/wp-content\/uploads\/2019\/09\/Logo-Original.png","width":2236,"height":1216,"caption":"Portal Urbano"},"image":{"@id":"https:\/\/experienciadevida.com.ar\/portalurbano\/#\/schema\/logo\/image\/"},"sameAs":["https:\/\/www.facebook.com\/Portal-Urbano-171542830093757\/","https:\/\/twitter.com\/portalurbanook","https:\/\/www.instagram.com\/_portalurbano\/","https:\/\/www.youtube.com\/channel\/UCXhagIfszH8KxFiOok79zbA?view_as=subscriber"]},{"@type":"Person","@id":"https:\/\/experienciadevida.com.ar\/portalurbano\/#\/schema\/person\/02dd326b1c4b056e9cc972486934a3a7","name":"admpu17wp","image":{"@type":"ImageObject","inLanguage":"es","@id":"https:\/\/experienciadevida.com.ar\/portalurbano\/#\/schema\/person\/image\/","url":"https:\/\/secure.gravatar.com\/avatar\/830d4c57adaae6630765e449a6908047?s=96&d=mm&r=g","contentUrl":"https:\/\/secure.gravatar.com\/avatar\/830d4c57adaae6630765e449a6908047?s=96&d=mm&r=g","caption":"admpu17wp"}}]}},"featured_image_urls":{"full":["https:\/\/experienciadevida.com.ar\/portalurbano\/wp-content\/uploads\/2020\/07\/CONTROLES.jpg",800,530,false],"thumbnail":["https:\/\/experienciadevida.com.ar\/portalurbano\/wp-content\/uploads\/2020\/07\/CONTROLES-150x150.jpg",150,150,true],"medium":["https:\/\/experienciadevida.com.ar\/portalurbano\/wp-content\/uploads\/2020\/07\/CONTROLES-300x199.jpg",300,199,true],"medium_large":["https:\/\/experienciadevida.com.ar\/portalurbano\/wp-content\/uploads\/2020\/07\/CONTROLES-768x509.jpg",640,424,true],"large":["https:\/\/experienciadevida.com.ar\/portalurbano\/wp-content\/uploads\/2020\/07\/CONTROLES.jpg",640,424,false],"ug_big":["https:\/\/experienciadevida.com.ar\/portalurbano\/wp-content\/uploads\/2020\/07\/CONTROLES-768x509.jpg",768,509,true],"1536x1536":["https:\/\/experienciadevida.com.ar\/portalurbano\/wp-content\/uploads\/2020\/07\/CONTROLES.jpg",800,530,false],"2048x2048":["https:\/\/experienciadevida.com.ar\/portalurbano\/wp-content\/uploads\/2020\/07\/CONTROLES.jpg",800,530,false],"newsever-slider-full":["https:\/\/experienciadevida.com.ar\/portalurbano\/wp-content\/uploads\/2020\/07\/CONTROLES.jpg",800,530,false],"newsever-featured":["https:\/\/experienciadevida.com.ar\/portalurbano\/wp-content\/uploads\/2020\/07\/CONTROLES.jpg",800,530,false],"newsever-medium":["https:\/\/experienciadevida.com.ar\/portalurbano\/wp-content\/uploads\/2020\/07\/CONTROLES.jpg",717,475,false],"web-stories-poster-portrait":["https:\/\/experienciadevida.com.ar\/portalurbano\/wp-content\/uploads\/2020\/07\/CONTROLES.jpg",640,424,false],"web-stories-publisher-logo":["https:\/\/experienciadevida.com.ar\/portalurbano\/wp-content\/uploads\/2020\/07\/CONTROLES.jpg",96,64,false],"web-stories-thumbnail":["https:\/\/experienciadevida.com.ar\/portalurbano\/wp-content\/uploads\/2020\/07\/CONTROLES.jpg",150,99,false]},"author_info":{"display_name":"admpu17wp","author_link":"https:\/\/experienciadevida.com.ar\/portalurbano\/author\/admpu17wp\/"},"category_info":"<a href=\"https:\/\/experienciadevida.com.ar\/portalurbano\/category\/region\/\" rel=\"category tag\">Regi\u00f3n<\/a>","tag_info":"Regi\u00f3n","comment_count":"0","amp_enabled":true,"_links":{"self":[{"href":"https:\/\/experienciadevida.com.ar\/portalurbano\/wp-json\/wp\/v2\/posts\/113663"}],"collection":[{"href":"https:\/\/experienciadevida.com.ar\/portalurbano\/wp-json\/wp\/v2\/posts"}],"about":[{"href":"https:\/\/experienciadevida.com.ar\/portalurbano\/wp-json\/wp\/v2\/types\/post"}],"author":[{"embeddable":true,"href":"https:\/\/experienciadevida.com.ar\/portalurbano\/wp-json\/wp\/v2\/users\/1"}],"replies":[{"embeddable":true,"href":"https:\/\/experienciadevida.com.ar\/portalurbano\/wp-json\/wp\/v2\/comments?post=113663"}],"version-history":[{"count":1,"href":"https:\/\/experienciadevida.com.ar\/portalurbano\/wp-json\/wp\/v2\/posts\/113663\/revisions"}],"predecessor-version":[{"id":113665,"href":"https:\/\/experienciadevida.com.ar\/portalurbano\/wp-json\/wp\/v2\/posts\/113663\/revisions\/113665"}],"wp:featuredmedia":[{"embeddable":true,"href":"https:\/\/experienciadevida.com.ar\/portalurbano\/wp-json\/wp\/v2\/media\/113664"}],"wp:attachment":[{"href":"https:\/\/experienciadevida.com.ar\/portalurbano\/wp-json\/wp\/v2\/media?parent=113663"}],"wp:term":[{"taxonomy":"category","embeddable":true,"href":"https:\/\/experienciadevida.com.ar\/portalurbano\/wp-json\/wp\/v2\/categories?post=113663"},{"taxonomy":"post_tag","embeddable":true,"href":"https:\/\/experienciadevida.com.ar\/portalurbano\/wp-json\/wp\/v2\/tags?post=113663"}],"curies":[{"name":"wp","href":"https:\/\/api.w.org\/{rel}","templated":true}]}}