{"id":113423,"date":"2020-06-29T09:56:17","date_gmt":"2020-06-29T12:56:17","guid":{"rendered":"https:\/\/experienciadevida.com.ar\/portalurbano\/?p=113423"},"modified":"2020-06-29T09:56:52","modified_gmt":"2020-06-29T12:56:52","slug":"servicio-local-la-proteccion-de-la-ninez-en-tiempos-de-pandemia","status":"publish","type":"post","link":"https:\/\/experienciadevida.com.ar\/portalurbano\/servicio-local-la-proteccion-de-la-ninez-en-tiempos-de-pandemia\/","title":{"rendered":"Servicio Local: la protecci\u00f3n de la ni\u00f1ez en tiempos de pandemia"},"content":{"rendered":"<p>El Municipio de Olavarr\u00eda, a trav\u00e9s de la Subsecretar\u00eda de Derechos, Igualdad y Oportunidades, informa las l\u00edneas de acci\u00f3n destacadas que viene desarrollando el Servicio Local de Promoci\u00f3n y Protecci\u00f3n de Derechos de Ni\u00f1os, Ni\u00f1as y Adolescentes en contexto de emergencia sanitaria por COVID-19.<\/p>\n<p>El Servicio Local es un organismo municipal que se ocupa de promover y proteger los derechos en materia de ni\u00f1ez y adolescencia mediante la implementaci\u00f3n del trabajo en red con diversas instituciones.<\/p>\n<p>En el marco de las medidas de aislamiento social dispuestas por el Ejecutivo Nacional, el equipo de profesionales que lo integra desarrolla tareas adecuadas a estas normativas, que han ido variando de acuerdo a la apertura o cierre de las etapas de la cuarentena, dise\u00f1ando para cada una de ellas, esquemas de reducci\u00f3n de entrecruzamiento del personal\u00a0 y protocolos para los grupos de trabajo que acud\u00edan alternadamente a la sede seg\u00fan d\u00edas y horarios establecidos para tal fin.<\/p>\n<p><strong>Guardia de urgencias<\/strong><\/p>\n<p>Como lo hace el resto del a\u00f1o, el tel\u00e9fono de guardia de urgencias (2284544810) funciona las 24 Hs. de los 365 d\u00edas, y cuenta con un equipo interdisciplinario preparado para actuar en situaciones de urgencia que involucren la vulneraci\u00f3n de derechos de ni\u00f1os, ni\u00f1as y adolescentes, y gestionar de manera inmediata la protecci\u00f3n y restituci\u00f3n de estos derechos mediante la articulaci\u00f3n con otros organismos que integran el sistema de protecci\u00f3n integral, como el sistema de Salud, Poder Judicial y fuerzas policiales.<\/p>\n<p>El dispositivo funciona con un operador, un referente de guardia, y profesionales de la Psicolog\u00eda, Trabajo Social y Abogac\u00eda, que van rotando seg\u00fan su turno.<\/p>\n<p>En el plano comunicacional, se difunden permanentemente estos datos de contacto institucional, no s\u00f3lo de recursos locales, sino tambi\u00e9n recursos provinciales en la materia. Recientemente, la campa\u00f1a \u00a8Como Estado, te cuidamos\u00a8, impulsada por el Municipio, fusiona los recursos de atenci\u00f3n en materia de violencia familiar y de g\u00e9nero, y refuerza la informaci\u00f3n de la L\u00ednea\u00a0 provincial 102 de atenci\u00f3n gratuita en materia de ni\u00f1ez y adolescencia, y la L\u00ednea 144 para atenci\u00f3n y prevenci\u00f3n de la violencia de g\u00e9nero; ambas disponible los 365 d\u00edas del a\u00f1o, las 24 hs.<\/p>\n<p><strong>Abordaje adaptado a la pandemia<\/strong><\/p>\n<p>La atenci\u00f3n diaria se ha sostenido de manera regular mediante las herramientas que brindan las tecnolog\u00edas de la comunicaci\u00f3n que permiten establecer contactos virtuales telef\u00f3nicos, mediante llamadas convencionales o videollamadas, con el objetivo de sostener y reforzar el v\u00ednculos con las familias que se acompa\u00f1an, con quienes se contin\u00faan coordinando intervenciones en los casos de mayor complejidad que requieran escucha de alg\u00fan ni\u00f1o o ni\u00f1a, para lo cual se gestionaron protocolos de bioseguridad para resguardar al equipo de trabajo y a las personas con las cuales se est\u00e1 interviniendo, respetando las medidas de protecci\u00f3n.<\/p>\n<p>La adaptaci\u00f3n del trabajo por v\u00edas tecnol\u00f3gicas se ha replicado en las reuniones de trabajo del equipo mediante la plataforma virtual Zoom, para garantizar el seguimiento de las situaciones y definir interdisciplinariamente las acciones.<\/p>\n<p>Asimismo, establecen regularmente encuentros virtuales a modo de mesa de trabajo con referentes del \u00e1mbito de Educaci\u00f3n y Salud Mental con el objetivo de garantizar acciones conjuntas y coordinadas con las familias que se est\u00e1 interviniendo.<\/p>\n<p>De la misma manera, se mantienen de forma sistem\u00e1tica y quincenalmente las reuniones virtuales con los equipos de los Hogares Municipales, y de los Hogares San Jos\u00e9 y Amaya, conjuntamente con el Servicio Zonal.<\/p>\n<p>A su vez, sostienen la participaci\u00f3n activa en\u00a0 la Mesa Local contra la Violencia Familiar y de G\u00e9nero mediante grupos de WhatsApp y encuentros por plataforma Zoom.<\/p>\n<p><strong>Trabajo en red<\/strong><\/p>\n<p>La gesti\u00f3n de las diversas estrategias que se han implementado, no s\u00f3lo en tiempos de pandemia, sino como parte de la red de trabajo de todos los organismos que componen\u00a0 el circuito de atenci\u00f3n en materia de ni\u00f1ez y adolescencia, implica considerar las situaciones de manera integral. En materia de derechos, significa abordar no s\u00f3lo cuestiones fundamentales, como la salud, educaci\u00f3n, vivienda, vestimenta y alimentaci\u00f3n, sino tambi\u00e9n aspectos b\u00e1sicos de la crianza que tienen que ver con lo vincular y lo afectivo para el desarrollo saludable de ni\u00f1os, ni\u00f1as y adolescentes.<\/p>\n<p>En este proceso, intervienen diversos organismos que tratan de restituir derechos y contemplar las necesidades totales de las familias involucradas en cada situaci\u00f3n. De esta manera, el Estado, a trav\u00e9s de la suma de diversos actores, interviene para garantizar no s\u00f3lo la protecci\u00f3n y resguardo f\u00edsico de las personas, sino tambi\u00e9n el plano emocional.<\/p>\n<p>En este escenario, establecen comunicaci\u00f3n permanente con el \u00e1rea de Desarrollo Social municipal, y tambi\u00e9n articulan acciones con la sociedad civil\u00a0mediante efectores de base (agrupaciones barriales, sociedades de fomento, etc.) \u00a0para canalizar\u00a0 el acompa\u00f1amiento en asistencias a las familias que lo\u00a0 demandan, y\u00a0 acorde a la evaluaci\u00f3n del equipo\u00a0 profesional interviniente.<\/p>\n<p>Todas las acciones realizadas y coordinadas con otros organismos, como el Juzgado de Familia, Servicio Zonal, Ministerio P\u00fablico, Organismo de Ni\u00f1ez de la Provincia, etc.; han tenido que ver con la coordinaci\u00f3n de acciones conjuntas para dar respuestas al denominador com\u00fan de la mayor\u00eda de los casos: la restituci\u00f3n de derechos.<\/p>\n<p>La directora del Servicio Local, Carolina Pelliccioni, realiz\u00f3 un balance del proceso de adaptaci\u00f3n de los dispositivos institucionales para continuar con las tareas de abordaje\u00a0 en contexto de aislamiento social, y lo destac\u00f3 como un logro grupal de todo el equipo de trabajo.<\/p>\n<p><em>\u00a8Celebro\u00a0 y agradezco profundamente la capacidad y el compromiso de mi equipo de trabajo de redoblar esfuerzos por adaptar nuestros dispositivos de abordaje al contexto de cuarentena obligatoria para seguir brindando el servicio p\u00fablico de manera eficaz, as\u00ed que el resultado no es s\u00f3lo un logro institucional como Estado, sino como grupo, que ha hecho su aporte para diagramar esquemas de atenci\u00f3n virtual, protocolos de atenci\u00f3n adecuados a las medidas de bioseguridad, y a medida que se abr\u00eda la cuarentena, en etapas anteriores, sistemas de asistencia a la sede alternados, seg\u00fan horarios y d\u00edas para evitar entrecruzamiento de personal y aglomeraciones. Hemos trabajado muchas cuestiones grupales desde el a\u00f1o pasado para fortalecernos, revisarnos y ver c\u00f3mo seguir para construir juntos no s\u00f3lo dispositivos formales, sino, a nivel humano, sostener y fortalecernos, y creo que esto que nos pas\u00f3 como sociedad, nos puso a prueba como equipo, y gran parte de lo que hemos logrado institucionalmente en contexto de pandemia se lo debemos a este proceso\u00a8<\/em>, concluy\u00f3.<\/p>\n<p>Por su parte, la subsecretaria de Derechos, Igualdad y Oportunidades, Dolores Muro, analiz\u00f3 m\u00faltiples factores que implican gestionar en pandemia:\u00a0<em>\u00a8Hace tiempo venimos trabajando mancomunadamente con muchos de los organismos que integran el circuito de atenci\u00f3n integral, y esa manera de gestionar es muy productiva y a nivel operativo, nos da respuestas de manera casi inmediata. Desde el comienzo de la cuarentena no hemos interrumpido este nexo con Educaci\u00f3n, con el Servicio Local Zonal, con el Juzgado, ni con referentes territoriales y barriales, siempre adapt\u00e1ndolo a las disposiciones del Ejecutivo en torno a la pandemia, el aislamiento y los cuidados, con el principal objetivo de dar repuesta a la vulneraci\u00f3n o la posible vulneraci\u00f3n de derechos\u00a8,\u00a0<\/em>sostuvo<em>.<\/em><\/p>\n<p>Adem\u00e1s brind\u00f3 detalles del trabajo en red con las instituciones y agradeci\u00f3 su compromiso en la gesti\u00f3n de nuevas estrategias para adaptarse a las medidas de aislamiento social en tiempos de emergencia sanitaria por COVID-19: \u00a8<em>En este contexto de pandemia se va adaptando y reconfigurando el trabajo con las instituciones permanentemente, a trav\u00e9s del intercambio y la negociaci\u00f3n, mediante espacios de encuentro que hemos construido en este recorrido, como las mesas de di\u00e1logo, que son espacios de debate y definici\u00f3n de pol\u00edticas p\u00fablicas espec\u00edficas sobre problem\u00e1ticas de la poblaci\u00f3n que acompa\u00f1amos, y eso lo celebro no s\u00f3lo en t\u00e9rminos personales porque es muy ameno trabajar as\u00ed, con instituciones que muestran buena predisposici\u00f3n y voluntad para el di\u00e1logo, y poder gestionar en situaciones problem\u00e1ticas, sino tambi\u00e9n en los resultados que vemos, a pesar del contexto que nos toca vivir, los dispositivos continuamos brindando respuestas y actuando en la urgencia\u00a8,\u00a0<\/em>concluy\u00f3.<\/p>\n<div class=\"at-below-post addthis_tool\" data-url=\"https:\/\/www.olavarria.gov.ar\/servicio-local-la-proteccion-de-la-ninez-en-tiempos-de-pandemia\/\" data-title=\"Servicio Local: la protecci\u00f3n de la ni\u00f1ez en tiempos de pandemia | | Municipalidad del Partido de Olavarr\u00eda\">\n<div id=\"atstbx\" class=\"at-share-tbx-element addthis-smartlayers addthis-animated at4-show\" role=\"region\" aria-labelledby=\"at-aad0e83b-886c-44f8-a885-bd4d872911ca\">\n<p>&nbsp;<\/p>\n<div class=\"at-share-btn-elements\"><\/div>\n<\/div>\n<\/div>\n","protected":false},"excerpt":{"rendered":"<p>El Municipio de Olavarr\u00eda, a trav\u00e9s de la Subsecretar\u00eda de Derechos, Igualdad y Oportunidades, informa&#8230;<\/p>\n","protected":false},"author":1,"featured_media":113424,"comment_status":"closed","ping_status":"closed","sticky":false,"template":"","format":"standard","meta":{"content-type":""},"categories":[27,51],"tags":[],"nelio_content":{"isAutoShareEnabled":false,"autoShareEndMode":"default","automationSources":{"useContentSentences":true,"useSocialTemplates":true,"useCustomSentences":false,"customSentences":[]},"followers":[1],"suggestedReferences":[],"includedReferences":[],"efiUrl":"","efiAlt":"","highlights":[]},"yoast_head":"<!-- This site is optimized with the Yoast SEO plugin v20.7 - https:\/\/yoast.com\/wordpress\/plugins\/seo\/ -->\n<title>Servicio Local: la protecci\u00f3n de la ni\u00f1ez en tiempos de pandemia -<\/title>\n<meta name=\"robots\" content=\"index, follow, max-snippet:-1, max-image-preview:large, max-video-preview:-1\" \/>\n<link rel=\"canonical\" href=\"https:\/\/experienciadevida.com.ar\/portalurbano\/servicio-local-la-proteccion-de-la-ninez-en-tiempos-de-pandemia\/\" \/>\n<meta property=\"og:locale\" content=\"es_ES\" \/>\n<meta property=\"og:type\" content=\"article\" \/>\n<meta property=\"og:title\" content=\"Servicio Local: la protecci\u00f3n de la ni\u00f1ez en tiempos de pandemia -\" \/>\n<meta property=\"og:description\" content=\"El Municipio de Olavarr\u00eda, a trav\u00e9s de la Subsecretar\u00eda de Derechos, Igualdad y Oportunidades, informa...\" \/>\n<meta property=\"og:url\" content=\"https:\/\/experienciadevida.com.ar\/portalurbano\/servicio-local-la-proteccion-de-la-ninez-en-tiempos-de-pandemia\/\" \/>\n<meta property=\"article:publisher\" content=\"https:\/\/www.facebook.com\/Portal-Urbano-171542830093757\/\" \/>\n<meta property=\"article:published_time\" content=\"2020-06-29T12:56:17+00:00\" \/>\n<meta property=\"article:modified_time\" content=\"2020-06-29T12:56:52+00:00\" \/>\n<meta property=\"og:image\" content=\"https:\/\/experienciadevida.com.ar\/portalurbano\/wp-content\/uploads\/2020\/06\/NI\u00d1EZ-e1593435366932.jpg\" \/>\n\t<meta property=\"og:image:width\" content=\"765\" \/>\n\t<meta property=\"og:image:height\" content=\"510\" \/>\n\t<meta property=\"og:image:type\" content=\"image\/jpeg\" \/>\n<meta name=\"author\" content=\"admpu17wp\" \/>\n<meta name=\"twitter:card\" content=\"summary_large_image\" \/>\n<meta name=\"twitter:creator\" content=\"@portalurbanook\" \/>\n<meta name=\"twitter:site\" content=\"@portalurbanook\" \/>\n<meta name=\"twitter:label1\" content=\"Escrito por\" \/>\n\t<meta name=\"twitter:data1\" content=\"admpu17wp\" \/>\n\t<meta name=\"twitter:label2\" content=\"Tiempo de lectura\" \/>\n\t<meta name=\"twitter:data2\" content=\"7 minutos\" \/>\n<script type=\"application\/ld+json\" class=\"yoast-schema-graph\">{\"@context\":\"https:\/\/schema.org\",\"@graph\":[{\"@type\":\"Article\",\"@id\":\"https:\/\/experienciadevida.com.ar\/portalurbano\/servicio-local-la-proteccion-de-la-ninez-en-tiempos-de-pandemia\/#article\",\"isPartOf\":{\"@id\":\"https:\/\/experienciadevida.com.ar\/portalurbano\/servicio-local-la-proteccion-de-la-ninez-en-tiempos-de-pandemia\/\"},\"author\":{\"name\":\"admpu17wp\",\"@id\":\"https:\/\/experienciadevida.com.ar\/portalurbano\/#\/schema\/person\/02dd326b1c4b056e9cc972486934a3a7\"},\"headline\":\"Servicio Local: la protecci\u00f3n de la ni\u00f1ez en tiempos de pandemia\",\"datePublished\":\"2020-06-29T12:56:17+00:00\",\"dateModified\":\"2020-06-29T12:56:52+00:00\",\"mainEntityOfPage\":{\"@id\":\"https:\/\/experienciadevida.com.ar\/portalurbano\/servicio-local-la-proteccion-de-la-ninez-en-tiempos-de-pandemia\/\"},\"wordCount\":1439,\"publisher\":{\"@id\":\"https:\/\/experienciadevida.com.ar\/portalurbano\/#organization\"},\"articleSection\":[\"Ciudad\",\"Destacadas\"],\"inLanguage\":\"es\"},{\"@type\":\"WebPage\",\"@id\":\"https:\/\/experienciadevida.com.ar\/portalurbano\/servicio-local-la-proteccion-de-la-ninez-en-tiempos-de-pandemia\/\",\"url\":\"https:\/\/experienciadevida.com.ar\/portalurbano\/servicio-local-la-proteccion-de-la-ninez-en-tiempos-de-pandemia\/\",\"name\":\"Servicio Local: la protecci\u00f3n de la ni\u00f1ez en tiempos de pandemia -\",\"isPartOf\":{\"@id\":\"https:\/\/experienciadevida.com.ar\/portalurbano\/#website\"},\"datePublished\":\"2020-06-29T12:56:17+00:00\",\"dateModified\":\"2020-06-29T12:56:52+00:00\",\"breadcrumb\":{\"@id\":\"https:\/\/experienciadevida.com.ar\/portalurbano\/servicio-local-la-proteccion-de-la-ninez-en-tiempos-de-pandemia\/#breadcrumb\"},\"inLanguage\":\"es\",\"potentialAction\":[{\"@type\":\"ReadAction\",\"target\":[\"https:\/\/experienciadevida.com.ar\/portalurbano\/servicio-local-la-proteccion-de-la-ninez-en-tiempos-de-pandemia\/\"]}]},{\"@type\":\"BreadcrumbList\",\"@id\":\"https:\/\/experienciadevida.com.ar\/portalurbano\/servicio-local-la-proteccion-de-la-ninez-en-tiempos-de-pandemia\/#breadcrumb\",\"itemListElement\":[{\"@type\":\"ListItem\",\"position\":1,\"name\":\"Portada\",\"item\":\"https:\/\/experienciadevida.com.ar\/portalurbano\/\"},{\"@type\":\"ListItem\",\"position\":2,\"name\":\"Servicio Local: la protecci\u00f3n de la ni\u00f1ez en tiempos de pandemia\"}]},{\"@type\":\"WebSite\",\"@id\":\"https:\/\/experienciadevida.com.ar\/portalurbano\/#website\",\"url\":\"https:\/\/experienciadevida.com.ar\/portalurbano\/\",\"name\":\"\",\"description\":\"\",\"publisher\":{\"@id\":\"https:\/\/experienciadevida.com.ar\/portalurbano\/#organization\"},\"potentialAction\":[{\"@type\":\"SearchAction\",\"target\":{\"@type\":\"EntryPoint\",\"urlTemplate\":\"https:\/\/experienciadevida.com.ar\/portalurbano\/?s={search_term_string}\"},\"query-input\":\"required name=search_term_string\"}],\"inLanguage\":\"es\"},{\"@type\":\"Organization\",\"@id\":\"https:\/\/experienciadevida.com.ar\/portalurbano\/#organization\",\"name\":\"Portal Urbano\",\"url\":\"https:\/\/experienciadevida.com.ar\/portalurbano\/\",\"logo\":{\"@type\":\"ImageObject\",\"inLanguage\":\"es\",\"@id\":\"https:\/\/experienciadevida.com.ar\/portalurbano\/#\/schema\/logo\/image\/\",\"url\":\"https:\/\/experienciadevida.com.ar\/portalurbano\/wp-content\/uploads\/2019\/09\/Logo-Original.png\",\"contentUrl\":\"https:\/\/experienciadevida.com.ar\/portalurbano\/wp-content\/uploads\/2019\/09\/Logo-Original.png\",\"width\":2236,\"height\":1216,\"caption\":\"Portal Urbano\"},\"image\":{\"@id\":\"https:\/\/experienciadevida.com.ar\/portalurbano\/#\/schema\/logo\/image\/\"},\"sameAs\":[\"https:\/\/www.facebook.com\/Portal-Urbano-171542830093757\/\",\"https:\/\/twitter.com\/portalurbanook\",\"https:\/\/www.instagram.com\/_portalurbano\/\",\"https:\/\/www.youtube.com\/channel\/UCXhagIfszH8KxFiOok79zbA?view_as=subscriber\"]},{\"@type\":\"Person\",\"@id\":\"https:\/\/experienciadevida.com.ar\/portalurbano\/#\/schema\/person\/02dd326b1c4b056e9cc972486934a3a7\",\"name\":\"admpu17wp\",\"image\":{\"@type\":\"ImageObject\",\"inLanguage\":\"es\",\"@id\":\"https:\/\/experienciadevida.com.ar\/portalurbano\/#\/schema\/person\/image\/\",\"url\":\"https:\/\/secure.gravatar.com\/avatar\/830d4c57adaae6630765e449a6908047?s=96&d=mm&r=g\",\"contentUrl\":\"https:\/\/secure.gravatar.com\/avatar\/830d4c57adaae6630765e449a6908047?s=96&d=mm&r=g\",\"caption\":\"admpu17wp\"}}]}<\/script>\n<!-- \/ Yoast SEO plugin. -->","yoast_head_json":{"title":"Servicio Local: la protecci\u00f3n de la ni\u00f1ez en tiempos de pandemia -","robots":{"index":"index","follow":"follow","max-snippet":"max-snippet:-1","max-image-preview":"max-image-preview:large","max-video-preview":"max-video-preview:-1"},"canonical":"https:\/\/experienciadevida.com.ar\/portalurbano\/servicio-local-la-proteccion-de-la-ninez-en-tiempos-de-pandemia\/","og_locale":"es_ES","og_type":"article","og_title":"Servicio Local: la protecci\u00f3n de la ni\u00f1ez en tiempos de pandemia -","og_description":"El Municipio de Olavarr\u00eda, a trav\u00e9s de la Subsecretar\u00eda de Derechos, Igualdad y Oportunidades, informa...","og_url":"https:\/\/experienciadevida.com.ar\/portalurbano\/servicio-local-la-proteccion-de-la-ninez-en-tiempos-de-pandemia\/","article_publisher":"https:\/\/www.facebook.com\/Portal-Urbano-171542830093757\/","article_published_time":"2020-06-29T12:56:17+00:00","article_modified_time":"2020-06-29T12:56:52+00:00","og_image":[{"width":765,"height":510,"url":"https:\/\/experienciadevida.com.ar\/portalurbano\/wp-content\/uploads\/2020\/06\/NI\u00d1EZ-e1593435366932.jpg","type":"image\/jpeg"}],"author":"admpu17wp","twitter_card":"summary_large_image","twitter_creator":"@portalurbanook","twitter_site":"@portalurbanook","twitter_misc":{"Escrito por":"admpu17wp","Tiempo de lectura":"7 minutos"},"schema":{"@context":"https:\/\/schema.org","@graph":[{"@type":"Article","@id":"https:\/\/experienciadevida.com.ar\/portalurbano\/servicio-local-la-proteccion-de-la-ninez-en-tiempos-de-pandemia\/#article","isPartOf":{"@id":"https:\/\/experienciadevida.com.ar\/portalurbano\/servicio-local-la-proteccion-de-la-ninez-en-tiempos-de-pandemia\/"},"author":{"name":"admpu17wp","@id":"https:\/\/experienciadevida.com.ar\/portalurbano\/#\/schema\/person\/02dd326b1c4b056e9cc972486934a3a7"},"headline":"Servicio Local: la protecci\u00f3n de la ni\u00f1ez en tiempos de pandemia","datePublished":"2020-06-29T12:56:17+00:00","dateModified":"2020-06-29T12:56:52+00:00","mainEntityOfPage":{"@id":"https:\/\/experienciadevida.com.ar\/portalurbano\/servicio-local-la-proteccion-de-la-ninez-en-tiempos-de-pandemia\/"},"wordCount":1439,"publisher":{"@id":"https:\/\/experienciadevida.com.ar\/portalurbano\/#organization"},"articleSection":["Ciudad","Destacadas"],"inLanguage":"es"},{"@type":"WebPage","@id":"https:\/\/experienciadevida.com.ar\/portalurbano\/servicio-local-la-proteccion-de-la-ninez-en-tiempos-de-pandemia\/","url":"https:\/\/experienciadevida.com.ar\/portalurbano\/servicio-local-la-proteccion-de-la-ninez-en-tiempos-de-pandemia\/","name":"Servicio Local: la protecci\u00f3n de la ni\u00f1ez en tiempos de pandemia -","isPartOf":{"@id":"https:\/\/experienciadevida.com.ar\/portalurbano\/#website"},"datePublished":"2020-06-29T12:56:17+00:00","dateModified":"2020-06-29T12:56:52+00:00","breadcrumb":{"@id":"https:\/\/experienciadevida.com.ar\/portalurbano\/servicio-local-la-proteccion-de-la-ninez-en-tiempos-de-pandemia\/#breadcrumb"},"inLanguage":"es","potentialAction":[{"@type":"ReadAction","target":["https:\/\/experienciadevida.com.ar\/portalurbano\/servicio-local-la-proteccion-de-la-ninez-en-tiempos-de-pandemia\/"]}]},{"@type":"BreadcrumbList","@id":"https:\/\/experienciadevida.com.ar\/portalurbano\/servicio-local-la-proteccion-de-la-ninez-en-tiempos-de-pandemia\/#breadcrumb","itemListElement":[{"@type":"ListItem","position":1,"name":"Portada","item":"https:\/\/experienciadevida.com.ar\/portalurbano\/"},{"@type":"ListItem","position":2,"name":"Servicio Local: la protecci\u00f3n de la ni\u00f1ez en tiempos de pandemia"}]},{"@type":"WebSite","@id":"https:\/\/experienciadevida.com.ar\/portalurbano\/#website","url":"https:\/\/experienciadevida.com.ar\/portalurbano\/","name":"","description":"","publisher":{"@id":"https:\/\/experienciadevida.com.ar\/portalurbano\/#organization"},"potentialAction":[{"@type":"SearchAction","target":{"@type":"EntryPoint","urlTemplate":"https:\/\/experienciadevida.com.ar\/portalurbano\/?s={search_term_string}"},"query-input":"required name=search_term_string"}],"inLanguage":"es"},{"@type":"Organization","@id":"https:\/\/experienciadevida.com.ar\/portalurbano\/#organization","name":"Portal Urbano","url":"https:\/\/experienciadevida.com.ar\/portalurbano\/","logo":{"@type":"ImageObject","inLanguage":"es","@id":"https:\/\/experienciadevida.com.ar\/portalurbano\/#\/schema\/logo\/image\/","url":"https:\/\/experienciadevida.com.ar\/portalurbano\/wp-content\/uploads\/2019\/09\/Logo-Original.png","contentUrl":"https:\/\/experienciadevida.com.ar\/portalurbano\/wp-content\/uploads\/2019\/09\/Logo-Original.png","width":2236,"height":1216,"caption":"Portal Urbano"},"image":{"@id":"https:\/\/experienciadevida.com.ar\/portalurbano\/#\/schema\/logo\/image\/"},"sameAs":["https:\/\/www.facebook.com\/Portal-Urbano-171542830093757\/","https:\/\/twitter.com\/portalurbanook","https:\/\/www.instagram.com\/_portalurbano\/","https:\/\/www.youtube.com\/channel\/UCXhagIfszH8KxFiOok79zbA?view_as=subscriber"]},{"@type":"Person","@id":"https:\/\/experienciadevida.com.ar\/portalurbano\/#\/schema\/person\/02dd326b1c4b056e9cc972486934a3a7","name":"admpu17wp","image":{"@type":"ImageObject","inLanguage":"es","@id":"https:\/\/experienciadevida.com.ar\/portalurbano\/#\/schema\/person\/image\/","url":"https:\/\/secure.gravatar.com\/avatar\/830d4c57adaae6630765e449a6908047?s=96&d=mm&r=g","contentUrl":"https:\/\/secure.gravatar.com\/avatar\/830d4c57adaae6630765e449a6908047?s=96&d=mm&r=g","caption":"admpu17wp"}}]}},"featured_image_urls":{"full":["https:\/\/experienciadevida.com.ar\/portalurbano\/wp-content\/uploads\/2020\/06\/NI\u00d1EZ-e1593435366932.jpg",765,510,false],"thumbnail":["https:\/\/experienciadevida.com.ar\/portalurbano\/wp-content\/uploads\/2020\/06\/NI\u00d1EZ-150x150.jpg",150,150,true],"medium":["https:\/\/experienciadevida.com.ar\/portalurbano\/wp-content\/uploads\/2020\/06\/NI\u00d1EZ-300x200.jpg",300,200,true],"medium_large":["https:\/\/experienciadevida.com.ar\/portalurbano\/wp-content\/uploads\/2020\/06\/NI\u00d1EZ-768x512.jpg",640,427,true],"large":["https:\/\/experienciadevida.com.ar\/portalurbano\/wp-content\/uploads\/2020\/06\/NI\u00d1EZ-e1593435366932.jpg",640,427,false],"ug_big":["https:\/\/experienciadevida.com.ar\/portalurbano\/wp-content\/uploads\/2020\/06\/NI\u00d1EZ-768x512.jpg",768,512,true],"1536x1536":["https:\/\/experienciadevida.com.ar\/portalurbano\/wp-content\/uploads\/2020\/06\/NI\u00d1EZ-e1593435366932.jpg",765,510,false],"2048x2048":["https:\/\/experienciadevida.com.ar\/portalurbano\/wp-content\/uploads\/2020\/06\/NI\u00d1EZ-e1593435366932.jpg",765,510,false],"newsever-slider-full":["https:\/\/experienciadevida.com.ar\/portalurbano\/wp-content\/uploads\/2020\/06\/NI\u00d1EZ-e1593435366932.jpg",765,510,false],"newsever-featured":["https:\/\/experienciadevida.com.ar\/portalurbano\/wp-content\/uploads\/2020\/06\/NI\u00d1EZ-e1593435366932.jpg",765,510,false],"newsever-medium":["https:\/\/experienciadevida.com.ar\/portalurbano\/wp-content\/uploads\/2020\/06\/NI\u00d1EZ-e1593435366932.jpg",713,475,false],"web-stories-poster-portrait":["https:\/\/experienciadevida.com.ar\/portalurbano\/wp-content\/uploads\/2020\/06\/NI\u00d1EZ-e1593435366932.jpg",640,427,false],"web-stories-publisher-logo":["https:\/\/experienciadevida.com.ar\/portalurbano\/wp-content\/uploads\/2020\/06\/NI\u00d1EZ-e1593435366932.jpg",96,64,false],"web-stories-thumbnail":["https:\/\/experienciadevida.com.ar\/portalurbano\/wp-content\/uploads\/2020\/06\/NI\u00d1EZ-e1593435366932.jpg",150,100,false]},"author_info":{"display_name":"admpu17wp","author_link":"https:\/\/experienciadevida.com.ar\/portalurbano\/author\/admpu17wp\/"},"category_info":"<a href=\"https:\/\/experienciadevida.com.ar\/portalurbano\/category\/ciudad\/\" rel=\"category tag\">Ciudad<\/a> <a href=\"https:\/\/experienciadevida.com.ar\/portalurbano\/category\/destacadas\/\" rel=\"category tag\">Destacadas<\/a>","tag_info":"Destacadas","comment_count":"0","amp_enabled":true,"_links":{"self":[{"href":"https:\/\/experienciadevida.com.ar\/portalurbano\/wp-json\/wp\/v2\/posts\/113423"}],"collection":[{"href":"https:\/\/experienciadevida.com.ar\/portalurbano\/wp-json\/wp\/v2\/posts"}],"about":[{"href":"https:\/\/experienciadevida.com.ar\/portalurbano\/wp-json\/wp\/v2\/types\/post"}],"author":[{"embeddable":true,"href":"https:\/\/experienciadevida.com.ar\/portalurbano\/wp-json\/wp\/v2\/users\/1"}],"replies":[{"embeddable":true,"href":"https:\/\/experienciadevida.com.ar\/portalurbano\/wp-json\/wp\/v2\/comments?post=113423"}],"version-history":[{"count":3,"href":"https:\/\/experienciadevida.com.ar\/portalurbano\/wp-json\/wp\/v2\/posts\/113423\/revisions"}],"predecessor-version":[{"id":113427,"href":"https:\/\/experienciadevida.com.ar\/portalurbano\/wp-json\/wp\/v2\/posts\/113423\/revisions\/113427"}],"wp:featuredmedia":[{"embeddable":true,"href":"https:\/\/experienciadevida.com.ar\/portalurbano\/wp-json\/wp\/v2\/media\/113424"}],"wp:attachment":[{"href":"https:\/\/experienciadevida.com.ar\/portalurbano\/wp-json\/wp\/v2\/media?parent=113423"}],"wp:term":[{"taxonomy":"category","embeddable":true,"href":"https:\/\/experienciadevida.com.ar\/portalurbano\/wp-json\/wp\/v2\/categories?post=113423"},{"taxonomy":"post_tag","embeddable":true,"href":"https:\/\/experienciadevida.com.ar\/portalurbano\/wp-json\/wp\/v2\/tags?post=113423"}],"curies":[{"name":"wp","href":"https:\/\/api.w.org\/{rel}","templated":true}]}}