{"id":113313,"date":"2020-06-27T13:02:25","date_gmt":"2020-06-27T16:02:25","guid":{"rendered":"https:\/\/experienciadevida.com.ar\/portalurbano\/?p=113313"},"modified":"2020-06-27T13:02:53","modified_gmt":"2020-06-27T16:02:53","slug":"pymes-mineras-seran-incluidas-dentro-de-los-atp","status":"publish","type":"post","link":"https:\/\/experienciadevida.com.ar\/portalurbano\/pymes-mineras-seran-incluidas-dentro-de-los-atp\/","title":{"rendered":"Pymes mineras ser\u00e1n incluidas dentro de los ATP"},"content":{"rendered":"<p>As\u00ed lo inform\u00f3 Federico Aguilera,\u00a0 a trav\u00e9s de sus redes sociales,\u00a0 detall\u00f3 que la medida del Gobierno Nacional llegar\u00e1 a 381 empresas y a 6500 trabajadores.<\/p>\n<p>La ayuda ser\u00e1 destinada a 381 pymes mineras, y el programa representa 115 millones de pesos.<\/p>\n<p>El Subsecretario de Miner\u00eda de la Provincia dijo que<em> &#8220;es una gran noticia para las pymes mineras de la Provincia,\u00a0 gracias al esfuerzo de todos los sectores involucrados hemos logrado que sean incluidas dentro del ATP (Programa de asistencia al trabajo) que ser\u00e1 otorgado por el Gobierno Nacional&#8221;,<\/em> confirm\u00f3.<\/p>\n","protected":false},"excerpt":{"rendered":"<p>As\u00ed lo inform\u00f3 Federico Aguilera,\u00a0 a trav\u00e9s de sus redes sociales,\u00a0 detall\u00f3 que la medida&#8230;<\/p>\n","protected":false},"author":1,"featured_media":113314,"comment_status":"closed","ping_status":"closed","sticky":false,"template":"","format":"standard","meta":{"content-type":""},"categories":[27,51],"tags":[],"nelio_content":{"isAutoShareEnabled":false,"autoShareEndMode":"default","automationSources":{"useContentSentences":true,"useSocialTemplates":true,"useCustomSentences":false,"customSentences":[]},"followers":[1],"suggestedReferences":[],"includedReferences":[],"efiUrl":"","efiAlt":"","highlights":[]},"yoast_head":"<!-- This site is optimized with the Yoast SEO plugin v20.7 - https:\/\/yoast.com\/wordpress\/plugins\/seo\/ -->\n<title>Pymes mineras ser\u00e1n incluidas dentro de los ATP -<\/title>\n<meta name=\"robots\" content=\"index, follow, max-snippet:-1, max-image-preview:large, max-video-preview:-1\" \/>\n<link rel=\"canonical\" href=\"https:\/\/experienciadevida.com.ar\/portalurbano\/pymes-mineras-seran-incluidas-dentro-de-los-atp\/\" \/>\n<meta property=\"og:locale\" content=\"es_ES\" \/>\n<meta property=\"og:type\" content=\"article\" \/>\n<meta property=\"og:title\" content=\"Pymes mineras ser\u00e1n incluidas dentro de los ATP -\" \/>\n<meta property=\"og:description\" content=\"As\u00ed lo inform\u00f3 Federico Aguilera,\u00a0 a trav\u00e9s de sus redes sociales,\u00a0 detall\u00f3 que la medida...\" \/>\n<meta property=\"og:url\" content=\"https:\/\/experienciadevida.com.ar\/portalurbano\/pymes-mineras-seran-incluidas-dentro-de-los-atp\/\" \/>\n<meta property=\"article:publisher\" content=\"https:\/\/www.facebook.com\/Portal-Urbano-171542830093757\/\" \/>\n<meta property=\"article:published_time\" content=\"2020-06-27T16:02:25+00:00\" \/>\n<meta property=\"article:modified_time\" content=\"2020-06-27T16:02:53+00:00\" \/>\n<meta property=\"og:image\" content=\"https:\/\/experienciadevida.com.ar\/portalurbano\/wp-content\/uploads\/2020\/06\/PYMESMINERAS.jpg\" \/>\n\t<meta property=\"og:image:width\" content=\"765\" \/>\n\t<meta property=\"og:image:height\" content=\"574\" \/>\n\t<meta property=\"og:image:type\" content=\"image\/jpeg\" \/>\n<meta name=\"author\" content=\"admpu17wp\" \/>\n<meta name=\"twitter:card\" content=\"summary_large_image\" \/>\n<meta name=\"twitter:creator\" content=\"@portalurbanook\" \/>\n<meta name=\"twitter:site\" content=\"@portalurbanook\" \/>\n<meta name=\"twitter:label1\" content=\"Escrito por\" \/>\n\t<meta name=\"twitter:data1\" content=\"admpu17wp\" \/>\n<script type=\"application\/ld+json\" class=\"yoast-schema-graph\">{\"@context\":\"https:\/\/schema.org\",\"@graph\":[{\"@type\":\"Article\",\"@id\":\"https:\/\/experienciadevida.com.ar\/portalurbano\/pymes-mineras-seran-incluidas-dentro-de-los-atp\/#article\",\"isPartOf\":{\"@id\":\"https:\/\/experienciadevida.com.ar\/portalurbano\/pymes-mineras-seran-incluidas-dentro-de-los-atp\/\"},\"author\":{\"name\":\"admpu17wp\",\"@id\":\"https:\/\/experienciadevida.com.ar\/portalurbano\/#\/schema\/person\/02dd326b1c4b056e9cc972486934a3a7\"},\"headline\":\"Pymes mineras ser\u00e1n incluidas dentro de los ATP\",\"datePublished\":\"2020-06-27T16:02:25+00:00\",\"dateModified\":\"2020-06-27T16:02:53+00:00\",\"mainEntityOfPage\":{\"@id\":\"https:\/\/experienciadevida.com.ar\/portalurbano\/pymes-mineras-seran-incluidas-dentro-de-los-atp\/\"},\"wordCount\":98,\"publisher\":{\"@id\":\"https:\/\/experienciadevida.com.ar\/portalurbano\/#organization\"},\"articleSection\":[\"Ciudad\",\"Destacadas\"],\"inLanguage\":\"es\"},{\"@type\":\"WebPage\",\"@id\":\"https:\/\/experienciadevida.com.ar\/portalurbano\/pymes-mineras-seran-incluidas-dentro-de-los-atp\/\",\"url\":\"https:\/\/experienciadevida.com.ar\/portalurbano\/pymes-mineras-seran-incluidas-dentro-de-los-atp\/\",\"name\":\"Pymes mineras ser\u00e1n incluidas dentro de los ATP -\",\"isPartOf\":{\"@id\":\"https:\/\/experienciadevida.com.ar\/portalurbano\/#website\"},\"datePublished\":\"2020-06-27T16:02:25+00:00\",\"dateModified\":\"2020-06-27T16:02:53+00:00\",\"breadcrumb\":{\"@id\":\"https:\/\/experienciadevida.com.ar\/portalurbano\/pymes-mineras-seran-incluidas-dentro-de-los-atp\/#breadcrumb\"},\"inLanguage\":\"es\",\"potentialAction\":[{\"@type\":\"ReadAction\",\"target\":[\"https:\/\/experienciadevida.com.ar\/portalurbano\/pymes-mineras-seran-incluidas-dentro-de-los-atp\/\"]}]},{\"@type\":\"BreadcrumbList\",\"@id\":\"https:\/\/experienciadevida.com.ar\/portalurbano\/pymes-mineras-seran-incluidas-dentro-de-los-atp\/#breadcrumb\",\"itemListElement\":[{\"@type\":\"ListItem\",\"position\":1,\"name\":\"Portada\",\"item\":\"https:\/\/experienciadevida.com.ar\/portalurbano\/\"},{\"@type\":\"ListItem\",\"position\":2,\"name\":\"Pymes mineras ser\u00e1n incluidas dentro de los ATP\"}]},{\"@type\":\"WebSite\",\"@id\":\"https:\/\/experienciadevida.com.ar\/portalurbano\/#website\",\"url\":\"https:\/\/experienciadevida.com.ar\/portalurbano\/\",\"name\":\"\",\"description\":\"\",\"publisher\":{\"@id\":\"https:\/\/experienciadevida.com.ar\/portalurbano\/#organization\"},\"potentialAction\":[{\"@type\":\"SearchAction\",\"target\":{\"@type\":\"EntryPoint\",\"urlTemplate\":\"https:\/\/experienciadevida.com.ar\/portalurbano\/?s={search_term_string}\"},\"query-input\":\"required name=search_term_string\"}],\"inLanguage\":\"es\"},{\"@type\":\"Organization\",\"@id\":\"https:\/\/experienciadevida.com.ar\/portalurbano\/#organization\",\"name\":\"Portal Urbano\",\"url\":\"https:\/\/experienciadevida.com.ar\/portalurbano\/\",\"logo\":{\"@type\":\"ImageObject\",\"inLanguage\":\"es\",\"@id\":\"https:\/\/experienciadevida.com.ar\/portalurbano\/#\/schema\/logo\/image\/\",\"url\":\"https:\/\/experienciadevida.com.ar\/portalurbano\/wp-content\/uploads\/2019\/09\/Logo-Original.png\",\"contentUrl\":\"https:\/\/experienciadevida.com.ar\/portalurbano\/wp-content\/uploads\/2019\/09\/Logo-Original.png\",\"width\":2236,\"height\":1216,\"caption\":\"Portal Urbano\"},\"image\":{\"@id\":\"https:\/\/experienciadevida.com.ar\/portalurbano\/#\/schema\/logo\/image\/\"},\"sameAs\":[\"https:\/\/www.facebook.com\/Portal-Urbano-171542830093757\/\",\"https:\/\/twitter.com\/portalurbanook\",\"https:\/\/www.instagram.com\/_portalurbano\/\",\"https:\/\/www.youtube.com\/channel\/UCXhagIfszH8KxFiOok79zbA?view_as=subscriber\"]},{\"@type\":\"Person\",\"@id\":\"https:\/\/experienciadevida.com.ar\/portalurbano\/#\/schema\/person\/02dd326b1c4b056e9cc972486934a3a7\",\"name\":\"admpu17wp\",\"image\":{\"@type\":\"ImageObject\",\"inLanguage\":\"es\",\"@id\":\"https:\/\/experienciadevida.com.ar\/portalurbano\/#\/schema\/person\/image\/\",\"url\":\"https:\/\/secure.gravatar.com\/avatar\/830d4c57adaae6630765e449a6908047?s=96&d=mm&r=g\",\"contentUrl\":\"https:\/\/secure.gravatar.com\/avatar\/830d4c57adaae6630765e449a6908047?s=96&d=mm&r=g\",\"caption\":\"admpu17wp\"}}]}<\/script>\n<!-- \/ Yoast SEO plugin. -->","yoast_head_json":{"title":"Pymes mineras ser\u00e1n incluidas dentro de los ATP -","robots":{"index":"index","follow":"follow","max-snippet":"max-snippet:-1","max-image-preview":"max-image-preview:large","max-video-preview":"max-video-preview:-1"},"canonical":"https:\/\/experienciadevida.com.ar\/portalurbano\/pymes-mineras-seran-incluidas-dentro-de-los-atp\/","og_locale":"es_ES","og_type":"article","og_title":"Pymes mineras ser\u00e1n incluidas dentro de los ATP -","og_description":"As\u00ed lo inform\u00f3 Federico Aguilera,\u00a0 a trav\u00e9s de sus redes sociales,\u00a0 detall\u00f3 que la medida...","og_url":"https:\/\/experienciadevida.com.ar\/portalurbano\/pymes-mineras-seran-incluidas-dentro-de-los-atp\/","article_publisher":"https:\/\/www.facebook.com\/Portal-Urbano-171542830093757\/","article_published_time":"2020-06-27T16:02:25+00:00","article_modified_time":"2020-06-27T16:02:53+00:00","og_image":[{"width":765,"height":574,"url":"https:\/\/experienciadevida.com.ar\/portalurbano\/wp-content\/uploads\/2020\/06\/PYMESMINERAS.jpg","type":"image\/jpeg"}],"author":"admpu17wp","twitter_card":"summary_large_image","twitter_creator":"@portalurbanook","twitter_site":"@portalurbanook","twitter_misc":{"Escrito por":"admpu17wp"},"schema":{"@context":"https:\/\/schema.org","@graph":[{"@type":"Article","@id":"https:\/\/experienciadevida.com.ar\/portalurbano\/pymes-mineras-seran-incluidas-dentro-de-los-atp\/#article","isPartOf":{"@id":"https:\/\/experienciadevida.com.ar\/portalurbano\/pymes-mineras-seran-incluidas-dentro-de-los-atp\/"},"author":{"name":"admpu17wp","@id":"https:\/\/experienciadevida.com.ar\/portalurbano\/#\/schema\/person\/02dd326b1c4b056e9cc972486934a3a7"},"headline":"Pymes mineras ser\u00e1n incluidas dentro de los ATP","datePublished":"2020-06-27T16:02:25+00:00","dateModified":"2020-06-27T16:02:53+00:00","mainEntityOfPage":{"@id":"https:\/\/experienciadevida.com.ar\/portalurbano\/pymes-mineras-seran-incluidas-dentro-de-los-atp\/"},"wordCount":98,"publisher":{"@id":"https:\/\/experienciadevida.com.ar\/portalurbano\/#organization"},"articleSection":["Ciudad","Destacadas"],"inLanguage":"es"},{"@type":"WebPage","@id":"https:\/\/experienciadevida.com.ar\/portalurbano\/pymes-mineras-seran-incluidas-dentro-de-los-atp\/","url":"https:\/\/experienciadevida.com.ar\/portalurbano\/pymes-mineras-seran-incluidas-dentro-de-los-atp\/","name":"Pymes mineras ser\u00e1n incluidas dentro de los ATP -","isPartOf":{"@id":"https:\/\/experienciadevida.com.ar\/portalurbano\/#website"},"datePublished":"2020-06-27T16:02:25+00:00","dateModified":"2020-06-27T16:02:53+00:00","breadcrumb":{"@id":"https:\/\/experienciadevida.com.ar\/portalurbano\/pymes-mineras-seran-incluidas-dentro-de-los-atp\/#breadcrumb"},"inLanguage":"es","potentialAction":[{"@type":"ReadAction","target":["https:\/\/experienciadevida.com.ar\/portalurbano\/pymes-mineras-seran-incluidas-dentro-de-los-atp\/"]}]},{"@type":"BreadcrumbList","@id":"https:\/\/experienciadevida.com.ar\/portalurbano\/pymes-mineras-seran-incluidas-dentro-de-los-atp\/#breadcrumb","itemListElement":[{"@type":"ListItem","position":1,"name":"Portada","item":"https:\/\/experienciadevida.com.ar\/portalurbano\/"},{"@type":"ListItem","position":2,"name":"Pymes mineras ser\u00e1n incluidas dentro de los ATP"}]},{"@type":"WebSite","@id":"https:\/\/experienciadevida.com.ar\/portalurbano\/#website","url":"https:\/\/experienciadevida.com.ar\/portalurbano\/","name":"","description":"","publisher":{"@id":"https:\/\/experienciadevida.com.ar\/portalurbano\/#organization"},"potentialAction":[{"@type":"SearchAction","target":{"@type":"EntryPoint","urlTemplate":"https:\/\/experienciadevida.com.ar\/portalurbano\/?s={search_term_string}"},"query-input":"required name=search_term_string"}],"inLanguage":"es"},{"@type":"Organization","@id":"https:\/\/experienciadevida.com.ar\/portalurbano\/#organization","name":"Portal Urbano","url":"https:\/\/experienciadevida.com.ar\/portalurbano\/","logo":{"@type":"ImageObject","inLanguage":"es","@id":"https:\/\/experienciadevida.com.ar\/portalurbano\/#\/schema\/logo\/image\/","url":"https:\/\/experienciadevida.com.ar\/portalurbano\/wp-content\/uploads\/2019\/09\/Logo-Original.png","contentUrl":"https:\/\/experienciadevida.com.ar\/portalurbano\/wp-content\/uploads\/2019\/09\/Logo-Original.png","width":2236,"height":1216,"caption":"Portal Urbano"},"image":{"@id":"https:\/\/experienciadevida.com.ar\/portalurbano\/#\/schema\/logo\/image\/"},"sameAs":["https:\/\/www.facebook.com\/Portal-Urbano-171542830093757\/","https:\/\/twitter.com\/portalurbanook","https:\/\/www.instagram.com\/_portalurbano\/","https:\/\/www.youtube.com\/channel\/UCXhagIfszH8KxFiOok79zbA?view_as=subscriber"]},{"@type":"Person","@id":"https:\/\/experienciadevida.com.ar\/portalurbano\/#\/schema\/person\/02dd326b1c4b056e9cc972486934a3a7","name":"admpu17wp","image":{"@type":"ImageObject","inLanguage":"es","@id":"https:\/\/experienciadevida.com.ar\/portalurbano\/#\/schema\/person\/image\/","url":"https:\/\/secure.gravatar.com\/avatar\/830d4c57adaae6630765e449a6908047?s=96&d=mm&r=g","contentUrl":"https:\/\/secure.gravatar.com\/avatar\/830d4c57adaae6630765e449a6908047?s=96&d=mm&r=g","caption":"admpu17wp"}}]}},"featured_image_urls":{"full":["https:\/\/experienciadevida.com.ar\/portalurbano\/wp-content\/uploads\/2020\/06\/PYMESMINERAS.jpg",765,574,false],"thumbnail":["https:\/\/experienciadevida.com.ar\/portalurbano\/wp-content\/uploads\/2020\/06\/PYMESMINERAS-150x150.jpg",150,150,true],"medium":["https:\/\/experienciadevida.com.ar\/portalurbano\/wp-content\/uploads\/2020\/06\/PYMESMINERAS-300x225.jpg",300,225,true],"medium_large":["https:\/\/experienciadevida.com.ar\/portalurbano\/wp-content\/uploads\/2020\/06\/PYMESMINERAS.jpg",640,480,false],"large":["https:\/\/experienciadevida.com.ar\/portalurbano\/wp-content\/uploads\/2020\/06\/PYMESMINERAS.jpg",640,480,false],"ug_big":["https:\/\/experienciadevida.com.ar\/portalurbano\/wp-content\/uploads\/2020\/06\/PYMESMINERAS.jpg",765,574,false],"1536x1536":["https:\/\/experienciadevida.com.ar\/portalurbano\/wp-content\/uploads\/2020\/06\/PYMESMINERAS.jpg",765,574,false],"2048x2048":["https:\/\/experienciadevida.com.ar\/portalurbano\/wp-content\/uploads\/2020\/06\/PYMESMINERAS.jpg",765,574,false],"newsever-slider-full":["https:\/\/experienciadevida.com.ar\/portalurbano\/wp-content\/uploads\/2020\/06\/PYMESMINERAS.jpg",765,574,false],"newsever-featured":["https:\/\/experienciadevida.com.ar\/portalurbano\/wp-content\/uploads\/2020\/06\/PYMESMINERAS.jpg",765,574,false],"newsever-medium":["https:\/\/experienciadevida.com.ar\/portalurbano\/wp-content\/uploads\/2020\/06\/PYMESMINERAS.jpg",633,475,false],"web-stories-poster-portrait":["https:\/\/experienciadevida.com.ar\/portalurbano\/wp-content\/uploads\/2020\/06\/PYMESMINERAS.jpg",640,480,false],"web-stories-publisher-logo":["https:\/\/experienciadevida.com.ar\/portalurbano\/wp-content\/uploads\/2020\/06\/PYMESMINERAS.jpg",96,72,false],"web-stories-thumbnail":["https:\/\/experienciadevida.com.ar\/portalurbano\/wp-content\/uploads\/2020\/06\/PYMESMINERAS.jpg",150,113,false]},"author_info":{"display_name":"admpu17wp","author_link":"https:\/\/experienciadevida.com.ar\/portalurbano\/author\/admpu17wp\/"},"category_info":"<a href=\"https:\/\/experienciadevida.com.ar\/portalurbano\/category\/ciudad\/\" rel=\"category tag\">Ciudad<\/a> <a href=\"https:\/\/experienciadevida.com.ar\/portalurbano\/category\/destacadas\/\" rel=\"category tag\">Destacadas<\/a>","tag_info":"Destacadas","comment_count":"0","amp_enabled":true,"_links":{"self":[{"href":"https:\/\/experienciadevida.com.ar\/portalurbano\/wp-json\/wp\/v2\/posts\/113313"}],"collection":[{"href":"https:\/\/experienciadevida.com.ar\/portalurbano\/wp-json\/wp\/v2\/posts"}],"about":[{"href":"https:\/\/experienciadevida.com.ar\/portalurbano\/wp-json\/wp\/v2\/types\/post"}],"author":[{"embeddable":true,"href":"https:\/\/experienciadevida.com.ar\/portalurbano\/wp-json\/wp\/v2\/users\/1"}],"replies":[{"embeddable":true,"href":"https:\/\/experienciadevida.com.ar\/portalurbano\/wp-json\/wp\/v2\/comments?post=113313"}],"version-history":[{"count":1,"href":"https:\/\/experienciadevida.com.ar\/portalurbano\/wp-json\/wp\/v2\/posts\/113313\/revisions"}],"predecessor-version":[{"id":113315,"href":"https:\/\/experienciadevida.com.ar\/portalurbano\/wp-json\/wp\/v2\/posts\/113313\/revisions\/113315"}],"wp:featuredmedia":[{"embeddable":true,"href":"https:\/\/experienciadevida.com.ar\/portalurbano\/wp-json\/wp\/v2\/media\/113314"}],"wp:attachment":[{"href":"https:\/\/experienciadevida.com.ar\/portalurbano\/wp-json\/wp\/v2\/media?parent=113313"}],"wp:term":[{"taxonomy":"category","embeddable":true,"href":"https:\/\/experienciadevida.com.ar\/portalurbano\/wp-json\/wp\/v2\/categories?post=113313"},{"taxonomy":"post_tag","embeddable":true,"href":"https:\/\/experienciadevida.com.ar\/portalurbano\/wp-json\/wp\/v2\/tags?post=113313"}],"curies":[{"name":"wp","href":"https:\/\/api.w.org\/{rel}","templated":true}]}}