{"id":113279,"date":"2020-06-27T11:02:24","date_gmt":"2020-06-27T14:02:24","guid":{"rendered":"https:\/\/experienciadevida.com.ar\/portalurbano\/?p=113279"},"modified":"2020-06-27T11:03:09","modified_gmt":"2020-06-27T14:03:09","slug":"robaron-una-moto-confrontaron-con-la-policia-y-terminaron-detenidos","status":"publish","type":"post","link":"https:\/\/experienciadevida.com.ar\/portalurbano\/robaron-una-moto-confrontaron-con-la-policia-y-terminaron-detenidos\/","title":{"rendered":"Robaron una moto, confrontaron con la polic\u00eda y terminaron detenidos"},"content":{"rendered":"<p>Ayer por la noche, el personal policial, se dirige hacia Sargento Cabral al 800. Al llegar a la intersecci\u00f3n de calle 11 y Necochea observan una motocicleta con dos hombres quienes se dan a la fuga r\u00e1pidamente hasta calle 5\u00a0 al 3000 donde la abandonan y se meten en un terreno bald\u00edo.<\/p>\n<p>All\u00ed el personal actuante logr\u00f3 la aprehensi\u00f3n de uno de ellos un joven de 17 a\u00f1os mientras que el otro al verse acorralado empieza a disparar con un arma de fuego hacia la polic\u00eda pero a ra\u00edz de un operativo cerrojo logran aprehenderlo.<\/p>\n<p>El menor de 15 a\u00f1os ten\u00eda frondosos antecedentes penales por delitos bajo la modalidad de robo calficado, robo, hurtos, y tambi\u00e9n est\u00e1 investigado por varios hechos ocurridos en el barrio Coronel Dorrego.<\/p>\n<p>Se les inici\u00f3 una causa por &#8220;<em>hurto calificado de motoveh\u00edculo dejado en la v\u00eda p\u00fablica y homicidio criminis causa en grado de tentativa&#8221;,\u00a0\u00a0<\/em>con intervenci\u00f3n de la UFI n\u00b017 a cargo de la Dra. Mariela Viceconte.<\/p>\n","protected":false},"excerpt":{"rendered":"<p>Ayer por la noche, el personal policial, se dirige hacia Sargento Cabral al 800. Al&#8230;<\/p>\n","protected":false},"author":1,"featured_media":23644,"comment_status":"closed","ping_status":"closed","sticky":false,"template":"","format":"standard","meta":{"content-type":""},"categories":[51,40],"tags":[],"nelio_content":{"isAutoShareEnabled":false,"autoShareEndMode":"default","automationSources":{"useContentSentences":true,"useSocialTemplates":true,"useCustomSentences":false,"customSentences":[]},"followers":[1],"suggestedReferences":[],"includedReferences":[],"efiUrl":"","efiAlt":"","highlights":[]},"yoast_head":"<!-- This site is optimized with the Yoast SEO plugin v20.7 - https:\/\/yoast.com\/wordpress\/plugins\/seo\/ -->\n<title>Robaron una moto, confrontaron con la polic\u00eda y terminaron detenidos -<\/title>\n<meta name=\"robots\" content=\"index, follow, max-snippet:-1, max-image-preview:large, max-video-preview:-1\" \/>\n<link rel=\"canonical\" href=\"https:\/\/experienciadevida.com.ar\/portalurbano\/robaron-una-moto-confrontaron-con-la-policia-y-terminaron-detenidos\/\" \/>\n<meta property=\"og:locale\" content=\"es_ES\" \/>\n<meta property=\"og:type\" content=\"article\" \/>\n<meta property=\"og:title\" content=\"Robaron una moto, confrontaron con la polic\u00eda y terminaron detenidos -\" \/>\n<meta property=\"og:description\" content=\"Ayer por la noche, el personal policial, se dirige hacia Sargento Cabral al 800. Al...\" \/>\n<meta property=\"og:url\" content=\"https:\/\/experienciadevida.com.ar\/portalurbano\/robaron-una-moto-confrontaron-con-la-policia-y-terminaron-detenidos\/\" \/>\n<meta property=\"article:publisher\" content=\"https:\/\/www.facebook.com\/Portal-Urbano-171542830093757\/\" \/>\n<meta property=\"article:published_time\" content=\"2020-06-27T14:02:24+00:00\" \/>\n<meta property=\"article:modified_time\" content=\"2020-06-27T14:03:09+00:00\" \/>\n<meta property=\"og:image\" content=\"https:\/\/experienciadevida.com.ar\/portalurbano\/wp-content\/uploads\/2018\/04\/COMISARIA-1-e1560727327114.jpg\" \/>\n\t<meta property=\"og:image:width\" content=\"750\" \/>\n\t<meta property=\"og:image:height\" content=\"489\" \/>\n\t<meta property=\"og:image:type\" content=\"image\/jpeg\" \/>\n<meta name=\"author\" content=\"admpu17wp\" \/>\n<meta name=\"twitter:card\" content=\"summary_large_image\" \/>\n<meta name=\"twitter:creator\" content=\"@portalurbanook\" \/>\n<meta name=\"twitter:site\" content=\"@portalurbanook\" \/>\n<meta name=\"twitter:label1\" content=\"Escrito por\" \/>\n\t<meta name=\"twitter:data1\" content=\"admpu17wp\" \/>\n\t<meta name=\"twitter:label2\" content=\"Tiempo de lectura\" \/>\n\t<meta name=\"twitter:data2\" content=\"1 minuto\" \/>\n<script type=\"application\/ld+json\" class=\"yoast-schema-graph\">{\"@context\":\"https:\/\/schema.org\",\"@graph\":[{\"@type\":\"Article\",\"@id\":\"https:\/\/experienciadevida.com.ar\/portalurbano\/robaron-una-moto-confrontaron-con-la-policia-y-terminaron-detenidos\/#article\",\"isPartOf\":{\"@id\":\"https:\/\/experienciadevida.com.ar\/portalurbano\/robaron-una-moto-confrontaron-con-la-policia-y-terminaron-detenidos\/\"},\"author\":{\"name\":\"admpu17wp\",\"@id\":\"https:\/\/experienciadevida.com.ar\/portalurbano\/#\/schema\/person\/02dd326b1c4b056e9cc972486934a3a7\"},\"headline\":\"Robaron una moto, confrontaron con la polic\u00eda y terminaron detenidos\",\"datePublished\":\"2020-06-27T14:02:24+00:00\",\"dateModified\":\"2020-06-27T14:03:09+00:00\",\"mainEntityOfPage\":{\"@id\":\"https:\/\/experienciadevida.com.ar\/portalurbano\/robaron-una-moto-confrontaron-con-la-policia-y-terminaron-detenidos\/\"},\"wordCount\":182,\"publisher\":{\"@id\":\"https:\/\/experienciadevida.com.ar\/portalurbano\/#organization\"},\"articleSection\":[\"Destacadas\",\"Policiales\"],\"inLanguage\":\"es\"},{\"@type\":\"WebPage\",\"@id\":\"https:\/\/experienciadevida.com.ar\/portalurbano\/robaron-una-moto-confrontaron-con-la-policia-y-terminaron-detenidos\/\",\"url\":\"https:\/\/experienciadevida.com.ar\/portalurbano\/robaron-una-moto-confrontaron-con-la-policia-y-terminaron-detenidos\/\",\"name\":\"Robaron una moto, confrontaron con la polic\u00eda y terminaron detenidos -\",\"isPartOf\":{\"@id\":\"https:\/\/experienciadevida.com.ar\/portalurbano\/#website\"},\"datePublished\":\"2020-06-27T14:02:24+00:00\",\"dateModified\":\"2020-06-27T14:03:09+00:00\",\"breadcrumb\":{\"@id\":\"https:\/\/experienciadevida.com.ar\/portalurbano\/robaron-una-moto-confrontaron-con-la-policia-y-terminaron-detenidos\/#breadcrumb\"},\"inLanguage\":\"es\",\"potentialAction\":[{\"@type\":\"ReadAction\",\"target\":[\"https:\/\/experienciadevida.com.ar\/portalurbano\/robaron-una-moto-confrontaron-con-la-policia-y-terminaron-detenidos\/\"]}]},{\"@type\":\"BreadcrumbList\",\"@id\":\"https:\/\/experienciadevida.com.ar\/portalurbano\/robaron-una-moto-confrontaron-con-la-policia-y-terminaron-detenidos\/#breadcrumb\",\"itemListElement\":[{\"@type\":\"ListItem\",\"position\":1,\"name\":\"Portada\",\"item\":\"https:\/\/experienciadevida.com.ar\/portalurbano\/\"},{\"@type\":\"ListItem\",\"position\":2,\"name\":\"Robaron una moto, confrontaron con la polic\u00eda y terminaron detenidos\"}]},{\"@type\":\"WebSite\",\"@id\":\"https:\/\/experienciadevida.com.ar\/portalurbano\/#website\",\"url\":\"https:\/\/experienciadevida.com.ar\/portalurbano\/\",\"name\":\"\",\"description\":\"\",\"publisher\":{\"@id\":\"https:\/\/experienciadevida.com.ar\/portalurbano\/#organization\"},\"potentialAction\":[{\"@type\":\"SearchAction\",\"target\":{\"@type\":\"EntryPoint\",\"urlTemplate\":\"https:\/\/experienciadevida.com.ar\/portalurbano\/?s={search_term_string}\"},\"query-input\":\"required name=search_term_string\"}],\"inLanguage\":\"es\"},{\"@type\":\"Organization\",\"@id\":\"https:\/\/experienciadevida.com.ar\/portalurbano\/#organization\",\"name\":\"Portal Urbano\",\"url\":\"https:\/\/experienciadevida.com.ar\/portalurbano\/\",\"logo\":{\"@type\":\"ImageObject\",\"inLanguage\":\"es\",\"@id\":\"https:\/\/experienciadevida.com.ar\/portalurbano\/#\/schema\/logo\/image\/\",\"url\":\"https:\/\/experienciadevida.com.ar\/portalurbano\/wp-content\/uploads\/2019\/09\/Logo-Original.png\",\"contentUrl\":\"https:\/\/experienciadevida.com.ar\/portalurbano\/wp-content\/uploads\/2019\/09\/Logo-Original.png\",\"width\":2236,\"height\":1216,\"caption\":\"Portal Urbano\"},\"image\":{\"@id\":\"https:\/\/experienciadevida.com.ar\/portalurbano\/#\/schema\/logo\/image\/\"},\"sameAs\":[\"https:\/\/www.facebook.com\/Portal-Urbano-171542830093757\/\",\"https:\/\/twitter.com\/portalurbanook\",\"https:\/\/www.instagram.com\/_portalurbano\/\",\"https:\/\/www.youtube.com\/channel\/UCXhagIfszH8KxFiOok79zbA?view_as=subscriber\"]},{\"@type\":\"Person\",\"@id\":\"https:\/\/experienciadevida.com.ar\/portalurbano\/#\/schema\/person\/02dd326b1c4b056e9cc972486934a3a7\",\"name\":\"admpu17wp\",\"image\":{\"@type\":\"ImageObject\",\"inLanguage\":\"es\",\"@id\":\"https:\/\/experienciadevida.com.ar\/portalurbano\/#\/schema\/person\/image\/\",\"url\":\"https:\/\/secure.gravatar.com\/avatar\/830d4c57adaae6630765e449a6908047?s=96&d=mm&r=g\",\"contentUrl\":\"https:\/\/secure.gravatar.com\/avatar\/830d4c57adaae6630765e449a6908047?s=96&d=mm&r=g\",\"caption\":\"admpu17wp\"}}]}<\/script>\n<!-- \/ Yoast SEO plugin. -->","yoast_head_json":{"title":"Robaron una moto, confrontaron con la polic\u00eda y terminaron detenidos -","robots":{"index":"index","follow":"follow","max-snippet":"max-snippet:-1","max-image-preview":"max-image-preview:large","max-video-preview":"max-video-preview:-1"},"canonical":"https:\/\/experienciadevida.com.ar\/portalurbano\/robaron-una-moto-confrontaron-con-la-policia-y-terminaron-detenidos\/","og_locale":"es_ES","og_type":"article","og_title":"Robaron una moto, confrontaron con la polic\u00eda y terminaron detenidos -","og_description":"Ayer por la noche, el personal policial, se dirige hacia Sargento Cabral al 800. Al...","og_url":"https:\/\/experienciadevida.com.ar\/portalurbano\/robaron-una-moto-confrontaron-con-la-policia-y-terminaron-detenidos\/","article_publisher":"https:\/\/www.facebook.com\/Portal-Urbano-171542830093757\/","article_published_time":"2020-06-27T14:02:24+00:00","article_modified_time":"2020-06-27T14:03:09+00:00","og_image":[{"width":750,"height":489,"url":"https:\/\/experienciadevida.com.ar\/portalurbano\/wp-content\/uploads\/2018\/04\/COMISARIA-1-e1560727327114.jpg","type":"image\/jpeg"}],"author":"admpu17wp","twitter_card":"summary_large_image","twitter_creator":"@portalurbanook","twitter_site":"@portalurbanook","twitter_misc":{"Escrito por":"admpu17wp","Tiempo de lectura":"1 minuto"},"schema":{"@context":"https:\/\/schema.org","@graph":[{"@type":"Article","@id":"https:\/\/experienciadevida.com.ar\/portalurbano\/robaron-una-moto-confrontaron-con-la-policia-y-terminaron-detenidos\/#article","isPartOf":{"@id":"https:\/\/experienciadevida.com.ar\/portalurbano\/robaron-una-moto-confrontaron-con-la-policia-y-terminaron-detenidos\/"},"author":{"name":"admpu17wp","@id":"https:\/\/experienciadevida.com.ar\/portalurbano\/#\/schema\/person\/02dd326b1c4b056e9cc972486934a3a7"},"headline":"Robaron una moto, confrontaron con la polic\u00eda y terminaron detenidos","datePublished":"2020-06-27T14:02:24+00:00","dateModified":"2020-06-27T14:03:09+00:00","mainEntityOfPage":{"@id":"https:\/\/experienciadevida.com.ar\/portalurbano\/robaron-una-moto-confrontaron-con-la-policia-y-terminaron-detenidos\/"},"wordCount":182,"publisher":{"@id":"https:\/\/experienciadevida.com.ar\/portalurbano\/#organization"},"articleSection":["Destacadas","Policiales"],"inLanguage":"es"},{"@type":"WebPage","@id":"https:\/\/experienciadevida.com.ar\/portalurbano\/robaron-una-moto-confrontaron-con-la-policia-y-terminaron-detenidos\/","url":"https:\/\/experienciadevida.com.ar\/portalurbano\/robaron-una-moto-confrontaron-con-la-policia-y-terminaron-detenidos\/","name":"Robaron una moto, confrontaron con la polic\u00eda y terminaron detenidos -","isPartOf":{"@id":"https:\/\/experienciadevida.com.ar\/portalurbano\/#website"},"datePublished":"2020-06-27T14:02:24+00:00","dateModified":"2020-06-27T14:03:09+00:00","breadcrumb":{"@id":"https:\/\/experienciadevida.com.ar\/portalurbano\/robaron-una-moto-confrontaron-con-la-policia-y-terminaron-detenidos\/#breadcrumb"},"inLanguage":"es","potentialAction":[{"@type":"ReadAction","target":["https:\/\/experienciadevida.com.ar\/portalurbano\/robaron-una-moto-confrontaron-con-la-policia-y-terminaron-detenidos\/"]}]},{"@type":"BreadcrumbList","@id":"https:\/\/experienciadevida.com.ar\/portalurbano\/robaron-una-moto-confrontaron-con-la-policia-y-terminaron-detenidos\/#breadcrumb","itemListElement":[{"@type":"ListItem","position":1,"name":"Portada","item":"https:\/\/experienciadevida.com.ar\/portalurbano\/"},{"@type":"ListItem","position":2,"name":"Robaron una moto, confrontaron con la polic\u00eda y terminaron detenidos"}]},{"@type":"WebSite","@id":"https:\/\/experienciadevida.com.ar\/portalurbano\/#website","url":"https:\/\/experienciadevida.com.ar\/portalurbano\/","name":"","description":"","publisher":{"@id":"https:\/\/experienciadevida.com.ar\/portalurbano\/#organization"},"potentialAction":[{"@type":"SearchAction","target":{"@type":"EntryPoint","urlTemplate":"https:\/\/experienciadevida.com.ar\/portalurbano\/?s={search_term_string}"},"query-input":"required name=search_term_string"}],"inLanguage":"es"},{"@type":"Organization","@id":"https:\/\/experienciadevida.com.ar\/portalurbano\/#organization","name":"Portal Urbano","url":"https:\/\/experienciadevida.com.ar\/portalurbano\/","logo":{"@type":"ImageObject","inLanguage":"es","@id":"https:\/\/experienciadevida.com.ar\/portalurbano\/#\/schema\/logo\/image\/","url":"https:\/\/experienciadevida.com.ar\/portalurbano\/wp-content\/uploads\/2019\/09\/Logo-Original.png","contentUrl":"https:\/\/experienciadevida.com.ar\/portalurbano\/wp-content\/uploads\/2019\/09\/Logo-Original.png","width":2236,"height":1216,"caption":"Portal Urbano"},"image":{"@id":"https:\/\/experienciadevida.com.ar\/portalurbano\/#\/schema\/logo\/image\/"},"sameAs":["https:\/\/www.facebook.com\/Portal-Urbano-171542830093757\/","https:\/\/twitter.com\/portalurbanook","https:\/\/www.instagram.com\/_portalurbano\/","https:\/\/www.youtube.com\/channel\/UCXhagIfszH8KxFiOok79zbA?view_as=subscriber"]},{"@type":"Person","@id":"https:\/\/experienciadevida.com.ar\/portalurbano\/#\/schema\/person\/02dd326b1c4b056e9cc972486934a3a7","name":"admpu17wp","image":{"@type":"ImageObject","inLanguage":"es","@id":"https:\/\/experienciadevida.com.ar\/portalurbano\/#\/schema\/person\/image\/","url":"https:\/\/secure.gravatar.com\/avatar\/830d4c57adaae6630765e449a6908047?s=96&d=mm&r=g","contentUrl":"https:\/\/secure.gravatar.com\/avatar\/830d4c57adaae6630765e449a6908047?s=96&d=mm&r=g","caption":"admpu17wp"}}]}},"featured_image_urls":{"full":["https:\/\/experienciadevida.com.ar\/portalurbano\/wp-content\/uploads\/2018\/04\/COMISARIA-1-e1560727327114.jpg",750,489,false],"thumbnail":["https:\/\/experienciadevida.com.ar\/portalurbano\/wp-content\/uploads\/2018\/04\/COMISARIA-1-150x150.jpg",150,150,true],"medium":["https:\/\/experienciadevida.com.ar\/portalurbano\/wp-content\/uploads\/2018\/04\/COMISARIA-1-300x196.jpg",300,196,true],"medium_large":["https:\/\/experienciadevida.com.ar\/portalurbano\/wp-content\/uploads\/2018\/04\/COMISARIA-1-768x501.jpg",640,418,true],"large":["https:\/\/experienciadevida.com.ar\/portalurbano\/wp-content\/uploads\/2018\/04\/COMISARIA-1-e1560727327114.jpg",640,417,false],"ug_big":["https:\/\/experienciadevida.com.ar\/portalurbano\/wp-content\/uploads\/2018\/04\/COMISARIA-1-768x501.jpg",768,501,true],"1536x1536":["https:\/\/experienciadevida.com.ar\/portalurbano\/wp-content\/uploads\/2018\/04\/COMISARIA-1-e1560727327114.jpg",750,489,false],"2048x2048":["https:\/\/experienciadevida.com.ar\/portalurbano\/wp-content\/uploads\/2018\/04\/COMISARIA-1-e1560727327114.jpg",750,489,false],"newsever-slider-full":["https:\/\/experienciadevida.com.ar\/portalurbano\/wp-content\/uploads\/2018\/04\/COMISARIA-1-e1560727327114.jpg",750,489,false],"newsever-featured":["https:\/\/experienciadevida.com.ar\/portalurbano\/wp-content\/uploads\/2018\/04\/COMISARIA-1-e1560727327114.jpg",750,489,false],"newsever-medium":["https:\/\/experienciadevida.com.ar\/portalurbano\/wp-content\/uploads\/2018\/04\/COMISARIA-1-e1560727327114.jpg",720,469,false],"web-stories-poster-portrait":["https:\/\/experienciadevida.com.ar\/portalurbano\/wp-content\/uploads\/2018\/04\/COMISARIA-1-e1560727327114.jpg",640,417,false],"web-stories-publisher-logo":["https:\/\/experienciadevida.com.ar\/portalurbano\/wp-content\/uploads\/2018\/04\/COMISARIA-1-e1560727327114.jpg",96,63,false],"web-stories-thumbnail":["https:\/\/experienciadevida.com.ar\/portalurbano\/wp-content\/uploads\/2018\/04\/COMISARIA-1-e1560727327114.jpg",150,98,false]},"author_info":{"display_name":"admpu17wp","author_link":"https:\/\/experienciadevida.com.ar\/portalurbano\/author\/admpu17wp\/"},"category_info":"<a href=\"https:\/\/experienciadevida.com.ar\/portalurbano\/category\/destacadas\/\" rel=\"category tag\">Destacadas<\/a> <a href=\"https:\/\/experienciadevida.com.ar\/portalurbano\/category\/policiales\/\" rel=\"category tag\">Policiales<\/a>","tag_info":"Policiales","comment_count":"0","amp_enabled":true,"_links":{"self":[{"href":"https:\/\/experienciadevida.com.ar\/portalurbano\/wp-json\/wp\/v2\/posts\/113279"}],"collection":[{"href":"https:\/\/experienciadevida.com.ar\/portalurbano\/wp-json\/wp\/v2\/posts"}],"about":[{"href":"https:\/\/experienciadevida.com.ar\/portalurbano\/wp-json\/wp\/v2\/types\/post"}],"author":[{"embeddable":true,"href":"https:\/\/experienciadevida.com.ar\/portalurbano\/wp-json\/wp\/v2\/users\/1"}],"replies":[{"embeddable":true,"href":"https:\/\/experienciadevida.com.ar\/portalurbano\/wp-json\/wp\/v2\/comments?post=113279"}],"version-history":[{"count":2,"href":"https:\/\/experienciadevida.com.ar\/portalurbano\/wp-json\/wp\/v2\/posts\/113279\/revisions"}],"predecessor-version":[{"id":113281,"href":"https:\/\/experienciadevida.com.ar\/portalurbano\/wp-json\/wp\/v2\/posts\/113279\/revisions\/113281"}],"wp:featuredmedia":[{"embeddable":true,"href":"https:\/\/experienciadevida.com.ar\/portalurbano\/wp-json\/wp\/v2\/media\/23644"}],"wp:attachment":[{"href":"https:\/\/experienciadevida.com.ar\/portalurbano\/wp-json\/wp\/v2\/media?parent=113279"}],"wp:term":[{"taxonomy":"category","embeddable":true,"href":"https:\/\/experienciadevida.com.ar\/portalurbano\/wp-json\/wp\/v2\/categories?post=113279"},{"taxonomy":"post_tag","embeddable":true,"href":"https:\/\/experienciadevida.com.ar\/portalurbano\/wp-json\/wp\/v2\/tags?post=113279"}],"curies":[{"name":"wp","href":"https:\/\/api.w.org\/{rel}","templated":true}]}}