{"id":113230,"date":"2020-06-26T17:44:38","date_gmt":"2020-06-26T20:44:38","guid":{"rendered":"https:\/\/experienciadevida.com.ar\/portalurbano\/?p=113230"},"modified":"2020-06-26T17:45:01","modified_gmt":"2020-06-26T20:45:01","slug":"nora-zeberio-entre-todos-podemos-salir-adelante","status":"publish","type":"post","link":"https:\/\/experienciadevida.com.ar\/portalurbano\/nora-zeberio-entre-todos-podemos-salir-adelante\/","title":{"rendered":"Nora Zeberio: &#8220;entre todos podemos salir adelante&#8221;"},"content":{"rendered":"<p>La pandemia de Coronavrius afect\u00f3 a todo el mundo. Hace 99 d\u00edas que Argentina, vive en un aislamiento preventivo, obligatorio y social, y un tema que preocupa, es que mucho de los ciudadanos no se realizan los controles\u00a0 por &#8220;<em>miedo a contagiarse&#8221;<\/em>, es por eso, que este medio, dialog\u00f3 con la Doctora Nora Zeberio, Matr\u00edcula Provincial 14749, quien nos coment\u00f3 acerca de la pandemia y las enfermedades cardiovasculares, los riesgos y todos los cuidados que hay que tener. Uno de los puntos que resalt\u00f3 es &#8220;hay que <em>seguir qued\u00e1ndose en casa,\u00a0 este encierro permite que el virus no se siga propag\u00e1ndose y de esta manera nos cuidamos entre todos&#8221;.<\/em><\/p>\n<p>La Doctora, expres\u00f3 que &#8220;<em>la gente no se est\u00e1 controlando, sobre todo las enfermedades cr\u00f3nicas, porque la mayor\u00eda de los consultorios est\u00e1n cerrados\u00a0 y<strong> la gente tiene mucho temor de salir y contagiarse,\u00a0<\/strong>o estar en contacto con otras personas. Sobre todo, las enfermedades cr\u00f3nicas como la hipertensi\u00f3n arterial, cardiovasculares, obesidad, hipotiroidismo. Es por eso, lo que recomendamos es que se contin\u00fae con el esquema de vacunaci\u00f3n sobre todo en los chicos y que no dejen de hacerse los controles&#8221;.<\/em><\/p>\n<p>Por otro lado con respecto a los pacientes que tienen cardiopat\u00edas cong\u00e9nitas dijo que &#8220;<em>deben tener mucho cuidado para no contraer el virus, siempre hay una inmunidad un poco m\u00e1s disminuida, si les agarra como una gripe tambi\u00e9n se les complica lo ideal es cuidarse, quedarse en casa, lavarse las manos constantemente y aerear los ambientes&#8221;.<\/em><\/p>\n<p>En cuanto a otros grupos de riesgo mencion\u00f3 que si notan alg\u00fan cambio deber\u00e1n concurrir a la guardia. Se considera grupo de riesgo, mayores de 60 a\u00f1os de edad, o con enfermedades tales como, hipertensi\u00f3n arterial, tabaquistas, EPOC, obesidad, pacientes operados, transplantados y enfermedades cardiovasculares.<\/p>\n<p>Adem\u00e1s, explic\u00f3 &#8220;<em>esta pandemia que para nosotros fue nueva, la gente tiene ganas de salir, de tener contacto con otra\u00a0 gente, mucha se deprime y no quiere estar encerrado. El aislamiento es una herramienta, los que trabajamos en salud, es la \u00fanica arma que tenemos para luchar contra esta enfermedad, no hay vacunas ni tratamientos posibles. Para evitar la propagaci\u00f3n es el aislamiento social&#8221;.<\/em><\/p>\n<p><em>&#8220;La ansiedad en estos momentos, es muy dif\u00edcil de controlar, pero el encierro sirve para cuidarnos y nos cuidamos entre todos, por eso seguimos con las recomendaciones de quedarse adentro&#8221;.<\/em><\/p>\n<p>Por \u00faltimo, dijo &#8220;todo esto es dif\u00edcil, no est\u00e1bamos acostumbrados pero entre todos podemos salir adelante&#8221;.<\/p>\n<p>Foto: archivo<\/p>\n","protected":false},"excerpt":{"rendered":"<p>La pandemia de Coronavrius afect\u00f3 a todo el mundo. Hace 99 d\u00edas que Argentina, vive&#8230;<\/p>\n","protected":false},"author":1,"featured_media":87615,"comment_status":"closed","ping_status":"closed","sticky":false,"template":"","format":"standard","meta":{"content-type":""},"categories":[51,45],"tags":[],"nelio_content":{"isAutoShareEnabled":false,"autoShareEndMode":"default","automationSources":{"useContentSentences":true,"useSocialTemplates":true,"useCustomSentences":false,"customSentences":[]},"followers":[1],"suggestedReferences":[],"includedReferences":[],"efiUrl":"","efiAlt":"","highlights":[]},"yoast_head":"<!-- This site is optimized with the Yoast SEO plugin v20.7 - https:\/\/yoast.com\/wordpress\/plugins\/seo\/ -->\n<title>Nora Zeberio: &quot;entre todos podemos salir adelante&quot; -<\/title>\n<meta name=\"robots\" content=\"index, follow, max-snippet:-1, max-image-preview:large, max-video-preview:-1\" \/>\n<link rel=\"canonical\" href=\"https:\/\/experienciadevida.com.ar\/portalurbano\/nora-zeberio-entre-todos-podemos-salir-adelante\/\" \/>\n<meta property=\"og:locale\" content=\"es_ES\" \/>\n<meta property=\"og:type\" content=\"article\" \/>\n<meta property=\"og:title\" content=\"Nora Zeberio: &quot;entre todos podemos salir adelante&quot; -\" \/>\n<meta property=\"og:description\" content=\"La pandemia de Coronavrius afect\u00f3 a todo el mundo. Hace 99 d\u00edas que Argentina, vive...\" \/>\n<meta property=\"og:url\" content=\"https:\/\/experienciadevida.com.ar\/portalurbano\/nora-zeberio-entre-todos-podemos-salir-adelante\/\" \/>\n<meta property=\"article:publisher\" content=\"https:\/\/www.facebook.com\/Portal-Urbano-171542830093757\/\" \/>\n<meta property=\"article:published_time\" content=\"2020-06-26T20:44:38+00:00\" \/>\n<meta property=\"article:modified_time\" content=\"2020-06-26T20:45:01+00:00\" \/>\n<meta property=\"og:image\" content=\"https:\/\/experienciadevida.com.ar\/portalurbano\/wp-content\/uploads\/2019\/09\/NORA.jpg\" \/>\n\t<meta property=\"og:image:width\" content=\"765\" \/>\n\t<meta property=\"og:image:height\" content=\"511\" \/>\n\t<meta property=\"og:image:type\" content=\"image\/jpeg\" \/>\n<meta name=\"author\" content=\"admpu17wp\" \/>\n<meta name=\"twitter:card\" content=\"summary_large_image\" \/>\n<meta name=\"twitter:creator\" content=\"@portalurbanook\" \/>\n<meta name=\"twitter:site\" content=\"@portalurbanook\" \/>\n<meta name=\"twitter:label1\" content=\"Escrito por\" \/>\n\t<meta name=\"twitter:data1\" content=\"admpu17wp\" \/>\n\t<meta name=\"twitter:label2\" content=\"Tiempo de lectura\" \/>\n\t<meta name=\"twitter:data2\" content=\"2 minutos\" \/>\n<script type=\"application\/ld+json\" class=\"yoast-schema-graph\">{\"@context\":\"https:\/\/schema.org\",\"@graph\":[{\"@type\":\"Article\",\"@id\":\"https:\/\/experienciadevida.com.ar\/portalurbano\/nora-zeberio-entre-todos-podemos-salir-adelante\/#article\",\"isPartOf\":{\"@id\":\"https:\/\/experienciadevida.com.ar\/portalurbano\/nora-zeberio-entre-todos-podemos-salir-adelante\/\"},\"author\":{\"name\":\"admpu17wp\",\"@id\":\"https:\/\/experienciadevida.com.ar\/portalurbano\/#\/schema\/person\/02dd326b1c4b056e9cc972486934a3a7\"},\"headline\":\"Nora Zeberio: &#8220;entre todos podemos salir adelante&#8221;\",\"datePublished\":\"2020-06-26T20:44:38+00:00\",\"dateModified\":\"2020-06-26T20:45:01+00:00\",\"mainEntityOfPage\":{\"@id\":\"https:\/\/experienciadevida.com.ar\/portalurbano\/nora-zeberio-entre-todos-podemos-salir-adelante\/\"},\"wordCount\":430,\"publisher\":{\"@id\":\"https:\/\/experienciadevida.com.ar\/portalurbano\/#organization\"},\"articleSection\":[\"Destacadas\",\"Salud\"],\"inLanguage\":\"es\"},{\"@type\":\"WebPage\",\"@id\":\"https:\/\/experienciadevida.com.ar\/portalurbano\/nora-zeberio-entre-todos-podemos-salir-adelante\/\",\"url\":\"https:\/\/experienciadevida.com.ar\/portalurbano\/nora-zeberio-entre-todos-podemos-salir-adelante\/\",\"name\":\"Nora Zeberio: \\\"entre todos podemos salir adelante\\\" -\",\"isPartOf\":{\"@id\":\"https:\/\/experienciadevida.com.ar\/portalurbano\/#website\"},\"datePublished\":\"2020-06-26T20:44:38+00:00\",\"dateModified\":\"2020-06-26T20:45:01+00:00\",\"breadcrumb\":{\"@id\":\"https:\/\/experienciadevida.com.ar\/portalurbano\/nora-zeberio-entre-todos-podemos-salir-adelante\/#breadcrumb\"},\"inLanguage\":\"es\",\"potentialAction\":[{\"@type\":\"ReadAction\",\"target\":[\"https:\/\/experienciadevida.com.ar\/portalurbano\/nora-zeberio-entre-todos-podemos-salir-adelante\/\"]}]},{\"@type\":\"BreadcrumbList\",\"@id\":\"https:\/\/experienciadevida.com.ar\/portalurbano\/nora-zeberio-entre-todos-podemos-salir-adelante\/#breadcrumb\",\"itemListElement\":[{\"@type\":\"ListItem\",\"position\":1,\"name\":\"Portada\",\"item\":\"https:\/\/experienciadevida.com.ar\/portalurbano\/\"},{\"@type\":\"ListItem\",\"position\":2,\"name\":\"Nora Zeberio: \u00abentre todos podemos salir adelante\u00bb\"}]},{\"@type\":\"WebSite\",\"@id\":\"https:\/\/experienciadevida.com.ar\/portalurbano\/#website\",\"url\":\"https:\/\/experienciadevida.com.ar\/portalurbano\/\",\"name\":\"\",\"description\":\"\",\"publisher\":{\"@id\":\"https:\/\/experienciadevida.com.ar\/portalurbano\/#organization\"},\"potentialAction\":[{\"@type\":\"SearchAction\",\"target\":{\"@type\":\"EntryPoint\",\"urlTemplate\":\"https:\/\/experienciadevida.com.ar\/portalurbano\/?s={search_term_string}\"},\"query-input\":\"required name=search_term_string\"}],\"inLanguage\":\"es\"},{\"@type\":\"Organization\",\"@id\":\"https:\/\/experienciadevida.com.ar\/portalurbano\/#organization\",\"name\":\"Portal Urbano\",\"url\":\"https:\/\/experienciadevida.com.ar\/portalurbano\/\",\"logo\":{\"@type\":\"ImageObject\",\"inLanguage\":\"es\",\"@id\":\"https:\/\/experienciadevida.com.ar\/portalurbano\/#\/schema\/logo\/image\/\",\"url\":\"https:\/\/experienciadevida.com.ar\/portalurbano\/wp-content\/uploads\/2019\/09\/Logo-Original.png\",\"contentUrl\":\"https:\/\/experienciadevida.com.ar\/portalurbano\/wp-content\/uploads\/2019\/09\/Logo-Original.png\",\"width\":2236,\"height\":1216,\"caption\":\"Portal Urbano\"},\"image\":{\"@id\":\"https:\/\/experienciadevida.com.ar\/portalurbano\/#\/schema\/logo\/image\/\"},\"sameAs\":[\"https:\/\/www.facebook.com\/Portal-Urbano-171542830093757\/\",\"https:\/\/twitter.com\/portalurbanook\",\"https:\/\/www.instagram.com\/_portalurbano\/\",\"https:\/\/www.youtube.com\/channel\/UCXhagIfszH8KxFiOok79zbA?view_as=subscriber\"]},{\"@type\":\"Person\",\"@id\":\"https:\/\/experienciadevida.com.ar\/portalurbano\/#\/schema\/person\/02dd326b1c4b056e9cc972486934a3a7\",\"name\":\"admpu17wp\",\"image\":{\"@type\":\"ImageObject\",\"inLanguage\":\"es\",\"@id\":\"https:\/\/experienciadevida.com.ar\/portalurbano\/#\/schema\/person\/image\/\",\"url\":\"https:\/\/secure.gravatar.com\/avatar\/830d4c57adaae6630765e449a6908047?s=96&d=mm&r=g\",\"contentUrl\":\"https:\/\/secure.gravatar.com\/avatar\/830d4c57adaae6630765e449a6908047?s=96&d=mm&r=g\",\"caption\":\"admpu17wp\"}}]}<\/script>\n<!-- \/ Yoast SEO plugin. -->","yoast_head_json":{"title":"Nora Zeberio: \"entre todos podemos salir adelante\" -","robots":{"index":"index","follow":"follow","max-snippet":"max-snippet:-1","max-image-preview":"max-image-preview:large","max-video-preview":"max-video-preview:-1"},"canonical":"https:\/\/experienciadevida.com.ar\/portalurbano\/nora-zeberio-entre-todos-podemos-salir-adelante\/","og_locale":"es_ES","og_type":"article","og_title":"Nora Zeberio: \"entre todos podemos salir adelante\" -","og_description":"La pandemia de Coronavrius afect\u00f3 a todo el mundo. Hace 99 d\u00edas que Argentina, vive...","og_url":"https:\/\/experienciadevida.com.ar\/portalurbano\/nora-zeberio-entre-todos-podemos-salir-adelante\/","article_publisher":"https:\/\/www.facebook.com\/Portal-Urbano-171542830093757\/","article_published_time":"2020-06-26T20:44:38+00:00","article_modified_time":"2020-06-26T20:45:01+00:00","og_image":[{"width":765,"height":511,"url":"https:\/\/experienciadevida.com.ar\/portalurbano\/wp-content\/uploads\/2019\/09\/NORA.jpg","type":"image\/jpeg"}],"author":"admpu17wp","twitter_card":"summary_large_image","twitter_creator":"@portalurbanook","twitter_site":"@portalurbanook","twitter_misc":{"Escrito por":"admpu17wp","Tiempo de lectura":"2 minutos"},"schema":{"@context":"https:\/\/schema.org","@graph":[{"@type":"Article","@id":"https:\/\/experienciadevida.com.ar\/portalurbano\/nora-zeberio-entre-todos-podemos-salir-adelante\/#article","isPartOf":{"@id":"https:\/\/experienciadevida.com.ar\/portalurbano\/nora-zeberio-entre-todos-podemos-salir-adelante\/"},"author":{"name":"admpu17wp","@id":"https:\/\/experienciadevida.com.ar\/portalurbano\/#\/schema\/person\/02dd326b1c4b056e9cc972486934a3a7"},"headline":"Nora Zeberio: &#8220;entre todos podemos salir adelante&#8221;","datePublished":"2020-06-26T20:44:38+00:00","dateModified":"2020-06-26T20:45:01+00:00","mainEntityOfPage":{"@id":"https:\/\/experienciadevida.com.ar\/portalurbano\/nora-zeberio-entre-todos-podemos-salir-adelante\/"},"wordCount":430,"publisher":{"@id":"https:\/\/experienciadevida.com.ar\/portalurbano\/#organization"},"articleSection":["Destacadas","Salud"],"inLanguage":"es"},{"@type":"WebPage","@id":"https:\/\/experienciadevida.com.ar\/portalurbano\/nora-zeberio-entre-todos-podemos-salir-adelante\/","url":"https:\/\/experienciadevida.com.ar\/portalurbano\/nora-zeberio-entre-todos-podemos-salir-adelante\/","name":"Nora Zeberio: \"entre todos podemos salir adelante\" -","isPartOf":{"@id":"https:\/\/experienciadevida.com.ar\/portalurbano\/#website"},"datePublished":"2020-06-26T20:44:38+00:00","dateModified":"2020-06-26T20:45:01+00:00","breadcrumb":{"@id":"https:\/\/experienciadevida.com.ar\/portalurbano\/nora-zeberio-entre-todos-podemos-salir-adelante\/#breadcrumb"},"inLanguage":"es","potentialAction":[{"@type":"ReadAction","target":["https:\/\/experienciadevida.com.ar\/portalurbano\/nora-zeberio-entre-todos-podemos-salir-adelante\/"]}]},{"@type":"BreadcrumbList","@id":"https:\/\/experienciadevida.com.ar\/portalurbano\/nora-zeberio-entre-todos-podemos-salir-adelante\/#breadcrumb","itemListElement":[{"@type":"ListItem","position":1,"name":"Portada","item":"https:\/\/experienciadevida.com.ar\/portalurbano\/"},{"@type":"ListItem","position":2,"name":"Nora Zeberio: \u00abentre todos podemos salir adelante\u00bb"}]},{"@type":"WebSite","@id":"https:\/\/experienciadevida.com.ar\/portalurbano\/#website","url":"https:\/\/experienciadevida.com.ar\/portalurbano\/","name":"","description":"","publisher":{"@id":"https:\/\/experienciadevida.com.ar\/portalurbano\/#organization"},"potentialAction":[{"@type":"SearchAction","target":{"@type":"EntryPoint","urlTemplate":"https:\/\/experienciadevida.com.ar\/portalurbano\/?s={search_term_string}"},"query-input":"required name=search_term_string"}],"inLanguage":"es"},{"@type":"Organization","@id":"https:\/\/experienciadevida.com.ar\/portalurbano\/#organization","name":"Portal Urbano","url":"https:\/\/experienciadevida.com.ar\/portalurbano\/","logo":{"@type":"ImageObject","inLanguage":"es","@id":"https:\/\/experienciadevida.com.ar\/portalurbano\/#\/schema\/logo\/image\/","url":"https:\/\/experienciadevida.com.ar\/portalurbano\/wp-content\/uploads\/2019\/09\/Logo-Original.png","contentUrl":"https:\/\/experienciadevida.com.ar\/portalurbano\/wp-content\/uploads\/2019\/09\/Logo-Original.png","width":2236,"height":1216,"caption":"Portal Urbano"},"image":{"@id":"https:\/\/experienciadevida.com.ar\/portalurbano\/#\/schema\/logo\/image\/"},"sameAs":["https:\/\/www.facebook.com\/Portal-Urbano-171542830093757\/","https:\/\/twitter.com\/portalurbanook","https:\/\/www.instagram.com\/_portalurbano\/","https:\/\/www.youtube.com\/channel\/UCXhagIfszH8KxFiOok79zbA?view_as=subscriber"]},{"@type":"Person","@id":"https:\/\/experienciadevida.com.ar\/portalurbano\/#\/schema\/person\/02dd326b1c4b056e9cc972486934a3a7","name":"admpu17wp","image":{"@type":"ImageObject","inLanguage":"es","@id":"https:\/\/experienciadevida.com.ar\/portalurbano\/#\/schema\/person\/image\/","url":"https:\/\/secure.gravatar.com\/avatar\/830d4c57adaae6630765e449a6908047?s=96&d=mm&r=g","contentUrl":"https:\/\/secure.gravatar.com\/avatar\/830d4c57adaae6630765e449a6908047?s=96&d=mm&r=g","caption":"admpu17wp"}}]}},"featured_image_urls":{"full":["https:\/\/experienciadevida.com.ar\/portalurbano\/wp-content\/uploads\/2019\/09\/NORA.jpg",765,511,false],"thumbnail":["https:\/\/experienciadevida.com.ar\/portalurbano\/wp-content\/uploads\/2019\/09\/NORA-150x150.jpg",150,150,true],"medium":["https:\/\/experienciadevida.com.ar\/portalurbano\/wp-content\/uploads\/2019\/09\/NORA-300x200.jpg",300,200,true],"medium_large":["https:\/\/experienciadevida.com.ar\/portalurbano\/wp-content\/uploads\/2019\/09\/NORA.jpg",640,428,false],"large":["https:\/\/experienciadevida.com.ar\/portalurbano\/wp-content\/uploads\/2019\/09\/NORA.jpg",640,428,false],"ug_big":["https:\/\/experienciadevida.com.ar\/portalurbano\/wp-content\/uploads\/2019\/09\/NORA.jpg",765,511,false],"1536x1536":["https:\/\/experienciadevida.com.ar\/portalurbano\/wp-content\/uploads\/2019\/09\/NORA.jpg",765,511,false],"2048x2048":["https:\/\/experienciadevida.com.ar\/portalurbano\/wp-content\/uploads\/2019\/09\/NORA.jpg",765,511,false],"newsever-slider-full":["https:\/\/experienciadevida.com.ar\/portalurbano\/wp-content\/uploads\/2019\/09\/NORA.jpg",765,511,false],"newsever-featured":["https:\/\/experienciadevida.com.ar\/portalurbano\/wp-content\/uploads\/2019\/09\/NORA.jpg",765,511,false],"newsever-medium":["https:\/\/experienciadevida.com.ar\/portalurbano\/wp-content\/uploads\/2019\/09\/NORA.jpg",711,475,false],"web-stories-poster-portrait":["https:\/\/experienciadevida.com.ar\/portalurbano\/wp-content\/uploads\/2019\/09\/NORA.jpg",640,428,false],"web-stories-publisher-logo":["https:\/\/experienciadevida.com.ar\/portalurbano\/wp-content\/uploads\/2019\/09\/NORA.jpg",96,64,false],"web-stories-thumbnail":["https:\/\/experienciadevida.com.ar\/portalurbano\/wp-content\/uploads\/2019\/09\/NORA.jpg",150,100,false]},"author_info":{"display_name":"admpu17wp","author_link":"https:\/\/experienciadevida.com.ar\/portalurbano\/author\/admpu17wp\/"},"category_info":"<a href=\"https:\/\/experienciadevida.com.ar\/portalurbano\/category\/destacadas\/\" rel=\"category tag\">Destacadas<\/a> <a href=\"https:\/\/experienciadevida.com.ar\/portalurbano\/category\/ciudad\/salud\/\" rel=\"category tag\">Salud<\/a>","tag_info":"Salud","comment_count":"0","amp_enabled":true,"_links":{"self":[{"href":"https:\/\/experienciadevida.com.ar\/portalurbano\/wp-json\/wp\/v2\/posts\/113230"}],"collection":[{"href":"https:\/\/experienciadevida.com.ar\/portalurbano\/wp-json\/wp\/v2\/posts"}],"about":[{"href":"https:\/\/experienciadevida.com.ar\/portalurbano\/wp-json\/wp\/v2\/types\/post"}],"author":[{"embeddable":true,"href":"https:\/\/experienciadevida.com.ar\/portalurbano\/wp-json\/wp\/v2\/users\/1"}],"replies":[{"embeddable":true,"href":"https:\/\/experienciadevida.com.ar\/portalurbano\/wp-json\/wp\/v2\/comments?post=113230"}],"version-history":[{"count":15,"href":"https:\/\/experienciadevida.com.ar\/portalurbano\/wp-json\/wp\/v2\/posts\/113230\/revisions"}],"predecessor-version":[{"id":113250,"href":"https:\/\/experienciadevida.com.ar\/portalurbano\/wp-json\/wp\/v2\/posts\/113230\/revisions\/113250"}],"wp:featuredmedia":[{"embeddable":true,"href":"https:\/\/experienciadevida.com.ar\/portalurbano\/wp-json\/wp\/v2\/media\/87615"}],"wp:attachment":[{"href":"https:\/\/experienciadevida.com.ar\/portalurbano\/wp-json\/wp\/v2\/media?parent=113230"}],"wp:term":[{"taxonomy":"category","embeddable":true,"href":"https:\/\/experienciadevida.com.ar\/portalurbano\/wp-json\/wp\/v2\/categories?post=113230"},{"taxonomy":"post_tag","embeddable":true,"href":"https:\/\/experienciadevida.com.ar\/portalurbano\/wp-json\/wp\/v2\/tags?post=113230"}],"curies":[{"name":"wp","href":"https:\/\/api.w.org\/{rel}","templated":true}]}}