{"id":112880,"date":"2020-06-22T14:45:08","date_gmt":"2020-06-22T17:45:08","guid":{"rendered":"https:\/\/experienciadevida.com.ar\/portalurbano\/?p=112880"},"modified":"2020-06-23T14:54:50","modified_gmt":"2020-06-23T17:54:50","slug":"avances-y-retrocesos-en-el-interior-en-que-fases-estan-ahora-los-municipios-bonaerenses","status":"publish","type":"post","link":"https:\/\/experienciadevida.com.ar\/portalurbano\/avances-y-retrocesos-en-el-interior-en-que-fases-estan-ahora-los-municipios-bonaerenses\/","title":{"rendered":"Avances y retrocesos en el interior: \u00bfen qu\u00e9 fases est\u00e1n ahora los municipios bonaerenses?"},"content":{"rendered":"<p>Nueve comunas subieron a la \u00faltima etapa de la cuarentena, mientras que otros cinco tuvieron que dar marcha atr\u00e1s al detectar nuevos contagios.<\/p>\n<p>A partir de los nuevos casos de coronavirus registrados en el interior, cuatro municipios tuvieron que retroceder de la Fase 5 a la 4, uno volvi\u00f3 a la Fase 3, mientras que la buena noticia est\u00e1 dada por otras nueve comunas que pasaron a la instancia m\u00e1s permisiva del aislamiento tras no registrar contagios en los \u00faltimos 21 d\u00edas. \u00bfCu\u00e1les son?<\/p>\n<p>Cabe se\u00f1alar que tres comunas del interior se encuentran en la Fase 3, junto con los municipios bonaerenses que forman parte del \u00c1rea Metropolitana de Buenos Aires, en la mayor\u00eda de los cuales hay circulaci\u00f3n comunitaria del virus. Estos son Olavarr\u00eda, Salto y Baradero. Esta \u00faltima comuna se incorpor\u00f3 a la lista luego de que sumara 36 casos positivos, 30 de los cuales se encuentran activos.<\/p>\n<p>Mientras que en Salto, desde que se detect\u00f3 el primer caso el 10 de junio, los diagn\u00f3sticos positivos han ido en aumento y hoy son 38 los casos en esa comuna, donde hay una fuerte preocupaci\u00f3n. Asimismo, Olavarr\u00eda es el municipio con m\u00e1s casos de coronavirus por fuera del AMBA con 126 casos, 106 de los cuales permanecen activos. Hay tres fallecidos, cinco internados, uno de los cuales se encuentra en grave estado.<\/p>\n<p>Este nuevo listado se aprob\u00f3 en la resoluci\u00f3n 358 de Jefatura de Gabinete, publicada este lunes en el Bolet\u00edn Oficial bonaerense en el que se dispuso, adem\u00e1s, que Chivilcoy, Pinamar, Azul y Punta Indio bajen de la fase 5 a la 4 porque registraron casos esta semana.<\/p>\n<p>En cambio, los distritos que por la disposici\u00f3n suben de la etapa 4 a la 5 son: 25 de mayo, Adolfo Gonz\u00e1lez Chaves, Ayacucho, La Costa, Lober\u00eda, Navarro, San Antonio de Areco, Tres Arroyos y Villa Gesell.<\/p>\n<p>La medida, adem\u00e1s, aprob\u00f3 los protocolos correspondientes a las actividades que se incluyen en la fase 5, como los profesionales del colegio de Ciencias Naturales, de las Cajas Previsionales y de la atenci\u00f3n programada de terapia ocupacional y de fonoaudi\u00f3logos.<\/p>\n<p>Aquellos municipios que est\u00e1n en la etapa 5 dejan el aislamiento social para pasar a una instancia de distanciamiento social y podr\u00e1n reanudar nuevas actividades, como por ejemplo, la venta al por menor de ropa, calzado y juguetes en comercios de cercan\u00eda con ingreso de clientes; las salidas de esparcimiento y el servicio de comidas y bebidas para consumo en locales gastron\u00f3micos.<\/p>\n<p>Adem\u00e1s, se permiten actividades deportivas al aire libre, recreativas con distanciamiento social y actividades sociales con distanciamiento f\u00edsico de hasta diez personas.<\/p>\n<p>En tanto, los distritos que contin\u00faan en la fase 4 y que presentaron casos de Covid-19 en los \u00faltimos 21 d\u00edas, acceden a la habilitaci\u00f3n de los comercios de cercan\u00eda y a la venta por menor con acceso de clientes, siempre cumpliendo con los protocolos sanitarios dispuestos.<\/p>\n<p>Fuente: DIB<\/p>\n","protected":false},"excerpt":{"rendered":"<p>Nueve comunas subieron a la \u00faltima etapa de la cuarentena, mientras que otros cinco tuvieron&#8230;<\/p>\n","protected":false},"author":1,"featured_media":104700,"comment_status":"closed","ping_status":"open","sticky":false,"template":"","format":"standard","meta":{"content-type":""},"categories":[51,44],"tags":[],"nelio_content":{"isAutoShareEnabled":false,"autoShareEndMode":"default","automationSources":{"useContentSentences":true,"useSocialTemplates":true,"useCustomSentences":false,"customSentences":[]},"followers":[1],"suggestedReferences":[],"includedReferences":[],"efiUrl":"","efiAlt":"","highlights":[]},"yoast_head":"<!-- This site is optimized with the Yoast SEO plugin v20.7 - https:\/\/yoast.com\/wordpress\/plugins\/seo\/ -->\n<title>Avances y retrocesos en el interior: \u00bfen qu\u00e9 fases est\u00e1n ahora los municipios bonaerenses? -<\/title>\n<meta name=\"robots\" content=\"index, follow, max-snippet:-1, max-image-preview:large, max-video-preview:-1\" \/>\n<link rel=\"canonical\" href=\"https:\/\/experienciadevida.com.ar\/portalurbano\/avances-y-retrocesos-en-el-interior-en-que-fases-estan-ahora-los-municipios-bonaerenses\/\" \/>\n<meta property=\"og:locale\" content=\"es_ES\" \/>\n<meta property=\"og:type\" content=\"article\" \/>\n<meta property=\"og:title\" content=\"Avances y retrocesos en el interior: \u00bfen qu\u00e9 fases est\u00e1n ahora los municipios bonaerenses? -\" \/>\n<meta property=\"og:description\" content=\"Nueve comunas subieron a la \u00faltima etapa de la cuarentena, mientras que otros cinco tuvieron...\" \/>\n<meta property=\"og:url\" content=\"https:\/\/experienciadevida.com.ar\/portalurbano\/avances-y-retrocesos-en-el-interior-en-que-fases-estan-ahora-los-municipios-bonaerenses\/\" \/>\n<meta property=\"article:publisher\" content=\"https:\/\/www.facebook.com\/Portal-Urbano-171542830093757\/\" \/>\n<meta property=\"article:published_time\" content=\"2020-06-22T17:45:08+00:00\" \/>\n<meta property=\"article:modified_time\" content=\"2020-06-23T17:54:50+00:00\" \/>\n<meta property=\"og:image\" content=\"https:\/\/experienciadevida.com.ar\/portalurbano\/wp-content\/uploads\/2020\/03\/CUARENTENA5.jpg\" \/>\n\t<meta property=\"og:image:width\" content=\"765\" \/>\n\t<meta property=\"og:image:height\" content=\"510\" \/>\n\t<meta property=\"og:image:type\" content=\"image\/jpeg\" \/>\n<meta name=\"author\" content=\"admpu17wp\" \/>\n<meta name=\"twitter:card\" content=\"summary_large_image\" \/>\n<meta name=\"twitter:creator\" content=\"@portalurbanook\" \/>\n<meta name=\"twitter:site\" content=\"@portalurbanook\" \/>\n<meta name=\"twitter:label1\" content=\"Escrito por\" \/>\n\t<meta name=\"twitter:data1\" content=\"admpu17wp\" \/>\n\t<meta name=\"twitter:label2\" content=\"Tiempo de lectura\" \/>\n\t<meta name=\"twitter:data2\" content=\"2 minutos\" \/>\n<script type=\"application\/ld+json\" class=\"yoast-schema-graph\">{\"@context\":\"https:\/\/schema.org\",\"@graph\":[{\"@type\":\"Article\",\"@id\":\"https:\/\/experienciadevida.com.ar\/portalurbano\/avances-y-retrocesos-en-el-interior-en-que-fases-estan-ahora-los-municipios-bonaerenses\/#article\",\"isPartOf\":{\"@id\":\"https:\/\/experienciadevida.com.ar\/portalurbano\/avances-y-retrocesos-en-el-interior-en-que-fases-estan-ahora-los-municipios-bonaerenses\/\"},\"author\":{\"name\":\"admpu17wp\",\"@id\":\"https:\/\/experienciadevida.com.ar\/portalurbano\/#\/schema\/person\/02dd326b1c4b056e9cc972486934a3a7\"},\"headline\":\"Avances y retrocesos en el interior: \u00bfen qu\u00e9 fases est\u00e1n ahora los municipios bonaerenses?\",\"datePublished\":\"2020-06-22T17:45:08+00:00\",\"dateModified\":\"2020-06-23T17:54:50+00:00\",\"mainEntityOfPage\":{\"@id\":\"https:\/\/experienciadevida.com.ar\/portalurbano\/avances-y-retrocesos-en-el-interior-en-que-fases-estan-ahora-los-municipios-bonaerenses\/\"},\"wordCount\":505,\"publisher\":{\"@id\":\"https:\/\/experienciadevida.com.ar\/portalurbano\/#organization\"},\"articleSection\":[\"Destacadas\",\"Provincia\"],\"inLanguage\":\"es\"},{\"@type\":\"WebPage\",\"@id\":\"https:\/\/experienciadevida.com.ar\/portalurbano\/avances-y-retrocesos-en-el-interior-en-que-fases-estan-ahora-los-municipios-bonaerenses\/\",\"url\":\"https:\/\/experienciadevida.com.ar\/portalurbano\/avances-y-retrocesos-en-el-interior-en-que-fases-estan-ahora-los-municipios-bonaerenses\/\",\"name\":\"Avances y retrocesos en el interior: \u00bfen qu\u00e9 fases est\u00e1n ahora los municipios bonaerenses? -\",\"isPartOf\":{\"@id\":\"https:\/\/experienciadevida.com.ar\/portalurbano\/#website\"},\"datePublished\":\"2020-06-22T17:45:08+00:00\",\"dateModified\":\"2020-06-23T17:54:50+00:00\",\"breadcrumb\":{\"@id\":\"https:\/\/experienciadevida.com.ar\/portalurbano\/avances-y-retrocesos-en-el-interior-en-que-fases-estan-ahora-los-municipios-bonaerenses\/#breadcrumb\"},\"inLanguage\":\"es\",\"potentialAction\":[{\"@type\":\"ReadAction\",\"target\":[\"https:\/\/experienciadevida.com.ar\/portalurbano\/avances-y-retrocesos-en-el-interior-en-que-fases-estan-ahora-los-municipios-bonaerenses\/\"]}]},{\"@type\":\"BreadcrumbList\",\"@id\":\"https:\/\/experienciadevida.com.ar\/portalurbano\/avances-y-retrocesos-en-el-interior-en-que-fases-estan-ahora-los-municipios-bonaerenses\/#breadcrumb\",\"itemListElement\":[{\"@type\":\"ListItem\",\"position\":1,\"name\":\"Portada\",\"item\":\"https:\/\/experienciadevida.com.ar\/portalurbano\/\"},{\"@type\":\"ListItem\",\"position\":2,\"name\":\"Avances y retrocesos en el interior: \u00bfen qu\u00e9 fases est\u00e1n ahora los municipios bonaerenses?\"}]},{\"@type\":\"WebSite\",\"@id\":\"https:\/\/experienciadevida.com.ar\/portalurbano\/#website\",\"url\":\"https:\/\/experienciadevida.com.ar\/portalurbano\/\",\"name\":\"\",\"description\":\"\",\"publisher\":{\"@id\":\"https:\/\/experienciadevida.com.ar\/portalurbano\/#organization\"},\"potentialAction\":[{\"@type\":\"SearchAction\",\"target\":{\"@type\":\"EntryPoint\",\"urlTemplate\":\"https:\/\/experienciadevida.com.ar\/portalurbano\/?s={search_term_string}\"},\"query-input\":\"required name=search_term_string\"}],\"inLanguage\":\"es\"},{\"@type\":\"Organization\",\"@id\":\"https:\/\/experienciadevida.com.ar\/portalurbano\/#organization\",\"name\":\"Portal Urbano\",\"url\":\"https:\/\/experienciadevida.com.ar\/portalurbano\/\",\"logo\":{\"@type\":\"ImageObject\",\"inLanguage\":\"es\",\"@id\":\"https:\/\/experienciadevida.com.ar\/portalurbano\/#\/schema\/logo\/image\/\",\"url\":\"https:\/\/experienciadevida.com.ar\/portalurbano\/wp-content\/uploads\/2019\/09\/Logo-Original.png\",\"contentUrl\":\"https:\/\/experienciadevida.com.ar\/portalurbano\/wp-content\/uploads\/2019\/09\/Logo-Original.png\",\"width\":2236,\"height\":1216,\"caption\":\"Portal Urbano\"},\"image\":{\"@id\":\"https:\/\/experienciadevida.com.ar\/portalurbano\/#\/schema\/logo\/image\/\"},\"sameAs\":[\"https:\/\/www.facebook.com\/Portal-Urbano-171542830093757\/\",\"https:\/\/twitter.com\/portalurbanook\",\"https:\/\/www.instagram.com\/_portalurbano\/\",\"https:\/\/www.youtube.com\/channel\/UCXhagIfszH8KxFiOok79zbA?view_as=subscriber\"]},{\"@type\":\"Person\",\"@id\":\"https:\/\/experienciadevida.com.ar\/portalurbano\/#\/schema\/person\/02dd326b1c4b056e9cc972486934a3a7\",\"name\":\"admpu17wp\",\"image\":{\"@type\":\"ImageObject\",\"inLanguage\":\"es\",\"@id\":\"https:\/\/experienciadevida.com.ar\/portalurbano\/#\/schema\/person\/image\/\",\"url\":\"https:\/\/secure.gravatar.com\/avatar\/830d4c57adaae6630765e449a6908047?s=96&d=mm&r=g\",\"contentUrl\":\"https:\/\/secure.gravatar.com\/avatar\/830d4c57adaae6630765e449a6908047?s=96&d=mm&r=g\",\"caption\":\"admpu17wp\"}}]}<\/script>\n<!-- \/ Yoast SEO plugin. -->","yoast_head_json":{"title":"Avances y retrocesos en el interior: \u00bfen qu\u00e9 fases est\u00e1n ahora los municipios bonaerenses? -","robots":{"index":"index","follow":"follow","max-snippet":"max-snippet:-1","max-image-preview":"max-image-preview:large","max-video-preview":"max-video-preview:-1"},"canonical":"https:\/\/experienciadevida.com.ar\/portalurbano\/avances-y-retrocesos-en-el-interior-en-que-fases-estan-ahora-los-municipios-bonaerenses\/","og_locale":"es_ES","og_type":"article","og_title":"Avances y retrocesos en el interior: \u00bfen qu\u00e9 fases est\u00e1n ahora los municipios bonaerenses? -","og_description":"Nueve comunas subieron a la \u00faltima etapa de la cuarentena, mientras que otros cinco tuvieron...","og_url":"https:\/\/experienciadevida.com.ar\/portalurbano\/avances-y-retrocesos-en-el-interior-en-que-fases-estan-ahora-los-municipios-bonaerenses\/","article_publisher":"https:\/\/www.facebook.com\/Portal-Urbano-171542830093757\/","article_published_time":"2020-06-22T17:45:08+00:00","article_modified_time":"2020-06-23T17:54:50+00:00","og_image":[{"width":765,"height":510,"url":"https:\/\/experienciadevida.com.ar\/portalurbano\/wp-content\/uploads\/2020\/03\/CUARENTENA5.jpg","type":"image\/jpeg"}],"author":"admpu17wp","twitter_card":"summary_large_image","twitter_creator":"@portalurbanook","twitter_site":"@portalurbanook","twitter_misc":{"Escrito por":"admpu17wp","Tiempo de lectura":"2 minutos"},"schema":{"@context":"https:\/\/schema.org","@graph":[{"@type":"Article","@id":"https:\/\/experienciadevida.com.ar\/portalurbano\/avances-y-retrocesos-en-el-interior-en-que-fases-estan-ahora-los-municipios-bonaerenses\/#article","isPartOf":{"@id":"https:\/\/experienciadevida.com.ar\/portalurbano\/avances-y-retrocesos-en-el-interior-en-que-fases-estan-ahora-los-municipios-bonaerenses\/"},"author":{"name":"admpu17wp","@id":"https:\/\/experienciadevida.com.ar\/portalurbano\/#\/schema\/person\/02dd326b1c4b056e9cc972486934a3a7"},"headline":"Avances y retrocesos en el interior: \u00bfen qu\u00e9 fases est\u00e1n ahora los municipios bonaerenses?","datePublished":"2020-06-22T17:45:08+00:00","dateModified":"2020-06-23T17:54:50+00:00","mainEntityOfPage":{"@id":"https:\/\/experienciadevida.com.ar\/portalurbano\/avances-y-retrocesos-en-el-interior-en-que-fases-estan-ahora-los-municipios-bonaerenses\/"},"wordCount":505,"publisher":{"@id":"https:\/\/experienciadevida.com.ar\/portalurbano\/#organization"},"articleSection":["Destacadas","Provincia"],"inLanguage":"es"},{"@type":"WebPage","@id":"https:\/\/experienciadevida.com.ar\/portalurbano\/avances-y-retrocesos-en-el-interior-en-que-fases-estan-ahora-los-municipios-bonaerenses\/","url":"https:\/\/experienciadevida.com.ar\/portalurbano\/avances-y-retrocesos-en-el-interior-en-que-fases-estan-ahora-los-municipios-bonaerenses\/","name":"Avances y retrocesos en el interior: \u00bfen qu\u00e9 fases est\u00e1n ahora los municipios bonaerenses? -","isPartOf":{"@id":"https:\/\/experienciadevida.com.ar\/portalurbano\/#website"},"datePublished":"2020-06-22T17:45:08+00:00","dateModified":"2020-06-23T17:54:50+00:00","breadcrumb":{"@id":"https:\/\/experienciadevida.com.ar\/portalurbano\/avances-y-retrocesos-en-el-interior-en-que-fases-estan-ahora-los-municipios-bonaerenses\/#breadcrumb"},"inLanguage":"es","potentialAction":[{"@type":"ReadAction","target":["https:\/\/experienciadevida.com.ar\/portalurbano\/avances-y-retrocesos-en-el-interior-en-que-fases-estan-ahora-los-municipios-bonaerenses\/"]}]},{"@type":"BreadcrumbList","@id":"https:\/\/experienciadevida.com.ar\/portalurbano\/avances-y-retrocesos-en-el-interior-en-que-fases-estan-ahora-los-municipios-bonaerenses\/#breadcrumb","itemListElement":[{"@type":"ListItem","position":1,"name":"Portada","item":"https:\/\/experienciadevida.com.ar\/portalurbano\/"},{"@type":"ListItem","position":2,"name":"Avances y retrocesos en el interior: \u00bfen qu\u00e9 fases est\u00e1n ahora los municipios bonaerenses?"}]},{"@type":"WebSite","@id":"https:\/\/experienciadevida.com.ar\/portalurbano\/#website","url":"https:\/\/experienciadevida.com.ar\/portalurbano\/","name":"","description":"","publisher":{"@id":"https:\/\/experienciadevida.com.ar\/portalurbano\/#organization"},"potentialAction":[{"@type":"SearchAction","target":{"@type":"EntryPoint","urlTemplate":"https:\/\/experienciadevida.com.ar\/portalurbano\/?s={search_term_string}"},"query-input":"required name=search_term_string"}],"inLanguage":"es"},{"@type":"Organization","@id":"https:\/\/experienciadevida.com.ar\/portalurbano\/#organization","name":"Portal Urbano","url":"https:\/\/experienciadevida.com.ar\/portalurbano\/","logo":{"@type":"ImageObject","inLanguage":"es","@id":"https:\/\/experienciadevida.com.ar\/portalurbano\/#\/schema\/logo\/image\/","url":"https:\/\/experienciadevida.com.ar\/portalurbano\/wp-content\/uploads\/2019\/09\/Logo-Original.png","contentUrl":"https:\/\/experienciadevida.com.ar\/portalurbano\/wp-content\/uploads\/2019\/09\/Logo-Original.png","width":2236,"height":1216,"caption":"Portal Urbano"},"image":{"@id":"https:\/\/experienciadevida.com.ar\/portalurbano\/#\/schema\/logo\/image\/"},"sameAs":["https:\/\/www.facebook.com\/Portal-Urbano-171542830093757\/","https:\/\/twitter.com\/portalurbanook","https:\/\/www.instagram.com\/_portalurbano\/","https:\/\/www.youtube.com\/channel\/UCXhagIfszH8KxFiOok79zbA?view_as=subscriber"]},{"@type":"Person","@id":"https:\/\/experienciadevida.com.ar\/portalurbano\/#\/schema\/person\/02dd326b1c4b056e9cc972486934a3a7","name":"admpu17wp","image":{"@type":"ImageObject","inLanguage":"es","@id":"https:\/\/experienciadevida.com.ar\/portalurbano\/#\/schema\/person\/image\/","url":"https:\/\/secure.gravatar.com\/avatar\/830d4c57adaae6630765e449a6908047?s=96&d=mm&r=g","contentUrl":"https:\/\/secure.gravatar.com\/avatar\/830d4c57adaae6630765e449a6908047?s=96&d=mm&r=g","caption":"admpu17wp"}}]}},"featured_image_urls":{"full":["https:\/\/experienciadevida.com.ar\/portalurbano\/wp-content\/uploads\/2020\/03\/CUARENTENA5.jpg",765,510,false],"thumbnail":["https:\/\/experienciadevida.com.ar\/portalurbano\/wp-content\/uploads\/2020\/03\/CUARENTENA5-150x150.jpg",150,150,true],"medium":["https:\/\/experienciadevida.com.ar\/portalurbano\/wp-content\/uploads\/2020\/03\/CUARENTENA5-300x200.jpg",300,200,true],"medium_large":["https:\/\/experienciadevida.com.ar\/portalurbano\/wp-content\/uploads\/2020\/03\/CUARENTENA5.jpg",640,427,false],"large":["https:\/\/experienciadevida.com.ar\/portalurbano\/wp-content\/uploads\/2020\/03\/CUARENTENA5.jpg",640,427,false],"ug_big":["https:\/\/experienciadevida.com.ar\/portalurbano\/wp-content\/uploads\/2020\/03\/CUARENTENA5.jpg",765,510,false],"1536x1536":["https:\/\/experienciadevida.com.ar\/portalurbano\/wp-content\/uploads\/2020\/03\/CUARENTENA5.jpg",765,510,false],"2048x2048":["https:\/\/experienciadevida.com.ar\/portalurbano\/wp-content\/uploads\/2020\/03\/CUARENTENA5.jpg",765,510,false],"newsever-slider-full":["https:\/\/experienciadevida.com.ar\/portalurbano\/wp-content\/uploads\/2020\/03\/CUARENTENA5.jpg",765,510,false],"newsever-featured":["https:\/\/experienciadevida.com.ar\/portalurbano\/wp-content\/uploads\/2020\/03\/CUARENTENA5.jpg",765,510,false],"newsever-medium":["https:\/\/experienciadevida.com.ar\/portalurbano\/wp-content\/uploads\/2020\/03\/CUARENTENA5.jpg",713,475,false],"web-stories-poster-portrait":["https:\/\/experienciadevida.com.ar\/portalurbano\/wp-content\/uploads\/2020\/03\/CUARENTENA5.jpg",640,427,false],"web-stories-publisher-logo":["https:\/\/experienciadevida.com.ar\/portalurbano\/wp-content\/uploads\/2020\/03\/CUARENTENA5.jpg",96,64,false],"web-stories-thumbnail":["https:\/\/experienciadevida.com.ar\/portalurbano\/wp-content\/uploads\/2020\/03\/CUARENTENA5.jpg",150,100,false]},"author_info":{"display_name":"admpu17wp","author_link":"https:\/\/experienciadevida.com.ar\/portalurbano\/author\/admpu17wp\/"},"category_info":"<a href=\"https:\/\/experienciadevida.com.ar\/portalurbano\/category\/destacadas\/\" rel=\"category tag\">Destacadas<\/a> <a href=\"https:\/\/experienciadevida.com.ar\/portalurbano\/category\/provincia\/\" rel=\"category tag\">Provincia<\/a>","tag_info":"Provincia","comment_count":"0","amp_enabled":true,"_links":{"self":[{"href":"https:\/\/experienciadevida.com.ar\/portalurbano\/wp-json\/wp\/v2\/posts\/112880"}],"collection":[{"href":"https:\/\/experienciadevida.com.ar\/portalurbano\/wp-json\/wp\/v2\/posts"}],"about":[{"href":"https:\/\/experienciadevida.com.ar\/portalurbano\/wp-json\/wp\/v2\/types\/post"}],"author":[{"embeddable":true,"href":"https:\/\/experienciadevida.com.ar\/portalurbano\/wp-json\/wp\/v2\/users\/1"}],"replies":[{"embeddable":true,"href":"https:\/\/experienciadevida.com.ar\/portalurbano\/wp-json\/wp\/v2\/comments?post=112880"}],"version-history":[{"count":2,"href":"https:\/\/experienciadevida.com.ar\/portalurbano\/wp-json\/wp\/v2\/posts\/112880\/revisions"}],"predecessor-version":[{"id":112882,"href":"https:\/\/experienciadevida.com.ar\/portalurbano\/wp-json\/wp\/v2\/posts\/112880\/revisions\/112882"}],"wp:featuredmedia":[{"embeddable":true,"href":"https:\/\/experienciadevida.com.ar\/portalurbano\/wp-json\/wp\/v2\/media\/104700"}],"wp:attachment":[{"href":"https:\/\/experienciadevida.com.ar\/portalurbano\/wp-json\/wp\/v2\/media?parent=112880"}],"wp:term":[{"taxonomy":"category","embeddable":true,"href":"https:\/\/experienciadevida.com.ar\/portalurbano\/wp-json\/wp\/v2\/categories?post=112880"},{"taxonomy":"post_tag","embeddable":true,"href":"https:\/\/experienciadevida.com.ar\/portalurbano\/wp-json\/wp\/v2\/tags?post=112880"}],"curies":[{"name":"wp","href":"https:\/\/api.w.org\/{rel}","templated":true}]}}