{"id":112852,"date":"2020-06-22T11:02:52","date_gmt":"2020-06-22T14:02:52","guid":{"rendered":"https:\/\/experienciadevida.com.ar\/portalurbano\/?p=112852"},"modified":"2020-06-23T14:54:53","modified_gmt":"2020-06-23T17:54:53","slug":"comercios-de-la-ciudad-vendieron-un-tercio-en-comparacion-con-el-2019","status":"publish","type":"post","link":"https:\/\/experienciadevida.com.ar\/portalurbano\/comercios-de-la-ciudad-vendieron-un-tercio-en-comparacion-con-el-2019\/","title":{"rendered":"Comercios de la ciudad vendieron un tercio en comparaci\u00f3n con el 2019"},"content":{"rendered":"<p>Mario Antista, presidente de la C\u00e1mara Empresaria de Olavarr\u00eda, manifest\u00f3 que los comercios quieren y necesitan abrir, porque el delivery no es lo mismo. Los n\u00fameros no escapan igual, a la realidad nacional, donde se advirti\u00f3 que las ventas fueron la mitad que para la misma fecha del a\u00f1o pasado.<\/p>\n<p>En una entrevista con radio Oalvarr\u00eda, Mario Antista expres\u00f3 <em>&#8220;desde el inicio de la cuarentena much\u00edsimos comerciantes fueron adoptando el modo delivery o la venta telef\u00f3nica, en redes en distintas plataformas. El tema es como siempre dijimos el delivery en muchos rubros es una soluci\u00f3n parcial, realmente en Olavarr\u00eda vemos los n\u00fameros de Came y fueron pr\u00e1cticamente iguales hubo ventas pero muy flojo, algunos pudieron vender un poco m\u00e1s con alguna promoci\u00f3n, delivery sin cargo&#8221;.<\/em><\/p>\n<p><em>&#8220;Tambi\u00e9n nos comentaron uno de los comerciantes que hubo mucha gente circulando por la calle\u00a0 y ped\u00edan entrar para hacer las compras, y hubo algunas situaciones de enojo, de clientes de much\u00edsimos del mismo comercio y no entend\u00edan que no era que no quer\u00edan atenderlo&#8221;.<\/em><\/p>\n<p>Adem\u00e1s dijo &#8220;<em>se pudo vender algo pero no se puede cubrir gastos con esa venta, algunos en relaci\u00f3n a a\u00f1os anteriores est\u00e1n hablando de un tercio, algunos comerciantes han vendido un poco m\u00e1s, con promociones. Los propios propietarios se encargaron de hacer el delivery, planes de pago, pero lo que es indumentaria, calzado fue floja la venta&#8221;.<\/em><\/p>\n<p><em>&#8220;El comerciante quiere tener el negocio abierto, est\u00e1n pidiendo tres horas por d\u00eda, hay diferentes posturas, tuvimos una reuni\u00f3n con el Intendente el d\u00eda viernes, sab\u00edamos que continu\u00e1bamos en fase 3, la situaci\u00f3n no es de las m\u00e1s felices&#8221;.<\/em><\/p>\n<p>Por otro lado dijo <em>&#8220;sabemos que los contagios masivos no fue por tener los comercios abiertos, fueron por situaciones individuales. La \u00fanica forma de hacer un poco menor la circulaci\u00f3n es tener los negocios cerrados&#8221;.<\/em><\/p>\n<p>Por \u00faltimo coment\u00f3 &#8220;<em>lo m\u00e1s complicado en este momento es el rubro indumentaria, calzado est\u00e1n complicados porque al no tener la posibilidad de que la gente vaya. Los comercios tienen que hacer frente a sus cuentas y pagarle el sueldo a sus empleados&#8221;.<\/em><\/p>\n<p>Funte: radio Olavarr\u00eda<\/p>\n","protected":false},"excerpt":{"rendered":"<p>Mario Antista, presidente de la C\u00e1mara Empresaria de Olavarr\u00eda, manifest\u00f3 que los comercios quieren y&#8230;<\/p>\n","protected":false},"author":1,"featured_media":104701,"comment_status":"closed","ping_status":"open","sticky":false,"template":"","format":"standard","meta":{"content-type":""},"categories":[27,51],"tags":[],"nelio_content":{"isAutoShareEnabled":false,"autoShareEndMode":"default","automationSources":{"useContentSentences":true,"useSocialTemplates":true,"useCustomSentences":false,"customSentences":[]},"followers":[1],"suggestedReferences":[],"includedReferences":[],"efiUrl":"","efiAlt":"","highlights":[]},"yoast_head":"<!-- This site is optimized with the Yoast SEO plugin v20.7 - https:\/\/yoast.com\/wordpress\/plugins\/seo\/ -->\n<title>Comercios de la ciudad vendieron un tercio en comparaci\u00f3n con el 2019 -<\/title>\n<meta name=\"robots\" content=\"index, follow, max-snippet:-1, max-image-preview:large, max-video-preview:-1\" \/>\n<link rel=\"canonical\" href=\"https:\/\/experienciadevida.com.ar\/portalurbano\/comercios-de-la-ciudad-vendieron-un-tercio-en-comparacion-con-el-2019\/\" \/>\n<meta property=\"og:locale\" content=\"es_ES\" \/>\n<meta property=\"og:type\" content=\"article\" \/>\n<meta property=\"og:title\" content=\"Comercios de la ciudad vendieron un tercio en comparaci\u00f3n con el 2019 -\" \/>\n<meta property=\"og:description\" content=\"Mario Antista, presidente de la C\u00e1mara Empresaria de Olavarr\u00eda, manifest\u00f3 que los comercios quieren y...\" \/>\n<meta property=\"og:url\" content=\"https:\/\/experienciadevida.com.ar\/portalurbano\/comercios-de-la-ciudad-vendieron-un-tercio-en-comparacion-con-el-2019\/\" \/>\n<meta property=\"article:publisher\" content=\"https:\/\/www.facebook.com\/Portal-Urbano-171542830093757\/\" \/>\n<meta property=\"article:published_time\" content=\"2020-06-22T14:02:52+00:00\" \/>\n<meta property=\"article:modified_time\" content=\"2020-06-23T17:54:53+00:00\" \/>\n<meta property=\"og:image\" content=\"https:\/\/experienciadevida.com.ar\/portalurbano\/wp-content\/uploads\/2020\/03\/CUARENTENA6.jpg\" \/>\n\t<meta property=\"og:image:width\" content=\"765\" \/>\n\t<meta property=\"og:image:height\" content=\"510\" \/>\n\t<meta property=\"og:image:type\" content=\"image\/jpeg\" \/>\n<meta name=\"author\" content=\"admpu17wp\" \/>\n<meta name=\"twitter:card\" content=\"summary_large_image\" \/>\n<meta name=\"twitter:creator\" content=\"@portalurbanook\" \/>\n<meta name=\"twitter:site\" content=\"@portalurbanook\" \/>\n<meta name=\"twitter:label1\" content=\"Escrito por\" \/>\n\t<meta name=\"twitter:data1\" content=\"admpu17wp\" \/>\n\t<meta name=\"twitter:label2\" content=\"Tiempo de lectura\" \/>\n\t<meta name=\"twitter:data2\" content=\"2 minutos\" \/>\n<script type=\"application\/ld+json\" class=\"yoast-schema-graph\">{\"@context\":\"https:\/\/schema.org\",\"@graph\":[{\"@type\":\"Article\",\"@id\":\"https:\/\/experienciadevida.com.ar\/portalurbano\/comercios-de-la-ciudad-vendieron-un-tercio-en-comparacion-con-el-2019\/#article\",\"isPartOf\":{\"@id\":\"https:\/\/experienciadevida.com.ar\/portalurbano\/comercios-de-la-ciudad-vendieron-un-tercio-en-comparacion-con-el-2019\/\"},\"author\":{\"name\":\"admpu17wp\",\"@id\":\"https:\/\/experienciadevida.com.ar\/portalurbano\/#\/schema\/person\/02dd326b1c4b056e9cc972486934a3a7\"},\"headline\":\"Comercios de la ciudad vendieron un tercio en comparaci\u00f3n con el 2019\",\"datePublished\":\"2020-06-22T14:02:52+00:00\",\"dateModified\":\"2020-06-23T17:54:53+00:00\",\"mainEntityOfPage\":{\"@id\":\"https:\/\/experienciadevida.com.ar\/portalurbano\/comercios-de-la-ciudad-vendieron-un-tercio-en-comparacion-con-el-2019\/\"},\"wordCount\":393,\"publisher\":{\"@id\":\"https:\/\/experienciadevida.com.ar\/portalurbano\/#organization\"},\"articleSection\":[\"Ciudad\",\"Destacadas\"],\"inLanguage\":\"es\"},{\"@type\":\"WebPage\",\"@id\":\"https:\/\/experienciadevida.com.ar\/portalurbano\/comercios-de-la-ciudad-vendieron-un-tercio-en-comparacion-con-el-2019\/\",\"url\":\"https:\/\/experienciadevida.com.ar\/portalurbano\/comercios-de-la-ciudad-vendieron-un-tercio-en-comparacion-con-el-2019\/\",\"name\":\"Comercios de la ciudad vendieron un tercio en comparaci\u00f3n con el 2019 -\",\"isPartOf\":{\"@id\":\"https:\/\/experienciadevida.com.ar\/portalurbano\/#website\"},\"datePublished\":\"2020-06-22T14:02:52+00:00\",\"dateModified\":\"2020-06-23T17:54:53+00:00\",\"breadcrumb\":{\"@id\":\"https:\/\/experienciadevida.com.ar\/portalurbano\/comercios-de-la-ciudad-vendieron-un-tercio-en-comparacion-con-el-2019\/#breadcrumb\"},\"inLanguage\":\"es\",\"potentialAction\":[{\"@type\":\"ReadAction\",\"target\":[\"https:\/\/experienciadevida.com.ar\/portalurbano\/comercios-de-la-ciudad-vendieron-un-tercio-en-comparacion-con-el-2019\/\"]}]},{\"@type\":\"BreadcrumbList\",\"@id\":\"https:\/\/experienciadevida.com.ar\/portalurbano\/comercios-de-la-ciudad-vendieron-un-tercio-en-comparacion-con-el-2019\/#breadcrumb\",\"itemListElement\":[{\"@type\":\"ListItem\",\"position\":1,\"name\":\"Portada\",\"item\":\"https:\/\/experienciadevida.com.ar\/portalurbano\/\"},{\"@type\":\"ListItem\",\"position\":2,\"name\":\"Comercios de la ciudad vendieron un tercio en comparaci\u00f3n con el 2019\"}]},{\"@type\":\"WebSite\",\"@id\":\"https:\/\/experienciadevida.com.ar\/portalurbano\/#website\",\"url\":\"https:\/\/experienciadevida.com.ar\/portalurbano\/\",\"name\":\"\",\"description\":\"\",\"publisher\":{\"@id\":\"https:\/\/experienciadevida.com.ar\/portalurbano\/#organization\"},\"potentialAction\":[{\"@type\":\"SearchAction\",\"target\":{\"@type\":\"EntryPoint\",\"urlTemplate\":\"https:\/\/experienciadevida.com.ar\/portalurbano\/?s={search_term_string}\"},\"query-input\":\"required name=search_term_string\"}],\"inLanguage\":\"es\"},{\"@type\":\"Organization\",\"@id\":\"https:\/\/experienciadevida.com.ar\/portalurbano\/#organization\",\"name\":\"Portal Urbano\",\"url\":\"https:\/\/experienciadevida.com.ar\/portalurbano\/\",\"logo\":{\"@type\":\"ImageObject\",\"inLanguage\":\"es\",\"@id\":\"https:\/\/experienciadevida.com.ar\/portalurbano\/#\/schema\/logo\/image\/\",\"url\":\"https:\/\/experienciadevida.com.ar\/portalurbano\/wp-content\/uploads\/2019\/09\/Logo-Original.png\",\"contentUrl\":\"https:\/\/experienciadevida.com.ar\/portalurbano\/wp-content\/uploads\/2019\/09\/Logo-Original.png\",\"width\":2236,\"height\":1216,\"caption\":\"Portal Urbano\"},\"image\":{\"@id\":\"https:\/\/experienciadevida.com.ar\/portalurbano\/#\/schema\/logo\/image\/\"},\"sameAs\":[\"https:\/\/www.facebook.com\/Portal-Urbano-171542830093757\/\",\"https:\/\/twitter.com\/portalurbanook\",\"https:\/\/www.instagram.com\/_portalurbano\/\",\"https:\/\/www.youtube.com\/channel\/UCXhagIfszH8KxFiOok79zbA?view_as=subscriber\"]},{\"@type\":\"Person\",\"@id\":\"https:\/\/experienciadevida.com.ar\/portalurbano\/#\/schema\/person\/02dd326b1c4b056e9cc972486934a3a7\",\"name\":\"admpu17wp\",\"image\":{\"@type\":\"ImageObject\",\"inLanguage\":\"es\",\"@id\":\"https:\/\/experienciadevida.com.ar\/portalurbano\/#\/schema\/person\/image\/\",\"url\":\"https:\/\/secure.gravatar.com\/avatar\/830d4c57adaae6630765e449a6908047?s=96&d=mm&r=g\",\"contentUrl\":\"https:\/\/secure.gravatar.com\/avatar\/830d4c57adaae6630765e449a6908047?s=96&d=mm&r=g\",\"caption\":\"admpu17wp\"}}]}<\/script>\n<!-- \/ Yoast SEO plugin. -->","yoast_head_json":{"title":"Comercios de la ciudad vendieron un tercio en comparaci\u00f3n con el 2019 -","robots":{"index":"index","follow":"follow","max-snippet":"max-snippet:-1","max-image-preview":"max-image-preview:large","max-video-preview":"max-video-preview:-1"},"canonical":"https:\/\/experienciadevida.com.ar\/portalurbano\/comercios-de-la-ciudad-vendieron-un-tercio-en-comparacion-con-el-2019\/","og_locale":"es_ES","og_type":"article","og_title":"Comercios de la ciudad vendieron un tercio en comparaci\u00f3n con el 2019 -","og_description":"Mario Antista, presidente de la C\u00e1mara Empresaria de Olavarr\u00eda, manifest\u00f3 que los comercios quieren y...","og_url":"https:\/\/experienciadevida.com.ar\/portalurbano\/comercios-de-la-ciudad-vendieron-un-tercio-en-comparacion-con-el-2019\/","article_publisher":"https:\/\/www.facebook.com\/Portal-Urbano-171542830093757\/","article_published_time":"2020-06-22T14:02:52+00:00","article_modified_time":"2020-06-23T17:54:53+00:00","og_image":[{"width":765,"height":510,"url":"https:\/\/experienciadevida.com.ar\/portalurbano\/wp-content\/uploads\/2020\/03\/CUARENTENA6.jpg","type":"image\/jpeg"}],"author":"admpu17wp","twitter_card":"summary_large_image","twitter_creator":"@portalurbanook","twitter_site":"@portalurbanook","twitter_misc":{"Escrito por":"admpu17wp","Tiempo de lectura":"2 minutos"},"schema":{"@context":"https:\/\/schema.org","@graph":[{"@type":"Article","@id":"https:\/\/experienciadevida.com.ar\/portalurbano\/comercios-de-la-ciudad-vendieron-un-tercio-en-comparacion-con-el-2019\/#article","isPartOf":{"@id":"https:\/\/experienciadevida.com.ar\/portalurbano\/comercios-de-la-ciudad-vendieron-un-tercio-en-comparacion-con-el-2019\/"},"author":{"name":"admpu17wp","@id":"https:\/\/experienciadevida.com.ar\/portalurbano\/#\/schema\/person\/02dd326b1c4b056e9cc972486934a3a7"},"headline":"Comercios de la ciudad vendieron un tercio en comparaci\u00f3n con el 2019","datePublished":"2020-06-22T14:02:52+00:00","dateModified":"2020-06-23T17:54:53+00:00","mainEntityOfPage":{"@id":"https:\/\/experienciadevida.com.ar\/portalurbano\/comercios-de-la-ciudad-vendieron-un-tercio-en-comparacion-con-el-2019\/"},"wordCount":393,"publisher":{"@id":"https:\/\/experienciadevida.com.ar\/portalurbano\/#organization"},"articleSection":["Ciudad","Destacadas"],"inLanguage":"es"},{"@type":"WebPage","@id":"https:\/\/experienciadevida.com.ar\/portalurbano\/comercios-de-la-ciudad-vendieron-un-tercio-en-comparacion-con-el-2019\/","url":"https:\/\/experienciadevida.com.ar\/portalurbano\/comercios-de-la-ciudad-vendieron-un-tercio-en-comparacion-con-el-2019\/","name":"Comercios de la ciudad vendieron un tercio en comparaci\u00f3n con el 2019 -","isPartOf":{"@id":"https:\/\/experienciadevida.com.ar\/portalurbano\/#website"},"datePublished":"2020-06-22T14:02:52+00:00","dateModified":"2020-06-23T17:54:53+00:00","breadcrumb":{"@id":"https:\/\/experienciadevida.com.ar\/portalurbano\/comercios-de-la-ciudad-vendieron-un-tercio-en-comparacion-con-el-2019\/#breadcrumb"},"inLanguage":"es","potentialAction":[{"@type":"ReadAction","target":["https:\/\/experienciadevida.com.ar\/portalurbano\/comercios-de-la-ciudad-vendieron-un-tercio-en-comparacion-con-el-2019\/"]}]},{"@type":"BreadcrumbList","@id":"https:\/\/experienciadevida.com.ar\/portalurbano\/comercios-de-la-ciudad-vendieron-un-tercio-en-comparacion-con-el-2019\/#breadcrumb","itemListElement":[{"@type":"ListItem","position":1,"name":"Portada","item":"https:\/\/experienciadevida.com.ar\/portalurbano\/"},{"@type":"ListItem","position":2,"name":"Comercios de la ciudad vendieron un tercio en comparaci\u00f3n con el 2019"}]},{"@type":"WebSite","@id":"https:\/\/experienciadevida.com.ar\/portalurbano\/#website","url":"https:\/\/experienciadevida.com.ar\/portalurbano\/","name":"","description":"","publisher":{"@id":"https:\/\/experienciadevida.com.ar\/portalurbano\/#organization"},"potentialAction":[{"@type":"SearchAction","target":{"@type":"EntryPoint","urlTemplate":"https:\/\/experienciadevida.com.ar\/portalurbano\/?s={search_term_string}"},"query-input":"required name=search_term_string"}],"inLanguage":"es"},{"@type":"Organization","@id":"https:\/\/experienciadevida.com.ar\/portalurbano\/#organization","name":"Portal Urbano","url":"https:\/\/experienciadevida.com.ar\/portalurbano\/","logo":{"@type":"ImageObject","inLanguage":"es","@id":"https:\/\/experienciadevida.com.ar\/portalurbano\/#\/schema\/logo\/image\/","url":"https:\/\/experienciadevida.com.ar\/portalurbano\/wp-content\/uploads\/2019\/09\/Logo-Original.png","contentUrl":"https:\/\/experienciadevida.com.ar\/portalurbano\/wp-content\/uploads\/2019\/09\/Logo-Original.png","width":2236,"height":1216,"caption":"Portal Urbano"},"image":{"@id":"https:\/\/experienciadevida.com.ar\/portalurbano\/#\/schema\/logo\/image\/"},"sameAs":["https:\/\/www.facebook.com\/Portal-Urbano-171542830093757\/","https:\/\/twitter.com\/portalurbanook","https:\/\/www.instagram.com\/_portalurbano\/","https:\/\/www.youtube.com\/channel\/UCXhagIfszH8KxFiOok79zbA?view_as=subscriber"]},{"@type":"Person","@id":"https:\/\/experienciadevida.com.ar\/portalurbano\/#\/schema\/person\/02dd326b1c4b056e9cc972486934a3a7","name":"admpu17wp","image":{"@type":"ImageObject","inLanguage":"es","@id":"https:\/\/experienciadevida.com.ar\/portalurbano\/#\/schema\/person\/image\/","url":"https:\/\/secure.gravatar.com\/avatar\/830d4c57adaae6630765e449a6908047?s=96&d=mm&r=g","contentUrl":"https:\/\/secure.gravatar.com\/avatar\/830d4c57adaae6630765e449a6908047?s=96&d=mm&r=g","caption":"admpu17wp"}}]}},"featured_image_urls":{"full":["https:\/\/experienciadevida.com.ar\/portalurbano\/wp-content\/uploads\/2020\/03\/CUARENTENA6.jpg",765,510,false],"thumbnail":["https:\/\/experienciadevida.com.ar\/portalurbano\/wp-content\/uploads\/2020\/03\/CUARENTENA6-150x150.jpg",150,150,true],"medium":["https:\/\/experienciadevida.com.ar\/portalurbano\/wp-content\/uploads\/2020\/03\/CUARENTENA6-300x200.jpg",300,200,true],"medium_large":["https:\/\/experienciadevida.com.ar\/portalurbano\/wp-content\/uploads\/2020\/03\/CUARENTENA6.jpg",640,427,false],"large":["https:\/\/experienciadevida.com.ar\/portalurbano\/wp-content\/uploads\/2020\/03\/CUARENTENA6.jpg",640,427,false],"ug_big":["https:\/\/experienciadevida.com.ar\/portalurbano\/wp-content\/uploads\/2020\/03\/CUARENTENA6.jpg",765,510,false],"1536x1536":["https:\/\/experienciadevida.com.ar\/portalurbano\/wp-content\/uploads\/2020\/03\/CUARENTENA6.jpg",765,510,false],"2048x2048":["https:\/\/experienciadevida.com.ar\/portalurbano\/wp-content\/uploads\/2020\/03\/CUARENTENA6.jpg",765,510,false],"newsever-slider-full":["https:\/\/experienciadevida.com.ar\/portalurbano\/wp-content\/uploads\/2020\/03\/CUARENTENA6.jpg",765,510,false],"newsever-featured":["https:\/\/experienciadevida.com.ar\/portalurbano\/wp-content\/uploads\/2020\/03\/CUARENTENA6.jpg",765,510,false],"newsever-medium":["https:\/\/experienciadevida.com.ar\/portalurbano\/wp-content\/uploads\/2020\/03\/CUARENTENA6.jpg",713,475,false],"web-stories-poster-portrait":["https:\/\/experienciadevida.com.ar\/portalurbano\/wp-content\/uploads\/2020\/03\/CUARENTENA6.jpg",640,427,false],"web-stories-publisher-logo":["https:\/\/experienciadevida.com.ar\/portalurbano\/wp-content\/uploads\/2020\/03\/CUARENTENA6.jpg",96,64,false],"web-stories-thumbnail":["https:\/\/experienciadevida.com.ar\/portalurbano\/wp-content\/uploads\/2020\/03\/CUARENTENA6.jpg",150,100,false]},"author_info":{"display_name":"admpu17wp","author_link":"https:\/\/experienciadevida.com.ar\/portalurbano\/author\/admpu17wp\/"},"category_info":"<a href=\"https:\/\/experienciadevida.com.ar\/portalurbano\/category\/ciudad\/\" rel=\"category tag\">Ciudad<\/a> <a href=\"https:\/\/experienciadevida.com.ar\/portalurbano\/category\/destacadas\/\" rel=\"category tag\">Destacadas<\/a>","tag_info":"Destacadas","comment_count":"0","amp_enabled":true,"_links":{"self":[{"href":"https:\/\/experienciadevida.com.ar\/portalurbano\/wp-json\/wp\/v2\/posts\/112852"}],"collection":[{"href":"https:\/\/experienciadevida.com.ar\/portalurbano\/wp-json\/wp\/v2\/posts"}],"about":[{"href":"https:\/\/experienciadevida.com.ar\/portalurbano\/wp-json\/wp\/v2\/types\/post"}],"author":[{"embeddable":true,"href":"https:\/\/experienciadevida.com.ar\/portalurbano\/wp-json\/wp\/v2\/users\/1"}],"replies":[{"embeddable":true,"href":"https:\/\/experienciadevida.com.ar\/portalurbano\/wp-json\/wp\/v2\/comments?post=112852"}],"version-history":[{"count":1,"href":"https:\/\/experienciadevida.com.ar\/portalurbano\/wp-json\/wp\/v2\/posts\/112852\/revisions"}],"predecessor-version":[{"id":112853,"href":"https:\/\/experienciadevida.com.ar\/portalurbano\/wp-json\/wp\/v2\/posts\/112852\/revisions\/112853"}],"wp:featuredmedia":[{"embeddable":true,"href":"https:\/\/experienciadevida.com.ar\/portalurbano\/wp-json\/wp\/v2\/media\/104701"}],"wp:attachment":[{"href":"https:\/\/experienciadevida.com.ar\/portalurbano\/wp-json\/wp\/v2\/media?parent=112852"}],"wp:term":[{"taxonomy":"category","embeddable":true,"href":"https:\/\/experienciadevida.com.ar\/portalurbano\/wp-json\/wp\/v2\/categories?post=112852"},{"taxonomy":"post_tag","embeddable":true,"href":"https:\/\/experienciadevida.com.ar\/portalurbano\/wp-json\/wp\/v2\/tags?post=112852"}],"curies":[{"name":"wp","href":"https:\/\/api.w.org\/{rel}","templated":true}]}}