{"id":112365,"date":"2020-06-16T14:19:42","date_gmt":"2020-06-16T17:19:42","guid":{"rendered":"https:\/\/experienciadevida.com.ar\/portalurbano\/?p=112365"},"modified":"2020-06-16T14:20:06","modified_gmt":"2020-06-16T17:20:06","slug":"a-partir-de-este-miercoles-se-reanudara-la-atencion-en-coopelectric","status":"publish","type":"post","link":"https:\/\/experienciadevida.com.ar\/portalurbano\/a-partir-de-este-miercoles-se-reanudara-la-atencion-en-coopelectric\/","title":{"rendered":"A partir de este mi\u00e9rcoles se reanudar\u00e1 la atenci\u00f3n en Coopelectric"},"content":{"rendered":"<p>En el marco de las medidas dispuestas por el Ejecutivo Municipal ante la situaci\u00f3n sanitaria, Coopelectric informa que a partir del mi\u00e9rcoles 17 de junio se reanudar\u00e1 la atenci\u00f3n en las sedes administrativas ubicadas en Belgrano N\u00b0 2850 y en la Delegaci\u00f3n de Sierras Bayas en el horario de 8 a 13 horas.<\/p>\n<p>En el caso de los turnos que ya hab\u00edan sido asignados para la realizaci\u00f3n de tr\u00e1mites en la sede de Belgrano N\u00b0 2850, se han reprogramado respetando el orden, la terminaci\u00f3n del DNI y el horario:<\/p>\n<p>A quienes ten\u00edan turno asignado para:<\/p>\n<p>Nuevo turno:<\/p>\n<p>Lunes 08\/06<\/p>\n<p>Mi\u00e9rcoles 17\/06<\/p>\n<p>Martes 09\/06<\/p>\n<p>Jueves 18\/06<\/p>\n<p>Mi\u00e9rcoles 10\/06<\/p>\n<p>Viernes 19\/06<\/p>\n<p>Jueves 11\/06<\/p>\n<p>Martes 23\/06<\/p>\n<p>Viernes 12\/06<\/p>\n<p>Lunes 22\/06<\/p>\n<p>Lunes 15\/06<\/p>\n<p>Mi\u00e9rcoles 24\/06<\/p>\n<p>Martes 16\/06<\/p>\n<p>Jueves 25\/06<\/p>\n<p>Mi\u00e9rcoles 17\/06<\/p>\n<p>Viernes 26\/06<\/p>\n<p>Jueves 18\/06<\/p>\n<p>Martes 30\/06<\/p>\n<p>Viernes 19\/06<\/p>\n<p>Lunes 29\/06<\/p>\n<p>Martes 23\/06<\/p>\n<p>Jueves 2\/07<\/p>\n<p>Los mismos pueden ser consultados a trav\u00e9s de &lt;<a href=\"http:\/\/www.coopelectric.com.ar\/\" target=\"_blank\" rel=\"noopener noreferrer\">http:\/\/www.coopelectric.com.ar<\/a>&gt;\u00a0<a href=\"http:\/\/www.coopelectric.com.ar\/\" target=\"_blank\" rel=\"noopener noreferrer\">www.coopelectric.com.ar<\/a>, desde la App \u201cTurnos Coopelectric\u201d o comunic\u00e1ndose de lunes a viernes de 8 a 13 horas al Centro de Atenci\u00f3n Telef\u00f3nica 411666\/999. En caso de ser necesario podr\u00e1n anularse y\/o reprogramarse comunic\u00e1ndose a trav\u00e9s de dichas v\u00edas de<br \/>\ncomunicaci\u00f3n.<\/p>\n<p>Para el caso de la localidad de Sierras Bayas los tr\u00e1mites se atender\u00e1n en la Delegaci\u00f3n sin necesidad de solicitar un turno con antelaci\u00f3n y en la localidad de Loma Negra, la atenci\u00f3n se realizar\u00e1 los d\u00edas mi\u00e9rcoles de 9 a 11 horas en la sede de la Sociedad de Fomento Villa Alfredo Fortabat.<\/p>\n<p>En tanto, la Delegaci\u00f3n de la localidad de Hinojo permanecer\u00e1 cerrada hasta el viernes 19 de junio inclusive.<\/p>\n<p>Para el cobro de facturas de los Servicios El\u00e9ctrico, Sanitario y Gas Granel estar\u00e1n habilitadas las cajas de 8:00 a 13:00 hs. en la sede administrativa de Belgrano N\u00b0 2850 y tambi\u00e9n en las Delegaciones. La atenci\u00f3n continuar\u00e1<br \/>\nsiendo de acuerdo a la terminaci\u00f3n del DNI (Lunes, mi\u00e9rcoles y viernes: Par \/ Martes y jueves: Impar).<\/p>\n<p>No obstante, recomendamos la utilizaci\u00f3n del pago por home banking mediante las Redes Link y Banelco con el C\u00f3digo de Pago Electr\u00f3nico que aparece en el frente de las facturas de electricidad y agua. Para descargar las facturas en formato digital podr\u00e1n registrarse en el sitio web de Coopelectric.<\/p>\n","protected":false},"excerpt":{"rendered":"<p>En el marco de las medidas dispuestas por el Ejecutivo Municipal ante la situaci\u00f3n sanitaria,&#8230;<\/p>\n","protected":false},"author":1,"featured_media":0,"comment_status":"open","ping_status":"open","sticky":false,"template":"","format":"standard","meta":{"content-type":""},"categories":[27,51],"tags":[],"nelio_content":{"isAutoShareEnabled":false,"autoShareEndMode":"default","automationSources":{"useContentSentences":true,"useSocialTemplates":true,"useCustomSentences":false,"customSentences":[]},"followers":[1],"suggestedReferences":[],"includedReferences":["http:\/\/www.coopelectric.com.ar\/"],"efiUrl":"","efiAlt":"","highlights":[]},"yoast_head":"<!-- This site is optimized with the Yoast SEO plugin v20.7 - https:\/\/yoast.com\/wordpress\/plugins\/seo\/ -->\n<title>A partir de este mi\u00e9rcoles se reanudar\u00e1 la atenci\u00f3n en Coopelectric -<\/title>\n<meta name=\"robots\" content=\"index, follow, max-snippet:-1, max-image-preview:large, max-video-preview:-1\" \/>\n<link rel=\"canonical\" href=\"https:\/\/experienciadevida.com.ar\/portalurbano\/a-partir-de-este-miercoles-se-reanudara-la-atencion-en-coopelectric\/\" \/>\n<meta property=\"og:locale\" content=\"es_ES\" \/>\n<meta property=\"og:type\" content=\"article\" \/>\n<meta property=\"og:title\" content=\"A partir de este mi\u00e9rcoles se reanudar\u00e1 la atenci\u00f3n en Coopelectric -\" \/>\n<meta property=\"og:description\" content=\"En el marco de las medidas dispuestas por el Ejecutivo Municipal ante la situaci\u00f3n sanitaria,...\" \/>\n<meta property=\"og:url\" content=\"https:\/\/experienciadevida.com.ar\/portalurbano\/a-partir-de-este-miercoles-se-reanudara-la-atencion-en-coopelectric\/\" \/>\n<meta property=\"article:publisher\" content=\"https:\/\/www.facebook.com\/Portal-Urbano-171542830093757\/\" \/>\n<meta property=\"article:published_time\" content=\"2020-06-16T17:19:42+00:00\" \/>\n<meta property=\"article:modified_time\" content=\"2020-06-16T17:20:06+00:00\" \/>\n<meta property=\"og:image\" content=\"https:\/\/experienciadevida.com.ar\/portalurbano\/wp-content\/uploads\/2018\/09\/PARO2-1-5.jpg\" \/>\n\t<meta property=\"og:image:width\" content=\"667\" \/>\n\t<meta property=\"og:image:height\" content=\"445\" \/>\n\t<meta property=\"og:image:type\" content=\"image\/jpeg\" \/>\n<meta name=\"author\" content=\"admpu17wp\" \/>\n<meta name=\"twitter:card\" content=\"summary_large_image\" \/>\n<meta name=\"twitter:creator\" content=\"@portalurbanook\" \/>\n<meta name=\"twitter:site\" content=\"@portalurbanook\" \/>\n<meta name=\"twitter:label1\" content=\"Escrito por\" \/>\n\t<meta name=\"twitter:data1\" content=\"admpu17wp\" \/>\n\t<meta name=\"twitter:label2\" content=\"Tiempo de lectura\" \/>\n\t<meta name=\"twitter:data2\" content=\"2 minutos\" \/>\n<script type=\"application\/ld+json\" class=\"yoast-schema-graph\">{\"@context\":\"https:\/\/schema.org\",\"@graph\":[{\"@type\":\"Article\",\"@id\":\"https:\/\/experienciadevida.com.ar\/portalurbano\/a-partir-de-este-miercoles-se-reanudara-la-atencion-en-coopelectric\/#article\",\"isPartOf\":{\"@id\":\"https:\/\/experienciadevida.com.ar\/portalurbano\/a-partir-de-este-miercoles-se-reanudara-la-atencion-en-coopelectric\/\"},\"author\":{\"name\":\"admpu17wp\",\"@id\":\"https:\/\/experienciadevida.com.ar\/portalurbano\/#\/schema\/person\/02dd326b1c4b056e9cc972486934a3a7\"},\"headline\":\"A partir de este mi\u00e9rcoles se reanudar\u00e1 la atenci\u00f3n en Coopelectric\",\"datePublished\":\"2020-06-16T17:19:42+00:00\",\"dateModified\":\"2020-06-16T17:20:06+00:00\",\"mainEntityOfPage\":{\"@id\":\"https:\/\/experienciadevida.com.ar\/portalurbano\/a-partir-de-este-miercoles-se-reanudara-la-atencion-en-coopelectric\/\"},\"wordCount\":393,\"commentCount\":0,\"publisher\":{\"@id\":\"https:\/\/experienciadevida.com.ar\/portalurbano\/#organization\"},\"articleSection\":[\"Ciudad\",\"Destacadas\"],\"inLanguage\":\"es\",\"potentialAction\":[{\"@type\":\"CommentAction\",\"name\":\"Comment\",\"target\":[\"https:\/\/experienciadevida.com.ar\/portalurbano\/a-partir-de-este-miercoles-se-reanudara-la-atencion-en-coopelectric\/#respond\"]}]},{\"@type\":\"WebPage\",\"@id\":\"https:\/\/experienciadevida.com.ar\/portalurbano\/a-partir-de-este-miercoles-se-reanudara-la-atencion-en-coopelectric\/\",\"url\":\"https:\/\/experienciadevida.com.ar\/portalurbano\/a-partir-de-este-miercoles-se-reanudara-la-atencion-en-coopelectric\/\",\"name\":\"A partir de este mi\u00e9rcoles se reanudar\u00e1 la atenci\u00f3n en Coopelectric -\",\"isPartOf\":{\"@id\":\"https:\/\/experienciadevida.com.ar\/portalurbano\/#website\"},\"datePublished\":\"2020-06-16T17:19:42+00:00\",\"dateModified\":\"2020-06-16T17:20:06+00:00\",\"breadcrumb\":{\"@id\":\"https:\/\/experienciadevida.com.ar\/portalurbano\/a-partir-de-este-miercoles-se-reanudara-la-atencion-en-coopelectric\/#breadcrumb\"},\"inLanguage\":\"es\",\"potentialAction\":[{\"@type\":\"ReadAction\",\"target\":[\"https:\/\/experienciadevida.com.ar\/portalurbano\/a-partir-de-este-miercoles-se-reanudara-la-atencion-en-coopelectric\/\"]}]},{\"@type\":\"BreadcrumbList\",\"@id\":\"https:\/\/experienciadevida.com.ar\/portalurbano\/a-partir-de-este-miercoles-se-reanudara-la-atencion-en-coopelectric\/#breadcrumb\",\"itemListElement\":[{\"@type\":\"ListItem\",\"position\":1,\"name\":\"Portada\",\"item\":\"https:\/\/experienciadevida.com.ar\/portalurbano\/\"},{\"@type\":\"ListItem\",\"position\":2,\"name\":\"A partir de este mi\u00e9rcoles se reanudar\u00e1 la atenci\u00f3n en Coopelectric\"}]},{\"@type\":\"WebSite\",\"@id\":\"https:\/\/experienciadevida.com.ar\/portalurbano\/#website\",\"url\":\"https:\/\/experienciadevida.com.ar\/portalurbano\/\",\"name\":\"\",\"description\":\"\",\"publisher\":{\"@id\":\"https:\/\/experienciadevida.com.ar\/portalurbano\/#organization\"},\"potentialAction\":[{\"@type\":\"SearchAction\",\"target\":{\"@type\":\"EntryPoint\",\"urlTemplate\":\"https:\/\/experienciadevida.com.ar\/portalurbano\/?s={search_term_string}\"},\"query-input\":\"required name=search_term_string\"}],\"inLanguage\":\"es\"},{\"@type\":\"Organization\",\"@id\":\"https:\/\/experienciadevida.com.ar\/portalurbano\/#organization\",\"name\":\"Portal Urbano\",\"url\":\"https:\/\/experienciadevida.com.ar\/portalurbano\/\",\"logo\":{\"@type\":\"ImageObject\",\"inLanguage\":\"es\",\"@id\":\"https:\/\/experienciadevida.com.ar\/portalurbano\/#\/schema\/logo\/image\/\",\"url\":\"https:\/\/experienciadevida.com.ar\/portalurbano\/wp-content\/uploads\/2019\/09\/Logo-Original.png\",\"contentUrl\":\"https:\/\/experienciadevida.com.ar\/portalurbano\/wp-content\/uploads\/2019\/09\/Logo-Original.png\",\"width\":2236,\"height\":1216,\"caption\":\"Portal Urbano\"},\"image\":{\"@id\":\"https:\/\/experienciadevida.com.ar\/portalurbano\/#\/schema\/logo\/image\/\"},\"sameAs\":[\"https:\/\/www.facebook.com\/Portal-Urbano-171542830093757\/\",\"https:\/\/twitter.com\/portalurbanook\",\"https:\/\/www.instagram.com\/_portalurbano\/\",\"https:\/\/www.youtube.com\/channel\/UCXhagIfszH8KxFiOok79zbA?view_as=subscriber\"]},{\"@type\":\"Person\",\"@id\":\"https:\/\/experienciadevida.com.ar\/portalurbano\/#\/schema\/person\/02dd326b1c4b056e9cc972486934a3a7\",\"name\":\"admpu17wp\",\"image\":{\"@type\":\"ImageObject\",\"inLanguage\":\"es\",\"@id\":\"https:\/\/experienciadevida.com.ar\/portalurbano\/#\/schema\/person\/image\/\",\"url\":\"https:\/\/secure.gravatar.com\/avatar\/830d4c57adaae6630765e449a6908047?s=96&d=mm&r=g\",\"contentUrl\":\"https:\/\/secure.gravatar.com\/avatar\/830d4c57adaae6630765e449a6908047?s=96&d=mm&r=g\",\"caption\":\"admpu17wp\"}}]}<\/script>\n<!-- \/ Yoast SEO plugin. -->","yoast_head_json":{"title":"A partir de este mi\u00e9rcoles se reanudar\u00e1 la atenci\u00f3n en Coopelectric -","robots":{"index":"index","follow":"follow","max-snippet":"max-snippet:-1","max-image-preview":"max-image-preview:large","max-video-preview":"max-video-preview:-1"},"canonical":"https:\/\/experienciadevida.com.ar\/portalurbano\/a-partir-de-este-miercoles-se-reanudara-la-atencion-en-coopelectric\/","og_locale":"es_ES","og_type":"article","og_title":"A partir de este mi\u00e9rcoles se reanudar\u00e1 la atenci\u00f3n en Coopelectric -","og_description":"En el marco de las medidas dispuestas por el Ejecutivo Municipal ante la situaci\u00f3n sanitaria,...","og_url":"https:\/\/experienciadevida.com.ar\/portalurbano\/a-partir-de-este-miercoles-se-reanudara-la-atencion-en-coopelectric\/","article_publisher":"https:\/\/www.facebook.com\/Portal-Urbano-171542830093757\/","article_published_time":"2020-06-16T17:19:42+00:00","article_modified_time":"2020-06-16T17:20:06+00:00","og_image":[{"width":667,"height":445,"url":"https:\/\/experienciadevida.com.ar\/portalurbano\/wp-content\/uploads\/2018\/09\/PARO2-1-5.jpg","type":"image\/jpeg"}],"author":"admpu17wp","twitter_card":"summary_large_image","twitter_creator":"@portalurbanook","twitter_site":"@portalurbanook","twitter_misc":{"Escrito por":"admpu17wp","Tiempo de lectura":"2 minutos"},"schema":{"@context":"https:\/\/schema.org","@graph":[{"@type":"Article","@id":"https:\/\/experienciadevida.com.ar\/portalurbano\/a-partir-de-este-miercoles-se-reanudara-la-atencion-en-coopelectric\/#article","isPartOf":{"@id":"https:\/\/experienciadevida.com.ar\/portalurbano\/a-partir-de-este-miercoles-se-reanudara-la-atencion-en-coopelectric\/"},"author":{"name":"admpu17wp","@id":"https:\/\/experienciadevida.com.ar\/portalurbano\/#\/schema\/person\/02dd326b1c4b056e9cc972486934a3a7"},"headline":"A partir de este mi\u00e9rcoles se reanudar\u00e1 la atenci\u00f3n en Coopelectric","datePublished":"2020-06-16T17:19:42+00:00","dateModified":"2020-06-16T17:20:06+00:00","mainEntityOfPage":{"@id":"https:\/\/experienciadevida.com.ar\/portalurbano\/a-partir-de-este-miercoles-se-reanudara-la-atencion-en-coopelectric\/"},"wordCount":393,"commentCount":0,"publisher":{"@id":"https:\/\/experienciadevida.com.ar\/portalurbano\/#organization"},"articleSection":["Ciudad","Destacadas"],"inLanguage":"es","potentialAction":[{"@type":"CommentAction","name":"Comment","target":["https:\/\/experienciadevida.com.ar\/portalurbano\/a-partir-de-este-miercoles-se-reanudara-la-atencion-en-coopelectric\/#respond"]}]},{"@type":"WebPage","@id":"https:\/\/experienciadevida.com.ar\/portalurbano\/a-partir-de-este-miercoles-se-reanudara-la-atencion-en-coopelectric\/","url":"https:\/\/experienciadevida.com.ar\/portalurbano\/a-partir-de-este-miercoles-se-reanudara-la-atencion-en-coopelectric\/","name":"A partir de este mi\u00e9rcoles se reanudar\u00e1 la atenci\u00f3n en Coopelectric -","isPartOf":{"@id":"https:\/\/experienciadevida.com.ar\/portalurbano\/#website"},"datePublished":"2020-06-16T17:19:42+00:00","dateModified":"2020-06-16T17:20:06+00:00","breadcrumb":{"@id":"https:\/\/experienciadevida.com.ar\/portalurbano\/a-partir-de-este-miercoles-se-reanudara-la-atencion-en-coopelectric\/#breadcrumb"},"inLanguage":"es","potentialAction":[{"@type":"ReadAction","target":["https:\/\/experienciadevida.com.ar\/portalurbano\/a-partir-de-este-miercoles-se-reanudara-la-atencion-en-coopelectric\/"]}]},{"@type":"BreadcrumbList","@id":"https:\/\/experienciadevida.com.ar\/portalurbano\/a-partir-de-este-miercoles-se-reanudara-la-atencion-en-coopelectric\/#breadcrumb","itemListElement":[{"@type":"ListItem","position":1,"name":"Portada","item":"https:\/\/experienciadevida.com.ar\/portalurbano\/"},{"@type":"ListItem","position":2,"name":"A partir de este mi\u00e9rcoles se reanudar\u00e1 la atenci\u00f3n en Coopelectric"}]},{"@type":"WebSite","@id":"https:\/\/experienciadevida.com.ar\/portalurbano\/#website","url":"https:\/\/experienciadevida.com.ar\/portalurbano\/","name":"","description":"","publisher":{"@id":"https:\/\/experienciadevida.com.ar\/portalurbano\/#organization"},"potentialAction":[{"@type":"SearchAction","target":{"@type":"EntryPoint","urlTemplate":"https:\/\/experienciadevida.com.ar\/portalurbano\/?s={search_term_string}"},"query-input":"required name=search_term_string"}],"inLanguage":"es"},{"@type":"Organization","@id":"https:\/\/experienciadevida.com.ar\/portalurbano\/#organization","name":"Portal Urbano","url":"https:\/\/experienciadevida.com.ar\/portalurbano\/","logo":{"@type":"ImageObject","inLanguage":"es","@id":"https:\/\/experienciadevida.com.ar\/portalurbano\/#\/schema\/logo\/image\/","url":"https:\/\/experienciadevida.com.ar\/portalurbano\/wp-content\/uploads\/2019\/09\/Logo-Original.png","contentUrl":"https:\/\/experienciadevida.com.ar\/portalurbano\/wp-content\/uploads\/2019\/09\/Logo-Original.png","width":2236,"height":1216,"caption":"Portal Urbano"},"image":{"@id":"https:\/\/experienciadevida.com.ar\/portalurbano\/#\/schema\/logo\/image\/"},"sameAs":["https:\/\/www.facebook.com\/Portal-Urbano-171542830093757\/","https:\/\/twitter.com\/portalurbanook","https:\/\/www.instagram.com\/_portalurbano\/","https:\/\/www.youtube.com\/channel\/UCXhagIfszH8KxFiOok79zbA?view_as=subscriber"]},{"@type":"Person","@id":"https:\/\/experienciadevida.com.ar\/portalurbano\/#\/schema\/person\/02dd326b1c4b056e9cc972486934a3a7","name":"admpu17wp","image":{"@type":"ImageObject","inLanguage":"es","@id":"https:\/\/experienciadevida.com.ar\/portalurbano\/#\/schema\/person\/image\/","url":"https:\/\/secure.gravatar.com\/avatar\/830d4c57adaae6630765e449a6908047?s=96&d=mm&r=g","contentUrl":"https:\/\/secure.gravatar.com\/avatar\/830d4c57adaae6630765e449a6908047?s=96&d=mm&r=g","caption":"admpu17wp"}}]}},"featured_image_urls":{"full":"","thumbnail":"","medium":"","medium_large":"","large":"","ug_big":"","1536x1536":"","2048x2048":"","newsever-slider-full":"","newsever-featured":"","newsever-medium":"","web-stories-poster-portrait":"","web-stories-publisher-logo":"","web-stories-thumbnail":""},"author_info":{"display_name":"admpu17wp","author_link":"https:\/\/experienciadevida.com.ar\/portalurbano\/author\/admpu17wp\/"},"category_info":"<a href=\"https:\/\/experienciadevida.com.ar\/portalurbano\/category\/ciudad\/\" rel=\"category tag\">Ciudad<\/a> <a href=\"https:\/\/experienciadevida.com.ar\/portalurbano\/category\/destacadas\/\" rel=\"category tag\">Destacadas<\/a>","tag_info":"Destacadas","comment_count":"0","amp_enabled":true,"_links":{"self":[{"href":"https:\/\/experienciadevida.com.ar\/portalurbano\/wp-json\/wp\/v2\/posts\/112365"}],"collection":[{"href":"https:\/\/experienciadevida.com.ar\/portalurbano\/wp-json\/wp\/v2\/posts"}],"about":[{"href":"https:\/\/experienciadevida.com.ar\/portalurbano\/wp-json\/wp\/v2\/types\/post"}],"author":[{"embeddable":true,"href":"https:\/\/experienciadevida.com.ar\/portalurbano\/wp-json\/wp\/v2\/users\/1"}],"replies":[{"embeddable":true,"href":"https:\/\/experienciadevida.com.ar\/portalurbano\/wp-json\/wp\/v2\/comments?post=112365"}],"version-history":[{"count":1,"href":"https:\/\/experienciadevida.com.ar\/portalurbano\/wp-json\/wp\/v2\/posts\/112365\/revisions"}],"predecessor-version":[{"id":112366,"href":"https:\/\/experienciadevida.com.ar\/portalurbano\/wp-json\/wp\/v2\/posts\/112365\/revisions\/112366"}],"wp:attachment":[{"href":"https:\/\/experienciadevida.com.ar\/portalurbano\/wp-json\/wp\/v2\/media?parent=112365"}],"wp:term":[{"taxonomy":"category","embeddable":true,"href":"https:\/\/experienciadevida.com.ar\/portalurbano\/wp-json\/wp\/v2\/categories?post=112365"},{"taxonomy":"post_tag","embeddable":true,"href":"https:\/\/experienciadevida.com.ar\/portalurbano\/wp-json\/wp\/v2\/tags?post=112365"}],"curies":[{"name":"wp","href":"https:\/\/api.w.org\/{rel}","templated":true}]}}