{"id":112044,"date":"2020-06-12T11:40:14","date_gmt":"2020-06-12T14:40:14","guid":{"rendered":"https:\/\/experienciadevida.com.ar\/portalurbano\/?p=112044"},"modified":"2020-06-12T11:40:14","modified_gmt":"2020-06-12T14:40:14","slug":"grand-el-hisopado-no-es-magico-es-una-foto-de-ahora","status":"publish","type":"post","link":"https:\/\/experienciadevida.com.ar\/portalurbano\/grand-el-hisopado-no-es-magico-es-una-foto-de-ahora\/","title":{"rendered":"Grand: \u201cEl hisopado no es m\u00e1gico, es una foto de ahora\u201d"},"content":{"rendered":"<p>El equipo del Hospital Municipal \u201cDr. H\u00e9ctor Cura\u201d trabaja arduamente por estas horas en la realizaci\u00f3n de estudios epidemiol\u00f3gicos y acciones concretas para detecci\u00f3n de Covid-19.<\/p>\n<p>Desde el inicio de la Emergencia Sanitaria, desde el nosocomio local se han estudiado m\u00e1s de 360 casos sospechosos de Covid-19 y en cada jornada se realizan hisopados para determinar si una persona tiene o no el virus.<\/p>\n<p>\u201cCuando hablamos de \u2018testeo\u2019, estamos hablando de un hisopado de nariz y boca que detecta el material gen\u00e9tico del virus. Eso se llama PCR, que al equipo de salud nos determina saber que si te da positivo ahora ten\u00e9s el virus, si te da negativo, ahora no ten\u00e9s virus\u201d, defini\u00f3 la Doctora Marina Grand.<\/p>\n<p>Al mismo tiempo indic\u00f3 que \u201ceso habla de una foto de ahora, del momento. Si yo ma\u00f1ana empiezo con s\u00edntomas, no me sirve de nada haber tenido un hisopado negativo\u201d.<\/p>\n<p>En cuanto a los casos positivos de Olavarr\u00eda, remarc\u00f3 que \u201cestamos viendo que la gente se contagi\u00f3 por participar de reuniones sociales, no se contagi\u00f3 en el supermercado o en el banco, sino por reuniones sociales, por lo que pedimos que por favor no nos juntemos con nadie que no viva en nuestra casa, por m\u00e1s que sean amigos y familiares. Estamos en fase 1, no podemos reunirnos con nadie: del trabajo a casa y si no estoy exento mejor, me puedo quedar en casa\u201d.<\/p>\n<p>En referencia a la infecci\u00f3n en s\u00ed, explic\u00f3 que \u201ctiene un periodo de incubaci\u00f3n de 14 d\u00edas m\u00e1s o menos, el tiempo medio es entre 5 y 7 d\u00edas, el m\u00e1ximo ser\u00eda 14. Si yo hago un hisopado ahora, despu\u00e9s de haber tenido contacto con un caso sospechoso no me sirve de nada, lo que tengo que hacer es el aislamiento. Porque el hisopado me va a decir si tengo o no tengo el virus, pero el aislamiento lo tengo que hacer igual si estuve en contacto con un caso sospechoso\u201d.<\/p>\n<p>Grand consider\u00f3 que \u201cel hisopado lo pedimos en el caso de una persona que tenga s\u00edntomas, para poder hacer el aislamiento y un seguimiento m\u00e1s estricto; en el caso de personal de salud que estuvo en contacto con alguien que pudo haber sido positivo por el hecho de que el personal de salud suele ser gente joven que puede diseminar el virus y que est\u00e1 en contacto con poblaci\u00f3n vulnerable; y tambi\u00e9n lo pedimos en el caso del personal de salud para volver a trabajar\u201d.<\/p>\n<p>\u201cOtro de los casos en el que pedimos el hisopado es para estudio epidemiol\u00f3gico: un primer paciente que no podemos determinar d\u00f3nde o c\u00f3mo se pudo haber contagiado el virus, pedimos el hisopado a los contactos para ver cu\u00e1l pudo haber sido el nexo para que esa persona se contagie\u201d, agreg\u00f3.<\/p>\n<p>La doctora remarc\u00f3 que el hisopado \u201cno es m\u00e1gico, no sirve m\u00e1s que para una foto de ahora de saber si tengo el virus o no. No me cambia porque lamentablemente no hay tratamiento. El tratamiento ahora es tratamiento de s\u00edntomas (si la persona tiene fiebre, por ejemplo), tener buena alimentaci\u00f3n y tomar mucho l\u00edquido y en el caso de que haya tenido contacto, el aislamiento para no diseminar el virus\u201d.<\/p>\n<p>En este sentido indic\u00f3 que \u201ces importante hacerlo en una persona que presente s\u00edntomas, porque al ser sintom\u00e1tico generalmente tiene mayor cantidad de virus y se detecta mejor. Estamos haciendo testeos en casos sintom\u00e1ticos que cumplen con el criterio de caso sospechoso y en personal de salud\u201d.<\/p>\n<p>\u201cLo que tenemos que hacer con la persona que puede estar infectada es aislarla, el hisopado solo me permite saber si tiene el virus ahora o si no tiene el virus ahora, en este momento. Quien se tiene que aislar es la persona que tuvo contacto con el caso sospechoso, no los familiares\u201d, expres\u00f3.<\/p>\n<p>En el final, la Dra. Grand remarc\u00f3 que \u201clas medidas de precauci\u00f3n son fundamentales: mantener la distancia de dos metros de una persona con la otra en todo momento: en el trabajo, en la cola del banco, cuando le llevo a familiares la compra, siempre mantener dos metros. Si tengo que romper esa distancia de dos metros me pongo en riesgo, entonces me protejo con el tapabocas y tapa nariz, con el lavado de manos frecuente y -fundamental tambi\u00e9n- no tocarme la boca, los ojos y la nariz y no compartir mate ni ning\u00fan utensilio\u201d.<\/p>\n","protected":false},"excerpt":{"rendered":"<p>El equipo del Hospital Municipal \u201cDr. H\u00e9ctor Cura\u201d trabaja arduamente por estas horas en la&#8230;<\/p>\n","protected":false},"author":1,"featured_media":112045,"comment_status":"open","ping_status":"open","sticky":false,"template":"","format":"standard","meta":{"content-type":""},"categories":[71,51,45],"tags":[],"nelio_content":{"isAutoShareEnabled":false,"autoShareEndMode":"default","automationSources":{"useContentSentences":true,"useSocialTemplates":true,"useCustomSentences":false,"customSentences":[]},"followers":[1],"suggestedReferences":[],"includedReferences":[],"efiUrl":"","efiAlt":"","highlights":[]},"yoast_head":"<!-- This site is optimized with the Yoast SEO plugin v20.7 - https:\/\/yoast.com\/wordpress\/plugins\/seo\/ -->\n<title>Grand: \u201cEl hisopado no es m\u00e1gico, es una foto de ahora\u201d -<\/title>\n<meta name=\"robots\" content=\"index, follow, max-snippet:-1, max-image-preview:large, max-video-preview:-1\" \/>\n<link rel=\"canonical\" href=\"https:\/\/experienciadevida.com.ar\/portalurbano\/grand-el-hisopado-no-es-magico-es-una-foto-de-ahora\/\" \/>\n<meta property=\"og:locale\" content=\"es_ES\" \/>\n<meta property=\"og:type\" content=\"article\" \/>\n<meta property=\"og:title\" content=\"Grand: \u201cEl hisopado no es m\u00e1gico, es una foto de ahora\u201d -\" \/>\n<meta property=\"og:description\" content=\"El equipo del Hospital Municipal \u201cDr. H\u00e9ctor Cura\u201d trabaja arduamente por estas horas en la...\" \/>\n<meta property=\"og:url\" content=\"https:\/\/experienciadevida.com.ar\/portalurbano\/grand-el-hisopado-no-es-magico-es-una-foto-de-ahora\/\" \/>\n<meta property=\"article:publisher\" content=\"https:\/\/www.facebook.com\/Portal-Urbano-171542830093757\/\" \/>\n<meta property=\"article:published_time\" content=\"2020-06-12T14:40:14+00:00\" \/>\n<meta property=\"og:image\" content=\"https:\/\/experienciadevida.com.ar\/portalurbano\/wp-content\/uploads\/2020\/06\/GRANDINFECTOLOGA.jpg\" \/>\n\t<meta property=\"og:image:width\" content=\"765\" \/>\n\t<meta property=\"og:image:height\" content=\"510\" \/>\n\t<meta property=\"og:image:type\" content=\"image\/jpeg\" \/>\n<meta name=\"author\" content=\"admpu17wp\" \/>\n<meta name=\"twitter:card\" content=\"summary_large_image\" \/>\n<meta name=\"twitter:creator\" content=\"@portalurbanook\" \/>\n<meta name=\"twitter:site\" content=\"@portalurbanook\" \/>\n<meta name=\"twitter:label1\" content=\"Escrito por\" \/>\n\t<meta name=\"twitter:data1\" content=\"admpu17wp\" \/>\n\t<meta name=\"twitter:label2\" content=\"Tiempo de lectura\" \/>\n\t<meta name=\"twitter:data2\" content=\"4 minutos\" \/>\n<script type=\"application\/ld+json\" class=\"yoast-schema-graph\">{\"@context\":\"https:\/\/schema.org\",\"@graph\":[{\"@type\":\"Article\",\"@id\":\"https:\/\/experienciadevida.com.ar\/portalurbano\/grand-el-hisopado-no-es-magico-es-una-foto-de-ahora\/#article\",\"isPartOf\":{\"@id\":\"https:\/\/experienciadevida.com.ar\/portalurbano\/grand-el-hisopado-no-es-magico-es-una-foto-de-ahora\/\"},\"author\":{\"name\":\"admpu17wp\",\"@id\":\"https:\/\/experienciadevida.com.ar\/portalurbano\/#\/schema\/person\/02dd326b1c4b056e9cc972486934a3a7\"},\"headline\":\"Grand: \u201cEl hisopado no es m\u00e1gico, es una foto de ahora\u201d\",\"datePublished\":\"2020-06-12T14:40:14+00:00\",\"dateModified\":\"2020-06-12T14:40:14+00:00\",\"mainEntityOfPage\":{\"@id\":\"https:\/\/experienciadevida.com.ar\/portalurbano\/grand-el-hisopado-no-es-magico-es-una-foto-de-ahora\/\"},\"wordCount\":772,\"commentCount\":0,\"publisher\":{\"@id\":\"https:\/\/experienciadevida.com.ar\/portalurbano\/#organization\"},\"articleSection\":[\"Coronavirus\",\"Destacadas\",\"Salud\"],\"inLanguage\":\"es\",\"potentialAction\":[{\"@type\":\"CommentAction\",\"name\":\"Comment\",\"target\":[\"https:\/\/experienciadevida.com.ar\/portalurbano\/grand-el-hisopado-no-es-magico-es-una-foto-de-ahora\/#respond\"]}]},{\"@type\":\"WebPage\",\"@id\":\"https:\/\/experienciadevida.com.ar\/portalurbano\/grand-el-hisopado-no-es-magico-es-una-foto-de-ahora\/\",\"url\":\"https:\/\/experienciadevida.com.ar\/portalurbano\/grand-el-hisopado-no-es-magico-es-una-foto-de-ahora\/\",\"name\":\"Grand: \u201cEl hisopado no es m\u00e1gico, es una foto de ahora\u201d -\",\"isPartOf\":{\"@id\":\"https:\/\/experienciadevida.com.ar\/portalurbano\/#website\"},\"datePublished\":\"2020-06-12T14:40:14+00:00\",\"dateModified\":\"2020-06-12T14:40:14+00:00\",\"breadcrumb\":{\"@id\":\"https:\/\/experienciadevida.com.ar\/portalurbano\/grand-el-hisopado-no-es-magico-es-una-foto-de-ahora\/#breadcrumb\"},\"inLanguage\":\"es\",\"potentialAction\":[{\"@type\":\"ReadAction\",\"target\":[\"https:\/\/experienciadevida.com.ar\/portalurbano\/grand-el-hisopado-no-es-magico-es-una-foto-de-ahora\/\"]}]},{\"@type\":\"BreadcrumbList\",\"@id\":\"https:\/\/experienciadevida.com.ar\/portalurbano\/grand-el-hisopado-no-es-magico-es-una-foto-de-ahora\/#breadcrumb\",\"itemListElement\":[{\"@type\":\"ListItem\",\"position\":1,\"name\":\"Portada\",\"item\":\"https:\/\/experienciadevida.com.ar\/portalurbano\/\"},{\"@type\":\"ListItem\",\"position\":2,\"name\":\"Grand: \u201cEl hisopado no es m\u00e1gico, es una foto de ahora\u201d\"}]},{\"@type\":\"WebSite\",\"@id\":\"https:\/\/experienciadevida.com.ar\/portalurbano\/#website\",\"url\":\"https:\/\/experienciadevida.com.ar\/portalurbano\/\",\"name\":\"\",\"description\":\"\",\"publisher\":{\"@id\":\"https:\/\/experienciadevida.com.ar\/portalurbano\/#organization\"},\"potentialAction\":[{\"@type\":\"SearchAction\",\"target\":{\"@type\":\"EntryPoint\",\"urlTemplate\":\"https:\/\/experienciadevida.com.ar\/portalurbano\/?s={search_term_string}\"},\"query-input\":\"required name=search_term_string\"}],\"inLanguage\":\"es\"},{\"@type\":\"Organization\",\"@id\":\"https:\/\/experienciadevida.com.ar\/portalurbano\/#organization\",\"name\":\"Portal Urbano\",\"url\":\"https:\/\/experienciadevida.com.ar\/portalurbano\/\",\"logo\":{\"@type\":\"ImageObject\",\"inLanguage\":\"es\",\"@id\":\"https:\/\/experienciadevida.com.ar\/portalurbano\/#\/schema\/logo\/image\/\",\"url\":\"https:\/\/experienciadevida.com.ar\/portalurbano\/wp-content\/uploads\/2019\/09\/Logo-Original.png\",\"contentUrl\":\"https:\/\/experienciadevida.com.ar\/portalurbano\/wp-content\/uploads\/2019\/09\/Logo-Original.png\",\"width\":2236,\"height\":1216,\"caption\":\"Portal Urbano\"},\"image\":{\"@id\":\"https:\/\/experienciadevida.com.ar\/portalurbano\/#\/schema\/logo\/image\/\"},\"sameAs\":[\"https:\/\/www.facebook.com\/Portal-Urbano-171542830093757\/\",\"https:\/\/twitter.com\/portalurbanook\",\"https:\/\/www.instagram.com\/_portalurbano\/\",\"https:\/\/www.youtube.com\/channel\/UCXhagIfszH8KxFiOok79zbA?view_as=subscriber\"]},{\"@type\":\"Person\",\"@id\":\"https:\/\/experienciadevida.com.ar\/portalurbano\/#\/schema\/person\/02dd326b1c4b056e9cc972486934a3a7\",\"name\":\"admpu17wp\",\"image\":{\"@type\":\"ImageObject\",\"inLanguage\":\"es\",\"@id\":\"https:\/\/experienciadevida.com.ar\/portalurbano\/#\/schema\/person\/image\/\",\"url\":\"https:\/\/secure.gravatar.com\/avatar\/830d4c57adaae6630765e449a6908047?s=96&d=mm&r=g\",\"contentUrl\":\"https:\/\/secure.gravatar.com\/avatar\/830d4c57adaae6630765e449a6908047?s=96&d=mm&r=g\",\"caption\":\"admpu17wp\"}}]}<\/script>\n<!-- \/ Yoast SEO plugin. -->","yoast_head_json":{"title":"Grand: \u201cEl hisopado no es m\u00e1gico, es una foto de ahora\u201d -","robots":{"index":"index","follow":"follow","max-snippet":"max-snippet:-1","max-image-preview":"max-image-preview:large","max-video-preview":"max-video-preview:-1"},"canonical":"https:\/\/experienciadevida.com.ar\/portalurbano\/grand-el-hisopado-no-es-magico-es-una-foto-de-ahora\/","og_locale":"es_ES","og_type":"article","og_title":"Grand: \u201cEl hisopado no es m\u00e1gico, es una foto de ahora\u201d -","og_description":"El equipo del Hospital Municipal \u201cDr. H\u00e9ctor Cura\u201d trabaja arduamente por estas horas en la...","og_url":"https:\/\/experienciadevida.com.ar\/portalurbano\/grand-el-hisopado-no-es-magico-es-una-foto-de-ahora\/","article_publisher":"https:\/\/www.facebook.com\/Portal-Urbano-171542830093757\/","article_published_time":"2020-06-12T14:40:14+00:00","og_image":[{"width":765,"height":510,"url":"https:\/\/experienciadevida.com.ar\/portalurbano\/wp-content\/uploads\/2020\/06\/GRANDINFECTOLOGA.jpg","type":"image\/jpeg"}],"author":"admpu17wp","twitter_card":"summary_large_image","twitter_creator":"@portalurbanook","twitter_site":"@portalurbanook","twitter_misc":{"Escrito por":"admpu17wp","Tiempo de lectura":"4 minutos"},"schema":{"@context":"https:\/\/schema.org","@graph":[{"@type":"Article","@id":"https:\/\/experienciadevida.com.ar\/portalurbano\/grand-el-hisopado-no-es-magico-es-una-foto-de-ahora\/#article","isPartOf":{"@id":"https:\/\/experienciadevida.com.ar\/portalurbano\/grand-el-hisopado-no-es-magico-es-una-foto-de-ahora\/"},"author":{"name":"admpu17wp","@id":"https:\/\/experienciadevida.com.ar\/portalurbano\/#\/schema\/person\/02dd326b1c4b056e9cc972486934a3a7"},"headline":"Grand: \u201cEl hisopado no es m\u00e1gico, es una foto de ahora\u201d","datePublished":"2020-06-12T14:40:14+00:00","dateModified":"2020-06-12T14:40:14+00:00","mainEntityOfPage":{"@id":"https:\/\/experienciadevida.com.ar\/portalurbano\/grand-el-hisopado-no-es-magico-es-una-foto-de-ahora\/"},"wordCount":772,"commentCount":0,"publisher":{"@id":"https:\/\/experienciadevida.com.ar\/portalurbano\/#organization"},"articleSection":["Coronavirus","Destacadas","Salud"],"inLanguage":"es","potentialAction":[{"@type":"CommentAction","name":"Comment","target":["https:\/\/experienciadevida.com.ar\/portalurbano\/grand-el-hisopado-no-es-magico-es-una-foto-de-ahora\/#respond"]}]},{"@type":"WebPage","@id":"https:\/\/experienciadevida.com.ar\/portalurbano\/grand-el-hisopado-no-es-magico-es-una-foto-de-ahora\/","url":"https:\/\/experienciadevida.com.ar\/portalurbano\/grand-el-hisopado-no-es-magico-es-una-foto-de-ahora\/","name":"Grand: \u201cEl hisopado no es m\u00e1gico, es una foto de ahora\u201d -","isPartOf":{"@id":"https:\/\/experienciadevida.com.ar\/portalurbano\/#website"},"datePublished":"2020-06-12T14:40:14+00:00","dateModified":"2020-06-12T14:40:14+00:00","breadcrumb":{"@id":"https:\/\/experienciadevida.com.ar\/portalurbano\/grand-el-hisopado-no-es-magico-es-una-foto-de-ahora\/#breadcrumb"},"inLanguage":"es","potentialAction":[{"@type":"ReadAction","target":["https:\/\/experienciadevida.com.ar\/portalurbano\/grand-el-hisopado-no-es-magico-es-una-foto-de-ahora\/"]}]},{"@type":"BreadcrumbList","@id":"https:\/\/experienciadevida.com.ar\/portalurbano\/grand-el-hisopado-no-es-magico-es-una-foto-de-ahora\/#breadcrumb","itemListElement":[{"@type":"ListItem","position":1,"name":"Portada","item":"https:\/\/experienciadevida.com.ar\/portalurbano\/"},{"@type":"ListItem","position":2,"name":"Grand: \u201cEl hisopado no es m\u00e1gico, es una foto de ahora\u201d"}]},{"@type":"WebSite","@id":"https:\/\/experienciadevida.com.ar\/portalurbano\/#website","url":"https:\/\/experienciadevida.com.ar\/portalurbano\/","name":"","description":"","publisher":{"@id":"https:\/\/experienciadevida.com.ar\/portalurbano\/#organization"},"potentialAction":[{"@type":"SearchAction","target":{"@type":"EntryPoint","urlTemplate":"https:\/\/experienciadevida.com.ar\/portalurbano\/?s={search_term_string}"},"query-input":"required name=search_term_string"}],"inLanguage":"es"},{"@type":"Organization","@id":"https:\/\/experienciadevida.com.ar\/portalurbano\/#organization","name":"Portal Urbano","url":"https:\/\/experienciadevida.com.ar\/portalurbano\/","logo":{"@type":"ImageObject","inLanguage":"es","@id":"https:\/\/experienciadevida.com.ar\/portalurbano\/#\/schema\/logo\/image\/","url":"https:\/\/experienciadevida.com.ar\/portalurbano\/wp-content\/uploads\/2019\/09\/Logo-Original.png","contentUrl":"https:\/\/experienciadevida.com.ar\/portalurbano\/wp-content\/uploads\/2019\/09\/Logo-Original.png","width":2236,"height":1216,"caption":"Portal Urbano"},"image":{"@id":"https:\/\/experienciadevida.com.ar\/portalurbano\/#\/schema\/logo\/image\/"},"sameAs":["https:\/\/www.facebook.com\/Portal-Urbano-171542830093757\/","https:\/\/twitter.com\/portalurbanook","https:\/\/www.instagram.com\/_portalurbano\/","https:\/\/www.youtube.com\/channel\/UCXhagIfszH8KxFiOok79zbA?view_as=subscriber"]},{"@type":"Person","@id":"https:\/\/experienciadevida.com.ar\/portalurbano\/#\/schema\/person\/02dd326b1c4b056e9cc972486934a3a7","name":"admpu17wp","image":{"@type":"ImageObject","inLanguage":"es","@id":"https:\/\/experienciadevida.com.ar\/portalurbano\/#\/schema\/person\/image\/","url":"https:\/\/secure.gravatar.com\/avatar\/830d4c57adaae6630765e449a6908047?s=96&d=mm&r=g","contentUrl":"https:\/\/secure.gravatar.com\/avatar\/830d4c57adaae6630765e449a6908047?s=96&d=mm&r=g","caption":"admpu17wp"}}]}},"featured_image_urls":{"full":["https:\/\/experienciadevida.com.ar\/portalurbano\/wp-content\/uploads\/2020\/06\/GRANDINFECTOLOGA.jpg",765,510,false],"thumbnail":["https:\/\/experienciadevida.com.ar\/portalurbano\/wp-content\/uploads\/2020\/06\/GRANDINFECTOLOGA-150x150.jpg",150,150,true],"medium":["https:\/\/experienciadevida.com.ar\/portalurbano\/wp-content\/uploads\/2020\/06\/GRANDINFECTOLOGA-300x200.jpg",300,200,true],"medium_large":["https:\/\/experienciadevida.com.ar\/portalurbano\/wp-content\/uploads\/2020\/06\/GRANDINFECTOLOGA.jpg",640,427,false],"large":["https:\/\/experienciadevida.com.ar\/portalurbano\/wp-content\/uploads\/2020\/06\/GRANDINFECTOLOGA.jpg",640,427,false],"ug_big":["https:\/\/experienciadevida.com.ar\/portalurbano\/wp-content\/uploads\/2020\/06\/GRANDINFECTOLOGA.jpg",765,510,false],"1536x1536":["https:\/\/experienciadevida.com.ar\/portalurbano\/wp-content\/uploads\/2020\/06\/GRANDINFECTOLOGA.jpg",765,510,false],"2048x2048":["https:\/\/experienciadevida.com.ar\/portalurbano\/wp-content\/uploads\/2020\/06\/GRANDINFECTOLOGA.jpg",765,510,false],"newsever-slider-full":["https:\/\/experienciadevida.com.ar\/portalurbano\/wp-content\/uploads\/2020\/06\/GRANDINFECTOLOGA.jpg",765,510,false],"newsever-featured":["https:\/\/experienciadevida.com.ar\/portalurbano\/wp-content\/uploads\/2020\/06\/GRANDINFECTOLOGA.jpg",765,510,false],"newsever-medium":["https:\/\/experienciadevida.com.ar\/portalurbano\/wp-content\/uploads\/2020\/06\/GRANDINFECTOLOGA.jpg",713,475,false],"web-stories-poster-portrait":["https:\/\/experienciadevida.com.ar\/portalurbano\/wp-content\/uploads\/2020\/06\/GRANDINFECTOLOGA.jpg",640,427,false],"web-stories-publisher-logo":["https:\/\/experienciadevida.com.ar\/portalurbano\/wp-content\/uploads\/2020\/06\/GRANDINFECTOLOGA.jpg",96,64,false],"web-stories-thumbnail":["https:\/\/experienciadevida.com.ar\/portalurbano\/wp-content\/uploads\/2020\/06\/GRANDINFECTOLOGA.jpg",150,100,false]},"author_info":{"display_name":"admpu17wp","author_link":"https:\/\/experienciadevida.com.ar\/portalurbano\/author\/admpu17wp\/"},"category_info":"<a href=\"https:\/\/experienciadevida.com.ar\/portalurbano\/category\/nacion\/coronavirus\/\" rel=\"category tag\">Coronavirus<\/a> <a href=\"https:\/\/experienciadevida.com.ar\/portalurbano\/category\/destacadas\/\" rel=\"category tag\">Destacadas<\/a> <a href=\"https:\/\/experienciadevida.com.ar\/portalurbano\/category\/ciudad\/salud\/\" rel=\"category tag\">Salud<\/a>","tag_info":"Salud","comment_count":"0","amp_enabled":true,"_links":{"self":[{"href":"https:\/\/experienciadevida.com.ar\/portalurbano\/wp-json\/wp\/v2\/posts\/112044"}],"collection":[{"href":"https:\/\/experienciadevida.com.ar\/portalurbano\/wp-json\/wp\/v2\/posts"}],"about":[{"href":"https:\/\/experienciadevida.com.ar\/portalurbano\/wp-json\/wp\/v2\/types\/post"}],"author":[{"embeddable":true,"href":"https:\/\/experienciadevida.com.ar\/portalurbano\/wp-json\/wp\/v2\/users\/1"}],"replies":[{"embeddable":true,"href":"https:\/\/experienciadevida.com.ar\/portalurbano\/wp-json\/wp\/v2\/comments?post=112044"}],"version-history":[{"count":1,"href":"https:\/\/experienciadevida.com.ar\/portalurbano\/wp-json\/wp\/v2\/posts\/112044\/revisions"}],"predecessor-version":[{"id":112046,"href":"https:\/\/experienciadevida.com.ar\/portalurbano\/wp-json\/wp\/v2\/posts\/112044\/revisions\/112046"}],"wp:featuredmedia":[{"embeddable":true,"href":"https:\/\/experienciadevida.com.ar\/portalurbano\/wp-json\/wp\/v2\/media\/112045"}],"wp:attachment":[{"href":"https:\/\/experienciadevida.com.ar\/portalurbano\/wp-json\/wp\/v2\/media?parent=112044"}],"wp:term":[{"taxonomy":"category","embeddable":true,"href":"https:\/\/experienciadevida.com.ar\/portalurbano\/wp-json\/wp\/v2\/categories?post=112044"},{"taxonomy":"post_tag","embeddable":true,"href":"https:\/\/experienciadevida.com.ar\/portalurbano\/wp-json\/wp\/v2\/tags?post=112044"}],"curies":[{"name":"wp","href":"https:\/\/api.w.org\/{rel}","templated":true}]}}