{"id":111858,"date":"2020-06-10T17:48:38","date_gmt":"2020-06-10T20:48:38","guid":{"rendered":"https:\/\/experienciadevida.com.ar\/portalurbano\/?p=111858"},"modified":"2020-06-10T17:49:15","modified_gmt":"2020-06-10T20:49:15","slug":"piden-extremar-los-cuidados-en-el-poder-judicial-para-prevenir-la-circulacion-viral","status":"publish","type":"post","link":"https:\/\/experienciadevida.com.ar\/portalurbano\/piden-extremar-los-cuidados-en-el-poder-judicial-para-prevenir-la-circulacion-viral\/","title":{"rendered":"Piden extremar los cuidados en el Poder Judicial para &#8220;prevenir la circulaci\u00f3n viral&#8221;"},"content":{"rendered":"<p>Como una manera de &#8220;colaborar en la contenci\u00f3n del brote del virus COVID-19 en el Partido de Olavarr\u00eda&#8221; y, al mismo tiempo, para &#8220;prevenir la circulaci\u00f3n viral&#8221; hacia las dem\u00e1s localidades que forman parte del Departamento Judicial Azul, se exhort\u00f3 a los titulares de los organismos judiciales para que prescindan de contar en sus lugares de trabajo con las presencias de funcionarios y empleados radicados en la vecina ciudad, donde en la noche de este martes que pas\u00f3 el intendente Ezequiel Galli anunci\u00f3 que ascienden a 54 en total los casos de coronavirus.<\/p>\n<p>En la misma resoluci\u00f3n, firmada por el juez de la C\u00e1mara Penal de Azul Carlos Pagliere (h), quien actualmente tambi\u00e9n se encuentra en ejercicio de la Superintendencia Departamental, se pidi\u00f3 a los titulares de los organismos judiciales con sede en Olavarr\u00eda que tengan entre sus funcionarios y empleados a personas que deban concurrir a esa ciudad desde otras localidades que, de no ser necesarios ni imprescindibles para garantizar el servicio de justicia, &#8220;dispensen a los mismos de la prestaci\u00f3n laboral presencial durante el per\u00edodo de aislamiento social preventivo y obligatorio dispuesto por el Municipio de Olavarr\u00eda&#8221; a causa de la actual pandemia.<\/p>\n<p>Desde el lunes que pas\u00f3, de la mano del crecimiento exponencial de casos de coronavirus, Olavarr\u00eda se convirti\u00f3 en una de las ciudades que forman parte del Departamento Judicial Azul donde la pandemia se ha manifestado de manera m\u00e1s grave y preocupante.<\/p>\n<p>De esa manera, se volvi\u00f3 a la primera y m\u00e1s rigurosa de las fases impuestas a trav\u00e9s del decreto nacional que est\u00e1 vigente desde el pasado 20 de marzo por la emergencia sanitaria que a\u00fan persiste a causa de la pandemia de coronavirus.<\/p>\n<p>Desde hace dos d\u00edas, y hasta el pr\u00f3ximo 15 del corriente mes, en Olavarr\u00eda est\u00e1n cerradas las actividades comerciales e industriales y ha sido restringido a lo esencial el desplazamiento de las personas, tanto de quienes residen en la vecina ciudad como de aquellas que a diario deben concurrir a la localidad, por ejemplo, por cuestiones laborales.<\/p>\n<p>Esta resoluci\u00f3n judicial se conoci\u00f3 ayer martes, mismo d\u00eda en que en horas de la noche el intendente Galli anunci\u00f3 que siete casos de coronavirus se hab\u00edan sumado a los ya existentes por la pandemia, que mostr\u00f3 su faceta m\u00e1s cr\u00edtica en la vecina ciudad cuando el mandatorio comunal diera a conocer el s\u00e1bado pasado un notorio ascenso de personas infectadas por el COVID-19.<\/p>\n<p>Eso hizo que nuevamente Olavarr\u00eda regresara a la Fase 1 del aislamiento preventivo social y obligatorio, siendo actualmente la localidad que m\u00e1s casos de coronavirus registra si se toman en cuenta las once que forman parte el Departamento Judicial Azul en la zona centro de la provincia de Buenos Aires.<\/p>\n<p>En esta nueva trama marcada por la actual pandemia de coronavirus, el movimiento habitual que a diario llevan a cabo personas que desempe\u00f1an tareas en la Justicia, desplaz\u00e1ndose hacia Olavarr\u00eda o viajando desde esa ciudad hacia otras del Departamento Judicial Azul, ha llevado a extremar las medidas sanitarias, al igual que est\u00e1 sucediendo en los dem\u00e1s \u00e1mbitos laborales.<\/p>\n<p>En ese contexto se inserta la dispuesto ayer martes por uno de los actuales integrantes de la C\u00e1mara Penal de Azul.<\/p>\n<p>&#8220;En el marco de esta situaci\u00f3n de pandemia que nos toca atravesar y de la espec\u00edfica situaci\u00f3n emergente -escribi\u00f3 en los fundamentos de la resoluci\u00f3n el juez Carlos Pagliere (h)- se estima importante la adopci\u00f3n de medidas, a los fines de colaborar en la contenci\u00f3n del brote del virus COVID-19 en el Partido de Olavarr\u00eda y, a su vez, prevenir la circulaci\u00f3n viral hacia otras localidades integrantes del Departamento Judicial Azul&#8221;.<\/p>\n<p>Adem\u00e1s, en caso de no ser posible cumplir con las referidas recomendaciones, en la resoluci\u00f3n se pide a los titulares de los organismos judiciales que &#8220;extremen las medidas sanitarias y de aislamiento personal a los fines de resguardar del contagio del virus al resto del plantel y a la comunidad en general&#8221;.<\/p>\n<p>Fuente: El tiempo<\/p>\n","protected":false},"excerpt":{"rendered":"<p>Como una manera de &#8220;colaborar en la contenci\u00f3n del brote del virus COVID-19 en el&#8230;<\/p>\n","protected":false},"author":1,"featured_media":0,"comment_status":"open","ping_status":"open","sticky":false,"template":"","format":"standard","meta":{"content-type":""},"categories":[27,51],"tags":[],"nelio_content":{"isAutoShareEnabled":false,"autoShareEndMode":"default","automationSources":{"useContentSentences":true,"useSocialTemplates":true,"useCustomSentences":false,"customSentences":[]},"followers":[1],"suggestedReferences":[],"includedReferences":[],"efiUrl":"","efiAlt":"","highlights":[]},"yoast_head":"<!-- This site is optimized with the Yoast SEO plugin v20.7 - https:\/\/yoast.com\/wordpress\/plugins\/seo\/ -->\n<title>Piden extremar los cuidados en el Poder Judicial para &quot;prevenir la circulaci\u00f3n viral&quot; -<\/title>\n<meta name=\"robots\" content=\"index, follow, max-snippet:-1, max-image-preview:large, max-video-preview:-1\" \/>\n<link rel=\"canonical\" href=\"https:\/\/experienciadevida.com.ar\/portalurbano\/piden-extremar-los-cuidados-en-el-poder-judicial-para-prevenir-la-circulacion-viral\/\" \/>\n<meta property=\"og:locale\" content=\"es_ES\" \/>\n<meta property=\"og:type\" content=\"article\" \/>\n<meta property=\"og:title\" content=\"Piden extremar los cuidados en el Poder Judicial para &quot;prevenir la circulaci\u00f3n viral&quot; -\" \/>\n<meta property=\"og:description\" content=\"Como una manera de &#8220;colaborar en la contenci\u00f3n del brote del virus COVID-19 en el...\" \/>\n<meta property=\"og:url\" content=\"https:\/\/experienciadevida.com.ar\/portalurbano\/piden-extremar-los-cuidados-en-el-poder-judicial-para-prevenir-la-circulacion-viral\/\" \/>\n<meta property=\"article:publisher\" content=\"https:\/\/www.facebook.com\/Portal-Urbano-171542830093757\/\" \/>\n<meta property=\"article:published_time\" content=\"2020-06-10T20:48:38+00:00\" \/>\n<meta property=\"article:modified_time\" content=\"2020-06-10T20:49:15+00:00\" \/>\n<meta property=\"og:image\" content=\"https:\/\/experienciadevida.com.ar\/portalurbano\/wp-content\/uploads\/2018\/05\/FISCALIA-1-1-e1525723490493.jpg\" \/>\n\t<meta property=\"og:image:width\" content=\"670\" \/>\n\t<meta property=\"og:image:height\" content=\"408\" \/>\n\t<meta property=\"og:image:type\" content=\"image\/jpeg\" \/>\n<meta name=\"author\" content=\"admpu17wp\" \/>\n<meta name=\"twitter:card\" content=\"summary_large_image\" \/>\n<meta name=\"twitter:creator\" content=\"@portalurbanook\" \/>\n<meta name=\"twitter:site\" content=\"@portalurbanook\" \/>\n<meta name=\"twitter:label1\" content=\"Escrito por\" \/>\n\t<meta name=\"twitter:data1\" content=\"admpu17wp\" \/>\n\t<meta name=\"twitter:label2\" content=\"Tiempo de lectura\" \/>\n\t<meta name=\"twitter:data2\" content=\"3 minutos\" \/>\n<script type=\"application\/ld+json\" class=\"yoast-schema-graph\">{\"@context\":\"https:\/\/schema.org\",\"@graph\":[{\"@type\":\"Article\",\"@id\":\"https:\/\/experienciadevida.com.ar\/portalurbano\/piden-extremar-los-cuidados-en-el-poder-judicial-para-prevenir-la-circulacion-viral\/#article\",\"isPartOf\":{\"@id\":\"https:\/\/experienciadevida.com.ar\/portalurbano\/piden-extremar-los-cuidados-en-el-poder-judicial-para-prevenir-la-circulacion-viral\/\"},\"author\":{\"name\":\"admpu17wp\",\"@id\":\"https:\/\/experienciadevida.com.ar\/portalurbano\/#\/schema\/person\/02dd326b1c4b056e9cc972486934a3a7\"},\"headline\":\"Piden extremar los cuidados en el Poder Judicial para &#8220;prevenir la circulaci\u00f3n viral&#8221;\",\"datePublished\":\"2020-06-10T20:48:38+00:00\",\"dateModified\":\"2020-06-10T20:49:15+00:00\",\"mainEntityOfPage\":{\"@id\":\"https:\/\/experienciadevida.com.ar\/portalurbano\/piden-extremar-los-cuidados-en-el-poder-judicial-para-prevenir-la-circulacion-viral\/\"},\"wordCount\":710,\"commentCount\":0,\"publisher\":{\"@id\":\"https:\/\/experienciadevida.com.ar\/portalurbano\/#organization\"},\"articleSection\":[\"Ciudad\",\"Destacadas\"],\"inLanguage\":\"es\",\"potentialAction\":[{\"@type\":\"CommentAction\",\"name\":\"Comment\",\"target\":[\"https:\/\/experienciadevida.com.ar\/portalurbano\/piden-extremar-los-cuidados-en-el-poder-judicial-para-prevenir-la-circulacion-viral\/#respond\"]}]},{\"@type\":\"WebPage\",\"@id\":\"https:\/\/experienciadevida.com.ar\/portalurbano\/piden-extremar-los-cuidados-en-el-poder-judicial-para-prevenir-la-circulacion-viral\/\",\"url\":\"https:\/\/experienciadevida.com.ar\/portalurbano\/piden-extremar-los-cuidados-en-el-poder-judicial-para-prevenir-la-circulacion-viral\/\",\"name\":\"Piden extremar los cuidados en el Poder Judicial para \\\"prevenir la circulaci\u00f3n viral\\\" -\",\"isPartOf\":{\"@id\":\"https:\/\/experienciadevida.com.ar\/portalurbano\/#website\"},\"datePublished\":\"2020-06-10T20:48:38+00:00\",\"dateModified\":\"2020-06-10T20:49:15+00:00\",\"breadcrumb\":{\"@id\":\"https:\/\/experienciadevida.com.ar\/portalurbano\/piden-extremar-los-cuidados-en-el-poder-judicial-para-prevenir-la-circulacion-viral\/#breadcrumb\"},\"inLanguage\":\"es\",\"potentialAction\":[{\"@type\":\"ReadAction\",\"target\":[\"https:\/\/experienciadevida.com.ar\/portalurbano\/piden-extremar-los-cuidados-en-el-poder-judicial-para-prevenir-la-circulacion-viral\/\"]}]},{\"@type\":\"BreadcrumbList\",\"@id\":\"https:\/\/experienciadevida.com.ar\/portalurbano\/piden-extremar-los-cuidados-en-el-poder-judicial-para-prevenir-la-circulacion-viral\/#breadcrumb\",\"itemListElement\":[{\"@type\":\"ListItem\",\"position\":1,\"name\":\"Portada\",\"item\":\"https:\/\/experienciadevida.com.ar\/portalurbano\/\"},{\"@type\":\"ListItem\",\"position\":2,\"name\":\"Piden extremar los cuidados en el Poder Judicial para \u00abprevenir la circulaci\u00f3n viral\u00bb\"}]},{\"@type\":\"WebSite\",\"@id\":\"https:\/\/experienciadevida.com.ar\/portalurbano\/#website\",\"url\":\"https:\/\/experienciadevida.com.ar\/portalurbano\/\",\"name\":\"\",\"description\":\"\",\"publisher\":{\"@id\":\"https:\/\/experienciadevida.com.ar\/portalurbano\/#organization\"},\"potentialAction\":[{\"@type\":\"SearchAction\",\"target\":{\"@type\":\"EntryPoint\",\"urlTemplate\":\"https:\/\/experienciadevida.com.ar\/portalurbano\/?s={search_term_string}\"},\"query-input\":\"required name=search_term_string\"}],\"inLanguage\":\"es\"},{\"@type\":\"Organization\",\"@id\":\"https:\/\/experienciadevida.com.ar\/portalurbano\/#organization\",\"name\":\"Portal Urbano\",\"url\":\"https:\/\/experienciadevida.com.ar\/portalurbano\/\",\"logo\":{\"@type\":\"ImageObject\",\"inLanguage\":\"es\",\"@id\":\"https:\/\/experienciadevida.com.ar\/portalurbano\/#\/schema\/logo\/image\/\",\"url\":\"https:\/\/experienciadevida.com.ar\/portalurbano\/wp-content\/uploads\/2019\/09\/Logo-Original.png\",\"contentUrl\":\"https:\/\/experienciadevida.com.ar\/portalurbano\/wp-content\/uploads\/2019\/09\/Logo-Original.png\",\"width\":2236,\"height\":1216,\"caption\":\"Portal Urbano\"},\"image\":{\"@id\":\"https:\/\/experienciadevida.com.ar\/portalurbano\/#\/schema\/logo\/image\/\"},\"sameAs\":[\"https:\/\/www.facebook.com\/Portal-Urbano-171542830093757\/\",\"https:\/\/twitter.com\/portalurbanook\",\"https:\/\/www.instagram.com\/_portalurbano\/\",\"https:\/\/www.youtube.com\/channel\/UCXhagIfszH8KxFiOok79zbA?view_as=subscriber\"]},{\"@type\":\"Person\",\"@id\":\"https:\/\/experienciadevida.com.ar\/portalurbano\/#\/schema\/person\/02dd326b1c4b056e9cc972486934a3a7\",\"name\":\"admpu17wp\",\"image\":{\"@type\":\"ImageObject\",\"inLanguage\":\"es\",\"@id\":\"https:\/\/experienciadevida.com.ar\/portalurbano\/#\/schema\/person\/image\/\",\"url\":\"https:\/\/secure.gravatar.com\/avatar\/830d4c57adaae6630765e449a6908047?s=96&d=mm&r=g\",\"contentUrl\":\"https:\/\/secure.gravatar.com\/avatar\/830d4c57adaae6630765e449a6908047?s=96&d=mm&r=g\",\"caption\":\"admpu17wp\"}}]}<\/script>\n<!-- \/ Yoast SEO plugin. -->","yoast_head_json":{"title":"Piden extremar los cuidados en el Poder Judicial para \"prevenir la circulaci\u00f3n viral\" -","robots":{"index":"index","follow":"follow","max-snippet":"max-snippet:-1","max-image-preview":"max-image-preview:large","max-video-preview":"max-video-preview:-1"},"canonical":"https:\/\/experienciadevida.com.ar\/portalurbano\/piden-extremar-los-cuidados-en-el-poder-judicial-para-prevenir-la-circulacion-viral\/","og_locale":"es_ES","og_type":"article","og_title":"Piden extremar los cuidados en el Poder Judicial para \"prevenir la circulaci\u00f3n viral\" -","og_description":"Como una manera de &#8220;colaborar en la contenci\u00f3n del brote del virus COVID-19 en el...","og_url":"https:\/\/experienciadevida.com.ar\/portalurbano\/piden-extremar-los-cuidados-en-el-poder-judicial-para-prevenir-la-circulacion-viral\/","article_publisher":"https:\/\/www.facebook.com\/Portal-Urbano-171542830093757\/","article_published_time":"2020-06-10T20:48:38+00:00","article_modified_time":"2020-06-10T20:49:15+00:00","og_image":[{"width":670,"height":408,"url":"https:\/\/experienciadevida.com.ar\/portalurbano\/wp-content\/uploads\/2018\/05\/FISCALIA-1-1-e1525723490493.jpg","type":"image\/jpeg"}],"author":"admpu17wp","twitter_card":"summary_large_image","twitter_creator":"@portalurbanook","twitter_site":"@portalurbanook","twitter_misc":{"Escrito por":"admpu17wp","Tiempo de lectura":"3 minutos"},"schema":{"@context":"https:\/\/schema.org","@graph":[{"@type":"Article","@id":"https:\/\/experienciadevida.com.ar\/portalurbano\/piden-extremar-los-cuidados-en-el-poder-judicial-para-prevenir-la-circulacion-viral\/#article","isPartOf":{"@id":"https:\/\/experienciadevida.com.ar\/portalurbano\/piden-extremar-los-cuidados-en-el-poder-judicial-para-prevenir-la-circulacion-viral\/"},"author":{"name":"admpu17wp","@id":"https:\/\/experienciadevida.com.ar\/portalurbano\/#\/schema\/person\/02dd326b1c4b056e9cc972486934a3a7"},"headline":"Piden extremar los cuidados en el Poder Judicial para &#8220;prevenir la circulaci\u00f3n viral&#8221;","datePublished":"2020-06-10T20:48:38+00:00","dateModified":"2020-06-10T20:49:15+00:00","mainEntityOfPage":{"@id":"https:\/\/experienciadevida.com.ar\/portalurbano\/piden-extremar-los-cuidados-en-el-poder-judicial-para-prevenir-la-circulacion-viral\/"},"wordCount":710,"commentCount":0,"publisher":{"@id":"https:\/\/experienciadevida.com.ar\/portalurbano\/#organization"},"articleSection":["Ciudad","Destacadas"],"inLanguage":"es","potentialAction":[{"@type":"CommentAction","name":"Comment","target":["https:\/\/experienciadevida.com.ar\/portalurbano\/piden-extremar-los-cuidados-en-el-poder-judicial-para-prevenir-la-circulacion-viral\/#respond"]}]},{"@type":"WebPage","@id":"https:\/\/experienciadevida.com.ar\/portalurbano\/piden-extremar-los-cuidados-en-el-poder-judicial-para-prevenir-la-circulacion-viral\/","url":"https:\/\/experienciadevida.com.ar\/portalurbano\/piden-extremar-los-cuidados-en-el-poder-judicial-para-prevenir-la-circulacion-viral\/","name":"Piden extremar los cuidados en el Poder Judicial para \"prevenir la circulaci\u00f3n viral\" -","isPartOf":{"@id":"https:\/\/experienciadevida.com.ar\/portalurbano\/#website"},"datePublished":"2020-06-10T20:48:38+00:00","dateModified":"2020-06-10T20:49:15+00:00","breadcrumb":{"@id":"https:\/\/experienciadevida.com.ar\/portalurbano\/piden-extremar-los-cuidados-en-el-poder-judicial-para-prevenir-la-circulacion-viral\/#breadcrumb"},"inLanguage":"es","potentialAction":[{"@type":"ReadAction","target":["https:\/\/experienciadevida.com.ar\/portalurbano\/piden-extremar-los-cuidados-en-el-poder-judicial-para-prevenir-la-circulacion-viral\/"]}]},{"@type":"BreadcrumbList","@id":"https:\/\/experienciadevida.com.ar\/portalurbano\/piden-extremar-los-cuidados-en-el-poder-judicial-para-prevenir-la-circulacion-viral\/#breadcrumb","itemListElement":[{"@type":"ListItem","position":1,"name":"Portada","item":"https:\/\/experienciadevida.com.ar\/portalurbano\/"},{"@type":"ListItem","position":2,"name":"Piden extremar los cuidados en el Poder Judicial para \u00abprevenir la circulaci\u00f3n viral\u00bb"}]},{"@type":"WebSite","@id":"https:\/\/experienciadevida.com.ar\/portalurbano\/#website","url":"https:\/\/experienciadevida.com.ar\/portalurbano\/","name":"","description":"","publisher":{"@id":"https:\/\/experienciadevida.com.ar\/portalurbano\/#organization"},"potentialAction":[{"@type":"SearchAction","target":{"@type":"EntryPoint","urlTemplate":"https:\/\/experienciadevida.com.ar\/portalurbano\/?s={search_term_string}"},"query-input":"required name=search_term_string"}],"inLanguage":"es"},{"@type":"Organization","@id":"https:\/\/experienciadevida.com.ar\/portalurbano\/#organization","name":"Portal Urbano","url":"https:\/\/experienciadevida.com.ar\/portalurbano\/","logo":{"@type":"ImageObject","inLanguage":"es","@id":"https:\/\/experienciadevida.com.ar\/portalurbano\/#\/schema\/logo\/image\/","url":"https:\/\/experienciadevida.com.ar\/portalurbano\/wp-content\/uploads\/2019\/09\/Logo-Original.png","contentUrl":"https:\/\/experienciadevida.com.ar\/portalurbano\/wp-content\/uploads\/2019\/09\/Logo-Original.png","width":2236,"height":1216,"caption":"Portal Urbano"},"image":{"@id":"https:\/\/experienciadevida.com.ar\/portalurbano\/#\/schema\/logo\/image\/"},"sameAs":["https:\/\/www.facebook.com\/Portal-Urbano-171542830093757\/","https:\/\/twitter.com\/portalurbanook","https:\/\/www.instagram.com\/_portalurbano\/","https:\/\/www.youtube.com\/channel\/UCXhagIfszH8KxFiOok79zbA?view_as=subscriber"]},{"@type":"Person","@id":"https:\/\/experienciadevida.com.ar\/portalurbano\/#\/schema\/person\/02dd326b1c4b056e9cc972486934a3a7","name":"admpu17wp","image":{"@type":"ImageObject","inLanguage":"es","@id":"https:\/\/experienciadevida.com.ar\/portalurbano\/#\/schema\/person\/image\/","url":"https:\/\/secure.gravatar.com\/avatar\/830d4c57adaae6630765e449a6908047?s=96&d=mm&r=g","contentUrl":"https:\/\/secure.gravatar.com\/avatar\/830d4c57adaae6630765e449a6908047?s=96&d=mm&r=g","caption":"admpu17wp"}}]}},"featured_image_urls":{"full":"","thumbnail":"","medium":"","medium_large":"","large":"","ug_big":"","1536x1536":"","2048x2048":"","newsever-slider-full":"","newsever-featured":"","newsever-medium":"","web-stories-poster-portrait":"","web-stories-publisher-logo":"","web-stories-thumbnail":""},"author_info":{"display_name":"admpu17wp","author_link":"https:\/\/experienciadevida.com.ar\/portalurbano\/author\/admpu17wp\/"},"category_info":"<a href=\"https:\/\/experienciadevida.com.ar\/portalurbano\/category\/ciudad\/\" rel=\"category tag\">Ciudad<\/a> <a href=\"https:\/\/experienciadevida.com.ar\/portalurbano\/category\/destacadas\/\" rel=\"category tag\">Destacadas<\/a>","tag_info":"Destacadas","comment_count":"0","amp_enabled":true,"_links":{"self":[{"href":"https:\/\/experienciadevida.com.ar\/portalurbano\/wp-json\/wp\/v2\/posts\/111858"}],"collection":[{"href":"https:\/\/experienciadevida.com.ar\/portalurbano\/wp-json\/wp\/v2\/posts"}],"about":[{"href":"https:\/\/experienciadevida.com.ar\/portalurbano\/wp-json\/wp\/v2\/types\/post"}],"author":[{"embeddable":true,"href":"https:\/\/experienciadevida.com.ar\/portalurbano\/wp-json\/wp\/v2\/users\/1"}],"replies":[{"embeddable":true,"href":"https:\/\/experienciadevida.com.ar\/portalurbano\/wp-json\/wp\/v2\/comments?post=111858"}],"version-history":[{"count":3,"href":"https:\/\/experienciadevida.com.ar\/portalurbano\/wp-json\/wp\/v2\/posts\/111858\/revisions"}],"predecessor-version":[{"id":111862,"href":"https:\/\/experienciadevida.com.ar\/portalurbano\/wp-json\/wp\/v2\/posts\/111858\/revisions\/111862"}],"wp:attachment":[{"href":"https:\/\/experienciadevida.com.ar\/portalurbano\/wp-json\/wp\/v2\/media?parent=111858"}],"wp:term":[{"taxonomy":"category","embeddable":true,"href":"https:\/\/experienciadevida.com.ar\/portalurbano\/wp-json\/wp\/v2\/categories?post=111858"},{"taxonomy":"post_tag","embeddable":true,"href":"https:\/\/experienciadevida.com.ar\/portalurbano\/wp-json\/wp\/v2\/tags?post=111858"}],"curies":[{"name":"wp","href":"https:\/\/api.w.org\/{rel}","templated":true}]}}