{"id":111170,"date":"2020-06-04T12:46:55","date_gmt":"2020-06-04T15:46:55","guid":{"rendered":"https:\/\/experienciadevida.com.ar\/portalurbano\/?p=111170"},"modified":"2020-06-04T12:47:15","modified_gmt":"2020-06-04T15:47:15","slug":"el-intendente-se-reunio-con-autoridades-del-circulo-medico","status":"publish","type":"post","link":"https:\/\/experienciadevida.com.ar\/portalurbano\/el-intendente-se-reunio-con-autoridades-del-circulo-medico\/","title":{"rendered":"El Intendente se reuni\u00f3 con autoridades del C\u00edrculo M\u00e9dico"},"content":{"rendered":"<p>En la ma\u00f1ana de este jueves, el intendente Ezequiel Galli se reuni\u00f3 con autoridades del C\u00edrculo M\u00e9dico.<\/p>\n<p>Fue en Sala de Reuniones del Palacio San Mart\u00edn y fueron part\u00edcipes del encuentro el secretario de Salud del Municipio Germ\u00e1n Caputo, el presidente del C\u00edrculo M\u00e9dico Ramiro Aramburu y el secretario de la entidad Pedro Abbate.<\/p>\n<p>En primera instancia, el Intendente sostuvo que el Municipio apoya a los m\u00e9dicos en el reclamo que llevan adelante y se puso a disposici\u00f3n para que se pueda solucionar la problem\u00e1tica que atraviesan los profesionales en el sector privado.<\/p>\n<p>La \u201cMovilizaci\u00f3n Nacional de M\u00e9dicos\u201d tuvo lugar el pasado fin de semana en todo el pa\u00eds, con puntapi\u00e9 inicial en la provincia de C\u00f3rdoba donde dos trabajadores de la salud fueron acusados de propagar el coronavirus en un geri\u00e1trico, aunque el reclamo tambi\u00e9n apunta al sector privado, ya que los profesionales tienen que comprarse sus propios elementos de protecci\u00f3n, est\u00e1n desprotegidos y presentan inconvenientes con las Obras Sociales, entre otras problem\u00e1ticas.<\/p>\n<p>\u201cApoyamos el reclamo de los profesionales del sector privado y estamos a disposici\u00f3n. Nosotros vamos a trabajar codo a codo con el C\u00edrculo M\u00e9dico y cada uno de los profesionales de la ciudad para poder solucionar esta problem\u00e1tica que atraviesan en estos tiempos\u201d, plante\u00f3 el Intendente.<\/p>\n","protected":false},"excerpt":{"rendered":"<p>En la ma\u00f1ana de este jueves, el intendente Ezequiel Galli se reuni\u00f3 con autoridades del&#8230;<\/p>\n","protected":false},"author":1,"featured_media":111171,"comment_status":"open","ping_status":"open","sticky":false,"template":"","format":"standard","meta":{"content-type":""},"categories":[51,45],"tags":[],"nelio_content":{"isAutoShareEnabled":false,"autoShareEndMode":"default","automationSources":{"useContentSentences":true,"useSocialTemplates":true,"useCustomSentences":false,"customSentences":[]},"followers":[1],"suggestedReferences":[],"includedReferences":[],"efiUrl":"","efiAlt":"","highlights":[]},"yoast_head":"<!-- This site is optimized with the Yoast SEO plugin v20.7 - https:\/\/yoast.com\/wordpress\/plugins\/seo\/ -->\n<title>El Intendente se reuni\u00f3 con autoridades del C\u00edrculo M\u00e9dico -<\/title>\n<meta name=\"robots\" content=\"index, follow, max-snippet:-1, max-image-preview:large, max-video-preview:-1\" \/>\n<link rel=\"canonical\" href=\"https:\/\/experienciadevida.com.ar\/portalurbano\/el-intendente-se-reunio-con-autoridades-del-circulo-medico\/\" \/>\n<meta property=\"og:locale\" content=\"es_ES\" \/>\n<meta property=\"og:type\" content=\"article\" \/>\n<meta property=\"og:title\" content=\"El Intendente se reuni\u00f3 con autoridades del C\u00edrculo M\u00e9dico -\" \/>\n<meta property=\"og:description\" content=\"En la ma\u00f1ana de este jueves, el intendente Ezequiel Galli se reuni\u00f3 con autoridades del...\" \/>\n<meta property=\"og:url\" content=\"https:\/\/experienciadevida.com.ar\/portalurbano\/el-intendente-se-reunio-con-autoridades-del-circulo-medico\/\" \/>\n<meta property=\"article:publisher\" content=\"https:\/\/www.facebook.com\/Portal-Urbano-171542830093757\/\" \/>\n<meta property=\"article:published_time\" content=\"2020-06-04T15:46:55+00:00\" \/>\n<meta property=\"article:modified_time\" content=\"2020-06-04T15:47:15+00:00\" \/>\n<meta property=\"og:image\" content=\"https:\/\/experienciadevida.com.ar\/portalurbano\/wp-content\/uploads\/2020\/06\/CIRCULOMEDICO-e1591285602401.jpg\" \/>\n\t<meta property=\"og:image:width\" content=\"765\" \/>\n\t<meta property=\"og:image:height\" content=\"510\" \/>\n\t<meta property=\"og:image:type\" content=\"image\/jpeg\" \/>\n<meta name=\"author\" content=\"admpu17wp\" \/>\n<meta name=\"twitter:card\" content=\"summary_large_image\" \/>\n<meta name=\"twitter:creator\" content=\"@portalurbanook\" \/>\n<meta name=\"twitter:site\" content=\"@portalurbanook\" \/>\n<meta name=\"twitter:label1\" content=\"Escrito por\" \/>\n\t<meta name=\"twitter:data1\" content=\"admpu17wp\" \/>\n\t<meta name=\"twitter:label2\" content=\"Tiempo de lectura\" \/>\n\t<meta name=\"twitter:data2\" content=\"1 minuto\" \/>\n<script type=\"application\/ld+json\" class=\"yoast-schema-graph\">{\"@context\":\"https:\/\/schema.org\",\"@graph\":[{\"@type\":\"Article\",\"@id\":\"https:\/\/experienciadevida.com.ar\/portalurbano\/el-intendente-se-reunio-con-autoridades-del-circulo-medico\/#article\",\"isPartOf\":{\"@id\":\"https:\/\/experienciadevida.com.ar\/portalurbano\/el-intendente-se-reunio-con-autoridades-del-circulo-medico\/\"},\"author\":{\"name\":\"admpu17wp\",\"@id\":\"https:\/\/experienciadevida.com.ar\/portalurbano\/#\/schema\/person\/02dd326b1c4b056e9cc972486934a3a7\"},\"headline\":\"El Intendente se reuni\u00f3 con autoridades del C\u00edrculo M\u00e9dico\",\"datePublished\":\"2020-06-04T15:46:55+00:00\",\"dateModified\":\"2020-06-04T15:47:15+00:00\",\"mainEntityOfPage\":{\"@id\":\"https:\/\/experienciadevida.com.ar\/portalurbano\/el-intendente-se-reunio-con-autoridades-del-circulo-medico\/\"},\"wordCount\":245,\"commentCount\":0,\"publisher\":{\"@id\":\"https:\/\/experienciadevida.com.ar\/portalurbano\/#organization\"},\"articleSection\":[\"Destacadas\",\"Salud\"],\"inLanguage\":\"es\",\"potentialAction\":[{\"@type\":\"CommentAction\",\"name\":\"Comment\",\"target\":[\"https:\/\/experienciadevida.com.ar\/portalurbano\/el-intendente-se-reunio-con-autoridades-del-circulo-medico\/#respond\"]}]},{\"@type\":\"WebPage\",\"@id\":\"https:\/\/experienciadevida.com.ar\/portalurbano\/el-intendente-se-reunio-con-autoridades-del-circulo-medico\/\",\"url\":\"https:\/\/experienciadevida.com.ar\/portalurbano\/el-intendente-se-reunio-con-autoridades-del-circulo-medico\/\",\"name\":\"El Intendente se reuni\u00f3 con autoridades del C\u00edrculo M\u00e9dico -\",\"isPartOf\":{\"@id\":\"https:\/\/experienciadevida.com.ar\/portalurbano\/#website\"},\"datePublished\":\"2020-06-04T15:46:55+00:00\",\"dateModified\":\"2020-06-04T15:47:15+00:00\",\"breadcrumb\":{\"@id\":\"https:\/\/experienciadevida.com.ar\/portalurbano\/el-intendente-se-reunio-con-autoridades-del-circulo-medico\/#breadcrumb\"},\"inLanguage\":\"es\",\"potentialAction\":[{\"@type\":\"ReadAction\",\"target\":[\"https:\/\/experienciadevida.com.ar\/portalurbano\/el-intendente-se-reunio-con-autoridades-del-circulo-medico\/\"]}]},{\"@type\":\"BreadcrumbList\",\"@id\":\"https:\/\/experienciadevida.com.ar\/portalurbano\/el-intendente-se-reunio-con-autoridades-del-circulo-medico\/#breadcrumb\",\"itemListElement\":[{\"@type\":\"ListItem\",\"position\":1,\"name\":\"Portada\",\"item\":\"https:\/\/experienciadevida.com.ar\/portalurbano\/\"},{\"@type\":\"ListItem\",\"position\":2,\"name\":\"El Intendente se reuni\u00f3 con autoridades del C\u00edrculo M\u00e9dico\"}]},{\"@type\":\"WebSite\",\"@id\":\"https:\/\/experienciadevida.com.ar\/portalurbano\/#website\",\"url\":\"https:\/\/experienciadevida.com.ar\/portalurbano\/\",\"name\":\"\",\"description\":\"\",\"publisher\":{\"@id\":\"https:\/\/experienciadevida.com.ar\/portalurbano\/#organization\"},\"potentialAction\":[{\"@type\":\"SearchAction\",\"target\":{\"@type\":\"EntryPoint\",\"urlTemplate\":\"https:\/\/experienciadevida.com.ar\/portalurbano\/?s={search_term_string}\"},\"query-input\":\"required name=search_term_string\"}],\"inLanguage\":\"es\"},{\"@type\":\"Organization\",\"@id\":\"https:\/\/experienciadevida.com.ar\/portalurbano\/#organization\",\"name\":\"Portal Urbano\",\"url\":\"https:\/\/experienciadevida.com.ar\/portalurbano\/\",\"logo\":{\"@type\":\"ImageObject\",\"inLanguage\":\"es\",\"@id\":\"https:\/\/experienciadevida.com.ar\/portalurbano\/#\/schema\/logo\/image\/\",\"url\":\"https:\/\/experienciadevida.com.ar\/portalurbano\/wp-content\/uploads\/2019\/09\/Logo-Original.png\",\"contentUrl\":\"https:\/\/experienciadevida.com.ar\/portalurbano\/wp-content\/uploads\/2019\/09\/Logo-Original.png\",\"width\":2236,\"height\":1216,\"caption\":\"Portal Urbano\"},\"image\":{\"@id\":\"https:\/\/experienciadevida.com.ar\/portalurbano\/#\/schema\/logo\/image\/\"},\"sameAs\":[\"https:\/\/www.facebook.com\/Portal-Urbano-171542830093757\/\",\"https:\/\/twitter.com\/portalurbanook\",\"https:\/\/www.instagram.com\/_portalurbano\/\",\"https:\/\/www.youtube.com\/channel\/UCXhagIfszH8KxFiOok79zbA?view_as=subscriber\"]},{\"@type\":\"Person\",\"@id\":\"https:\/\/experienciadevida.com.ar\/portalurbano\/#\/schema\/person\/02dd326b1c4b056e9cc972486934a3a7\",\"name\":\"admpu17wp\",\"image\":{\"@type\":\"ImageObject\",\"inLanguage\":\"es\",\"@id\":\"https:\/\/experienciadevida.com.ar\/portalurbano\/#\/schema\/person\/image\/\",\"url\":\"https:\/\/secure.gravatar.com\/avatar\/830d4c57adaae6630765e449a6908047?s=96&d=mm&r=g\",\"contentUrl\":\"https:\/\/secure.gravatar.com\/avatar\/830d4c57adaae6630765e449a6908047?s=96&d=mm&r=g\",\"caption\":\"admpu17wp\"}}]}<\/script>\n<!-- \/ Yoast SEO plugin. -->","yoast_head_json":{"title":"El Intendente se reuni\u00f3 con autoridades del C\u00edrculo M\u00e9dico -","robots":{"index":"index","follow":"follow","max-snippet":"max-snippet:-1","max-image-preview":"max-image-preview:large","max-video-preview":"max-video-preview:-1"},"canonical":"https:\/\/experienciadevida.com.ar\/portalurbano\/el-intendente-se-reunio-con-autoridades-del-circulo-medico\/","og_locale":"es_ES","og_type":"article","og_title":"El Intendente se reuni\u00f3 con autoridades del C\u00edrculo M\u00e9dico -","og_description":"En la ma\u00f1ana de este jueves, el intendente Ezequiel Galli se reuni\u00f3 con autoridades del...","og_url":"https:\/\/experienciadevida.com.ar\/portalurbano\/el-intendente-se-reunio-con-autoridades-del-circulo-medico\/","article_publisher":"https:\/\/www.facebook.com\/Portal-Urbano-171542830093757\/","article_published_time":"2020-06-04T15:46:55+00:00","article_modified_time":"2020-06-04T15:47:15+00:00","og_image":[{"width":765,"height":510,"url":"https:\/\/experienciadevida.com.ar\/portalurbano\/wp-content\/uploads\/2020\/06\/CIRCULOMEDICO-e1591285602401.jpg","type":"image\/jpeg"}],"author":"admpu17wp","twitter_card":"summary_large_image","twitter_creator":"@portalurbanook","twitter_site":"@portalurbanook","twitter_misc":{"Escrito por":"admpu17wp","Tiempo de lectura":"1 minuto"},"schema":{"@context":"https:\/\/schema.org","@graph":[{"@type":"Article","@id":"https:\/\/experienciadevida.com.ar\/portalurbano\/el-intendente-se-reunio-con-autoridades-del-circulo-medico\/#article","isPartOf":{"@id":"https:\/\/experienciadevida.com.ar\/portalurbano\/el-intendente-se-reunio-con-autoridades-del-circulo-medico\/"},"author":{"name":"admpu17wp","@id":"https:\/\/experienciadevida.com.ar\/portalurbano\/#\/schema\/person\/02dd326b1c4b056e9cc972486934a3a7"},"headline":"El Intendente se reuni\u00f3 con autoridades del C\u00edrculo M\u00e9dico","datePublished":"2020-06-04T15:46:55+00:00","dateModified":"2020-06-04T15:47:15+00:00","mainEntityOfPage":{"@id":"https:\/\/experienciadevida.com.ar\/portalurbano\/el-intendente-se-reunio-con-autoridades-del-circulo-medico\/"},"wordCount":245,"commentCount":0,"publisher":{"@id":"https:\/\/experienciadevida.com.ar\/portalurbano\/#organization"},"articleSection":["Destacadas","Salud"],"inLanguage":"es","potentialAction":[{"@type":"CommentAction","name":"Comment","target":["https:\/\/experienciadevida.com.ar\/portalurbano\/el-intendente-se-reunio-con-autoridades-del-circulo-medico\/#respond"]}]},{"@type":"WebPage","@id":"https:\/\/experienciadevida.com.ar\/portalurbano\/el-intendente-se-reunio-con-autoridades-del-circulo-medico\/","url":"https:\/\/experienciadevida.com.ar\/portalurbano\/el-intendente-se-reunio-con-autoridades-del-circulo-medico\/","name":"El Intendente se reuni\u00f3 con autoridades del C\u00edrculo M\u00e9dico -","isPartOf":{"@id":"https:\/\/experienciadevida.com.ar\/portalurbano\/#website"},"datePublished":"2020-06-04T15:46:55+00:00","dateModified":"2020-06-04T15:47:15+00:00","breadcrumb":{"@id":"https:\/\/experienciadevida.com.ar\/portalurbano\/el-intendente-se-reunio-con-autoridades-del-circulo-medico\/#breadcrumb"},"inLanguage":"es","potentialAction":[{"@type":"ReadAction","target":["https:\/\/experienciadevida.com.ar\/portalurbano\/el-intendente-se-reunio-con-autoridades-del-circulo-medico\/"]}]},{"@type":"BreadcrumbList","@id":"https:\/\/experienciadevida.com.ar\/portalurbano\/el-intendente-se-reunio-con-autoridades-del-circulo-medico\/#breadcrumb","itemListElement":[{"@type":"ListItem","position":1,"name":"Portada","item":"https:\/\/experienciadevida.com.ar\/portalurbano\/"},{"@type":"ListItem","position":2,"name":"El Intendente se reuni\u00f3 con autoridades del C\u00edrculo M\u00e9dico"}]},{"@type":"WebSite","@id":"https:\/\/experienciadevida.com.ar\/portalurbano\/#website","url":"https:\/\/experienciadevida.com.ar\/portalurbano\/","name":"","description":"","publisher":{"@id":"https:\/\/experienciadevida.com.ar\/portalurbano\/#organization"},"potentialAction":[{"@type":"SearchAction","target":{"@type":"EntryPoint","urlTemplate":"https:\/\/experienciadevida.com.ar\/portalurbano\/?s={search_term_string}"},"query-input":"required name=search_term_string"}],"inLanguage":"es"},{"@type":"Organization","@id":"https:\/\/experienciadevida.com.ar\/portalurbano\/#organization","name":"Portal Urbano","url":"https:\/\/experienciadevida.com.ar\/portalurbano\/","logo":{"@type":"ImageObject","inLanguage":"es","@id":"https:\/\/experienciadevida.com.ar\/portalurbano\/#\/schema\/logo\/image\/","url":"https:\/\/experienciadevida.com.ar\/portalurbano\/wp-content\/uploads\/2019\/09\/Logo-Original.png","contentUrl":"https:\/\/experienciadevida.com.ar\/portalurbano\/wp-content\/uploads\/2019\/09\/Logo-Original.png","width":2236,"height":1216,"caption":"Portal Urbano"},"image":{"@id":"https:\/\/experienciadevida.com.ar\/portalurbano\/#\/schema\/logo\/image\/"},"sameAs":["https:\/\/www.facebook.com\/Portal-Urbano-171542830093757\/","https:\/\/twitter.com\/portalurbanook","https:\/\/www.instagram.com\/_portalurbano\/","https:\/\/www.youtube.com\/channel\/UCXhagIfszH8KxFiOok79zbA?view_as=subscriber"]},{"@type":"Person","@id":"https:\/\/experienciadevida.com.ar\/portalurbano\/#\/schema\/person\/02dd326b1c4b056e9cc972486934a3a7","name":"admpu17wp","image":{"@type":"ImageObject","inLanguage":"es","@id":"https:\/\/experienciadevida.com.ar\/portalurbano\/#\/schema\/person\/image\/","url":"https:\/\/secure.gravatar.com\/avatar\/830d4c57adaae6630765e449a6908047?s=96&d=mm&r=g","contentUrl":"https:\/\/secure.gravatar.com\/avatar\/830d4c57adaae6630765e449a6908047?s=96&d=mm&r=g","caption":"admpu17wp"}}]}},"featured_image_urls":{"full":["https:\/\/experienciadevida.com.ar\/portalurbano\/wp-content\/uploads\/2020\/06\/CIRCULOMEDICO-e1591285602401.jpg",765,510,false],"thumbnail":["https:\/\/experienciadevida.com.ar\/portalurbano\/wp-content\/uploads\/2020\/06\/CIRCULOMEDICO-150x150.jpg",150,150,true],"medium":["https:\/\/experienciadevida.com.ar\/portalurbano\/wp-content\/uploads\/2020\/06\/CIRCULOMEDICO-300x200.jpg",300,200,true],"medium_large":["https:\/\/experienciadevida.com.ar\/portalurbano\/wp-content\/uploads\/2020\/06\/CIRCULOMEDICO-768x512.jpg",640,427,true],"large":["https:\/\/experienciadevida.com.ar\/portalurbano\/wp-content\/uploads\/2020\/06\/CIRCULOMEDICO-e1591285602401.jpg",640,427,false],"ug_big":["https:\/\/experienciadevida.com.ar\/portalurbano\/wp-content\/uploads\/2020\/06\/CIRCULOMEDICO-768x512.jpg",768,512,true],"1536x1536":["https:\/\/experienciadevida.com.ar\/portalurbano\/wp-content\/uploads\/2020\/06\/CIRCULOMEDICO-e1591285602401.jpg",765,510,false],"2048x2048":["https:\/\/experienciadevida.com.ar\/portalurbano\/wp-content\/uploads\/2020\/06\/CIRCULOMEDICO-e1591285602401.jpg",765,510,false],"newsever-slider-full":["https:\/\/experienciadevida.com.ar\/portalurbano\/wp-content\/uploads\/2020\/06\/CIRCULOMEDICO-e1591285602401.jpg",765,510,false],"newsever-featured":["https:\/\/experienciadevida.com.ar\/portalurbano\/wp-content\/uploads\/2020\/06\/CIRCULOMEDICO-e1591285602401.jpg",765,510,false],"newsever-medium":["https:\/\/experienciadevida.com.ar\/portalurbano\/wp-content\/uploads\/2020\/06\/CIRCULOMEDICO-e1591285602401.jpg",713,475,false],"web-stories-poster-portrait":["https:\/\/experienciadevida.com.ar\/portalurbano\/wp-content\/uploads\/2020\/06\/CIRCULOMEDICO-e1591285602401.jpg",640,427,false],"web-stories-publisher-logo":["https:\/\/experienciadevida.com.ar\/portalurbano\/wp-content\/uploads\/2020\/06\/CIRCULOMEDICO-e1591285602401.jpg",96,64,false],"web-stories-thumbnail":["https:\/\/experienciadevida.com.ar\/portalurbano\/wp-content\/uploads\/2020\/06\/CIRCULOMEDICO-e1591285602401.jpg",150,100,false]},"author_info":{"display_name":"admpu17wp","author_link":"https:\/\/experienciadevida.com.ar\/portalurbano\/author\/admpu17wp\/"},"category_info":"<a href=\"https:\/\/experienciadevida.com.ar\/portalurbano\/category\/destacadas\/\" rel=\"category tag\">Destacadas<\/a> <a href=\"https:\/\/experienciadevida.com.ar\/portalurbano\/category\/ciudad\/salud\/\" rel=\"category tag\">Salud<\/a>","tag_info":"Salud","comment_count":"0","amp_enabled":true,"_links":{"self":[{"href":"https:\/\/experienciadevida.com.ar\/portalurbano\/wp-json\/wp\/v2\/posts\/111170"}],"collection":[{"href":"https:\/\/experienciadevida.com.ar\/portalurbano\/wp-json\/wp\/v2\/posts"}],"about":[{"href":"https:\/\/experienciadevida.com.ar\/portalurbano\/wp-json\/wp\/v2\/types\/post"}],"author":[{"embeddable":true,"href":"https:\/\/experienciadevida.com.ar\/portalurbano\/wp-json\/wp\/v2\/users\/1"}],"replies":[{"embeddable":true,"href":"https:\/\/experienciadevida.com.ar\/portalurbano\/wp-json\/wp\/v2\/comments?post=111170"}],"version-history":[{"count":2,"href":"https:\/\/experienciadevida.com.ar\/portalurbano\/wp-json\/wp\/v2\/posts\/111170\/revisions"}],"predecessor-version":[{"id":111173,"href":"https:\/\/experienciadevida.com.ar\/portalurbano\/wp-json\/wp\/v2\/posts\/111170\/revisions\/111173"}],"wp:featuredmedia":[{"embeddable":true,"href":"https:\/\/experienciadevida.com.ar\/portalurbano\/wp-json\/wp\/v2\/media\/111171"}],"wp:attachment":[{"href":"https:\/\/experienciadevida.com.ar\/portalurbano\/wp-json\/wp\/v2\/media?parent=111170"}],"wp:term":[{"taxonomy":"category","embeddable":true,"href":"https:\/\/experienciadevida.com.ar\/portalurbano\/wp-json\/wp\/v2\/categories?post=111170"},{"taxonomy":"post_tag","embeddable":true,"href":"https:\/\/experienciadevida.com.ar\/portalurbano\/wp-json\/wp\/v2\/tags?post=111170"}],"curies":[{"name":"wp","href":"https:\/\/api.w.org\/{rel}","templated":true}]}}