{"id":110827,"date":"2020-05-31T10:27:15","date_gmt":"2020-05-31T13:27:15","guid":{"rendered":"https:\/\/experienciadevida.com.ar\/portalurbano\/?p=110827"},"modified":"2020-05-31T10:27:43","modified_gmt":"2020-05-31T13:27:43","slug":"el-humor-social-oscila-entre-el-miedo-al-contagio-y-el-hartazgo-al-encierro","status":"publish","type":"post","link":"https:\/\/experienciadevida.com.ar\/portalurbano\/el-humor-social-oscila-entre-el-miedo-al-contagio-y-el-hartazgo-al-encierro\/","title":{"rendered":"El humor social oscila entre el miedo al contagio y el hartazgo al encierro"},"content":{"rendered":"<p><strong>Encuestadores coinciden en que la pandemia sigue siendo el principal problema para la opini\u00f3n p\u00fablica, pero la econom\u00eda preocupa cada vez m\u00e1s.<\/strong><\/p>\n<hr \/>\n<p align=\"justify\">\u00a0A 72 d\u00edas del comienzo de la <strong>cuarentena<\/strong>\u00a0la\u00a0<strong>pandemia<\/strong>\u00a0sigue siendo el principal problema para la opini\u00f3n p\u00fablica, pero se encienden cada vez m\u00e1s alarmas por la situaci\u00f3n econ\u00f3mica, coinciden los encuestadores.<\/p>\n<p align=\"justify\">Es l\u00f3gico: con el frente sanitario relativamente contenido, el foco de atenci\u00f3n se desplaza hacia los da\u00f1os colaterales de la cuarentena: el agotamiento social y la par\u00e1lisis de la econom\u00eda.<\/p>\n<p align=\"justify\">&#8220;El humor colectivo va cambiando en el tiempo \u2014se\u00f1ala Ricardo Rouvier\u2014. La primera reacci\u00f3n fue metabolizar la sorpresa de la bomba biol\u00f3gica que conmociona a todo el mundo, y en nuestro pa\u00eds se actu\u00f3 con rapidez y en forma estricta&#8221;.<\/p>\n<p align=\"justify\">Luego, indica el consultor, el humor social fue modific\u00e1ndose. &#8220;Pasamos de la predominancia de la cuesti\u00f3n sanitaria a un incremento del factor econ\u00f3mico en la preocupaci\u00f3n colectiva&#8221;, sostiene Rouvier.<\/p>\n<p align=\"justify\">En la misma l\u00ednea, Lucas Romero, director de Synopsis, eval\u00faa que &#8220;la opini\u00f3n p\u00fablica est\u00e1 <strong>mayoritariamente preocupada<\/strong> por el virus pero<strong> crecientemente preocupada por su situaci\u00f3n econ\u00f3mica<\/strong>&#8220;.<\/p>\n<p align=\"justify\">Entre fines de marzo y fines de abril, relev\u00f3 Synopsis, la proporci\u00f3n de personas cuya principal preocupaci\u00f3n es el coronavirus cay\u00f3 del 79 al 60 por ciento. En contraste, aquellos cuyo principal temor pasa por su situaci\u00f3n econ\u00f3mica trep\u00f3 del 16 al 35 por ciento.<\/p>\n<p align=\"justify\">&#8220;El \u00e9xito de la cuarentena, en t\u00e9rminos de mostrar resultados positivos en comparaci\u00f3n con otros pa\u00edses, m\u00e1s un factor de familiaridad con el virus hace que ceda en algunos casos la preocupaci\u00f3n por la pandemia y predomine la preocupaci\u00f3n econ\u00f3mica \u2014explica Romero\u2014. Hay una amenaza que la gente todav\u00eda no ve resuelta&#8221;.<\/p>\n<p align=\"justify\">Para Ra\u00fal Arag\u00f3n el humor social oscila entre el miedo al contagio y el hartazgo al encierro.<\/p>\n<p align=\"justify\">Y alerta: &#8220;La tolerancia al encierro est\u00e1 disminuyendo, es gradual, no explosiva, pero es todos los d\u00edas un poco m\u00e1s. El pr\u00f3ximo per\u00edodo de cuarentena va a ser absolutamente necesario dar algunas v\u00e1lvulas de escape a esa tensi\u00f3n o de lo contrario podr\u00eda producirse un levantamiento espont\u00e1neo de la cuarentena, donde directamente nadie respete la medida. Eso ser\u00eda una situaci\u00f3n incontrolable para el<strong>\u00a0gobierno<\/strong>&#8220;.<\/p>\n<p align=\"justify\">Precisamente, el ingreso en la fase 4 de la cuarentena \u2014salvo para el \u00e1rea metropolitana de Buenos Aires\u2014 apunta a descomprimir esa tensi\u00f3n.<\/p>\n<p align=\"justify\"><strong>La grieta juega<\/strong><\/p>\n<p align=\"justify\">Adem\u00e1s, el \u00faltimo informe de Synopsis revela un dato interesante: en la balanza en que cada persona pesa si le preocupa m\u00e1s la salud o su situaci\u00f3n econ\u00f3mica juega no s\u00f3lo su situaci\u00f3n sociolaboral sino tambi\u00e9n a qui\u00e9n voto en las elecciones presidenciales del a\u00f1o pasado.<\/p>\n<p align=\"justify\">Por caso, al 74 por ciento de los votantes de Fern\u00e1ndez le preocupa m\u00e1s el coronavirus y 24 por ciento su situaci\u00f3n econ\u00f3mica, mientras que los que optaron por Macri se reparten las alertas casi en partes iguales: 49 por ciento se inclina por la econom\u00eda y 46 por ciento por el virus.<\/p>\n<p align=\"justify\">Para Romero, en esa divergencia subyace tambi\u00e9n una estrategia de los encuestados: &#8220;Los votantes de Macri mencionan mayor preocupaci\u00f3n por la econom\u00eda porque entienden que all\u00ed hay un punto m\u00e1s d\u00e9bil del gobierno, y entre los votantes de Alberto Fern\u00e1ndez hay mayor preocupaci\u00f3n por el virus, porque creen que ah\u00ed hay una fortaleza del oficialismo&#8221;.<\/p>\n<p align=\"justify\">Lo cierto es que a 10 semanas de comenzada la cuarentena, Alberto Fernandez conserva elevados niveles de apoyo, incluso entre quienes no lo votaron el a\u00f1o pasado.<\/p>\n<p align=\"justify\">Sin embargo, en las \u00faltimas semanas la sequ\u00eda econ\u00f3mica y la pol\u00e9mica sobre la excarcelaci\u00f3n de los presos hicieron mella sobre la imagen del presidente.<\/p>\n<p align=\"justify\">Romero considera que &#8220;hubo una serie de traspi\u00e9s que fueron generando cierto desgaste&#8221;. Por ejemplo, el viernes negro en los bancos, las compras con sobreprecios del Ministerio de Desarrollo Social, las demoras en implementar medidas como el Ingreso Familiar de Emergencia o ayuda para las pymes.<\/p>\n<p class=\" aBigClassNameToAvoidCollisionInText\" align=\"justify\">En tanto, Arag\u00f3n subraya que en realidad la evaluaci\u00f3n de la gesti\u00f3n tiene al menos tres dimensiones: &#8220;Una es la calificaci\u00f3n de la gesti\u00f3n de la crisis, que ten\u00eda casi 87 por ciento de aprobaci\u00f3n y baj\u00f3 ligeramente. La otra es la calificaci\u00f3n de la gesti\u00f3n desde que asumi\u00f3 hasta ahora: ten\u00eda 77 puntos y baj\u00f3 a 72 en una semana. Y a su vez est\u00e1 la calificaci\u00f3n de la imagen del presidente: estaba en 67 puntos y baj\u00f3 a 62&#8221;.<\/p>\n<div id=\"sas_45111\">\n<div id=\"sas_container_7299221\">El titular de Arag\u00f3n &amp; asociados subraya que el debate sobre la liberaci\u00f3n de los detenidos impact\u00f3 en la imagen del presidente por un motivo muy espec\u00edfico. &#8220;Tom\u00f3 una posici\u00f3n indefinida, y en las crisis las posiciones tienen que ser extremas. Esa indefinici\u00f3n permiti\u00f3 que los opositores instalaran la idea de que el presidente era el autor de esas excarcelaciones, cuando no fue as\u00ed. Hubo un error de comunicaci\u00f3n del presidente&#8221;, sentencia.<\/div>\n<\/div>\n<p align=\"justify\"><strong>Desacople<\/strong><\/p>\n<p align=\"justify\">Con todo, Fern\u00e1ndez y Horacio Rodr\u00edguez Larreta encabezan el ranking de dirigentes imagen.<\/p>\n<p align=\"justify\">Cristina Fern\u00e1ndez de Kirchner tiene 56 por ciento de valoraci\u00f3n negativa en el estudio de Arag\u00f3n y 52 por ciento en el de Rouvier. Tambi\u00e9n Mauricio Macri y Patricia Bullrich tienen una imagen negativa muy alta en la sociedad, agrega Rouvier.<\/p>\n<p align=\"justify\">Por su lado, Romero remarca un activo que conserva por el momento el primer mandatario: el desacople entre costos econ\u00f3micos y responsabilidad pol\u00edtica. &#8220;Parece haber una tendencia a interpretar que es la pandemia la que causa el da\u00f1o econ\u00f3mico y no el gobierno; eso explica por qu\u00e9 baj\u00f3 tan poco la imagen de Alberto Fern\u00e1ndez a pesar de que la situaci\u00f3n se deterior\u00f3 mucho en los \u00faltimos treinta d\u00edas&#8221;, plantea el consultor.<\/p>\n<p align=\"justify\">De todos modos, Romero advierte que si la crisis se profundiza quiz\u00e1s s\u00ed el gobierno empiece a pagar costos altos por los efectos de la pol\u00edtica sanitaria.<\/p>\n<p align=\"justify\">Desde el Gobierno saben que \u201cen alg\u00fan momento hay que empezar a salir\u201d, y que la cuarentena est\u00e1 generando \u201chartazgo\u201d en la gente por el encierro que ya lleva m\u00e1s de 70 d\u00edas, pero siempre teniendo en cuenta que \u201cel invierno llegar\u00e1 y el pico (de contagios) de la pandemia tambi\u00e9n\u201d<\/p>\n","protected":false},"excerpt":{"rendered":"<p>Encuestadores coinciden en que la pandemia sigue siendo el principal problema para la opini\u00f3n p\u00fablica,&#8230;<\/p>\n","protected":false},"author":1,"featured_media":110123,"comment_status":"open","ping_status":"open","sticky":false,"template":"","format":"standard","meta":{"content-type":""},"categories":[27,51],"tags":[],"nelio_content":{"isAutoShareEnabled":false,"autoShareEndMode":"default","automationSources":{"useContentSentences":true,"useSocialTemplates":true,"useCustomSentences":false,"customSentences":[]},"followers":[1],"suggestedReferences":[],"includedReferences":[],"efiUrl":"","efiAlt":"","highlights":[]},"yoast_head":"<!-- This site is optimized with the Yoast SEO plugin v20.7 - https:\/\/yoast.com\/wordpress\/plugins\/seo\/ -->\n<title>El humor social oscila entre el miedo al contagio y el hartazgo al encierro -<\/title>\n<meta name=\"robots\" content=\"index, follow, max-snippet:-1, max-image-preview:large, max-video-preview:-1\" \/>\n<link rel=\"canonical\" href=\"https:\/\/experienciadevida.com.ar\/portalurbano\/el-humor-social-oscila-entre-el-miedo-al-contagio-y-el-hartazgo-al-encierro\/\" \/>\n<meta property=\"og:locale\" content=\"es_ES\" \/>\n<meta property=\"og:type\" content=\"article\" \/>\n<meta property=\"og:title\" content=\"El humor social oscila entre el miedo al contagio y el hartazgo al encierro -\" \/>\n<meta property=\"og:description\" content=\"Encuestadores coinciden en que la pandemia sigue siendo el principal problema para la opini\u00f3n p\u00fablica,...\" \/>\n<meta property=\"og:url\" content=\"https:\/\/experienciadevida.com.ar\/portalurbano\/el-humor-social-oscila-entre-el-miedo-al-contagio-y-el-hartazgo-al-encierro\/\" \/>\n<meta property=\"article:publisher\" content=\"https:\/\/www.facebook.com\/Portal-Urbano-171542830093757\/\" \/>\n<meta property=\"article:published_time\" content=\"2020-05-31T13:27:15+00:00\" \/>\n<meta property=\"article:modified_time\" content=\"2020-05-31T13:27:43+00:00\" \/>\n<meta property=\"og:image\" content=\"https:\/\/experienciadevida.com.ar\/portalurbano\/wp-content\/uploads\/2020\/05\/SALIDAS1.jpg\" \/>\n\t<meta property=\"og:image:width\" content=\"765\" \/>\n\t<meta property=\"og:image:height\" content=\"455\" \/>\n\t<meta property=\"og:image:type\" content=\"image\/jpeg\" \/>\n<meta name=\"author\" content=\"admpu17wp\" \/>\n<meta name=\"twitter:card\" content=\"summary_large_image\" \/>\n<meta name=\"twitter:creator\" content=\"@portalurbanook\" \/>\n<meta name=\"twitter:site\" content=\"@portalurbanook\" \/>\n<meta name=\"twitter:label1\" content=\"Escrito por\" \/>\n\t<meta name=\"twitter:data1\" content=\"admpu17wp\" \/>\n\t<meta name=\"twitter:label2\" content=\"Tiempo de lectura\" \/>\n\t<meta name=\"twitter:data2\" content=\"5 minutos\" \/>\n<script type=\"application\/ld+json\" class=\"yoast-schema-graph\">{\"@context\":\"https:\/\/schema.org\",\"@graph\":[{\"@type\":\"Article\",\"@id\":\"https:\/\/experienciadevida.com.ar\/portalurbano\/el-humor-social-oscila-entre-el-miedo-al-contagio-y-el-hartazgo-al-encierro\/#article\",\"isPartOf\":{\"@id\":\"https:\/\/experienciadevida.com.ar\/portalurbano\/el-humor-social-oscila-entre-el-miedo-al-contagio-y-el-hartazgo-al-encierro\/\"},\"author\":{\"name\":\"admpu17wp\",\"@id\":\"https:\/\/experienciadevida.com.ar\/portalurbano\/#\/schema\/person\/02dd326b1c4b056e9cc972486934a3a7\"},\"headline\":\"El humor social oscila entre el miedo al contagio y el hartazgo al encierro\",\"datePublished\":\"2020-05-31T13:27:15+00:00\",\"dateModified\":\"2020-05-31T13:27:43+00:00\",\"mainEntityOfPage\":{\"@id\":\"https:\/\/experienciadevida.com.ar\/portalurbano\/el-humor-social-oscila-entre-el-miedo-al-contagio-y-el-hartazgo-al-encierro\/\"},\"wordCount\":1107,\"commentCount\":0,\"publisher\":{\"@id\":\"https:\/\/experienciadevida.com.ar\/portalurbano\/#organization\"},\"articleSection\":[\"Ciudad\",\"Destacadas\"],\"inLanguage\":\"es\",\"potentialAction\":[{\"@type\":\"CommentAction\",\"name\":\"Comment\",\"target\":[\"https:\/\/experienciadevida.com.ar\/portalurbano\/el-humor-social-oscila-entre-el-miedo-al-contagio-y-el-hartazgo-al-encierro\/#respond\"]}]},{\"@type\":\"WebPage\",\"@id\":\"https:\/\/experienciadevida.com.ar\/portalurbano\/el-humor-social-oscila-entre-el-miedo-al-contagio-y-el-hartazgo-al-encierro\/\",\"url\":\"https:\/\/experienciadevida.com.ar\/portalurbano\/el-humor-social-oscila-entre-el-miedo-al-contagio-y-el-hartazgo-al-encierro\/\",\"name\":\"El humor social oscila entre el miedo al contagio y el hartazgo al encierro -\",\"isPartOf\":{\"@id\":\"https:\/\/experienciadevida.com.ar\/portalurbano\/#website\"},\"datePublished\":\"2020-05-31T13:27:15+00:00\",\"dateModified\":\"2020-05-31T13:27:43+00:00\",\"breadcrumb\":{\"@id\":\"https:\/\/experienciadevida.com.ar\/portalurbano\/el-humor-social-oscila-entre-el-miedo-al-contagio-y-el-hartazgo-al-encierro\/#breadcrumb\"},\"inLanguage\":\"es\",\"potentialAction\":[{\"@type\":\"ReadAction\",\"target\":[\"https:\/\/experienciadevida.com.ar\/portalurbano\/el-humor-social-oscila-entre-el-miedo-al-contagio-y-el-hartazgo-al-encierro\/\"]}]},{\"@type\":\"BreadcrumbList\",\"@id\":\"https:\/\/experienciadevida.com.ar\/portalurbano\/el-humor-social-oscila-entre-el-miedo-al-contagio-y-el-hartazgo-al-encierro\/#breadcrumb\",\"itemListElement\":[{\"@type\":\"ListItem\",\"position\":1,\"name\":\"Portada\",\"item\":\"https:\/\/experienciadevida.com.ar\/portalurbano\/\"},{\"@type\":\"ListItem\",\"position\":2,\"name\":\"El humor social oscila entre el miedo al contagio y el hartazgo al encierro\"}]},{\"@type\":\"WebSite\",\"@id\":\"https:\/\/experienciadevida.com.ar\/portalurbano\/#website\",\"url\":\"https:\/\/experienciadevida.com.ar\/portalurbano\/\",\"name\":\"\",\"description\":\"\",\"publisher\":{\"@id\":\"https:\/\/experienciadevida.com.ar\/portalurbano\/#organization\"},\"potentialAction\":[{\"@type\":\"SearchAction\",\"target\":{\"@type\":\"EntryPoint\",\"urlTemplate\":\"https:\/\/experienciadevida.com.ar\/portalurbano\/?s={search_term_string}\"},\"query-input\":\"required name=search_term_string\"}],\"inLanguage\":\"es\"},{\"@type\":\"Organization\",\"@id\":\"https:\/\/experienciadevida.com.ar\/portalurbano\/#organization\",\"name\":\"Portal Urbano\",\"url\":\"https:\/\/experienciadevida.com.ar\/portalurbano\/\",\"logo\":{\"@type\":\"ImageObject\",\"inLanguage\":\"es\",\"@id\":\"https:\/\/experienciadevida.com.ar\/portalurbano\/#\/schema\/logo\/image\/\",\"url\":\"https:\/\/experienciadevida.com.ar\/portalurbano\/wp-content\/uploads\/2019\/09\/Logo-Original.png\",\"contentUrl\":\"https:\/\/experienciadevida.com.ar\/portalurbano\/wp-content\/uploads\/2019\/09\/Logo-Original.png\",\"width\":2236,\"height\":1216,\"caption\":\"Portal Urbano\"},\"image\":{\"@id\":\"https:\/\/experienciadevida.com.ar\/portalurbano\/#\/schema\/logo\/image\/\"},\"sameAs\":[\"https:\/\/www.facebook.com\/Portal-Urbano-171542830093757\/\",\"https:\/\/twitter.com\/portalurbanook\",\"https:\/\/www.instagram.com\/_portalurbano\/\",\"https:\/\/www.youtube.com\/channel\/UCXhagIfszH8KxFiOok79zbA?view_as=subscriber\"]},{\"@type\":\"Person\",\"@id\":\"https:\/\/experienciadevida.com.ar\/portalurbano\/#\/schema\/person\/02dd326b1c4b056e9cc972486934a3a7\",\"name\":\"admpu17wp\",\"image\":{\"@type\":\"ImageObject\",\"inLanguage\":\"es\",\"@id\":\"https:\/\/experienciadevida.com.ar\/portalurbano\/#\/schema\/person\/image\/\",\"url\":\"https:\/\/secure.gravatar.com\/avatar\/830d4c57adaae6630765e449a6908047?s=96&d=mm&r=g\",\"contentUrl\":\"https:\/\/secure.gravatar.com\/avatar\/830d4c57adaae6630765e449a6908047?s=96&d=mm&r=g\",\"caption\":\"admpu17wp\"}}]}<\/script>\n<!-- \/ Yoast SEO plugin. -->","yoast_head_json":{"title":"El humor social oscila entre el miedo al contagio y el hartazgo al encierro -","robots":{"index":"index","follow":"follow","max-snippet":"max-snippet:-1","max-image-preview":"max-image-preview:large","max-video-preview":"max-video-preview:-1"},"canonical":"https:\/\/experienciadevida.com.ar\/portalurbano\/el-humor-social-oscila-entre-el-miedo-al-contagio-y-el-hartazgo-al-encierro\/","og_locale":"es_ES","og_type":"article","og_title":"El humor social oscila entre el miedo al contagio y el hartazgo al encierro -","og_description":"Encuestadores coinciden en que la pandemia sigue siendo el principal problema para la opini\u00f3n p\u00fablica,...","og_url":"https:\/\/experienciadevida.com.ar\/portalurbano\/el-humor-social-oscila-entre-el-miedo-al-contagio-y-el-hartazgo-al-encierro\/","article_publisher":"https:\/\/www.facebook.com\/Portal-Urbano-171542830093757\/","article_published_time":"2020-05-31T13:27:15+00:00","article_modified_time":"2020-05-31T13:27:43+00:00","og_image":[{"width":765,"height":455,"url":"https:\/\/experienciadevida.com.ar\/portalurbano\/wp-content\/uploads\/2020\/05\/SALIDAS1.jpg","type":"image\/jpeg"}],"author":"admpu17wp","twitter_card":"summary_large_image","twitter_creator":"@portalurbanook","twitter_site":"@portalurbanook","twitter_misc":{"Escrito por":"admpu17wp","Tiempo de lectura":"5 minutos"},"schema":{"@context":"https:\/\/schema.org","@graph":[{"@type":"Article","@id":"https:\/\/experienciadevida.com.ar\/portalurbano\/el-humor-social-oscila-entre-el-miedo-al-contagio-y-el-hartazgo-al-encierro\/#article","isPartOf":{"@id":"https:\/\/experienciadevida.com.ar\/portalurbano\/el-humor-social-oscila-entre-el-miedo-al-contagio-y-el-hartazgo-al-encierro\/"},"author":{"name":"admpu17wp","@id":"https:\/\/experienciadevida.com.ar\/portalurbano\/#\/schema\/person\/02dd326b1c4b056e9cc972486934a3a7"},"headline":"El humor social oscila entre el miedo al contagio y el hartazgo al encierro","datePublished":"2020-05-31T13:27:15+00:00","dateModified":"2020-05-31T13:27:43+00:00","mainEntityOfPage":{"@id":"https:\/\/experienciadevida.com.ar\/portalurbano\/el-humor-social-oscila-entre-el-miedo-al-contagio-y-el-hartazgo-al-encierro\/"},"wordCount":1107,"commentCount":0,"publisher":{"@id":"https:\/\/experienciadevida.com.ar\/portalurbano\/#organization"},"articleSection":["Ciudad","Destacadas"],"inLanguage":"es","potentialAction":[{"@type":"CommentAction","name":"Comment","target":["https:\/\/experienciadevida.com.ar\/portalurbano\/el-humor-social-oscila-entre-el-miedo-al-contagio-y-el-hartazgo-al-encierro\/#respond"]}]},{"@type":"WebPage","@id":"https:\/\/experienciadevida.com.ar\/portalurbano\/el-humor-social-oscila-entre-el-miedo-al-contagio-y-el-hartazgo-al-encierro\/","url":"https:\/\/experienciadevida.com.ar\/portalurbano\/el-humor-social-oscila-entre-el-miedo-al-contagio-y-el-hartazgo-al-encierro\/","name":"El humor social oscila entre el miedo al contagio y el hartazgo al encierro -","isPartOf":{"@id":"https:\/\/experienciadevida.com.ar\/portalurbano\/#website"},"datePublished":"2020-05-31T13:27:15+00:00","dateModified":"2020-05-31T13:27:43+00:00","breadcrumb":{"@id":"https:\/\/experienciadevida.com.ar\/portalurbano\/el-humor-social-oscila-entre-el-miedo-al-contagio-y-el-hartazgo-al-encierro\/#breadcrumb"},"inLanguage":"es","potentialAction":[{"@type":"ReadAction","target":["https:\/\/experienciadevida.com.ar\/portalurbano\/el-humor-social-oscila-entre-el-miedo-al-contagio-y-el-hartazgo-al-encierro\/"]}]},{"@type":"BreadcrumbList","@id":"https:\/\/experienciadevida.com.ar\/portalurbano\/el-humor-social-oscila-entre-el-miedo-al-contagio-y-el-hartazgo-al-encierro\/#breadcrumb","itemListElement":[{"@type":"ListItem","position":1,"name":"Portada","item":"https:\/\/experienciadevida.com.ar\/portalurbano\/"},{"@type":"ListItem","position":2,"name":"El humor social oscila entre el miedo al contagio y el hartazgo al encierro"}]},{"@type":"WebSite","@id":"https:\/\/experienciadevida.com.ar\/portalurbano\/#website","url":"https:\/\/experienciadevida.com.ar\/portalurbano\/","name":"","description":"","publisher":{"@id":"https:\/\/experienciadevida.com.ar\/portalurbano\/#organization"},"potentialAction":[{"@type":"SearchAction","target":{"@type":"EntryPoint","urlTemplate":"https:\/\/experienciadevida.com.ar\/portalurbano\/?s={search_term_string}"},"query-input":"required name=search_term_string"}],"inLanguage":"es"},{"@type":"Organization","@id":"https:\/\/experienciadevida.com.ar\/portalurbano\/#organization","name":"Portal Urbano","url":"https:\/\/experienciadevida.com.ar\/portalurbano\/","logo":{"@type":"ImageObject","inLanguage":"es","@id":"https:\/\/experienciadevida.com.ar\/portalurbano\/#\/schema\/logo\/image\/","url":"https:\/\/experienciadevida.com.ar\/portalurbano\/wp-content\/uploads\/2019\/09\/Logo-Original.png","contentUrl":"https:\/\/experienciadevida.com.ar\/portalurbano\/wp-content\/uploads\/2019\/09\/Logo-Original.png","width":2236,"height":1216,"caption":"Portal Urbano"},"image":{"@id":"https:\/\/experienciadevida.com.ar\/portalurbano\/#\/schema\/logo\/image\/"},"sameAs":["https:\/\/www.facebook.com\/Portal-Urbano-171542830093757\/","https:\/\/twitter.com\/portalurbanook","https:\/\/www.instagram.com\/_portalurbano\/","https:\/\/www.youtube.com\/channel\/UCXhagIfszH8KxFiOok79zbA?view_as=subscriber"]},{"@type":"Person","@id":"https:\/\/experienciadevida.com.ar\/portalurbano\/#\/schema\/person\/02dd326b1c4b056e9cc972486934a3a7","name":"admpu17wp","image":{"@type":"ImageObject","inLanguage":"es","@id":"https:\/\/experienciadevida.com.ar\/portalurbano\/#\/schema\/person\/image\/","url":"https:\/\/secure.gravatar.com\/avatar\/830d4c57adaae6630765e449a6908047?s=96&d=mm&r=g","contentUrl":"https:\/\/secure.gravatar.com\/avatar\/830d4c57adaae6630765e449a6908047?s=96&d=mm&r=g","caption":"admpu17wp"}}]}},"featured_image_urls":{"full":["https:\/\/experienciadevida.com.ar\/portalurbano\/wp-content\/uploads\/2020\/05\/SALIDAS1.jpg",765,455,false],"thumbnail":["https:\/\/experienciadevida.com.ar\/portalurbano\/wp-content\/uploads\/2020\/05\/SALIDAS1-150x150.jpg",150,150,true],"medium":["https:\/\/experienciadevida.com.ar\/portalurbano\/wp-content\/uploads\/2020\/05\/SALIDAS1-300x178.jpg",300,178,true],"medium_large":["https:\/\/experienciadevida.com.ar\/portalurbano\/wp-content\/uploads\/2020\/05\/SALIDAS1.jpg",640,381,false],"large":["https:\/\/experienciadevida.com.ar\/portalurbano\/wp-content\/uploads\/2020\/05\/SALIDAS1.jpg",640,381,false],"ug_big":["https:\/\/experienciadevida.com.ar\/portalurbano\/wp-content\/uploads\/2020\/05\/SALIDAS1.jpg",765,455,false],"1536x1536":["https:\/\/experienciadevida.com.ar\/portalurbano\/wp-content\/uploads\/2020\/05\/SALIDAS1.jpg",765,455,false],"2048x2048":["https:\/\/experienciadevida.com.ar\/portalurbano\/wp-content\/uploads\/2020\/05\/SALIDAS1.jpg",765,455,false],"newsever-slider-full":["https:\/\/experienciadevida.com.ar\/portalurbano\/wp-content\/uploads\/2020\/05\/SALIDAS1.jpg",765,455,false],"newsever-featured":["https:\/\/experienciadevida.com.ar\/portalurbano\/wp-content\/uploads\/2020\/05\/SALIDAS1.jpg",765,455,false],"newsever-medium":["https:\/\/experienciadevida.com.ar\/portalurbano\/wp-content\/uploads\/2020\/05\/SALIDAS1.jpg",720,428,false],"web-stories-poster-portrait":["https:\/\/experienciadevida.com.ar\/portalurbano\/wp-content\/uploads\/2020\/05\/SALIDAS1.jpg",640,381,false],"web-stories-publisher-logo":["https:\/\/experienciadevida.com.ar\/portalurbano\/wp-content\/uploads\/2020\/05\/SALIDAS1.jpg",96,57,false],"web-stories-thumbnail":["https:\/\/experienciadevida.com.ar\/portalurbano\/wp-content\/uploads\/2020\/05\/SALIDAS1.jpg",150,89,false]},"author_info":{"display_name":"admpu17wp","author_link":"https:\/\/experienciadevida.com.ar\/portalurbano\/author\/admpu17wp\/"},"category_info":"<a href=\"https:\/\/experienciadevida.com.ar\/portalurbano\/category\/ciudad\/\" rel=\"category tag\">Ciudad<\/a> <a href=\"https:\/\/experienciadevida.com.ar\/portalurbano\/category\/destacadas\/\" rel=\"category tag\">Destacadas<\/a>","tag_info":"Destacadas","comment_count":"0","amp_enabled":true,"_links":{"self":[{"href":"https:\/\/experienciadevida.com.ar\/portalurbano\/wp-json\/wp\/v2\/posts\/110827"}],"collection":[{"href":"https:\/\/experienciadevida.com.ar\/portalurbano\/wp-json\/wp\/v2\/posts"}],"about":[{"href":"https:\/\/experienciadevida.com.ar\/portalurbano\/wp-json\/wp\/v2\/types\/post"}],"author":[{"embeddable":true,"href":"https:\/\/experienciadevida.com.ar\/portalurbano\/wp-json\/wp\/v2\/users\/1"}],"replies":[{"embeddable":true,"href":"https:\/\/experienciadevida.com.ar\/portalurbano\/wp-json\/wp\/v2\/comments?post=110827"}],"version-history":[{"count":3,"href":"https:\/\/experienciadevida.com.ar\/portalurbano\/wp-json\/wp\/v2\/posts\/110827\/revisions"}],"predecessor-version":[{"id":110834,"href":"https:\/\/experienciadevida.com.ar\/portalurbano\/wp-json\/wp\/v2\/posts\/110827\/revisions\/110834"}],"wp:featuredmedia":[{"embeddable":true,"href":"https:\/\/experienciadevida.com.ar\/portalurbano\/wp-json\/wp\/v2\/media\/110123"}],"wp:attachment":[{"href":"https:\/\/experienciadevida.com.ar\/portalurbano\/wp-json\/wp\/v2\/media?parent=110827"}],"wp:term":[{"taxonomy":"category","embeddable":true,"href":"https:\/\/experienciadevida.com.ar\/portalurbano\/wp-json\/wp\/v2\/categories?post=110827"},{"taxonomy":"post_tag","embeddable":true,"href":"https:\/\/experienciadevida.com.ar\/portalurbano\/wp-json\/wp\/v2\/tags?post=110827"}],"curies":[{"name":"wp","href":"https:\/\/api.w.org\/{rel}","templated":true}]}}